{"id":5976,"date":"2025-02-03T17:00:21","date_gmt":"2025-02-03T16:00:21","guid":{"rendered":"https:\/\/cdu-kaarst.de\/?p=5976"},"modified":"2025-02-03T17:00:21","modified_gmt":"2025-02-03T16:00:21","slug":"migrationspolitik-der-mitte-machen-wir-es-gemeinsam-moeglich","status":"publish","type":"post","link":"https:\/\/cdu-kaarst.de\/en\/allgemein\/migrationspolitik-der-mitte-machen-wir-es-gemeinsam-moeglich\/","title":{"rendered":"Migration policy from the centre - can we make it happen together?"},"content":{"rendered":"<p>82% of people in Germany want a more restrictive migration policy, according to a survey commissioned by ZEIT. Over 90% want foreign criminals to be deported. At the same time, a large majority want to help refugees and people who are politically persecuted. This is a major dilemma.<\/p>\n<p>Effective measures must be taken to maintain social peace in Germany. It is clear that there will be no simple solutions because there are many conflicting aspects. But \"business as usual!\" is out of the question. If the majority of people do not feel that politicians are taking serious and considered action, they will lose the majority at some point.<\/p>\n<p>The CDU Kaarst-B\u00fcttgen forms an opinion on local political issues and is guided in this process by factual criteria and discussions with citizens in order to continue to fulfil our responsibility for our town and its citizens, especially as a people's party - for the benefit of our homeland.<\/p>\n<p>Based on this responsibility, the CDU Kaarst-B\u00fcttgen will continue not to leave any issues to the political fringes and will not co-operate with the relevant parties - this applies to the past, present and future - and will take the path towards solutions and the well-being of the town of Kaarst.<\/p>\n<p>The vast majority of foreigners are very welcome here, they have integrated, live with their families in our community and contribute to a colourful life with their actions and ideas. However, it is precisely these people who are worried that if Germany does not focus on a constructive and integrative migration policy, they will be discredited; this is why politicians must take precautions to ensure that the influx can be better controlled in future.<\/p>\n<p>Due to the recent horrific incidents in Magdeburg and Aschaffenburg, this discussion unfortunately coincides with the election campaign. How would the discussion have turned out if it had taken place six weeks earlier or later? Wouldn't the political centre have come together? Would they not have come together in a majority-orientated way and found a solution that the majority would have supported?<\/p>\n<p>We as the CDU Kaarst-B\u00fcttgen want an integrative, constructive and people-centred migration policy in order to be able to integrate the local people, to give them a new home and to be able to provide our municipal facilities, such as kindergartens, schools and clubs, as well as sufficient living space.<\/p>\n<p>The CDU Kaarst-B\u00fcttgen will continue to stand up for its convictions and orientate its policies towards the well-being of the town of Kaarst and the people who live here. In order to achieve the best for the town of Kaarst and the people living here, the CDU Kaarst-B\u00fcttgen is in dialogue with all democratic parties and is open to discussions with all democratic parties.<\/p>","protected":false},"excerpt":{"rendered":"<p>82% der Menschen in Deutschland w\u00fcnschen sich nach einer von der ZEIT in Auftrag gegebenen Umfrage eine restriktivere Migrationspolitik. \u00dcber 90% wollen die Ausweisung von ausl\u00e4ndischen Straft\u00e4tern. Gleichzeitig will eine gro\u00dfe Mehrheit bei Fl\u00fcchtlingen und Menschen, die politisch verfolgt werden, helfen. Das ist ein gro\u00dfes Dilemma. Es m\u00fcssen wirksame Ma\u00dfnahmen ergriffen werden, um den gesellschaftlichen [&hellip;]<\/p>\n","protected":false},"author":1,"featured_media":5978,"comment_status":"closed","ping_status":"closed","sticky":false,"template":"","format":"standard","meta":{"footnotes":""},"categories":[1],"tags":[],"class_list":["post-5976","post","type-post","status-publish","format-standard","has-post-thumbnail","hentry","category-allgemein"],"yoast_head":"<!-- This site is optimized with the Yoast SEO plugin v27.4 - https:\/\/yoast.com\/product\/yoast-seo-wordpress\/ -->\n<title>Migrationspolitik der Mitte \u2013 machen wir es gemeinsam m\u00f6glich? - CDU Kaarst-B\u00fcttgen<\/title>\n<meta name=\"robots\" content=\"index, follow, max-snippet:-1, max-image-preview:large, max-video-preview:-1\" \/>\n<link rel=\"canonical\" href=\"https:\/\/cdu-kaarst.de\/en\/allgemein\/migrationspolitik-der-mitte-machen-wir-es-gemeinsam-moeglich\/\" \/>\n<meta property=\"og:locale\" content=\"en_GB\" \/>\n<meta property=\"og:type\" content=\"article\" \/>\n<meta property=\"og:title\" content=\"Migrationspolitik der Mitte \u2013 machen wir es gemeinsam m\u00f6glich? - CDU Kaarst-B\u00fcttgen\" \/>\n<meta property=\"og:description\" content=\"82% der Menschen in Deutschland w\u00fcnschen sich nach einer von der ZEIT in Auftrag gegebenen Umfrage eine restriktivere Migrationspolitik. \u00dcber 90% wollen die Ausweisung von ausl\u00e4ndischen Straft\u00e4tern. Gleichzeitig will eine gro\u00dfe Mehrheit bei Fl\u00fcchtlingen und Menschen, die politisch verfolgt werden, helfen. Das ist ein gro\u00dfes Dilemma. Es m\u00fcssen wirksame Ma\u00dfnahmen ergriffen werden, um den gesellschaftlichen [&hellip;]\" \/>\n<meta property=\"og:url\" content=\"https:\/\/cdu-kaarst.de\/en\/allgemein\/migrationspolitik-der-mitte-machen-wir-es-gemeinsam-moeglich\/\" \/>\n<meta property=\"og:site_name\" content=\"CDU Kaarst-B\u00fcttgen\" \/>\n<meta property=\"article:published_time\" content=\"2025-02-03T16:00:21+00:00\" \/>\n<meta property=\"og:image\" content=\"https:\/\/cdu-kaarst.de\/wp-content\/uploads\/migrationspolitik-der-mitte-machen-wir-es-gemeinsam-moeglich.jpg\" \/>\n\t<meta property=\"og:image:width\" content=\"1000\" \/>\n\t<meta property=\"og:image:height\" content=\"918\" \/>\n\t<meta property=\"og:image:type\" content=\"image\/jpeg\" \/>\n<meta name=\"author\" content=\"@dm1n\" \/>\n<meta name=\"twitter:card\" content=\"summary_large_image\" \/>\n<meta name=\"twitter:label1\" content=\"Written by\" \/>\n\t<meta name=\"twitter:data1\" content=\"@dm1n\" \/>\n\t<meta name=\"twitter:label2\" content=\"Estimated reading time\" \/>\n\t<meta name=\"twitter:data2\" content=\"3 minutes\" \/>\n<script type=\"application\/ld+json\" class=\"yoast-schema-graph\">{\"@context\":\"https:\\\/\\\/schema.org\",\"@graph\":[{\"@type\":\"Article\",\"@id\":\"https:\\\/\\\/cdu-kaarst.de\\\/allgemein\\\/migrationspolitik-der-mitte-machen-wir-es-gemeinsam-moeglich\\\/#article\",\"isPartOf\":{\"@id\":\"https:\\\/\\\/cdu-kaarst.de\\\/allgemein\\\/migrationspolitik-der-mitte-machen-wir-es-gemeinsam-moeglich\\\/\"},\"author\":{\"name\":\"@dm1n\",\"@id\":\"https:\\\/\\\/cdu-kaarst.de\\\/#\\\/schema\\\/person\\\/05876a2bd7865609f2946e82cbc73476\"},\"headline\":\"Migrationspolitik der Mitte \u2013 machen wir es gemeinsam m\u00f6glich?\",\"datePublished\":\"2025-02-03T16:00:21+00:00\",\"mainEntityOfPage\":{\"@id\":\"https:\\\/\\\/cdu-kaarst.de\\\/allgemein\\\/migrationspolitik-der-mitte-machen-wir-es-gemeinsam-moeglich\\\/\"},\"wordCount\":479,\"publisher\":{\"@id\":\"https:\\\/\\\/cdu-kaarst.de\\\/#organization\"},\"image\":{\"@id\":\"https:\\\/\\\/cdu-kaarst.de\\\/allgemein\\\/migrationspolitik-der-mitte-machen-wir-es-gemeinsam-moeglich\\\/#primaryimage\"},\"thumbnailUrl\":\"https:\\\/\\\/cdu-kaarst.de\\\/wp-content\\\/uploads\\\/migrationspolitik-der-mitte-machen-wir-es-gemeinsam-moeglich.jpg\",\"articleSection\":[\"Allgemein\"],\"inLanguage\":\"en-GB\"},{\"@type\":\"WebPage\",\"@id\":\"https:\\\/\\\/cdu-kaarst.de\\\/allgemein\\\/migrationspolitik-der-mitte-machen-wir-es-gemeinsam-moeglich\\\/\",\"url\":\"https:\\\/\\\/cdu-kaarst.de\\\/allgemein\\\/migrationspolitik-der-mitte-machen-wir-es-gemeinsam-moeglich\\\/\",\"name\":\"Migrationspolitik der Mitte \u2013 machen wir es gemeinsam m\u00f6glich? - CDU Kaarst-B\u00fcttgen\",\"isPartOf\":{\"@id\":\"https:\\\/\\\/cdu-kaarst.de\\\/#website\"},\"primaryImageOfPage\":{\"@id\":\"https:\\\/\\\/cdu-kaarst.de\\\/allgemein\\\/migrationspolitik-der-mitte-machen-wir-es-gemeinsam-moeglich\\\/#primaryimage\"},\"image\":{\"@id\":\"https:\\\/\\\/cdu-kaarst.de\\\/allgemein\\\/migrationspolitik-der-mitte-machen-wir-es-gemeinsam-moeglich\\\/#primaryimage\"},\"thumbnailUrl\":\"https:\\\/\\\/cdu-kaarst.de\\\/wp-content\\\/uploads\\\/migrationspolitik-der-mitte-machen-wir-es-gemeinsam-moeglich.jpg\",\"datePublished\":\"2025-02-03T16:00:21+00:00\",\"breadcrumb\":{\"@id\":\"https:\\\/\\\/cdu-kaarst.de\\\/allgemein\\\/migrationspolitik-der-mitte-machen-wir-es-gemeinsam-moeglich\\\/#breadcrumb\"},\"inLanguage\":\"en-GB\",\"potentialAction\":[{\"@type\":\"ReadAction\",\"target\":[\"https:\\\/\\\/cdu-kaarst.de\\\/allgemein\\\/migrationspolitik-der-mitte-machen-wir-es-gemeinsam-moeglich\\\/\"]}]},{\"@type\":\"ImageObject\",\"inLanguage\":\"en-GB\",\"@id\":\"https:\\\/\\\/cdu-kaarst.de\\\/allgemein\\\/migrationspolitik-der-mitte-machen-wir-es-gemeinsam-moeglich\\\/#primaryimage\",\"url\":\"https:\\\/\\\/cdu-kaarst.de\\\/wp-content\\\/uploads\\\/migrationspolitik-der-mitte-machen-wir-es-gemeinsam-moeglich.jpg\",\"contentUrl\":\"https:\\\/\\\/cdu-kaarst.de\\\/wp-content\\\/uploads\\\/migrationspolitik-der-mitte-machen-wir-es-gemeinsam-moeglich.jpg\",\"width\":1000,\"height\":918,\"caption\":\"Migrationspolitik der Mitte \u2013 machen wir es gemeinsam m\u00f6glich?\"},{\"@type\":\"BreadcrumbList\",\"@id\":\"https:\\\/\\\/cdu-kaarst.de\\\/allgemein\\\/migrationspolitik-der-mitte-machen-wir-es-gemeinsam-moeglich\\\/#breadcrumb\",\"itemListElement\":[{\"@type\":\"ListItem\",\"position\":1,\"name\":\"Startseite\",\"item\":\"https:\\\/\\\/cdu-kaarst.de\\\/\"},{\"@type\":\"ListItem\",\"position\":2,\"name\":\"Migrationspolitik der Mitte \u2013 machen wir es gemeinsam m\u00f6glich?\"}]},{\"@type\":\"WebSite\",\"@id\":\"https:\\\/\\\/cdu-kaarst.de\\\/#website\",\"url\":\"https:\\\/\\\/cdu-kaarst.de\\\/\",\"name\":\"CDU Kaarst-B\u00fcttgen\",\"description\":\"gut Leben in Kaarst\",\"publisher\":{\"@id\":\"https:\\\/\\\/cdu-kaarst.de\\\/#organization\"},\"potentialAction\":[{\"@type\":\"SearchAction\",\"target\":{\"@type\":\"EntryPoint\",\"urlTemplate\":\"https:\\\/\\\/cdu-kaarst.de\\\/?s={search_term_string}\"},\"query-input\":{\"@type\":\"PropertyValueSpecification\",\"valueRequired\":true,\"valueName\":\"search_term_string\"}}],\"inLanguage\":\"en-GB\"},{\"@type\":\"Organization\",\"@id\":\"https:\\\/\\\/cdu-kaarst.de\\\/#organization\",\"name\":\"CDU Kaarst-B\u00fcttgen\",\"url\":\"https:\\\/\\\/cdu-kaarst.de\\\/\",\"logo\":{\"@type\":\"ImageObject\",\"inLanguage\":\"en-GB\",\"@id\":\"https:\\\/\\\/cdu-kaarst.de\\\/#\\\/schema\\\/logo\\\/image\\\/\",\"url\":\"https:\\\/\\\/cdu-kaarst.de\\\/wp-content\\\/uploads\\\/cdu-gesamtlogo.png\",\"contentUrl\":\"https:\\\/\\\/cdu-kaarst.de\\\/wp-content\\\/uploads\\\/cdu-gesamtlogo.png\",\"width\":418,\"height\":120,\"caption\":\"CDU Kaarst-B\u00fcttgen\"},\"image\":{\"@id\":\"https:\\\/\\\/cdu-kaarst.de\\\/#\\\/schema\\\/logo\\\/image\\\/\"}},{\"@type\":\"Person\",\"@id\":\"https:\\\/\\\/cdu-kaarst.de\\\/#\\\/schema\\\/person\\\/05876a2bd7865609f2946e82cbc73476\",\"name\":\"@dm1n\",\"sameAs\":[\"http:\\\/\\\/cdu-kaarst.de\"]}]}<\/script>\n<!-- \/ Yoast SEO plugin. -->","yoast_head_json":{"title":"Migrationspolitik der Mitte \u2013 machen wir es gemeinsam m\u00f6glich? - CDU Kaarst-B\u00fcttgen","robots":{"index":"index","follow":"follow","max-snippet":"max-snippet:-1","max-image-preview":"max-image-preview:large","max-video-preview":"max-video-preview:-1"},"canonical":"https:\/\/cdu-kaarst.de\/en\/allgemein\/migrationspolitik-der-mitte-machen-wir-es-gemeinsam-moeglich\/","og_locale":"en_GB","og_type":"article","og_title":"Migrationspolitik der Mitte \u2013 machen wir es gemeinsam m\u00f6glich? - CDU Kaarst-B\u00fcttgen","og_description":"82% der Menschen in Deutschland w\u00fcnschen sich nach einer von der ZEIT in Auftrag gegebenen Umfrage eine restriktivere Migrationspolitik. \u00dcber 90% wollen die Ausweisung von ausl\u00e4ndischen Straft\u00e4tern. Gleichzeitig will eine gro\u00dfe Mehrheit bei Fl\u00fcchtlingen und Menschen, die politisch verfolgt werden, helfen. Das ist ein gro\u00dfes Dilemma. Es m\u00fcssen wirksame Ma\u00dfnahmen ergriffen werden, um den gesellschaftlichen [&hellip;]","og_url":"https:\/\/cdu-kaarst.de\/en\/allgemein\/migrationspolitik-der-mitte-machen-wir-es-gemeinsam-moeglich\/","og_site_name":"CDU Kaarst-B\u00fcttgen","article_published_time":"2025-02-03T16:00:21+00:00","og_image":[{"width":1000,"height":918,"url":"https:\/\/cdu-kaarst.de\/wp-content\/uploads\/migrationspolitik-der-mitte-machen-wir-es-gemeinsam-moeglich.jpg","type":"image\/jpeg"}],"author":"@dm1n","twitter_card":"summary_large_image","twitter_misc":{"Written by":"@dm1n","Estimated reading time":"3 minutes"},"schema":{"@context":"https:\/\/schema.org","@graph":[{"@type":"Article","@id":"https:\/\/cdu-kaarst.de\/allgemein\/migrationspolitik-der-mitte-machen-wir-es-gemeinsam-moeglich\/#article","isPartOf":{"@id":"https:\/\/cdu-kaarst.de\/allgemein\/migrationspolitik-der-mitte-machen-wir-es-gemeinsam-moeglich\/"},"author":{"name":"@dm1n","@id":"https:\/\/cdu-kaarst.de\/#\/schema\/person\/05876a2bd7865609f2946e82cbc73476"},"headline":"Migrationspolitik der Mitte \u2013 machen wir es gemeinsam m\u00f6glich?","datePublished":"2025-02-03T16:00:21+00:00","mainEntityOfPage":{"@id":"https:\/\/cdu-kaarst.de\/allgemein\/migrationspolitik-der-mitte-machen-wir-es-gemeinsam-moeglich\/"},"wordCount":479,"publisher":{"@id":"https:\/\/cdu-kaarst.de\/#organization"},"image":{"@id":"https:\/\/cdu-kaarst.de\/allgemein\/migrationspolitik-der-mitte-machen-wir-es-gemeinsam-moeglich\/#primaryimage"},"thumbnailUrl":"https:\/\/cdu-kaarst.de\/wp-content\/uploads\/migrationspolitik-der-mitte-machen-wir-es-gemeinsam-moeglich.jpg","articleSection":["Allgemein"],"inLanguage":"en-GB"},{"@type":"WebPage","@id":"https:\/\/cdu-kaarst.de\/allgemein\/migrationspolitik-der-mitte-machen-wir-es-gemeinsam-moeglich\/","url":"https:\/\/cdu-kaarst.de\/allgemein\/migrationspolitik-der-mitte-machen-wir-es-gemeinsam-moeglich\/","name":"Migrationspolitik der Mitte \u2013 machen wir es gemeinsam m\u00f6glich? - CDU Kaarst-B\u00fcttgen","isPartOf":{"@id":"https:\/\/cdu-kaarst.de\/#website"},"primaryImageOfPage":{"@id":"https:\/\/cdu-kaarst.de\/allgemein\/migrationspolitik-der-mitte-machen-wir-es-gemeinsam-moeglich\/#primaryimage"},"image":{"@id":"https:\/\/cdu-kaarst.de\/allgemein\/migrationspolitik-der-mitte-machen-wir-es-gemeinsam-moeglich\/#primaryimage"},"thumbnailUrl":"https:\/\/cdu-kaarst.de\/wp-content\/uploads\/migrationspolitik-der-mitte-machen-wir-es-gemeinsam-moeglich.jpg","datePublished":"2025-02-03T16:00:21+00:00","breadcrumb":{"@id":"https:\/\/cdu-kaarst.de\/allgemein\/migrationspolitik-der-mitte-machen-wir-es-gemeinsam-moeglich\/#breadcrumb"},"inLanguage":"en-GB","potentialAction":[{"@type":"ReadAction","target":["https:\/\/cdu-kaarst.de\/allgemein\/migrationspolitik-der-mitte-machen-wir-es-gemeinsam-moeglich\/"]}]},{"@type":"ImageObject","inLanguage":"en-GB","@id":"https:\/\/cdu-kaarst.de\/allgemein\/migrationspolitik-der-mitte-machen-wir-es-gemeinsam-moeglich\/#primaryimage","url":"https:\/\/cdu-kaarst.de\/wp-content\/uploads\/migrationspolitik-der-mitte-machen-wir-es-gemeinsam-moeglich.jpg","contentUrl":"https:\/\/cdu-kaarst.de\/wp-content\/uploads\/migrationspolitik-der-mitte-machen-wir-es-gemeinsam-moeglich.jpg","width":1000,"height":918,"caption":"Migrationspolitik der Mitte \u2013 machen wir es gemeinsam m\u00f6glich?"},{"@type":"BreadcrumbList","@id":"https:\/\/cdu-kaarst.de\/allgemein\/migrationspolitik-der-mitte-machen-wir-es-gemeinsam-moeglich\/#breadcrumb","itemListElement":[{"@type":"ListItem","position":1,"name":"Startseite","item":"https:\/\/cdu-kaarst.de\/"},{"@type":"ListItem","position":2,"name":"Migrationspolitik der Mitte \u2013 machen wir es gemeinsam m\u00f6glich?"}]},{"@type":"WebSite","@id":"https:\/\/cdu-kaarst.de\/#website","url":"https:\/\/cdu-kaarst.de\/","name":"CDU Kaarst-B\u00fcttgen","description":"living well in Kaarst","publisher":{"@id":"https:\/\/cdu-kaarst.de\/#organization"},"potentialAction":[{"@type":"SearchAction","target":{"@type":"EntryPoint","urlTemplate":"https:\/\/cdu-kaarst.de\/?s={search_term_string}"},"query-input":{"@type":"PropertyValueSpecification","valueRequired":true,"valueName":"search_term_string"}}],"inLanguage":"en-GB"},{"@type":"Organization","@id":"https:\/\/cdu-kaarst.de\/#organization","name":"CDU Kaarst-B\u00fcttgen","url":"https:\/\/cdu-kaarst.de\/","logo":{"@type":"ImageObject","inLanguage":"en-GB","@id":"https:\/\/cdu-kaarst.de\/#\/schema\/logo\/image\/","url":"https:\/\/cdu-kaarst.de\/wp-content\/uploads\/cdu-gesamtlogo.png","contentUrl":"https:\/\/cdu-kaarst.de\/wp-content\/uploads\/cdu-gesamtlogo.png","width":418,"height":120,"caption":"CDU Kaarst-B\u00fcttgen"},"image":{"@id":"https:\/\/cdu-kaarst.de\/#\/schema\/logo\/image\/"}},{"@type":"Person","@id":"https:\/\/cdu-kaarst.de\/#\/schema\/person\/05876a2bd7865609f2946e82cbc73476","name":"@dm1n","sameAs":["http:\/\/cdu-kaarst.de"]}]}},"_links":{"self":[{"href":"https:\/\/cdu-kaarst.de\/en\/wp-json\/wp\/v2\/posts\/5976","targetHints":{"allow":["GET"]}}],"collection":[{"href":"https:\/\/cdu-kaarst.de\/en\/wp-json\/wp\/v2\/posts"}],"about":[{"href":"https:\/\/cdu-kaarst.de\/en\/wp-json\/wp\/v2\/types\/post"}],"author":[{"embeddable":true,"href":"https:\/\/cdu-kaarst.de\/en\/wp-json\/wp\/v2\/users\/1"}],"replies":[{"embeddable":true,"href":"https:\/\/cdu-kaarst.de\/en\/wp-json\/wp\/v2\/comments?post=5976"}],"version-history":[{"count":1,"href":"https:\/\/cdu-kaarst.de\/en\/wp-json\/wp\/v2\/posts\/5976\/revisions"}],"predecessor-version":[{"id":5977,"href":"https:\/\/cdu-kaarst.de\/en\/wp-json\/wp\/v2\/posts\/5976\/revisions\/5977"}],"wp:featuredmedia":[{"embeddable":true,"href":"https:\/\/cdu-kaarst.de\/en\/wp-json\/wp\/v2\/media\/5978"}],"wp:attachment":[{"href":"https:\/\/cdu-kaarst.de\/en\/wp-json\/wp\/v2\/media?parent=5976"}],"wp:term":[{"taxonomy":"category","embeddable":true,"href":"https:\/\/cdu-kaarst.de\/en\/wp-json\/wp\/v2\/categories?post=5976"},{"taxonomy":"post_tag","embeddable":true,"href":"https:\/\/cdu-kaarst.de\/en\/wp-json\/wp\/v2\/tags?post=5976"}],"curies":[{"name":"wp","href":"https:\/\/api.w.org\/{rel}","templated":true}]}}