{"id":5979,"date":"2025-02-04T14:58:07","date_gmt":"2025-02-04T13:58:07","guid":{"rendered":"https:\/\/cdu-kaarst.de\/?p=5979"},"modified":"2025-02-04T15:39:55","modified_gmt":"2025-02-04T14:39:55","slug":"cdu-bundesparteitag-klare-antworten-fuer-deutschlands-zukunft","status":"publish","type":"post","link":"https:\/\/cdu-kaarst.de\/en\/allgemein\/cdu-bundesparteitag-klare-antworten-fuer-deutschlands-zukunft\/","title":{"rendered":"CDU federal party conference: Clear answers for Germany's future!"},"content":{"rendered":"<div data-elementor-type=\"wp-post\" data-elementor-id=\"5979\" class=\"elementor elementor-5979\" data-elementor-post-type=\"post\">\n\t\t\t\t\t\t<section class=\"elementor-section elementor-top-section elementor-element elementor-element-43036e84 elementor-section-boxed elementor-section-height-default elementor-section-height-default\" data-id=\"43036e84\" data-element_type=\"section\" data-e-type=\"section\" data-settings=\"{&quot;jet_parallax_layout_list&quot;:[]}\">\n\t\t\t\t\t\t<div class=\"elementor-container elementor-column-gap-default\">\n\t\t\t\t\t<div class=\"elementor-column elementor-col-100 elementor-top-column elementor-element elementor-element-59ce11ec\" data-id=\"59ce11ec\" data-element_type=\"column\" data-e-type=\"column\">\n\t\t\t<div class=\"elementor-widget-wrap elementor-element-populated\">\n\t\t\t\t\t\t<div class=\"elementor-element elementor-element-25240b77 elementor-widget elementor-widget-text-editor\" data-id=\"25240b77\" data-element_type=\"widget\" data-e-type=\"widget\" data-widget_type=\"text-editor.default\">\n\t\t\t\t<div class=\"elementor-widget-container\">\n\t\t\t\t\t\t\t\t\t<p>At the <strong>37th Federal Party Congress in Berlin<\/strong> important decisions were made for the future. Our member of the Bundestag Ansgar Heveling, the deputy party chairman Dennis Oscheja and the deputy district chairman Lars Christoph were present for Kaarst.<\/p><p>The party conference was dominated by the unanimously agreed immediate action programme for prosperity and security. This 15-point programme contains concrete <strong>Measures to strengthen the economy and improve internal security<\/strong>t - with clear answers as to what will be implemented immediately if the government takes office.<\/p><p>Germany needs change - now is the time to act!<\/p><p data-pm-slice=\"1 1 []\"><a href=\"https:\/\/www.youtube.com\/watch?v=Fv5qsAVCDLU\" target=\"_blank\" rel=\"noopener\">Speech by CDU Chairman Friedrich Merz<\/a><\/p><p data-pm-slice=\"1 1 []\"><a href=\"https:\/\/www.youtube.com\/watch?v=asUxVBIS1No\" target=\"_blank\" rel=\"noopener\">Speech by CDU Secretary General Carsten Linnemann<\/a><\/p><p data-pm-slice=\"1 1 []\"><a href=\"https:\/\/www.youtube.com\/watch?v=MPQh2JlgX2c\" target=\"_blank\" rel=\"noopener\">Speech by CSU Chairman and Bavarian Minister President Markus S\u00f6der<\/a><\/p><p data-pm-slice=\"1 1 []\">\u00a0<\/p><p data-pm-slice=\"1 1 []\"><a href=\"https:\/\/cdu-kaarst.de\/wp-content\/uploads\/CDUSofortprogramm_pdf.pdf\"><span style=\"background-color: var( --e-global-color-9687a18 ); color: var( --e-global-color-secondary );\">download<\/span>\u00a0CDU immediate action programme<\/a>\u00a0<\/p>\t\t\t\t\t\t\t\t<\/div>\n\t\t\t\t<\/div>\n\t\t\t\t\t<\/div>\n\t\t<\/div>\n\t\t\t\t\t<\/div>\n\t\t<\/section>\n\t\t\t\t<section class=\"elementor-section elementor-top-section elementor-element elementor-element-4ba08bd elementor-section-boxed elementor-section-height-default elementor-section-height-default\" data-id=\"4ba08bd\" data-element_type=\"section\" data-e-type=\"section\" data-settings=\"{&quot;jet_parallax_layout_list&quot;:[]}\">\n\t\t\t\t\t\t<div class=\"elementor-container elementor-column-gap-default\">\n\t\t\t\t\t<div class=\"elementor-column elementor-col-100 elementor-top-column elementor-element elementor-element-57cbe60\" data-id=\"57cbe60\" data-element_type=\"column\" data-e-type=\"column\">\n\t\t\t<div class=\"elementor-widget-wrap\">\n\t\t\t\t\t\t\t<\/div>\n\t\t<\/div>\n\t\t\t\t\t<\/div>\n\t\t<\/section>\n\t\t\t\t<\/div>","protected":false},"excerpt":{"rendered":"<p>Beim 37. Bundesparteitag in Berlin wurden wichtige Weichen f\u00fcr die Zukunft gestellt. Mit dabei f\u00fcr Kaarst waren unser Bundestagsabgeordneter Ansgar Heveling, der stellvertretende Parteivorsitzende Dennis Oscheja und der stellvertretende Kreisvorsitzende Lars Christoph. Der Parteitag stand ganz im Zeichen des einstimmig beschlossenen Sofortprogramms f\u00fcr Wohlstand und Sicherheit. Dieses 15-Punkte-Programm enth\u00e4lt konkrete Ma\u00dfnahmen zur St\u00e4rkung der Wirtschaft [&hellip;]<\/p>\n","protected":false},"author":4,"featured_media":5981,"comment_status":"closed","ping_status":"closed","sticky":false,"template":"","format":"standard","meta":{"footnotes":""},"categories":[1],"tags":[],"class_list":["post-5979","post","type-post","status-publish","format-standard","has-post-thumbnail","hentry","category-allgemein"],"yoast_head":"<!-- This site is optimized with the Yoast SEO plugin v27.4 - https:\/\/yoast.com\/product\/yoast-seo-wordpress\/ -->\n<title>CDU-Bundesparteitag: Klare Antworten f\u00fcr Deutschlands Zukunft! - CDU Kaarst-B\u00fcttgen<\/title>\n<meta name=\"robots\" content=\"index, follow, max-snippet:-1, max-image-preview:large, max-video-preview:-1\" \/>\n<link rel=\"canonical\" href=\"https:\/\/cdu-kaarst.de\/en\/allgemein\/cdu-bundesparteitag-klare-antworten-fuer-deutschlands-zukunft\/\" \/>\n<meta property=\"og:locale\" content=\"en_GB\" \/>\n<meta property=\"og:type\" content=\"article\" \/>\n<meta property=\"og:title\" content=\"CDU-Bundesparteitag: Klare Antworten f\u00fcr Deutschlands Zukunft! - CDU Kaarst-B\u00fcttgen\" \/>\n<meta property=\"og:description\" content=\"Beim 37. Bundesparteitag in Berlin wurden wichtige Weichen f\u00fcr die Zukunft gestellt. Mit dabei f\u00fcr Kaarst waren unser Bundestagsabgeordneter Ansgar Heveling, der stellvertretende Parteivorsitzende Dennis Oscheja und der stellvertretende Kreisvorsitzende Lars Christoph. Der Parteitag stand ganz im Zeichen des einstimmig beschlossenen Sofortprogramms f\u00fcr Wohlstand und Sicherheit. Dieses 15-Punkte-Programm enth\u00e4lt konkrete Ma\u00dfnahmen zur St\u00e4rkung der Wirtschaft [&hellip;]\" \/>\n<meta property=\"og:url\" content=\"https:\/\/cdu-kaarst.de\/en\/allgemein\/cdu-bundesparteitag-klare-antworten-fuer-deutschlands-zukunft\/\" \/>\n<meta property=\"og:site_name\" content=\"CDU Kaarst-B\u00fcttgen\" \/>\n<meta property=\"article:published_time\" content=\"2025-02-04T13:58:07+00:00\" \/>\n<meta property=\"article:modified_time\" content=\"2025-02-04T14:39:55+00:00\" \/>\n<meta property=\"og:image\" content=\"https:\/\/cdu-kaarst.de\/wp-content\/uploads\/grafik-2.jpg\" \/>\n\t<meta property=\"og:image:width\" content=\"657\" \/>\n\t<meta property=\"og:image:height\" content=\"658\" \/>\n\t<meta property=\"og:image:type\" content=\"image\/jpeg\" \/>\n<meta name=\"author\" content=\"Redaktion\" \/>\n<meta name=\"twitter:card\" content=\"summary_large_image\" \/>\n<meta name=\"twitter:label1\" content=\"Written by\" \/>\n\t<meta name=\"twitter:data1\" content=\"Redaktion\" \/>\n\t<meta name=\"twitter:label2\" content=\"Estimated reading time\" \/>\n\t<meta name=\"twitter:data2\" content=\"1 minute\" \/>\n<script type=\"application\/ld+json\" class=\"yoast-schema-graph\">{\"@context\":\"https:\\\/\\\/schema.org\",\"@graph\":[{\"@type\":\"Article\",\"@id\":\"https:\\\/\\\/cdu-kaarst.de\\\/allgemein\\\/cdu-bundesparteitag-klare-antworten-fuer-deutschlands-zukunft\\\/#article\",\"isPartOf\":{\"@id\":\"https:\\\/\\\/cdu-kaarst.de\\\/allgemein\\\/cdu-bundesparteitag-klare-antworten-fuer-deutschlands-zukunft\\\/\"},\"author\":{\"name\":\"Redaktion\",\"@id\":\"https:\\\/\\\/cdu-kaarst.de\\\/#\\\/schema\\\/person\\\/246f51db799d47b1fcc72fd16f5e948b\"},\"headline\":\"CDU-Bundesparteitag: Klare Antworten f\u00fcr Deutschlands Zukunft!\",\"datePublished\":\"2025-02-04T13:58:07+00:00\",\"dateModified\":\"2025-02-04T14:39:55+00:00\",\"mainEntityOfPage\":{\"@id\":\"https:\\\/\\\/cdu-kaarst.de\\\/allgemein\\\/cdu-bundesparteitag-klare-antworten-fuer-deutschlands-zukunft\\\/\"},\"wordCount\":118,\"publisher\":{\"@id\":\"https:\\\/\\\/cdu-kaarst.de\\\/#organization\"},\"image\":{\"@id\":\"https:\\\/\\\/cdu-kaarst.de\\\/allgemein\\\/cdu-bundesparteitag-klare-antworten-fuer-deutschlands-zukunft\\\/#primaryimage\"},\"thumbnailUrl\":\"https:\\\/\\\/cdu-kaarst.de\\\/wp-content\\\/uploads\\\/grafik-2.jpg\",\"articleSection\":[\"Allgemein\"],\"inLanguage\":\"en-GB\"},{\"@type\":\"WebPage\",\"@id\":\"https:\\\/\\\/cdu-kaarst.de\\\/allgemein\\\/cdu-bundesparteitag-klare-antworten-fuer-deutschlands-zukunft\\\/\",\"url\":\"https:\\\/\\\/cdu-kaarst.de\\\/allgemein\\\/cdu-bundesparteitag-klare-antworten-fuer-deutschlands-zukunft\\\/\",\"name\":\"CDU-Bundesparteitag: Klare Antworten f\u00fcr Deutschlands Zukunft! - CDU Kaarst-B\u00fcttgen\",\"isPartOf\":{\"@id\":\"https:\\\/\\\/cdu-kaarst.de\\\/#website\"},\"primaryImageOfPage\":{\"@id\":\"https:\\\/\\\/cdu-kaarst.de\\\/allgemein\\\/cdu-bundesparteitag-klare-antworten-fuer-deutschlands-zukunft\\\/#primaryimage\"},\"image\":{\"@id\":\"https:\\\/\\\/cdu-kaarst.de\\\/allgemein\\\/cdu-bundesparteitag-klare-antworten-fuer-deutschlands-zukunft\\\/#primaryimage\"},\"thumbnailUrl\":\"https:\\\/\\\/cdu-kaarst.de\\\/wp-content\\\/uploads\\\/grafik-2.jpg\",\"datePublished\":\"2025-02-04T13:58:07+00:00\",\"dateModified\":\"2025-02-04T14:39:55+00:00\",\"breadcrumb\":{\"@id\":\"https:\\\/\\\/cdu-kaarst.de\\\/allgemein\\\/cdu-bundesparteitag-klare-antworten-fuer-deutschlands-zukunft\\\/#breadcrumb\"},\"inLanguage\":\"en-GB\",\"potentialAction\":[{\"@type\":\"ReadAction\",\"target\":[\"https:\\\/\\\/cdu-kaarst.de\\\/allgemein\\\/cdu-bundesparteitag-klare-antworten-fuer-deutschlands-zukunft\\\/\"]}]},{\"@type\":\"ImageObject\",\"inLanguage\":\"en-GB\",\"@id\":\"https:\\\/\\\/cdu-kaarst.de\\\/allgemein\\\/cdu-bundesparteitag-klare-antworten-fuer-deutschlands-zukunft\\\/#primaryimage\",\"url\":\"https:\\\/\\\/cdu-kaarst.de\\\/wp-content\\\/uploads\\\/grafik-2.jpg\",\"contentUrl\":\"https:\\\/\\\/cdu-kaarst.de\\\/wp-content\\\/uploads\\\/grafik-2.jpg\",\"width\":657,\"height\":658,\"caption\":\"CDU-Mitlgieder auf dem Bundesparteitag\"},{\"@type\":\"BreadcrumbList\",\"@id\":\"https:\\\/\\\/cdu-kaarst.de\\\/allgemein\\\/cdu-bundesparteitag-klare-antworten-fuer-deutschlands-zukunft\\\/#breadcrumb\",\"itemListElement\":[{\"@type\":\"ListItem\",\"position\":1,\"name\":\"Startseite\",\"item\":\"https:\\\/\\\/cdu-kaarst.de\\\/\"},{\"@type\":\"ListItem\",\"position\":2,\"name\":\"CDU-Bundesparteitag: Klare Antworten f\u00fcr Deutschlands Zukunft!\"}]},{\"@type\":\"WebSite\",\"@id\":\"https:\\\/\\\/cdu-kaarst.de\\\/#website\",\"url\":\"https:\\\/\\\/cdu-kaarst.de\\\/\",\"name\":\"CDU Kaarst-B\u00fcttgen\",\"description\":\"gut Leben in Kaarst\",\"publisher\":{\"@id\":\"https:\\\/\\\/cdu-kaarst.de\\\/#organization\"},\"potentialAction\":[{\"@type\":\"SearchAction\",\"target\":{\"@type\":\"EntryPoint\",\"urlTemplate\":\"https:\\\/\\\/cdu-kaarst.de\\\/?s={search_term_string}\"},\"query-input\":{\"@type\":\"PropertyValueSpecification\",\"valueRequired\":true,\"valueName\":\"search_term_string\"}}],\"inLanguage\":\"en-GB\"},{\"@type\":\"Organization\",\"@id\":\"https:\\\/\\\/cdu-kaarst.de\\\/#organization\",\"name\":\"CDU Kaarst-B\u00fcttgen\",\"url\":\"https:\\\/\\\/cdu-kaarst.de\\\/\",\"logo\":{\"@type\":\"ImageObject\",\"inLanguage\":\"en-GB\",\"@id\":\"https:\\\/\\\/cdu-kaarst.de\\\/#\\\/schema\\\/logo\\\/image\\\/\",\"url\":\"https:\\\/\\\/cdu-kaarst.de\\\/wp-content\\\/uploads\\\/cdu-gesamtlogo.png\",\"contentUrl\":\"https:\\\/\\\/cdu-kaarst.de\\\/wp-content\\\/uploads\\\/cdu-gesamtlogo.png\",\"width\":418,\"height\":120,\"caption\":\"CDU Kaarst-B\u00fcttgen\"},\"image\":{\"@id\":\"https:\\\/\\\/cdu-kaarst.de\\\/#\\\/schema\\\/logo\\\/image\\\/\"}},{\"@type\":\"Person\",\"@id\":\"https:\\\/\\\/cdu-kaarst.de\\\/#\\\/schema\\\/person\\\/246f51db799d47b1fcc72fd16f5e948b\",\"name\":\"Redaktion\"}]}<\/script>\n<!-- \/ Yoast SEO plugin. -->","yoast_head_json":{"title":"CDU federal party conference: Clear answers for Germany's future! - CDU Kaarst-B\u00fcttgen","robots":{"index":"index","follow":"follow","max-snippet":"max-snippet:-1","max-image-preview":"max-image-preview:large","max-video-preview":"max-video-preview:-1"},"canonical":"https:\/\/cdu-kaarst.de\/en\/allgemein\/cdu-bundesparteitag-klare-antworten-fuer-deutschlands-zukunft\/","og_locale":"en_GB","og_type":"article","og_title":"CDU-Bundesparteitag: Klare Antworten f\u00fcr Deutschlands Zukunft! - CDU Kaarst-B\u00fcttgen","og_description":"Beim 37. Bundesparteitag in Berlin wurden wichtige Weichen f\u00fcr die Zukunft gestellt. Mit dabei f\u00fcr Kaarst waren unser Bundestagsabgeordneter Ansgar Heveling, der stellvertretende Parteivorsitzende Dennis Oscheja und der stellvertretende Kreisvorsitzende Lars Christoph. Der Parteitag stand ganz im Zeichen des einstimmig beschlossenen Sofortprogramms f\u00fcr Wohlstand und Sicherheit. Dieses 15-Punkte-Programm enth\u00e4lt konkrete Ma\u00dfnahmen zur St\u00e4rkung der Wirtschaft [&hellip;]","og_url":"https:\/\/cdu-kaarst.de\/en\/allgemein\/cdu-bundesparteitag-klare-antworten-fuer-deutschlands-zukunft\/","og_site_name":"CDU Kaarst-B\u00fcttgen","article_published_time":"2025-02-04T13:58:07+00:00","article_modified_time":"2025-02-04T14:39:55+00:00","og_image":[{"width":657,"height":658,"url":"https:\/\/cdu-kaarst.de\/wp-content\/uploads\/grafik-2.jpg","type":"image\/jpeg"}],"author":"Redaktion","twitter_card":"summary_large_image","twitter_misc":{"Written by":"Redaktion","Estimated reading time":"1 minute"},"schema":{"@context":"https:\/\/schema.org","@graph":[{"@type":"Article","@id":"https:\/\/cdu-kaarst.de\/allgemein\/cdu-bundesparteitag-klare-antworten-fuer-deutschlands-zukunft\/#article","isPartOf":{"@id":"https:\/\/cdu-kaarst.de\/allgemein\/cdu-bundesparteitag-klare-antworten-fuer-deutschlands-zukunft\/"},"author":{"name":"Redaktion","@id":"https:\/\/cdu-kaarst.de\/#\/schema\/person\/246f51db799d47b1fcc72fd16f5e948b"},"headline":"CDU-Bundesparteitag: Klare Antworten f\u00fcr Deutschlands Zukunft!","datePublished":"2025-02-04T13:58:07+00:00","dateModified":"2025-02-04T14:39:55+00:00","mainEntityOfPage":{"@id":"https:\/\/cdu-kaarst.de\/allgemein\/cdu-bundesparteitag-klare-antworten-fuer-deutschlands-zukunft\/"},"wordCount":118,"publisher":{"@id":"https:\/\/cdu-kaarst.de\/#organization"},"image":{"@id":"https:\/\/cdu-kaarst.de\/allgemein\/cdu-bundesparteitag-klare-antworten-fuer-deutschlands-zukunft\/#primaryimage"},"thumbnailUrl":"https:\/\/cdu-kaarst.de\/wp-content\/uploads\/grafik-2.jpg","articleSection":["Allgemein"],"inLanguage":"en-GB"},{"@type":"WebPage","@id":"https:\/\/cdu-kaarst.de\/allgemein\/cdu-bundesparteitag-klare-antworten-fuer-deutschlands-zukunft\/","url":"https:\/\/cdu-kaarst.de\/allgemein\/cdu-bundesparteitag-klare-antworten-fuer-deutschlands-zukunft\/","name":"CDU federal party conference: Clear answers for Germany's future! - CDU Kaarst-B\u00fcttgen","isPartOf":{"@id":"https:\/\/cdu-kaarst.de\/#website"},"primaryImageOfPage":{"@id":"https:\/\/cdu-kaarst.de\/allgemein\/cdu-bundesparteitag-klare-antworten-fuer-deutschlands-zukunft\/#primaryimage"},"image":{"@id":"https:\/\/cdu-kaarst.de\/allgemein\/cdu-bundesparteitag-klare-antworten-fuer-deutschlands-zukunft\/#primaryimage"},"thumbnailUrl":"https:\/\/cdu-kaarst.de\/wp-content\/uploads\/grafik-2.jpg","datePublished":"2025-02-04T13:58:07+00:00","dateModified":"2025-02-04T14:39:55+00:00","breadcrumb":{"@id":"https:\/\/cdu-kaarst.de\/allgemein\/cdu-bundesparteitag-klare-antworten-fuer-deutschlands-zukunft\/#breadcrumb"},"inLanguage":"en-GB","potentialAction":[{"@type":"ReadAction","target":["https:\/\/cdu-kaarst.de\/allgemein\/cdu-bundesparteitag-klare-antworten-fuer-deutschlands-zukunft\/"]}]},{"@type":"ImageObject","inLanguage":"en-GB","@id":"https:\/\/cdu-kaarst.de\/allgemein\/cdu-bundesparteitag-klare-antworten-fuer-deutschlands-zukunft\/#primaryimage","url":"https:\/\/cdu-kaarst.de\/wp-content\/uploads\/grafik-2.jpg","contentUrl":"https:\/\/cdu-kaarst.de\/wp-content\/uploads\/grafik-2.jpg","width":657,"height":658,"caption":"CDU-Mitlgieder auf dem Bundesparteitag"},{"@type":"BreadcrumbList","@id":"https:\/\/cdu-kaarst.de\/allgemein\/cdu-bundesparteitag-klare-antworten-fuer-deutschlands-zukunft\/#breadcrumb","itemListElement":[{"@type":"ListItem","position":1,"name":"Startseite","item":"https:\/\/cdu-kaarst.de\/"},{"@type":"ListItem","position":2,"name":"CDU-Bundesparteitag: Klare Antworten f\u00fcr Deutschlands Zukunft!"}]},{"@type":"WebSite","@id":"https:\/\/cdu-kaarst.de\/#website","url":"https:\/\/cdu-kaarst.de\/","name":"CDU Kaarst-B\u00fcttgen","description":"living well in Kaarst","publisher":{"@id":"https:\/\/cdu-kaarst.de\/#organization"},"potentialAction":[{"@type":"SearchAction","target":{"@type":"EntryPoint","urlTemplate":"https:\/\/cdu-kaarst.de\/?s={search_term_string}"},"query-input":{"@type":"PropertyValueSpecification","valueRequired":true,"valueName":"search_term_string"}}],"inLanguage":"en-GB"},{"@type":"Organization","@id":"https:\/\/cdu-kaarst.de\/#organization","name":"CDU Kaarst-B\u00fcttgen","url":"https:\/\/cdu-kaarst.de\/","logo":{"@type":"ImageObject","inLanguage":"en-GB","@id":"https:\/\/cdu-kaarst.de\/#\/schema\/logo\/image\/","url":"https:\/\/cdu-kaarst.de\/wp-content\/uploads\/cdu-gesamtlogo.png","contentUrl":"https:\/\/cdu-kaarst.de\/wp-content\/uploads\/cdu-gesamtlogo.png","width":418,"height":120,"caption":"CDU Kaarst-B\u00fcttgen"},"image":{"@id":"https:\/\/cdu-kaarst.de\/#\/schema\/logo\/image\/"}},{"@type":"Person","@id":"https:\/\/cdu-kaarst.de\/#\/schema\/person\/246f51db799d47b1fcc72fd16f5e948b","name":"Editorial office"}]}},"_links":{"self":[{"href":"https:\/\/cdu-kaarst.de\/en\/wp-json\/wp\/v2\/posts\/5979","targetHints":{"allow":["GET"]}}],"collection":[{"href":"https:\/\/cdu-kaarst.de\/en\/wp-json\/wp\/v2\/posts"}],"about":[{"href":"https:\/\/cdu-kaarst.de\/en\/wp-json\/wp\/v2\/types\/post"}],"author":[{"embeddable":true,"href":"https:\/\/cdu-kaarst.de\/en\/wp-json\/wp\/v2\/users\/4"}],"replies":[{"embeddable":true,"href":"https:\/\/cdu-kaarst.de\/en\/wp-json\/wp\/v2\/comments?post=5979"}],"version-history":[{"count":17,"href":"https:\/\/cdu-kaarst.de\/en\/wp-json\/wp\/v2\/posts\/5979\/revisions"}],"predecessor-version":[{"id":5999,"href":"https:\/\/cdu-kaarst.de\/en\/wp-json\/wp\/v2\/posts\/5979\/revisions\/5999"}],"wp:featuredmedia":[{"embeddable":true,"href":"https:\/\/cdu-kaarst.de\/en\/wp-json\/wp\/v2\/media\/5981"}],"wp:attachment":[{"href":"https:\/\/cdu-kaarst.de\/en\/wp-json\/wp\/v2\/media?parent=5979"}],"wp:term":[{"taxonomy":"category","embeddable":true,"href":"https:\/\/cdu-kaarst.de\/en\/wp-json\/wp\/v2\/categories?post=5979"},{"taxonomy":"post_tag","embeddable":true,"href":"https:\/\/cdu-kaarst.de\/en\/wp-json\/wp\/v2\/tags?post=5979"}],"curies":[{"name":"wp","href":"https:\/\/api.w.org\/{rel}","templated":true}]}}