{"id":6008,"date":"2025-02-06T10:40:05","date_gmt":"2025-02-06T09:40:05","guid":{"rendered":"https:\/\/cdu-kaarst.de\/?p=6008"},"modified":"2025-02-06T10:40:05","modified_gmt":"2025-02-06T09:40:05","slug":"bundestagswahl-am-23-februar-2025-darum-ist-stimmensplitting-keine-gute-wahl","status":"publish","type":"post","link":"https:\/\/cdu-kaarst.de\/en\/allgemein\/bundestagswahl-am-23-februar-2025-darum-ist-stimmensplitting-keine-gute-wahl\/","title":{"rendered":"Bundestag election on 23 February 2025: Why vote splitting is not a good choice"},"content":{"rendered":"<p>The 2025 federal election is coming up - and with it an important decision for the future of our country. However, many voters are wondering whether it makes sense to cast their first and second votes for different parties. The answer is clear: <strong>Vote splitting can weaken one's own political convictions and lead to undesirable results.<\/strong><\/p>\n<p>The first vote decides the <a href=\"https:\/\/cdu-kaarst.de\/en\/partei\/wahlkreiskandidaten-2025\/\" target=\"_blank\" rel=\"noopener\">Direct candidates in the constituency<\/a>while the second vote determines the majority in the Bundestag. Anyone who supports a candidate from another party with their first vote, for example, risks the CDU losing an important direct mandate - and therefore also losing influence in parliament. In addition, vote splitting can unintentionally strengthen parties that do not offer stable and reliable policies for Germany.<\/p>\n<p>Therefore: <strong>Only with both votes in favour of the CDU can we ensure a strong government, clear responsibility and reliable policies for the future of our country<\/strong>. Every vote counts on 23 February 2025 - back stability and continuity!<\/p>","protected":false},"excerpt":{"rendered":"<p>Die Bundestagswahl 2025 steht bevor \u2013 und damit eine wichtige Entscheidung f\u00fcr die Zukunft unseres Landes. Doch viele W\u00e4hlerinnen und W\u00e4hler \u00fcberlegen, ob es sinnvoll ist, Erst- und Zweitstimme unterschiedlichen Parteien zu geben. Die Antwort ist klar: Stimmensplitting kann die eigene politische \u00dcberzeugung schw\u00e4chen und zu unerw\u00fcnschten Ergebnissen f\u00fchren. Die Erststimme entscheidet \u00fcber den Direktkandidaten [&hellip;]<\/p>\n","protected":false},"author":4,"featured_media":6009,"comment_status":"closed","ping_status":"closed","sticky":false,"template":"","format":"standard","meta":{"footnotes":""},"categories":[1],"tags":[],"class_list":["post-6008","post","type-post","status-publish","format-standard","has-post-thumbnail","hentry","category-allgemein"],"yoast_head":"<!-- This site is optimized with the Yoast SEO plugin v27.4 - https:\/\/yoast.com\/product\/yoast-seo-wordpress\/ -->\n<title>Bundestagswahl am 23. Februar 2025: Darum ist Stimmensplitting keine gute Wahl - CDU Kaarst-B\u00fcttgen<\/title>\n<meta name=\"robots\" content=\"index, follow, max-snippet:-1, max-image-preview:large, max-video-preview:-1\" \/>\n<link rel=\"canonical\" href=\"https:\/\/cdu-kaarst.de\/en\/allgemein\/bundestagswahl-am-23-februar-2025-darum-ist-stimmensplitting-keine-gute-wahl\/\" \/>\n<meta property=\"og:locale\" content=\"en_GB\" \/>\n<meta property=\"og:type\" content=\"article\" \/>\n<meta property=\"og:title\" content=\"Bundestagswahl am 23. Februar 2025: Darum ist Stimmensplitting keine gute Wahl - CDU Kaarst-B\u00fcttgen\" \/>\n<meta property=\"og:description\" content=\"Die Bundestagswahl 2025 steht bevor \u2013 und damit eine wichtige Entscheidung f\u00fcr die Zukunft unseres Landes. Doch viele W\u00e4hlerinnen und W\u00e4hler \u00fcberlegen, ob es sinnvoll ist, Erst- und Zweitstimme unterschiedlichen Parteien zu geben. Die Antwort ist klar: Stimmensplitting kann die eigene politische \u00dcberzeugung schw\u00e4chen und zu unerw\u00fcnschten Ergebnissen f\u00fchren. Die Erststimme entscheidet \u00fcber den Direktkandidaten [&hellip;]\" \/>\n<meta property=\"og:url\" content=\"https:\/\/cdu-kaarst.de\/en\/allgemein\/bundestagswahl-am-23-februar-2025-darum-ist-stimmensplitting-keine-gute-wahl\/\" \/>\n<meta property=\"og:site_name\" content=\"CDU Kaarst-B\u00fcttgen\" \/>\n<meta property=\"article:published_time\" content=\"2025-02-06T09:40:05+00:00\" \/>\n<meta property=\"og:image\" content=\"https:\/\/cdu-kaarst.de\/wp-content\/uploads\/grafik__2_.png\" \/>\n\t<meta property=\"og:image:width\" content=\"500\" \/>\n\t<meta property=\"og:image:height\" content=\"629\" \/>\n\t<meta property=\"og:image:type\" content=\"image\/png\" \/>\n<meta name=\"author\" content=\"Redaktion\" \/>\n<meta name=\"twitter:card\" content=\"summary_large_image\" \/>\n<meta name=\"twitter:label1\" content=\"Written by\" \/>\n\t<meta name=\"twitter:data1\" content=\"Redaktion\" \/>\n\t<meta name=\"twitter:label2\" content=\"Estimated reading time\" \/>\n\t<meta name=\"twitter:data2\" content=\"2 minutes\" \/>\n<script type=\"application\/ld+json\" class=\"yoast-schema-graph\">{\"@context\":\"https:\\\/\\\/schema.org\",\"@graph\":[{\"@type\":\"Article\",\"@id\":\"https:\\\/\\\/cdu-kaarst.de\\\/allgemein\\\/bundestagswahl-am-23-februar-2025-darum-ist-stimmensplitting-keine-gute-wahl\\\/#article\",\"isPartOf\":{\"@id\":\"https:\\\/\\\/cdu-kaarst.de\\\/allgemein\\\/bundestagswahl-am-23-februar-2025-darum-ist-stimmensplitting-keine-gute-wahl\\\/\"},\"author\":{\"name\":\"Redaktion\",\"@id\":\"https:\\\/\\\/cdu-kaarst.de\\\/#\\\/schema\\\/person\\\/246f51db799d47b1fcc72fd16f5e948b\"},\"headline\":\"Bundestagswahl am 23. Februar 2025: Darum ist Stimmensplitting keine gute Wahl\",\"datePublished\":\"2025-02-06T09:40:05+00:00\",\"mainEntityOfPage\":{\"@id\":\"https:\\\/\\\/cdu-kaarst.de\\\/allgemein\\\/bundestagswahl-am-23-februar-2025-darum-ist-stimmensplitting-keine-gute-wahl\\\/\"},\"wordCount\":169,\"publisher\":{\"@id\":\"https:\\\/\\\/cdu-kaarst.de\\\/#organization\"},\"image\":{\"@id\":\"https:\\\/\\\/cdu-kaarst.de\\\/allgemein\\\/bundestagswahl-am-23-februar-2025-darum-ist-stimmensplitting-keine-gute-wahl\\\/#primaryimage\"},\"thumbnailUrl\":\"https:\\\/\\\/cdu-kaarst.de\\\/wp-content\\\/uploads\\\/grafik__2_.png\",\"articleSection\":[\"Allgemein\"],\"inLanguage\":\"en-GB\"},{\"@type\":\"WebPage\",\"@id\":\"https:\\\/\\\/cdu-kaarst.de\\\/allgemein\\\/bundestagswahl-am-23-februar-2025-darum-ist-stimmensplitting-keine-gute-wahl\\\/\",\"url\":\"https:\\\/\\\/cdu-kaarst.de\\\/allgemein\\\/bundestagswahl-am-23-februar-2025-darum-ist-stimmensplitting-keine-gute-wahl\\\/\",\"name\":\"Bundestagswahl am 23. Februar 2025: Darum ist Stimmensplitting keine gute Wahl - CDU Kaarst-B\u00fcttgen\",\"isPartOf\":{\"@id\":\"https:\\\/\\\/cdu-kaarst.de\\\/#website\"},\"primaryImageOfPage\":{\"@id\":\"https:\\\/\\\/cdu-kaarst.de\\\/allgemein\\\/bundestagswahl-am-23-februar-2025-darum-ist-stimmensplitting-keine-gute-wahl\\\/#primaryimage\"},\"image\":{\"@id\":\"https:\\\/\\\/cdu-kaarst.de\\\/allgemein\\\/bundestagswahl-am-23-februar-2025-darum-ist-stimmensplitting-keine-gute-wahl\\\/#primaryimage\"},\"thumbnailUrl\":\"https:\\\/\\\/cdu-kaarst.de\\\/wp-content\\\/uploads\\\/grafik__2_.png\",\"datePublished\":\"2025-02-06T09:40:05+00:00\",\"breadcrumb\":{\"@id\":\"https:\\\/\\\/cdu-kaarst.de\\\/allgemein\\\/bundestagswahl-am-23-februar-2025-darum-ist-stimmensplitting-keine-gute-wahl\\\/#breadcrumb\"},\"inLanguage\":\"en-GB\",\"potentialAction\":[{\"@type\":\"ReadAction\",\"target\":[\"https:\\\/\\\/cdu-kaarst.de\\\/allgemein\\\/bundestagswahl-am-23-februar-2025-darum-ist-stimmensplitting-keine-gute-wahl\\\/\"]}]},{\"@type\":\"ImageObject\",\"inLanguage\":\"en-GB\",\"@id\":\"https:\\\/\\\/cdu-kaarst.de\\\/allgemein\\\/bundestagswahl-am-23-februar-2025-darum-ist-stimmensplitting-keine-gute-wahl\\\/#primaryimage\",\"url\":\"https:\\\/\\\/cdu-kaarst.de\\\/wp-content\\\/uploads\\\/grafik__2_.png\",\"contentUrl\":\"https:\\\/\\\/cdu-kaarst.de\\\/wp-content\\\/uploads\\\/grafik__2_.png\",\"width\":500,\"height\":629,\"caption\":\"Darum ist Stimmensplitting keine gute Wahl!\"},{\"@type\":\"BreadcrumbList\",\"@id\":\"https:\\\/\\\/cdu-kaarst.de\\\/allgemein\\\/bundestagswahl-am-23-februar-2025-darum-ist-stimmensplitting-keine-gute-wahl\\\/#breadcrumb\",\"itemListElement\":[{\"@type\":\"ListItem\",\"position\":1,\"name\":\"Startseite\",\"item\":\"https:\\\/\\\/cdu-kaarst.de\\\/\"},{\"@type\":\"ListItem\",\"position\":2,\"name\":\"Bundestagswahl am 23. Februar 2025: Darum ist Stimmensplitting keine gute Wahl\"}]},{\"@type\":\"WebSite\",\"@id\":\"https:\\\/\\\/cdu-kaarst.de\\\/#website\",\"url\":\"https:\\\/\\\/cdu-kaarst.de\\\/\",\"name\":\"CDU Kaarst-B\u00fcttgen\",\"description\":\"gut Leben in Kaarst\",\"publisher\":{\"@id\":\"https:\\\/\\\/cdu-kaarst.de\\\/#organization\"},\"potentialAction\":[{\"@type\":\"SearchAction\",\"target\":{\"@type\":\"EntryPoint\",\"urlTemplate\":\"https:\\\/\\\/cdu-kaarst.de\\\/?s={search_term_string}\"},\"query-input\":{\"@type\":\"PropertyValueSpecification\",\"valueRequired\":true,\"valueName\":\"search_term_string\"}}],\"inLanguage\":\"en-GB\"},{\"@type\":\"Organization\",\"@id\":\"https:\\\/\\\/cdu-kaarst.de\\\/#organization\",\"name\":\"CDU Kaarst-B\u00fcttgen\",\"url\":\"https:\\\/\\\/cdu-kaarst.de\\\/\",\"logo\":{\"@type\":\"ImageObject\",\"inLanguage\":\"en-GB\",\"@id\":\"https:\\\/\\\/cdu-kaarst.de\\\/#\\\/schema\\\/logo\\\/image\\\/\",\"url\":\"https:\\\/\\\/cdu-kaarst.de\\\/wp-content\\\/uploads\\\/cdu-gesamtlogo.png\",\"contentUrl\":\"https:\\\/\\\/cdu-kaarst.de\\\/wp-content\\\/uploads\\\/cdu-gesamtlogo.png\",\"width\":418,\"height\":120,\"caption\":\"CDU Kaarst-B\u00fcttgen\"},\"image\":{\"@id\":\"https:\\\/\\\/cdu-kaarst.de\\\/#\\\/schema\\\/logo\\\/image\\\/\"}},{\"@type\":\"Person\",\"@id\":\"https:\\\/\\\/cdu-kaarst.de\\\/#\\\/schema\\\/person\\\/246f51db799d47b1fcc72fd16f5e948b\",\"name\":\"Redaktion\"}]}<\/script>\n<!-- \/ Yoast SEO plugin. -->","yoast_head_json":{"title":"Bundestagswahl am 23. Februar 2025: Darum ist Stimmensplitting keine gute Wahl - CDU Kaarst-B\u00fcttgen","robots":{"index":"index","follow":"follow","max-snippet":"max-snippet:-1","max-image-preview":"max-image-preview:large","max-video-preview":"max-video-preview:-1"},"canonical":"https:\/\/cdu-kaarst.de\/en\/allgemein\/bundestagswahl-am-23-februar-2025-darum-ist-stimmensplitting-keine-gute-wahl\/","og_locale":"en_GB","og_type":"article","og_title":"Bundestagswahl am 23. Februar 2025: Darum ist Stimmensplitting keine gute Wahl - CDU Kaarst-B\u00fcttgen","og_description":"Die Bundestagswahl 2025 steht bevor \u2013 und damit eine wichtige Entscheidung f\u00fcr die Zukunft unseres Landes. Doch viele W\u00e4hlerinnen und W\u00e4hler \u00fcberlegen, ob es sinnvoll ist, Erst- und Zweitstimme unterschiedlichen Parteien zu geben. Die Antwort ist klar: Stimmensplitting kann die eigene politische \u00dcberzeugung schw\u00e4chen und zu unerw\u00fcnschten Ergebnissen f\u00fchren. Die Erststimme entscheidet \u00fcber den Direktkandidaten [&hellip;]","og_url":"https:\/\/cdu-kaarst.de\/en\/allgemein\/bundestagswahl-am-23-februar-2025-darum-ist-stimmensplitting-keine-gute-wahl\/","og_site_name":"CDU Kaarst-B\u00fcttgen","article_published_time":"2025-02-06T09:40:05+00:00","og_image":[{"width":500,"height":629,"url":"https:\/\/cdu-kaarst.de\/wp-content\/uploads\/grafik__2_.png","type":"image\/png"}],"author":"Redaktion","twitter_card":"summary_large_image","twitter_misc":{"Written by":"Redaktion","Estimated reading time":"2 minutes"},"schema":{"@context":"https:\/\/schema.org","@graph":[{"@type":"Article","@id":"https:\/\/cdu-kaarst.de\/allgemein\/bundestagswahl-am-23-februar-2025-darum-ist-stimmensplitting-keine-gute-wahl\/#article","isPartOf":{"@id":"https:\/\/cdu-kaarst.de\/allgemein\/bundestagswahl-am-23-februar-2025-darum-ist-stimmensplitting-keine-gute-wahl\/"},"author":{"name":"Redaktion","@id":"https:\/\/cdu-kaarst.de\/#\/schema\/person\/246f51db799d47b1fcc72fd16f5e948b"},"headline":"Bundestagswahl am 23. Februar 2025: Darum ist Stimmensplitting keine gute Wahl","datePublished":"2025-02-06T09:40:05+00:00","mainEntityOfPage":{"@id":"https:\/\/cdu-kaarst.de\/allgemein\/bundestagswahl-am-23-februar-2025-darum-ist-stimmensplitting-keine-gute-wahl\/"},"wordCount":169,"publisher":{"@id":"https:\/\/cdu-kaarst.de\/#organization"},"image":{"@id":"https:\/\/cdu-kaarst.de\/allgemein\/bundestagswahl-am-23-februar-2025-darum-ist-stimmensplitting-keine-gute-wahl\/#primaryimage"},"thumbnailUrl":"https:\/\/cdu-kaarst.de\/wp-content\/uploads\/grafik__2_.png","articleSection":["Allgemein"],"inLanguage":"en-GB"},{"@type":"WebPage","@id":"https:\/\/cdu-kaarst.de\/allgemein\/bundestagswahl-am-23-februar-2025-darum-ist-stimmensplitting-keine-gute-wahl\/","url":"https:\/\/cdu-kaarst.de\/allgemein\/bundestagswahl-am-23-februar-2025-darum-ist-stimmensplitting-keine-gute-wahl\/","name":"Bundestagswahl am 23. Februar 2025: Darum ist Stimmensplitting keine gute Wahl - CDU Kaarst-B\u00fcttgen","isPartOf":{"@id":"https:\/\/cdu-kaarst.de\/#website"},"primaryImageOfPage":{"@id":"https:\/\/cdu-kaarst.de\/allgemein\/bundestagswahl-am-23-februar-2025-darum-ist-stimmensplitting-keine-gute-wahl\/#primaryimage"},"image":{"@id":"https:\/\/cdu-kaarst.de\/allgemein\/bundestagswahl-am-23-februar-2025-darum-ist-stimmensplitting-keine-gute-wahl\/#primaryimage"},"thumbnailUrl":"https:\/\/cdu-kaarst.de\/wp-content\/uploads\/grafik__2_.png","datePublished":"2025-02-06T09:40:05+00:00","breadcrumb":{"@id":"https:\/\/cdu-kaarst.de\/allgemein\/bundestagswahl-am-23-februar-2025-darum-ist-stimmensplitting-keine-gute-wahl\/#breadcrumb"},"inLanguage":"en-GB","potentialAction":[{"@type":"ReadAction","target":["https:\/\/cdu-kaarst.de\/allgemein\/bundestagswahl-am-23-februar-2025-darum-ist-stimmensplitting-keine-gute-wahl\/"]}]},{"@type":"ImageObject","inLanguage":"en-GB","@id":"https:\/\/cdu-kaarst.de\/allgemein\/bundestagswahl-am-23-februar-2025-darum-ist-stimmensplitting-keine-gute-wahl\/#primaryimage","url":"https:\/\/cdu-kaarst.de\/wp-content\/uploads\/grafik__2_.png","contentUrl":"https:\/\/cdu-kaarst.de\/wp-content\/uploads\/grafik__2_.png","width":500,"height":629,"caption":"Darum ist Stimmensplitting keine gute Wahl!"},{"@type":"BreadcrumbList","@id":"https:\/\/cdu-kaarst.de\/allgemein\/bundestagswahl-am-23-februar-2025-darum-ist-stimmensplitting-keine-gute-wahl\/#breadcrumb","itemListElement":[{"@type":"ListItem","position":1,"name":"Startseite","item":"https:\/\/cdu-kaarst.de\/"},{"@type":"ListItem","position":2,"name":"Bundestagswahl am 23. Februar 2025: Darum ist Stimmensplitting keine gute Wahl"}]},{"@type":"WebSite","@id":"https:\/\/cdu-kaarst.de\/#website","url":"https:\/\/cdu-kaarst.de\/","name":"CDU Kaarst-B\u00fcttgen","description":"living well in Kaarst","publisher":{"@id":"https:\/\/cdu-kaarst.de\/#organization"},"potentialAction":[{"@type":"SearchAction","target":{"@type":"EntryPoint","urlTemplate":"https:\/\/cdu-kaarst.de\/?s={search_term_string}"},"query-input":{"@type":"PropertyValueSpecification","valueRequired":true,"valueName":"search_term_string"}}],"inLanguage":"en-GB"},{"@type":"Organization","@id":"https:\/\/cdu-kaarst.de\/#organization","name":"CDU Kaarst-B\u00fcttgen","url":"https:\/\/cdu-kaarst.de\/","logo":{"@type":"ImageObject","inLanguage":"en-GB","@id":"https:\/\/cdu-kaarst.de\/#\/schema\/logo\/image\/","url":"https:\/\/cdu-kaarst.de\/wp-content\/uploads\/cdu-gesamtlogo.png","contentUrl":"https:\/\/cdu-kaarst.de\/wp-content\/uploads\/cdu-gesamtlogo.png","width":418,"height":120,"caption":"CDU Kaarst-B\u00fcttgen"},"image":{"@id":"https:\/\/cdu-kaarst.de\/#\/schema\/logo\/image\/"}},{"@type":"Person","@id":"https:\/\/cdu-kaarst.de\/#\/schema\/person\/246f51db799d47b1fcc72fd16f5e948b","name":"Editorial office"}]}},"_links":{"self":[{"href":"https:\/\/cdu-kaarst.de\/en\/wp-json\/wp\/v2\/posts\/6008","targetHints":{"allow":["GET"]}}],"collection":[{"href":"https:\/\/cdu-kaarst.de\/en\/wp-json\/wp\/v2\/posts"}],"about":[{"href":"https:\/\/cdu-kaarst.de\/en\/wp-json\/wp\/v2\/types\/post"}],"author":[{"embeddable":true,"href":"https:\/\/cdu-kaarst.de\/en\/wp-json\/wp\/v2\/users\/4"}],"replies":[{"embeddable":true,"href":"https:\/\/cdu-kaarst.de\/en\/wp-json\/wp\/v2\/comments?post=6008"}],"version-history":[{"count":1,"href":"https:\/\/cdu-kaarst.de\/en\/wp-json\/wp\/v2\/posts\/6008\/revisions"}],"predecessor-version":[{"id":6010,"href":"https:\/\/cdu-kaarst.de\/en\/wp-json\/wp\/v2\/posts\/6008\/revisions\/6010"}],"wp:featuredmedia":[{"embeddable":true,"href":"https:\/\/cdu-kaarst.de\/en\/wp-json\/wp\/v2\/media\/6009"}],"wp:attachment":[{"href":"https:\/\/cdu-kaarst.de\/en\/wp-json\/wp\/v2\/media?parent=6008"}],"wp:term":[{"taxonomy":"category","embeddable":true,"href":"https:\/\/cdu-kaarst.de\/en\/wp-json\/wp\/v2\/categories?post=6008"},{"taxonomy":"post_tag","embeddable":true,"href":"https:\/\/cdu-kaarst.de\/en\/wp-json\/wp\/v2\/tags?post=6008"}],"curies":[{"name":"wp","href":"https:\/\/api.w.org\/{rel}","templated":true}]}}