{"id":6048,"date":"2025-02-13T15:54:59","date_gmt":"2025-02-13T14:54:59","guid":{"rendered":"https:\/\/cdu-kaarst.de\/?p=6048"},"modified":"2025-02-13T16:00:29","modified_gmt":"2025-02-13T15:00:29","slug":"ein-herzlicher-dank-vom-bundestagsabgeordneten-ansgar-heveling","status":"publish","type":"post","link":"https:\/\/cdu-kaarst.de\/en\/allgemein\/ein-herzlicher-dank-vom-bundestagsabgeordneten-ansgar-heveling\/","title":{"rendered":"A heartfelt thank you from Ansgar Heveling, Member of the Bundestag"},"content":{"rendered":"<div data-elementor-type=\"wp-post\" data-elementor-id=\"6048\" class=\"elementor elementor-6048\" data-elementor-post-type=\"post\">\n\t\t\t\t\t\t<section class=\"elementor-section elementor-top-section elementor-element elementor-element-3171aec5 elementor-section-boxed elementor-section-height-default elementor-section-height-default\" data-id=\"3171aec5\" data-element_type=\"section\" data-e-type=\"section\" data-settings=\"{&quot;jet_parallax_layout_list&quot;:[]}\">\n\t\t\t\t\t\t<div class=\"elementor-container elementor-column-gap-default\">\n\t\t\t\t\t<div class=\"elementor-column elementor-col-100 elementor-top-column elementor-element elementor-element-55434973\" data-id=\"55434973\" data-element_type=\"column\" data-e-type=\"column\">\n\t\t\t<div class=\"elementor-widget-wrap elementor-element-populated\">\n\t\t\t\t\t\t<div class=\"elementor-element elementor-element-723cf28c elementor-widget elementor-widget-text-editor\" data-id=\"723cf28c\" data-element_type=\"widget\" data-e-type=\"widget\" data-widget_type=\"text-editor.default\">\n\t\t\t\t<div class=\"elementor-widget-container\">\n\t\t\t\t\t\t\t\t\t<p>In a letter to the chairmen of the city and district associations and the district chairmen of the CDU associations <a href=\"https:\/\/ansgar-heveling.de\/\" target=\"_blank\" rel=\"noopener\">Ansgar Heveling<\/a> for the <strong>tireless efforts in the Bundestag election campaign<\/strong> thanks.<\/p><h2>Great commitment from the helpers<\/h2><p>The great turnout at the information stands shows that the CDU is committed and that each individual is committed to informing citizens and providing advice and support. The many <strong>Helpers and assistants<\/strong> help to ensure that the CDU's message reaches the people.<\/p><p>Download the complete cover letter:<\/p><p><a href=\"https:\/\/cdu-kaarst.de\/wp-content\/uploads\/Dank_Ansgar_Heveling.pdf\">Cover letter Ansgar Heveling<\/a><\/p>\t\t\t\t\t\t\t\t<\/div>\n\t\t\t\t<\/div>\n\t\t\t\t\t<\/div>\n\t\t<\/div>\n\t\t\t\t\t<\/div>\n\t\t<\/section>\n\t\t\t\t<\/div>","protected":false},"excerpt":{"rendered":"<p>In einem Anschreiben an die Vorsitzenden der Stadt- und Stadtbezirksverb\u00e4nde sowie die Kreisvorsitzenden der Vereinigungen der CDU hat sich Ansgar Heveling f\u00fcr den unerm\u00fcdlichen Einsatz im Bundestagswahlkampf bedankt. Gro\u00dfartiger Einsatz der Helferinnen und Helfer Die gro\u00dfartige Beteiligung an den Infost\u00e4nden zeigt, dass die CDU sich engagiert und jeder Einzelne sich daf\u00fcr einsetzt, B\u00fcrgerinnen und B\u00fcrger [&hellip;]<\/p>\n","protected":false},"author":4,"featured_media":6049,"comment_status":"closed","ping_status":"closed","sticky":false,"template":"","format":"standard","meta":{"footnotes":""},"categories":[1],"tags":[],"class_list":["post-6048","post","type-post","status-publish","format-standard","has-post-thumbnail","hentry","category-allgemein"],"yoast_head":"<!-- This site is optimized with the Yoast SEO plugin v27.4 - https:\/\/yoast.com\/product\/yoast-seo-wordpress\/ -->\n<title>Ein herzlicher Dank vom Bundestagsabgeordneten Ansgar Heveling - CDU Kaarst-B\u00fcttgen<\/title>\n<meta name=\"robots\" content=\"index, follow, max-snippet:-1, max-image-preview:large, max-video-preview:-1\" \/>\n<link rel=\"canonical\" href=\"https:\/\/cdu-kaarst.de\/en\/allgemein\/ein-herzlicher-dank-vom-bundestagsabgeordneten-ansgar-heveling\/\" \/>\n<meta property=\"og:locale\" content=\"en_GB\" \/>\n<meta property=\"og:type\" content=\"article\" \/>\n<meta property=\"og:title\" content=\"Ein herzlicher Dank vom Bundestagsabgeordneten Ansgar Heveling - CDU Kaarst-B\u00fcttgen\" \/>\n<meta property=\"og:description\" content=\"In einem Anschreiben an die Vorsitzenden der Stadt- und Stadtbezirksverb\u00e4nde sowie die Kreisvorsitzenden der Vereinigungen der CDU hat sich Ansgar Heveling f\u00fcr den unerm\u00fcdlichen Einsatz im Bundestagswahlkampf bedankt. Gro\u00dfartiger Einsatz der Helferinnen und Helfer Die gro\u00dfartige Beteiligung an den Infost\u00e4nden zeigt, dass die CDU sich engagiert und jeder Einzelne sich daf\u00fcr einsetzt, B\u00fcrgerinnen und B\u00fcrger [&hellip;]\" \/>\n<meta property=\"og:url\" content=\"https:\/\/cdu-kaarst.de\/en\/allgemein\/ein-herzlicher-dank-vom-bundestagsabgeordneten-ansgar-heveling\/\" \/>\n<meta property=\"og:site_name\" content=\"CDU Kaarst-B\u00fcttgen\" \/>\n<meta property=\"article:published_time\" content=\"2025-02-13T14:54:59+00:00\" \/>\n<meta property=\"article:modified_time\" content=\"2025-02-13T15:00:29+00:00\" \/>\n<meta property=\"og:image\" content=\"https:\/\/cdu-kaarst.de\/wp-content\/uploads\/Dank_von_Ansgar_Heveling_-_Website_News.jpg\" \/>\n\t<meta property=\"og:image:width\" content=\"1080\" \/>\n\t<meta property=\"og:image:height\" content=\"1080\" \/>\n\t<meta property=\"og:image:type\" content=\"image\/jpeg\" \/>\n<meta name=\"author\" content=\"Redaktion\" \/>\n<meta name=\"twitter:card\" content=\"summary_large_image\" \/>\n<meta name=\"twitter:label1\" content=\"Written by\" \/>\n\t<meta name=\"twitter:data1\" content=\"Redaktion\" \/>\n\t<meta name=\"twitter:label2\" content=\"Estimated reading time\" \/>\n\t<meta name=\"twitter:data2\" content=\"1 minute\" \/>\n<script type=\"application\/ld+json\" class=\"yoast-schema-graph\">{\"@context\":\"https:\\\/\\\/schema.org\",\"@graph\":[{\"@type\":\"Article\",\"@id\":\"https:\\\/\\\/cdu-kaarst.de\\\/allgemein\\\/ein-herzlicher-dank-vom-bundestagsabgeordneten-ansgar-heveling\\\/#article\",\"isPartOf\":{\"@id\":\"https:\\\/\\\/cdu-kaarst.de\\\/allgemein\\\/ein-herzlicher-dank-vom-bundestagsabgeordneten-ansgar-heveling\\\/\"},\"author\":{\"name\":\"Redaktion\",\"@id\":\"https:\\\/\\\/cdu-kaarst.de\\\/#\\\/schema\\\/person\\\/246f51db799d47b1fcc72fd16f5e948b\"},\"headline\":\"Ein herzlicher Dank vom Bundestagsabgeordneten Ansgar Heveling\",\"datePublished\":\"2025-02-13T14:54:59+00:00\",\"dateModified\":\"2025-02-13T15:00:29+00:00\",\"mainEntityOfPage\":{\"@id\":\"https:\\\/\\\/cdu-kaarst.de\\\/allgemein\\\/ein-herzlicher-dank-vom-bundestagsabgeordneten-ansgar-heveling\\\/\"},\"wordCount\":107,\"publisher\":{\"@id\":\"https:\\\/\\\/cdu-kaarst.de\\\/#organization\"},\"image\":{\"@id\":\"https:\\\/\\\/cdu-kaarst.de\\\/allgemein\\\/ein-herzlicher-dank-vom-bundestagsabgeordneten-ansgar-heveling\\\/#primaryimage\"},\"thumbnailUrl\":\"https:\\\/\\\/cdu-kaarst.de\\\/wp-content\\\/uploads\\\/Dank_von_Ansgar_Heveling_-_Website_News.jpg\",\"articleSection\":[\"Allgemein\"],\"inLanguage\":\"en-GB\"},{\"@type\":\"WebPage\",\"@id\":\"https:\\\/\\\/cdu-kaarst.de\\\/allgemein\\\/ein-herzlicher-dank-vom-bundestagsabgeordneten-ansgar-heveling\\\/\",\"url\":\"https:\\\/\\\/cdu-kaarst.de\\\/allgemein\\\/ein-herzlicher-dank-vom-bundestagsabgeordneten-ansgar-heveling\\\/\",\"name\":\"Ein herzlicher Dank vom Bundestagsabgeordneten Ansgar Heveling - CDU Kaarst-B\u00fcttgen\",\"isPartOf\":{\"@id\":\"https:\\\/\\\/cdu-kaarst.de\\\/#website\"},\"primaryImageOfPage\":{\"@id\":\"https:\\\/\\\/cdu-kaarst.de\\\/allgemein\\\/ein-herzlicher-dank-vom-bundestagsabgeordneten-ansgar-heveling\\\/#primaryimage\"},\"image\":{\"@id\":\"https:\\\/\\\/cdu-kaarst.de\\\/allgemein\\\/ein-herzlicher-dank-vom-bundestagsabgeordneten-ansgar-heveling\\\/#primaryimage\"},\"thumbnailUrl\":\"https:\\\/\\\/cdu-kaarst.de\\\/wp-content\\\/uploads\\\/Dank_von_Ansgar_Heveling_-_Website_News.jpg\",\"datePublished\":\"2025-02-13T14:54:59+00:00\",\"dateModified\":\"2025-02-13T15:00:29+00:00\",\"breadcrumb\":{\"@id\":\"https:\\\/\\\/cdu-kaarst.de\\\/allgemein\\\/ein-herzlicher-dank-vom-bundestagsabgeordneten-ansgar-heveling\\\/#breadcrumb\"},\"inLanguage\":\"en-GB\",\"potentialAction\":[{\"@type\":\"ReadAction\",\"target\":[\"https:\\\/\\\/cdu-kaarst.de\\\/allgemein\\\/ein-herzlicher-dank-vom-bundestagsabgeordneten-ansgar-heveling\\\/\"]}]},{\"@type\":\"ImageObject\",\"inLanguage\":\"en-GB\",\"@id\":\"https:\\\/\\\/cdu-kaarst.de\\\/allgemein\\\/ein-herzlicher-dank-vom-bundestagsabgeordneten-ansgar-heveling\\\/#primaryimage\",\"url\":\"https:\\\/\\\/cdu-kaarst.de\\\/wp-content\\\/uploads\\\/Dank_von_Ansgar_Heveling_-_Website_News.jpg\",\"contentUrl\":\"https:\\\/\\\/cdu-kaarst.de\\\/wp-content\\\/uploads\\\/Dank_von_Ansgar_Heveling_-_Website_News.jpg\",\"width\":1080,\"height\":1080,\"caption\":\"Ansgar Heveling. Gemeinsam f\u00fcr ein starkes Ergebnis.\"},{\"@type\":\"BreadcrumbList\",\"@id\":\"https:\\\/\\\/cdu-kaarst.de\\\/allgemein\\\/ein-herzlicher-dank-vom-bundestagsabgeordneten-ansgar-heveling\\\/#breadcrumb\",\"itemListElement\":[{\"@type\":\"ListItem\",\"position\":1,\"name\":\"Startseite\",\"item\":\"https:\\\/\\\/cdu-kaarst.de\\\/\"},{\"@type\":\"ListItem\",\"position\":2,\"name\":\"Ein herzlicher Dank vom Bundestagsabgeordneten Ansgar Heveling\"}]},{\"@type\":\"WebSite\",\"@id\":\"https:\\\/\\\/cdu-kaarst.de\\\/#website\",\"url\":\"https:\\\/\\\/cdu-kaarst.de\\\/\",\"name\":\"CDU Kaarst-B\u00fcttgen\",\"description\":\"gut Leben in Kaarst\",\"publisher\":{\"@id\":\"https:\\\/\\\/cdu-kaarst.de\\\/#organization\"},\"potentialAction\":[{\"@type\":\"SearchAction\",\"target\":{\"@type\":\"EntryPoint\",\"urlTemplate\":\"https:\\\/\\\/cdu-kaarst.de\\\/?s={search_term_string}\"},\"query-input\":{\"@type\":\"PropertyValueSpecification\",\"valueRequired\":true,\"valueName\":\"search_term_string\"}}],\"inLanguage\":\"en-GB\"},{\"@type\":\"Organization\",\"@id\":\"https:\\\/\\\/cdu-kaarst.de\\\/#organization\",\"name\":\"CDU Kaarst-B\u00fcttgen\",\"url\":\"https:\\\/\\\/cdu-kaarst.de\\\/\",\"logo\":{\"@type\":\"ImageObject\",\"inLanguage\":\"en-GB\",\"@id\":\"https:\\\/\\\/cdu-kaarst.de\\\/#\\\/schema\\\/logo\\\/image\\\/\",\"url\":\"https:\\\/\\\/cdu-kaarst.de\\\/wp-content\\\/uploads\\\/cdu-gesamtlogo.png\",\"contentUrl\":\"https:\\\/\\\/cdu-kaarst.de\\\/wp-content\\\/uploads\\\/cdu-gesamtlogo.png\",\"width\":418,\"height\":120,\"caption\":\"CDU Kaarst-B\u00fcttgen\"},\"image\":{\"@id\":\"https:\\\/\\\/cdu-kaarst.de\\\/#\\\/schema\\\/logo\\\/image\\\/\"}},{\"@type\":\"Person\",\"@id\":\"https:\\\/\\\/cdu-kaarst.de\\\/#\\\/schema\\\/person\\\/246f51db799d47b1fcc72fd16f5e948b\",\"name\":\"Redaktion\"}]}<\/script>\n<!-- \/ Yoast SEO plugin. -->","yoast_head_json":{"title":"Ein herzlicher Dank vom Bundestagsabgeordneten Ansgar Heveling - CDU Kaarst-B\u00fcttgen","robots":{"index":"index","follow":"follow","max-snippet":"max-snippet:-1","max-image-preview":"max-image-preview:large","max-video-preview":"max-video-preview:-1"},"canonical":"https:\/\/cdu-kaarst.de\/en\/allgemein\/ein-herzlicher-dank-vom-bundestagsabgeordneten-ansgar-heveling\/","og_locale":"en_GB","og_type":"article","og_title":"Ein herzlicher Dank vom Bundestagsabgeordneten Ansgar Heveling - CDU Kaarst-B\u00fcttgen","og_description":"In einem Anschreiben an die Vorsitzenden der Stadt- und Stadtbezirksverb\u00e4nde sowie die Kreisvorsitzenden der Vereinigungen der CDU hat sich Ansgar Heveling f\u00fcr den unerm\u00fcdlichen Einsatz im Bundestagswahlkampf bedankt. Gro\u00dfartiger Einsatz der Helferinnen und Helfer Die gro\u00dfartige Beteiligung an den Infost\u00e4nden zeigt, dass die CDU sich engagiert und jeder Einzelne sich daf\u00fcr einsetzt, B\u00fcrgerinnen und B\u00fcrger [&hellip;]","og_url":"https:\/\/cdu-kaarst.de\/en\/allgemein\/ein-herzlicher-dank-vom-bundestagsabgeordneten-ansgar-heveling\/","og_site_name":"CDU Kaarst-B\u00fcttgen","article_published_time":"2025-02-13T14:54:59+00:00","article_modified_time":"2025-02-13T15:00:29+00:00","og_image":[{"width":1080,"height":1080,"url":"https:\/\/cdu-kaarst.de\/wp-content\/uploads\/Dank_von_Ansgar_Heveling_-_Website_News.jpg","type":"image\/jpeg"}],"author":"Redaktion","twitter_card":"summary_large_image","twitter_misc":{"Written by":"Redaktion","Estimated reading time":"1 minute"},"schema":{"@context":"https:\/\/schema.org","@graph":[{"@type":"Article","@id":"https:\/\/cdu-kaarst.de\/allgemein\/ein-herzlicher-dank-vom-bundestagsabgeordneten-ansgar-heveling\/#article","isPartOf":{"@id":"https:\/\/cdu-kaarst.de\/allgemein\/ein-herzlicher-dank-vom-bundestagsabgeordneten-ansgar-heveling\/"},"author":{"name":"Redaktion","@id":"https:\/\/cdu-kaarst.de\/#\/schema\/person\/246f51db799d47b1fcc72fd16f5e948b"},"headline":"Ein herzlicher Dank vom Bundestagsabgeordneten Ansgar Heveling","datePublished":"2025-02-13T14:54:59+00:00","dateModified":"2025-02-13T15:00:29+00:00","mainEntityOfPage":{"@id":"https:\/\/cdu-kaarst.de\/allgemein\/ein-herzlicher-dank-vom-bundestagsabgeordneten-ansgar-heveling\/"},"wordCount":107,"publisher":{"@id":"https:\/\/cdu-kaarst.de\/#organization"},"image":{"@id":"https:\/\/cdu-kaarst.de\/allgemein\/ein-herzlicher-dank-vom-bundestagsabgeordneten-ansgar-heveling\/#primaryimage"},"thumbnailUrl":"https:\/\/cdu-kaarst.de\/wp-content\/uploads\/Dank_von_Ansgar_Heveling_-_Website_News.jpg","articleSection":["Allgemein"],"inLanguage":"en-GB"},{"@type":"WebPage","@id":"https:\/\/cdu-kaarst.de\/allgemein\/ein-herzlicher-dank-vom-bundestagsabgeordneten-ansgar-heveling\/","url":"https:\/\/cdu-kaarst.de\/allgemein\/ein-herzlicher-dank-vom-bundestagsabgeordneten-ansgar-heveling\/","name":"Ein herzlicher Dank vom Bundestagsabgeordneten Ansgar Heveling - CDU Kaarst-B\u00fcttgen","isPartOf":{"@id":"https:\/\/cdu-kaarst.de\/#website"},"primaryImageOfPage":{"@id":"https:\/\/cdu-kaarst.de\/allgemein\/ein-herzlicher-dank-vom-bundestagsabgeordneten-ansgar-heveling\/#primaryimage"},"image":{"@id":"https:\/\/cdu-kaarst.de\/allgemein\/ein-herzlicher-dank-vom-bundestagsabgeordneten-ansgar-heveling\/#primaryimage"},"thumbnailUrl":"https:\/\/cdu-kaarst.de\/wp-content\/uploads\/Dank_von_Ansgar_Heveling_-_Website_News.jpg","datePublished":"2025-02-13T14:54:59+00:00","dateModified":"2025-02-13T15:00:29+00:00","breadcrumb":{"@id":"https:\/\/cdu-kaarst.de\/allgemein\/ein-herzlicher-dank-vom-bundestagsabgeordneten-ansgar-heveling\/#breadcrumb"},"inLanguage":"en-GB","potentialAction":[{"@type":"ReadAction","target":["https:\/\/cdu-kaarst.de\/allgemein\/ein-herzlicher-dank-vom-bundestagsabgeordneten-ansgar-heveling\/"]}]},{"@type":"ImageObject","inLanguage":"en-GB","@id":"https:\/\/cdu-kaarst.de\/allgemein\/ein-herzlicher-dank-vom-bundestagsabgeordneten-ansgar-heveling\/#primaryimage","url":"https:\/\/cdu-kaarst.de\/wp-content\/uploads\/Dank_von_Ansgar_Heveling_-_Website_News.jpg","contentUrl":"https:\/\/cdu-kaarst.de\/wp-content\/uploads\/Dank_von_Ansgar_Heveling_-_Website_News.jpg","width":1080,"height":1080,"caption":"Ansgar Heveling. Gemeinsam f\u00fcr ein starkes Ergebnis."},{"@type":"BreadcrumbList","@id":"https:\/\/cdu-kaarst.de\/allgemein\/ein-herzlicher-dank-vom-bundestagsabgeordneten-ansgar-heveling\/#breadcrumb","itemListElement":[{"@type":"ListItem","position":1,"name":"Startseite","item":"https:\/\/cdu-kaarst.de\/"},{"@type":"ListItem","position":2,"name":"Ein herzlicher Dank vom Bundestagsabgeordneten Ansgar Heveling"}]},{"@type":"WebSite","@id":"https:\/\/cdu-kaarst.de\/#website","url":"https:\/\/cdu-kaarst.de\/","name":"CDU Kaarst-B\u00fcttgen","description":"living well in Kaarst","publisher":{"@id":"https:\/\/cdu-kaarst.de\/#organization"},"potentialAction":[{"@type":"SearchAction","target":{"@type":"EntryPoint","urlTemplate":"https:\/\/cdu-kaarst.de\/?s={search_term_string}"},"query-input":{"@type":"PropertyValueSpecification","valueRequired":true,"valueName":"search_term_string"}}],"inLanguage":"en-GB"},{"@type":"Organization","@id":"https:\/\/cdu-kaarst.de\/#organization","name":"CDU Kaarst-B\u00fcttgen","url":"https:\/\/cdu-kaarst.de\/","logo":{"@type":"ImageObject","inLanguage":"en-GB","@id":"https:\/\/cdu-kaarst.de\/#\/schema\/logo\/image\/","url":"https:\/\/cdu-kaarst.de\/wp-content\/uploads\/cdu-gesamtlogo.png","contentUrl":"https:\/\/cdu-kaarst.de\/wp-content\/uploads\/cdu-gesamtlogo.png","width":418,"height":120,"caption":"CDU Kaarst-B\u00fcttgen"},"image":{"@id":"https:\/\/cdu-kaarst.de\/#\/schema\/logo\/image\/"}},{"@type":"Person","@id":"https:\/\/cdu-kaarst.de\/#\/schema\/person\/246f51db799d47b1fcc72fd16f5e948b","name":"Editorial office"}]}},"_links":{"self":[{"href":"https:\/\/cdu-kaarst.de\/en\/wp-json\/wp\/v2\/posts\/6048","targetHints":{"allow":["GET"]}}],"collection":[{"href":"https:\/\/cdu-kaarst.de\/en\/wp-json\/wp\/v2\/posts"}],"about":[{"href":"https:\/\/cdu-kaarst.de\/en\/wp-json\/wp\/v2\/types\/post"}],"author":[{"embeddable":true,"href":"https:\/\/cdu-kaarst.de\/en\/wp-json\/wp\/v2\/users\/4"}],"replies":[{"embeddable":true,"href":"https:\/\/cdu-kaarst.de\/en\/wp-json\/wp\/v2\/comments?post=6048"}],"version-history":[{"count":5,"href":"https:\/\/cdu-kaarst.de\/en\/wp-json\/wp\/v2\/posts\/6048\/revisions"}],"predecessor-version":[{"id":6055,"href":"https:\/\/cdu-kaarst.de\/en\/wp-json\/wp\/v2\/posts\/6048\/revisions\/6055"}],"wp:featuredmedia":[{"embeddable":true,"href":"https:\/\/cdu-kaarst.de\/en\/wp-json\/wp\/v2\/media\/6049"}],"wp:attachment":[{"href":"https:\/\/cdu-kaarst.de\/en\/wp-json\/wp\/v2\/media?parent=6048"}],"wp:term":[{"taxonomy":"category","embeddable":true,"href":"https:\/\/cdu-kaarst.de\/en\/wp-json\/wp\/v2\/categories?post=6048"},{"taxonomy":"post_tag","embeddable":true,"href":"https:\/\/cdu-kaarst.de\/en\/wp-json\/wp\/v2\/tags?post=6048"}],"curies":[{"name":"wp","href":"https:\/\/api.w.org\/{rel}","templated":true}]}}