{"id":6065,"date":"2025-02-14T12:12:19","date_gmt":"2025-02-14T11:12:19","guid":{"rendered":"https:\/\/cdu-kaarst.de\/?p=6065"},"modified":"2025-02-14T12:24:14","modified_gmt":"2025-02-14T11:24:14","slug":"erhalt-oder-abbau-zukunft-des-buergerschwalbennests-in-kaarst-ungewiss","status":"publish","type":"post","link":"https:\/\/cdu-kaarst.de\/en\/allgemein\/erhalt-oder-abbau-zukunft-des-buergerschwalbennests-in-kaarst-ungewiss\/","title":{"rendered":"Preservation or dismantling? Future of the citizen swallow nest in Kaarst uncertain"},"content":{"rendered":"<h2>A landmark with history<\/h2>\n<p>Since 1994, the \"Citizens' Swallow's Nest\" artwork has been a permanent fixture and eye-catcher in Kaarst town hall. The walk-in art installation by artist Martel Wiegand, who also lived in Kaarst for a time, was donated by the Sparkassenstiftung Kaarst-B\u00fcttgen as a permanent loan. Now, 30 years after its installation, the question of the artwork's future arises.<\/p>\n<h2>Art and identity<\/h2>\n<p><a href=\"https:\/\/cdu-kaarst.de\/wp-content\/uploads\/zukunft-des-buergerschwalbennests-in-kaarst-ungewiss-2.jpg\"><img decoding=\"async\" class=\"alignleft wp-image-6069 size-thumbnail\" title=\"Preservation or dismantling? Future of the citizen swallow nest in Kaarst uncertain\" src=\"https:\/\/cdu-kaarst.de\/wp-content\/uploads\/zukunft-des-buergerschwalbennests-in-kaarst-ungewiss-2-150x150.jpg\" alt=\"Erhalt oder Abbau? Zukunft des B\u00fcrgerschwalbennests in Kaarst ungewiss\" width=\"150\" height=\"150\" \/><\/a>The \"Citizens' Swallow's Nest\" consists of a wooden structure with printed linoleum panels designed by Kaarst citizens. It was not only intended to be an art object, but also a symbol of identification with the city. However, the sprinkler system, which was required for fire safety reasons, is now defective. It is also unclear whether the substructure still fulfils the structural requirements.<\/p>\n<h2>There are two options<\/h2>\n<p>The city council has worked out two possible scenarios: Either the complete dismantling of the art installation or a refurbishment on the condition that fire safety is restored, whereby the mayor initially brought the dismantling of the artwork into discussion without informing the political bodies.<\/p>\n<p><a href=\"https:\/\/cdu-kaarst.de\/wp-content\/uploads\/zukunft-des-buergerschwalbennests-in-kaarst-ungewiss-3.jpg\"><img decoding=\"async\" class=\"wp-image-6070 size-thumbnail alignright\" title=\"Preservation or dismantling? Future of the citizen swallow nest in Kaarst uncertain\" src=\"https:\/\/cdu-kaarst.de\/wp-content\/uploads\/zukunft-des-buergerschwalbennests-in-kaarst-ungewiss-3-150x150.jpg\" alt=\"Erhalt oder Abbau? Zukunft des B\u00fcrgerschwalbennests in Kaarst ungewiss\" width=\"150\" height=\"150\" \/><\/a>The work of art is so formative that tearing it down cannot be the only sensible solution! Above all: a proper consultation with a meeting presentation must be prepared here, which has not happened! Mrs Baum focused on the removal of the artwork. The reason for this is that the sprinkler system is not working. It is inexplicable to us that the sprinkler system has not been regularly checked and maintained - fire safety precautions are a matter of course for every homeowner.<\/p>\n<p>Before a final decision is made, however, all options must be examined, also in co-operation with the Sparkasse as the owner of the artwork and the artist's community of heirs.<\/p>\n<h2>Financial considerations<\/h2>\n<p>In times of budget consolidation, costs and benefits must be carefully weighed up. Another conceivable option could be to close off the artwork in a visually appealing way to minimise maintenance costs.<\/p>\n<h2>CDU in favour of an objective solution<\/h2>\n<p>The CDU Kaarst will advocate an objective and solution-orientated discussion in order to reach a decision in the interests of the citizens and urban development.<\/p>","protected":false},"excerpt":{"rendered":"<p>Ein Wahrzeichen mit Geschichte Seit 1994 ist das Kunstwerk &#8222;B\u00fcrgerschwalbennest&#8220; im Kaarster Rathaus ein fester Bestandteil und Hingucker. Die begehbare Kunstinstallation der K\u00fcnstlerin Martel Wiegand, die zeitweise auch in Kaarst lebte, wurde von der Sparkassenstiftung Kaarst-B\u00fcttgen als Dauerleihgabe gestiftet. Nun, 30 Jahre nach der Errichtung, stellt sich die Frage nach der Zukunft des Kunstwerks. Kunst [&hellip;]<\/p>\n","protected":false},"author":1,"featured_media":6057,"comment_status":"closed","ping_status":"closed","sticky":false,"template":"","format":"standard","meta":{"footnotes":""},"categories":[1],"tags":[],"class_list":["post-6065","post","type-post","status-publish","format-standard","has-post-thumbnail","hentry","category-allgemein"],"yoast_head":"<!-- This site is optimized with the Yoast SEO plugin v27.4 - https:\/\/yoast.com\/product\/yoast-seo-wordpress\/ -->\n<title>Erhalt oder Abbau? Zukunft des B\u00fcrgerschwalbennests in Kaarst ungewiss - CDU Kaarst-B\u00fcttgen<\/title>\n<meta name=\"robots\" content=\"index, follow, max-snippet:-1, max-image-preview:large, max-video-preview:-1\" \/>\n<link rel=\"canonical\" href=\"https:\/\/cdu-kaarst.de\/en\/allgemein\/erhalt-oder-abbau-zukunft-des-buergerschwalbennests-in-kaarst-ungewiss\/\" \/>\n<meta property=\"og:locale\" content=\"en_GB\" \/>\n<meta property=\"og:type\" content=\"article\" \/>\n<meta property=\"og:title\" content=\"Erhalt oder Abbau? Zukunft des B\u00fcrgerschwalbennests in Kaarst ungewiss - CDU Kaarst-B\u00fcttgen\" \/>\n<meta property=\"og:description\" content=\"Ein Wahrzeichen mit Geschichte Seit 1994 ist das Kunstwerk &#8222;B\u00fcrgerschwalbennest&#8220; im Kaarster Rathaus ein fester Bestandteil und Hingucker. Die begehbare Kunstinstallation der K\u00fcnstlerin Martel Wiegand, die zeitweise auch in Kaarst lebte, wurde von der Sparkassenstiftung Kaarst-B\u00fcttgen als Dauerleihgabe gestiftet. Nun, 30 Jahre nach der Errichtung, stellt sich die Frage nach der Zukunft des Kunstwerks. Kunst [&hellip;]\" \/>\n<meta property=\"og:url\" content=\"https:\/\/cdu-kaarst.de\/en\/allgemein\/erhalt-oder-abbau-zukunft-des-buergerschwalbennests-in-kaarst-ungewiss\/\" \/>\n<meta property=\"og:site_name\" content=\"CDU Kaarst-B\u00fcttgen\" \/>\n<meta property=\"article:published_time\" content=\"2025-02-14T11:12:19+00:00\" \/>\n<meta property=\"article:modified_time\" content=\"2025-02-14T11:24:14+00:00\" \/>\n<meta property=\"og:image\" content=\"https:\/\/cdu-kaarst.de\/wp-content\/uploads\/1-10.jpg\" \/>\n\t<meta property=\"og:image:width\" content=\"1080\" \/>\n\t<meta property=\"og:image:height\" content=\"1080\" \/>\n\t<meta property=\"og:image:type\" content=\"image\/jpeg\" \/>\n<meta name=\"author\" content=\"@dm1n\" \/>\n<meta name=\"twitter:card\" content=\"summary_large_image\" \/>\n<meta name=\"twitter:label1\" content=\"Written by\" \/>\n\t<meta name=\"twitter:data1\" content=\"@dm1n\" \/>\n\t<meta name=\"twitter:label2\" content=\"Estimated reading time\" \/>\n\t<meta name=\"twitter:data2\" content=\"3 minutes\" \/>\n<script type=\"application\/ld+json\" class=\"yoast-schema-graph\">{\"@context\":\"https:\\\/\\\/schema.org\",\"@graph\":[{\"@type\":\"Article\",\"@id\":\"https:\\\/\\\/cdu-kaarst.de\\\/allgemein\\\/erhalt-oder-abbau-zukunft-des-buergerschwalbennests-in-kaarst-ungewiss\\\/#article\",\"isPartOf\":{\"@id\":\"https:\\\/\\\/cdu-kaarst.de\\\/allgemein\\\/erhalt-oder-abbau-zukunft-des-buergerschwalbennests-in-kaarst-ungewiss\\\/\"},\"author\":{\"name\":\"@dm1n\",\"@id\":\"https:\\\/\\\/cdu-kaarst.de\\\/#\\\/schema\\\/person\\\/05876a2bd7865609f2946e82cbc73476\"},\"headline\":\"Erhalt oder Abbau? Zukunft des B\u00fcrgerschwalbennests in Kaarst ungewiss\",\"datePublished\":\"2025-02-14T11:12:19+00:00\",\"dateModified\":\"2025-02-14T11:24:14+00:00\",\"mainEntityOfPage\":{\"@id\":\"https:\\\/\\\/cdu-kaarst.de\\\/allgemein\\\/erhalt-oder-abbau-zukunft-des-buergerschwalbennests-in-kaarst-ungewiss\\\/\"},\"wordCount\":371,\"publisher\":{\"@id\":\"https:\\\/\\\/cdu-kaarst.de\\\/#organization\"},\"image\":{\"@id\":\"https:\\\/\\\/cdu-kaarst.de\\\/allgemein\\\/erhalt-oder-abbau-zukunft-des-buergerschwalbennests-in-kaarst-ungewiss\\\/#primaryimage\"},\"thumbnailUrl\":\"https:\\\/\\\/cdu-kaarst.de\\\/wp-content\\\/uploads\\\/1-10.jpg\",\"articleSection\":[\"Allgemein\"],\"inLanguage\":\"en-GB\"},{\"@type\":\"WebPage\",\"@id\":\"https:\\\/\\\/cdu-kaarst.de\\\/allgemein\\\/erhalt-oder-abbau-zukunft-des-buergerschwalbennests-in-kaarst-ungewiss\\\/\",\"url\":\"https:\\\/\\\/cdu-kaarst.de\\\/allgemein\\\/erhalt-oder-abbau-zukunft-des-buergerschwalbennests-in-kaarst-ungewiss\\\/\",\"name\":\"Erhalt oder Abbau? Zukunft des B\u00fcrgerschwalbennests in Kaarst ungewiss - CDU Kaarst-B\u00fcttgen\",\"isPartOf\":{\"@id\":\"https:\\\/\\\/cdu-kaarst.de\\\/#website\"},\"primaryImageOfPage\":{\"@id\":\"https:\\\/\\\/cdu-kaarst.de\\\/allgemein\\\/erhalt-oder-abbau-zukunft-des-buergerschwalbennests-in-kaarst-ungewiss\\\/#primaryimage\"},\"image\":{\"@id\":\"https:\\\/\\\/cdu-kaarst.de\\\/allgemein\\\/erhalt-oder-abbau-zukunft-des-buergerschwalbennests-in-kaarst-ungewiss\\\/#primaryimage\"},\"thumbnailUrl\":\"https:\\\/\\\/cdu-kaarst.de\\\/wp-content\\\/uploads\\\/1-10.jpg\",\"datePublished\":\"2025-02-14T11:12:19+00:00\",\"dateModified\":\"2025-02-14T11:24:14+00:00\",\"breadcrumb\":{\"@id\":\"https:\\\/\\\/cdu-kaarst.de\\\/allgemein\\\/erhalt-oder-abbau-zukunft-des-buergerschwalbennests-in-kaarst-ungewiss\\\/#breadcrumb\"},\"inLanguage\":\"en-GB\",\"potentialAction\":[{\"@type\":\"ReadAction\",\"target\":[\"https:\\\/\\\/cdu-kaarst.de\\\/allgemein\\\/erhalt-oder-abbau-zukunft-des-buergerschwalbennests-in-kaarst-ungewiss\\\/\"]}]},{\"@type\":\"ImageObject\",\"inLanguage\":\"en-GB\",\"@id\":\"https:\\\/\\\/cdu-kaarst.de\\\/allgemein\\\/erhalt-oder-abbau-zukunft-des-buergerschwalbennests-in-kaarst-ungewiss\\\/#primaryimage\",\"url\":\"https:\\\/\\\/cdu-kaarst.de\\\/wp-content\\\/uploads\\\/1-10.jpg\",\"contentUrl\":\"https:\\\/\\\/cdu-kaarst.de\\\/wp-content\\\/uploads\\\/1-10.jpg\",\"width\":1080,\"height\":1080,\"caption\":\"B\u00fcrger-Schwalbennest: Erhalt oder Abbau?\"},{\"@type\":\"BreadcrumbList\",\"@id\":\"https:\\\/\\\/cdu-kaarst.de\\\/allgemein\\\/erhalt-oder-abbau-zukunft-des-buergerschwalbennests-in-kaarst-ungewiss\\\/#breadcrumb\",\"itemListElement\":[{\"@type\":\"ListItem\",\"position\":1,\"name\":\"Startseite\",\"item\":\"https:\\\/\\\/cdu-kaarst.de\\\/\"},{\"@type\":\"ListItem\",\"position\":2,\"name\":\"Erhalt oder Abbau? Zukunft des B\u00fcrgerschwalbennests in Kaarst ungewiss\"}]},{\"@type\":\"WebSite\",\"@id\":\"https:\\\/\\\/cdu-kaarst.de\\\/#website\",\"url\":\"https:\\\/\\\/cdu-kaarst.de\\\/\",\"name\":\"CDU Kaarst-B\u00fcttgen\",\"description\":\"gut Leben in Kaarst\",\"publisher\":{\"@id\":\"https:\\\/\\\/cdu-kaarst.de\\\/#organization\"},\"potentialAction\":[{\"@type\":\"SearchAction\",\"target\":{\"@type\":\"EntryPoint\",\"urlTemplate\":\"https:\\\/\\\/cdu-kaarst.de\\\/?s={search_term_string}\"},\"query-input\":{\"@type\":\"PropertyValueSpecification\",\"valueRequired\":true,\"valueName\":\"search_term_string\"}}],\"inLanguage\":\"en-GB\"},{\"@type\":\"Organization\",\"@id\":\"https:\\\/\\\/cdu-kaarst.de\\\/#organization\",\"name\":\"CDU Kaarst-B\u00fcttgen\",\"url\":\"https:\\\/\\\/cdu-kaarst.de\\\/\",\"logo\":{\"@type\":\"ImageObject\",\"inLanguage\":\"en-GB\",\"@id\":\"https:\\\/\\\/cdu-kaarst.de\\\/#\\\/schema\\\/logo\\\/image\\\/\",\"url\":\"https:\\\/\\\/cdu-kaarst.de\\\/wp-content\\\/uploads\\\/cdu-gesamtlogo.png\",\"contentUrl\":\"https:\\\/\\\/cdu-kaarst.de\\\/wp-content\\\/uploads\\\/cdu-gesamtlogo.png\",\"width\":418,\"height\":120,\"caption\":\"CDU Kaarst-B\u00fcttgen\"},\"image\":{\"@id\":\"https:\\\/\\\/cdu-kaarst.de\\\/#\\\/schema\\\/logo\\\/image\\\/\"}},{\"@type\":\"Person\",\"@id\":\"https:\\\/\\\/cdu-kaarst.de\\\/#\\\/schema\\\/person\\\/05876a2bd7865609f2946e82cbc73476\",\"name\":\"@dm1n\",\"sameAs\":[\"http:\\\/\\\/cdu-kaarst.de\"]}]}<\/script>\n<!-- \/ Yoast SEO plugin. -->","yoast_head_json":{"title":"Preservation or dismantling? Future of the citizen swallow's nest in Kaarst uncertain - CDU Kaarst-B\u00fcttgen","robots":{"index":"index","follow":"follow","max-snippet":"max-snippet:-1","max-image-preview":"max-image-preview:large","max-video-preview":"max-video-preview:-1"},"canonical":"https:\/\/cdu-kaarst.de\/en\/allgemein\/erhalt-oder-abbau-zukunft-des-buergerschwalbennests-in-kaarst-ungewiss\/","og_locale":"en_GB","og_type":"article","og_title":"Erhalt oder Abbau? Zukunft des B\u00fcrgerschwalbennests in Kaarst ungewiss - CDU Kaarst-B\u00fcttgen","og_description":"Ein Wahrzeichen mit Geschichte Seit 1994 ist das Kunstwerk &#8222;B\u00fcrgerschwalbennest&#8220; im Kaarster Rathaus ein fester Bestandteil und Hingucker. Die begehbare Kunstinstallation der K\u00fcnstlerin Martel Wiegand, die zeitweise auch in Kaarst lebte, wurde von der Sparkassenstiftung Kaarst-B\u00fcttgen als Dauerleihgabe gestiftet. Nun, 30 Jahre nach der Errichtung, stellt sich die Frage nach der Zukunft des Kunstwerks. Kunst [&hellip;]","og_url":"https:\/\/cdu-kaarst.de\/en\/allgemein\/erhalt-oder-abbau-zukunft-des-buergerschwalbennests-in-kaarst-ungewiss\/","og_site_name":"CDU Kaarst-B\u00fcttgen","article_published_time":"2025-02-14T11:12:19+00:00","article_modified_time":"2025-02-14T11:24:14+00:00","og_image":[{"width":1080,"height":1080,"url":"https:\/\/cdu-kaarst.de\/wp-content\/uploads\/1-10.jpg","type":"image\/jpeg"}],"author":"@dm1n","twitter_card":"summary_large_image","twitter_misc":{"Written by":"@dm1n","Estimated reading time":"3 minutes"},"schema":{"@context":"https:\/\/schema.org","@graph":[{"@type":"Article","@id":"https:\/\/cdu-kaarst.de\/allgemein\/erhalt-oder-abbau-zukunft-des-buergerschwalbennests-in-kaarst-ungewiss\/#article","isPartOf":{"@id":"https:\/\/cdu-kaarst.de\/allgemein\/erhalt-oder-abbau-zukunft-des-buergerschwalbennests-in-kaarst-ungewiss\/"},"author":{"name":"@dm1n","@id":"https:\/\/cdu-kaarst.de\/#\/schema\/person\/05876a2bd7865609f2946e82cbc73476"},"headline":"Erhalt oder Abbau? Zukunft des B\u00fcrgerschwalbennests in Kaarst ungewiss","datePublished":"2025-02-14T11:12:19+00:00","dateModified":"2025-02-14T11:24:14+00:00","mainEntityOfPage":{"@id":"https:\/\/cdu-kaarst.de\/allgemein\/erhalt-oder-abbau-zukunft-des-buergerschwalbennests-in-kaarst-ungewiss\/"},"wordCount":371,"publisher":{"@id":"https:\/\/cdu-kaarst.de\/#organization"},"image":{"@id":"https:\/\/cdu-kaarst.de\/allgemein\/erhalt-oder-abbau-zukunft-des-buergerschwalbennests-in-kaarst-ungewiss\/#primaryimage"},"thumbnailUrl":"https:\/\/cdu-kaarst.de\/wp-content\/uploads\/1-10.jpg","articleSection":["Allgemein"],"inLanguage":"en-GB"},{"@type":"WebPage","@id":"https:\/\/cdu-kaarst.de\/allgemein\/erhalt-oder-abbau-zukunft-des-buergerschwalbennests-in-kaarst-ungewiss\/","url":"https:\/\/cdu-kaarst.de\/allgemein\/erhalt-oder-abbau-zukunft-des-buergerschwalbennests-in-kaarst-ungewiss\/","name":"Preservation or dismantling? Future of the citizen swallow's nest in Kaarst uncertain - CDU Kaarst-B\u00fcttgen","isPartOf":{"@id":"https:\/\/cdu-kaarst.de\/#website"},"primaryImageOfPage":{"@id":"https:\/\/cdu-kaarst.de\/allgemein\/erhalt-oder-abbau-zukunft-des-buergerschwalbennests-in-kaarst-ungewiss\/#primaryimage"},"image":{"@id":"https:\/\/cdu-kaarst.de\/allgemein\/erhalt-oder-abbau-zukunft-des-buergerschwalbennests-in-kaarst-ungewiss\/#primaryimage"},"thumbnailUrl":"https:\/\/cdu-kaarst.de\/wp-content\/uploads\/1-10.jpg","datePublished":"2025-02-14T11:12:19+00:00","dateModified":"2025-02-14T11:24:14+00:00","breadcrumb":{"@id":"https:\/\/cdu-kaarst.de\/allgemein\/erhalt-oder-abbau-zukunft-des-buergerschwalbennests-in-kaarst-ungewiss\/#breadcrumb"},"inLanguage":"en-GB","potentialAction":[{"@type":"ReadAction","target":["https:\/\/cdu-kaarst.de\/allgemein\/erhalt-oder-abbau-zukunft-des-buergerschwalbennests-in-kaarst-ungewiss\/"]}]},{"@type":"ImageObject","inLanguage":"en-GB","@id":"https:\/\/cdu-kaarst.de\/allgemein\/erhalt-oder-abbau-zukunft-des-buergerschwalbennests-in-kaarst-ungewiss\/#primaryimage","url":"https:\/\/cdu-kaarst.de\/wp-content\/uploads\/1-10.jpg","contentUrl":"https:\/\/cdu-kaarst.de\/wp-content\/uploads\/1-10.jpg","width":1080,"height":1080,"caption":"B\u00fcrger-Schwalbennest: Erhalt oder Abbau?"},{"@type":"BreadcrumbList","@id":"https:\/\/cdu-kaarst.de\/allgemein\/erhalt-oder-abbau-zukunft-des-buergerschwalbennests-in-kaarst-ungewiss\/#breadcrumb","itemListElement":[{"@type":"ListItem","position":1,"name":"Startseite","item":"https:\/\/cdu-kaarst.de\/"},{"@type":"ListItem","position":2,"name":"Erhalt oder Abbau? Zukunft des B\u00fcrgerschwalbennests in Kaarst ungewiss"}]},{"@type":"WebSite","@id":"https:\/\/cdu-kaarst.de\/#website","url":"https:\/\/cdu-kaarst.de\/","name":"CDU Kaarst-B\u00fcttgen","description":"living well in Kaarst","publisher":{"@id":"https:\/\/cdu-kaarst.de\/#organization"},"potentialAction":[{"@type":"SearchAction","target":{"@type":"EntryPoint","urlTemplate":"https:\/\/cdu-kaarst.de\/?s={search_term_string}"},"query-input":{"@type":"PropertyValueSpecification","valueRequired":true,"valueName":"search_term_string"}}],"inLanguage":"en-GB"},{"@type":"Organization","@id":"https:\/\/cdu-kaarst.de\/#organization","name":"CDU Kaarst-B\u00fcttgen","url":"https:\/\/cdu-kaarst.de\/","logo":{"@type":"ImageObject","inLanguage":"en-GB","@id":"https:\/\/cdu-kaarst.de\/#\/schema\/logo\/image\/","url":"https:\/\/cdu-kaarst.de\/wp-content\/uploads\/cdu-gesamtlogo.png","contentUrl":"https:\/\/cdu-kaarst.de\/wp-content\/uploads\/cdu-gesamtlogo.png","width":418,"height":120,"caption":"CDU Kaarst-B\u00fcttgen"},"image":{"@id":"https:\/\/cdu-kaarst.de\/#\/schema\/logo\/image\/"}},{"@type":"Person","@id":"https:\/\/cdu-kaarst.de\/#\/schema\/person\/05876a2bd7865609f2946e82cbc73476","name":"@dm1n","sameAs":["http:\/\/cdu-kaarst.de"]}]}},"_links":{"self":[{"href":"https:\/\/cdu-kaarst.de\/en\/wp-json\/wp\/v2\/posts\/6065","targetHints":{"allow":["GET"]}}],"collection":[{"href":"https:\/\/cdu-kaarst.de\/en\/wp-json\/wp\/v2\/posts"}],"about":[{"href":"https:\/\/cdu-kaarst.de\/en\/wp-json\/wp\/v2\/types\/post"}],"author":[{"embeddable":true,"href":"https:\/\/cdu-kaarst.de\/en\/wp-json\/wp\/v2\/users\/1"}],"replies":[{"embeddable":true,"href":"https:\/\/cdu-kaarst.de\/en\/wp-json\/wp\/v2\/comments?post=6065"}],"version-history":[{"count":7,"href":"https:\/\/cdu-kaarst.de\/en\/wp-json\/wp\/v2\/posts\/6065\/revisions"}],"predecessor-version":[{"id":6094,"href":"https:\/\/cdu-kaarst.de\/en\/wp-json\/wp\/v2\/posts\/6065\/revisions\/6094"}],"wp:featuredmedia":[{"embeddable":true,"href":"https:\/\/cdu-kaarst.de\/en\/wp-json\/wp\/v2\/media\/6057"}],"wp:attachment":[{"href":"https:\/\/cdu-kaarst.de\/en\/wp-json\/wp\/v2\/media?parent=6065"}],"wp:term":[{"taxonomy":"category","embeddable":true,"href":"https:\/\/cdu-kaarst.de\/en\/wp-json\/wp\/v2\/categories?post=6065"},{"taxonomy":"post_tag","embeddable":true,"href":"https:\/\/cdu-kaarst.de\/en\/wp-json\/wp\/v2\/tags?post=6065"}],"curies":[{"name":"wp","href":"https:\/\/api.w.org\/{rel}","templated":true}]}}