{"id":6098,"date":"2025-02-14T14:12:19","date_gmt":"2025-02-14T13:12:19","guid":{"rendered":"https:\/\/cdu-kaarst.de\/?p=6098"},"modified":"2025-02-14T14:12:19","modified_gmt":"2025-02-14T13:12:19","slug":"cdu-fraktion-kaarst-laedt-zur-wahlparty-am-23-februar-ein","status":"publish","type":"post","link":"https:\/\/cdu-kaarst.de\/en\/pressemeldungen\/cdu-fraktion-kaarst-laedt-zur-wahlparty-am-23-februar-ein\/","title":{"rendered":"Kaarst CDU parliamentary group invites you to the election party on 23 February"},"content":{"rendered":"<p><strong>Kaarst, 14.02.2025 - The tension is rising: On Sunday, 23 February 2025, the Kaarst CDU parliamentary group invites all interested citizens to a joint election party to follow the first projections and results live. The event will take place from 17:45 in the Rathausgalerie, Am Neumarkt 2 in Kaarst.<\/strong><\/p>\n<p><strong>An evening full of excitement, dialogue and confidence<\/strong><br \/>\nThe evening will not only focus on the election results, but also on exchanging views with members of the parliamentary group and those interested in politics. On behalf of the CDU parliamentary group, Ingo Kotzian, Dennis Oscheja and Christian Horn-Heinemann invite you to discuss the developments of the election evening, share analyses and experience the political atmosphere in a convivial atmosphere.<\/p>\n<p>\"We are looking forward to the Bundestag elections on 23 February with confidence and are looking forward to following the initial results together with many citizens. The past few weeks have shown that our issues and our commitment have met with great approval both in Kaarst and nationwide,\" says Christian Horn-Heinemann.<\/p>\n<p><strong>Open to all interested parties - experience a special political atmosphere<\/strong><br \/>\nThe Kaarst CDU parliamentary group expressly invites not only members but all politically interested citizens to take part in the election party. In addition to the latest projections and forecasts, the evening offers the opportunity for exciting discussions and an open exchange of opinions - perhaps even in a celebratory mood.<\/p>\n<p>The town of Kaarst itself is not planning an official event for the Bundestag elections. However, especially during such large and important elections, it is crucial to stay in dialogue and actively promote democracy. There is no substitute for personal dialogue. With this event, the Kaarst CDU parliamentary group is consciously endeavouring to strengthen interest in political developments and create a platform for direct discussions.<\/p>\n<p>The event ends at around 20:00. Registration is not required.<\/p>\n<p>Further information:<br \/>\n<a href=\"https:\/\/cdu-kaarst.de\/en\/\">https:\/\/cdu-kaarst.de\/<\/a><\/p>\n<figure id=\"attachment_6101\" aria-describedby=\"caption-attachment-6101\" style=\"width: 800px\" class=\"wp-caption alignnone\"><a href=\"https:\/\/cdu-kaarst.de\/wp-content\/uploads\/cdu-kaarst-chh-kotzian-bild-1.jpg\"><img fetchpriority=\"high\" decoding=\"async\" class=\"wp-image-6101 size-large\" title=\"Christian Horn-Heinemann and Ingo Kotzian, on behalf of the Kaarst CDU parliamentary group, invite you to the election party on 23 February in the Rathausgalerie Kaarst.\" src=\"https:\/\/cdu-kaarst.de\/wp-content\/uploads\/cdu-kaarst-chh-kotzian-bild-1-1024x819.jpg\" alt=\"Christian Horn-Heinemann und Ingo Kotzian laden im Namen der CDU-Fraktion Kaarst zur Wahlparty am 23. Februar in die Rathausgalerie Kaarst ein.\" width=\"800\" height=\"640\" srcset=\"https:\/\/cdu-kaarst.de\/wp-content\/uploads\/cdu-kaarst-chh-kotzian-bild-1-1024x819.jpg 1024w, https:\/\/cdu-kaarst.de\/wp-content\/uploads\/cdu-kaarst-chh-kotzian-bild-1-300x240.jpg 300w, https:\/\/cdu-kaarst.de\/wp-content\/uploads\/cdu-kaarst-chh-kotzian-bild-1-768x614.jpg 768w, https:\/\/cdu-kaarst.de\/wp-content\/uploads\/cdu-kaarst-chh-kotzian-bild-1-1536x1228.jpg 1536w, https:\/\/cdu-kaarst.de\/wp-content\/uploads\/cdu-kaarst-chh-kotzian-bild-1-15x12.jpg 15w, https:\/\/cdu-kaarst.de\/wp-content\/uploads\/cdu-kaarst-chh-kotzian-bild-1.jpg 1772w\" sizes=\"(max-width: 800px) 100vw, 800px\" \/><\/a><figcaption id=\"caption-attachment-6101\" class=\"wp-caption-text\">Christian Horn-Heinemann and Ingo Kotzian, on behalf of the Kaarst CDU parliamentary group, invite you to the election party on 23 February in the Rathausgalerie Kaarst.<\/figcaption><\/figure>\n<figure id=\"attachment_6100\" aria-describedby=\"caption-attachment-6100\" style=\"width: 800px\" class=\"wp-caption alignnone\"><a href=\"https:\/\/cdu-kaarst.de\/wp-content\/uploads\/cdu-kaarst-chh-heveling-bild-2.jpg\"><img decoding=\"async\" class=\"wp-image-6100 size-large\" title=\"Christian Horn-Heinemann, mayoral candidate of the CDU Kaarst, and the CDU member of parliament Ansgar Heveling at the CDU&#039;s nomination meeting.\" src=\"https:\/\/cdu-kaarst.de\/wp-content\/uploads\/cdu-kaarst-chh-heveling-bild-2-1024x681.jpg\" alt=\"Christian Horn-Heinemann, B\u00fcrgermeisterkandidat der CDU Kaarst, und der CDU-Bundestagsabgeordnete Ansgar Heveling bei der Aufstellungsversammlung der CDU.\" width=\"800\" height=\"532\" srcset=\"https:\/\/cdu-kaarst.de\/wp-content\/uploads\/cdu-kaarst-chh-heveling-bild-2-1024x681.jpg 1024w, https:\/\/cdu-kaarst.de\/wp-content\/uploads\/cdu-kaarst-chh-heveling-bild-2-300x200.jpg 300w, https:\/\/cdu-kaarst.de\/wp-content\/uploads\/cdu-kaarst-chh-heveling-bild-2-768x511.jpg 768w, https:\/\/cdu-kaarst.de\/wp-content\/uploads\/cdu-kaarst-chh-heveling-bild-2-1536x1022.jpg 1536w, https:\/\/cdu-kaarst.de\/wp-content\/uploads\/cdu-kaarst-chh-heveling-bild-2-18x12.jpg 18w, https:\/\/cdu-kaarst.de\/wp-content\/uploads\/cdu-kaarst-chh-heveling-bild-2.jpg 1890w\" sizes=\"(max-width: 800px) 100vw, 800px\" \/><\/a><figcaption id=\"caption-attachment-6100\" class=\"wp-caption-text\">Christian Horn-Heinemann, mayoral candidate of the CDU Kaarst, and the CDU member of parliament Ansgar Heveling at the CDU's nomination meeting.<\/figcaption><\/figure>\n<p><strong>Images for free use in editorial reporting, with reference to the image source: <\/strong><em>\u00a9CDU Kaarst<\/em><\/p>\n<p>This press release was sent via CGW GmbH, Karl-Arnold-Stra\u00dfe 8, 47877 Willich.<br \/>\nTelephone: 02154 88852-0, Fax: 02154 88852-25, <a href=\"https:\/\/c-g-w.net\/\" target=\"_blank\" rel=\"noopener\">https:\/\/c-g-w.net<\/a>Management: Christina Guth, Kristiane Guth, Anna-Maria Guth, registered office: 47804 Krefeld, local court: Krefeld HRB 13118, VAT ID: DE200048509<\/p>\n<p>Responsible according to \u00a7 55 Abs. 2 RStV:<\/p>\n<p><strong>Press contact:<\/strong><\/p>\n<p>CGW GmbH<br \/>\nKristiane Guth<br \/>\nKarl-Arnold-Stra\u00dfe 8<br \/>\n47844 Willich<br \/>\nPhone: +49 2154 88852-21<br \/>\ne-mail: <a href=\"mailto:k.guth@c-g-w.net\">k.guth@c-g-w.net<\/a><\/p>","protected":false},"excerpt":{"rendered":"<p>Kaarst, 14.02.2025 \u2013 Die Spannung steigt: Am Sonntag, den 23. Februar 2025, l\u00e4dt die CDU-Fraktion Kaarst alle interessierten B\u00fcrgerinnen und B\u00fcrger zur gemeinsamen Wahlparty ein, um die ersten Hochrechnungen und Ergebnisse live zu verfolgen. Die Veranstaltung findet ab 17:45 Uhr in der Rathausgalerie, Am Neumarkt 2 in Kaarst, statt. Ein Abend voller Spannung, Austausch und [&hellip;]<\/p>\n","protected":false},"author":1,"featured_media":0,"comment_status":"closed","ping_status":"closed","sticky":false,"template":"","format":"standard","meta":{"footnotes":""},"categories":[109],"tags":[],"class_list":["post-6098","post","type-post","status-publish","format-standard","hentry","category-pressemeldungen"],"yoast_head":"<!-- This site is optimized with the Yoast SEO plugin v27.4 - https:\/\/yoast.com\/product\/yoast-seo-wordpress\/ -->\n<title>CDU-Fraktion Kaarst l\u00e4dt zur Wahlparty am 23. Februar ein - CDU Kaarst-B\u00fcttgen<\/title>\n<meta name=\"robots\" content=\"index, follow, max-snippet:-1, max-image-preview:large, max-video-preview:-1\" \/>\n<link rel=\"canonical\" href=\"https:\/\/cdu-kaarst.de\/en\/pressemeldungen\/cdu-fraktion-kaarst-laedt-zur-wahlparty-am-23-februar-ein\/\" \/>\n<meta property=\"og:locale\" content=\"en_GB\" \/>\n<meta property=\"og:type\" content=\"article\" \/>\n<meta property=\"og:title\" content=\"CDU-Fraktion Kaarst l\u00e4dt zur Wahlparty am 23. Februar ein - CDU Kaarst-B\u00fcttgen\" \/>\n<meta property=\"og:description\" content=\"Kaarst, 14.02.2025 \u2013 Die Spannung steigt: Am Sonntag, den 23. Februar 2025, l\u00e4dt die CDU-Fraktion Kaarst alle interessierten B\u00fcrgerinnen und B\u00fcrger zur gemeinsamen Wahlparty ein, um die ersten Hochrechnungen und Ergebnisse live zu verfolgen. Die Veranstaltung findet ab 17:45 Uhr in der Rathausgalerie, Am Neumarkt 2 in Kaarst, statt. Ein Abend voller Spannung, Austausch und [&hellip;]\" \/>\n<meta property=\"og:url\" content=\"https:\/\/cdu-kaarst.de\/en\/pressemeldungen\/cdu-fraktion-kaarst-laedt-zur-wahlparty-am-23-februar-ein\/\" \/>\n<meta property=\"og:site_name\" content=\"CDU Kaarst-B\u00fcttgen\" \/>\n<meta property=\"article:published_time\" content=\"2025-02-14T13:12:19+00:00\" \/>\n<meta property=\"og:image\" content=\"https:\/\/cdu-kaarst.de\/wp-content\/uploads\/cdu-kaarst-chh-kotzian-bild-1.jpg\" \/>\n\t<meta property=\"og:image:width\" content=\"1772\" \/>\n\t<meta property=\"og:image:height\" content=\"1417\" \/>\n\t<meta property=\"og:image:type\" content=\"image\/jpeg\" \/>\n<meta name=\"author\" content=\"@dm1n\" \/>\n<meta name=\"twitter:card\" content=\"summary_large_image\" \/>\n<meta name=\"twitter:label1\" content=\"Written by\" \/>\n\t<meta name=\"twitter:data1\" content=\"@dm1n\" \/>\n\t<meta name=\"twitter:label2\" content=\"Estimated reading time\" \/>\n\t<meta name=\"twitter:data2\" content=\"3 minutes\" \/>\n<script type=\"application\/ld+json\" class=\"yoast-schema-graph\">{\"@context\":\"https:\\\/\\\/schema.org\",\"@graph\":[{\"@type\":\"Article\",\"@id\":\"https:\\\/\\\/cdu-kaarst.de\\\/pressemeldungen\\\/cdu-fraktion-kaarst-laedt-zur-wahlparty-am-23-februar-ein\\\/#article\",\"isPartOf\":{\"@id\":\"https:\\\/\\\/cdu-kaarst.de\\\/pressemeldungen\\\/cdu-fraktion-kaarst-laedt-zur-wahlparty-am-23-februar-ein\\\/\"},\"author\":{\"name\":\"@dm1n\",\"@id\":\"https:\\\/\\\/cdu-kaarst.de\\\/#\\\/schema\\\/person\\\/05876a2bd7865609f2946e82cbc73476\"},\"headline\":\"CDU-Fraktion Kaarst l\u00e4dt zur Wahlparty am 23. Februar ein\",\"datePublished\":\"2025-02-14T13:12:19+00:00\",\"mainEntityOfPage\":{\"@id\":\"https:\\\/\\\/cdu-kaarst.de\\\/pressemeldungen\\\/cdu-fraktion-kaarst-laedt-zur-wahlparty-am-23-februar-ein\\\/\"},\"wordCount\":435,\"publisher\":{\"@id\":\"https:\\\/\\\/cdu-kaarst.de\\\/#organization\"},\"image\":{\"@id\":\"https:\\\/\\\/cdu-kaarst.de\\\/pressemeldungen\\\/cdu-fraktion-kaarst-laedt-zur-wahlparty-am-23-februar-ein\\\/#primaryimage\"},\"thumbnailUrl\":\"https:\\\/\\\/cdu-kaarst.de\\\/wp-content\\\/uploads\\\/cdu-kaarst-chh-kotzian-bild-1-1024x819.jpg\",\"articleSection\":[\"Pressemeldungen\"],\"inLanguage\":\"en-GB\"},{\"@type\":\"WebPage\",\"@id\":\"https:\\\/\\\/cdu-kaarst.de\\\/pressemeldungen\\\/cdu-fraktion-kaarst-laedt-zur-wahlparty-am-23-februar-ein\\\/\",\"url\":\"https:\\\/\\\/cdu-kaarst.de\\\/pressemeldungen\\\/cdu-fraktion-kaarst-laedt-zur-wahlparty-am-23-februar-ein\\\/\",\"name\":\"CDU-Fraktion Kaarst l\u00e4dt zur Wahlparty am 23. Februar ein - CDU Kaarst-B\u00fcttgen\",\"isPartOf\":{\"@id\":\"https:\\\/\\\/cdu-kaarst.de\\\/#website\"},\"primaryImageOfPage\":{\"@id\":\"https:\\\/\\\/cdu-kaarst.de\\\/pressemeldungen\\\/cdu-fraktion-kaarst-laedt-zur-wahlparty-am-23-februar-ein\\\/#primaryimage\"},\"image\":{\"@id\":\"https:\\\/\\\/cdu-kaarst.de\\\/pressemeldungen\\\/cdu-fraktion-kaarst-laedt-zur-wahlparty-am-23-februar-ein\\\/#primaryimage\"},\"thumbnailUrl\":\"https:\\\/\\\/cdu-kaarst.de\\\/wp-content\\\/uploads\\\/cdu-kaarst-chh-kotzian-bild-1-1024x819.jpg\",\"datePublished\":\"2025-02-14T13:12:19+00:00\",\"breadcrumb\":{\"@id\":\"https:\\\/\\\/cdu-kaarst.de\\\/pressemeldungen\\\/cdu-fraktion-kaarst-laedt-zur-wahlparty-am-23-februar-ein\\\/#breadcrumb\"},\"inLanguage\":\"en-GB\",\"potentialAction\":[{\"@type\":\"ReadAction\",\"target\":[\"https:\\\/\\\/cdu-kaarst.de\\\/pressemeldungen\\\/cdu-fraktion-kaarst-laedt-zur-wahlparty-am-23-februar-ein\\\/\"]}]},{\"@type\":\"ImageObject\",\"inLanguage\":\"en-GB\",\"@id\":\"https:\\\/\\\/cdu-kaarst.de\\\/pressemeldungen\\\/cdu-fraktion-kaarst-laedt-zur-wahlparty-am-23-februar-ein\\\/#primaryimage\",\"url\":\"https:\\\/\\\/cdu-kaarst.de\\\/wp-content\\\/uploads\\\/cdu-kaarst-chh-kotzian-bild-1-1024x819.jpg\",\"contentUrl\":\"https:\\\/\\\/cdu-kaarst.de\\\/wp-content\\\/uploads\\\/cdu-kaarst-chh-kotzian-bild-1-1024x819.jpg\"},{\"@type\":\"BreadcrumbList\",\"@id\":\"https:\\\/\\\/cdu-kaarst.de\\\/pressemeldungen\\\/cdu-fraktion-kaarst-laedt-zur-wahlparty-am-23-februar-ein\\\/#breadcrumb\",\"itemListElement\":[{\"@type\":\"ListItem\",\"position\":1,\"name\":\"Startseite\",\"item\":\"https:\\\/\\\/cdu-kaarst.de\\\/\"},{\"@type\":\"ListItem\",\"position\":2,\"name\":\"CDU-Fraktion Kaarst l\u00e4dt zur Wahlparty am 23. Februar ein\"}]},{\"@type\":\"WebSite\",\"@id\":\"https:\\\/\\\/cdu-kaarst.de\\\/#website\",\"url\":\"https:\\\/\\\/cdu-kaarst.de\\\/\",\"name\":\"CDU Kaarst-B\u00fcttgen\",\"description\":\"gut Leben in Kaarst\",\"publisher\":{\"@id\":\"https:\\\/\\\/cdu-kaarst.de\\\/#organization\"},\"potentialAction\":[{\"@type\":\"SearchAction\",\"target\":{\"@type\":\"EntryPoint\",\"urlTemplate\":\"https:\\\/\\\/cdu-kaarst.de\\\/?s={search_term_string}\"},\"query-input\":{\"@type\":\"PropertyValueSpecification\",\"valueRequired\":true,\"valueName\":\"search_term_string\"}}],\"inLanguage\":\"en-GB\"},{\"@type\":\"Organization\",\"@id\":\"https:\\\/\\\/cdu-kaarst.de\\\/#organization\",\"name\":\"CDU Kaarst-B\u00fcttgen\",\"url\":\"https:\\\/\\\/cdu-kaarst.de\\\/\",\"logo\":{\"@type\":\"ImageObject\",\"inLanguage\":\"en-GB\",\"@id\":\"https:\\\/\\\/cdu-kaarst.de\\\/#\\\/schema\\\/logo\\\/image\\\/\",\"url\":\"https:\\\/\\\/cdu-kaarst.de\\\/wp-content\\\/uploads\\\/cdu-gesamtlogo.png\",\"contentUrl\":\"https:\\\/\\\/cdu-kaarst.de\\\/wp-content\\\/uploads\\\/cdu-gesamtlogo.png\",\"width\":418,\"height\":120,\"caption\":\"CDU Kaarst-B\u00fcttgen\"},\"image\":{\"@id\":\"https:\\\/\\\/cdu-kaarst.de\\\/#\\\/schema\\\/logo\\\/image\\\/\"}},{\"@type\":\"Person\",\"@id\":\"https:\\\/\\\/cdu-kaarst.de\\\/#\\\/schema\\\/person\\\/05876a2bd7865609f2946e82cbc73476\",\"name\":\"@dm1n\",\"sameAs\":[\"http:\\\/\\\/cdu-kaarst.de\"]}]}<\/script>\n<!-- \/ Yoast SEO plugin. -->","yoast_head_json":{"title":"Kaarst CDU parliamentary group invites to election party on 23 February - CDU Kaarst-B\u00fcttgen","robots":{"index":"index","follow":"follow","max-snippet":"max-snippet:-1","max-image-preview":"max-image-preview:large","max-video-preview":"max-video-preview:-1"},"canonical":"https:\/\/cdu-kaarst.de\/en\/pressemeldungen\/cdu-fraktion-kaarst-laedt-zur-wahlparty-am-23-februar-ein\/","og_locale":"en_GB","og_type":"article","og_title":"CDU-Fraktion Kaarst l\u00e4dt zur Wahlparty am 23. Februar ein - CDU Kaarst-B\u00fcttgen","og_description":"Kaarst, 14.02.2025 \u2013 Die Spannung steigt: Am Sonntag, den 23. Februar 2025, l\u00e4dt die CDU-Fraktion Kaarst alle interessierten B\u00fcrgerinnen und B\u00fcrger zur gemeinsamen Wahlparty ein, um die ersten Hochrechnungen und Ergebnisse live zu verfolgen. Die Veranstaltung findet ab 17:45 Uhr in der Rathausgalerie, Am Neumarkt 2 in Kaarst, statt. Ein Abend voller Spannung, Austausch und [&hellip;]","og_url":"https:\/\/cdu-kaarst.de\/en\/pressemeldungen\/cdu-fraktion-kaarst-laedt-zur-wahlparty-am-23-februar-ein\/","og_site_name":"CDU Kaarst-B\u00fcttgen","article_published_time":"2025-02-14T13:12:19+00:00","og_image":[{"width":1772,"height":1417,"url":"https:\/\/cdu-kaarst.de\/wp-content\/uploads\/cdu-kaarst-chh-kotzian-bild-1.jpg","type":"image\/jpeg"}],"author":"@dm1n","twitter_card":"summary_large_image","twitter_misc":{"Written by":"@dm1n","Estimated reading time":"3 minutes"},"schema":{"@context":"https:\/\/schema.org","@graph":[{"@type":"Article","@id":"https:\/\/cdu-kaarst.de\/pressemeldungen\/cdu-fraktion-kaarst-laedt-zur-wahlparty-am-23-februar-ein\/#article","isPartOf":{"@id":"https:\/\/cdu-kaarst.de\/pressemeldungen\/cdu-fraktion-kaarst-laedt-zur-wahlparty-am-23-februar-ein\/"},"author":{"name":"@dm1n","@id":"https:\/\/cdu-kaarst.de\/#\/schema\/person\/05876a2bd7865609f2946e82cbc73476"},"headline":"CDU-Fraktion Kaarst l\u00e4dt zur Wahlparty am 23. Februar ein","datePublished":"2025-02-14T13:12:19+00:00","mainEntityOfPage":{"@id":"https:\/\/cdu-kaarst.de\/pressemeldungen\/cdu-fraktion-kaarst-laedt-zur-wahlparty-am-23-februar-ein\/"},"wordCount":435,"publisher":{"@id":"https:\/\/cdu-kaarst.de\/#organization"},"image":{"@id":"https:\/\/cdu-kaarst.de\/pressemeldungen\/cdu-fraktion-kaarst-laedt-zur-wahlparty-am-23-februar-ein\/#primaryimage"},"thumbnailUrl":"https:\/\/cdu-kaarst.de\/wp-content\/uploads\/cdu-kaarst-chh-kotzian-bild-1-1024x819.jpg","articleSection":["Pressemeldungen"],"inLanguage":"en-GB"},{"@type":"WebPage","@id":"https:\/\/cdu-kaarst.de\/pressemeldungen\/cdu-fraktion-kaarst-laedt-zur-wahlparty-am-23-februar-ein\/","url":"https:\/\/cdu-kaarst.de\/pressemeldungen\/cdu-fraktion-kaarst-laedt-zur-wahlparty-am-23-februar-ein\/","name":"Kaarst CDU parliamentary group invites to election party on 23 February - CDU Kaarst-B\u00fcttgen","isPartOf":{"@id":"https:\/\/cdu-kaarst.de\/#website"},"primaryImageOfPage":{"@id":"https:\/\/cdu-kaarst.de\/pressemeldungen\/cdu-fraktion-kaarst-laedt-zur-wahlparty-am-23-februar-ein\/#primaryimage"},"image":{"@id":"https:\/\/cdu-kaarst.de\/pressemeldungen\/cdu-fraktion-kaarst-laedt-zur-wahlparty-am-23-februar-ein\/#primaryimage"},"thumbnailUrl":"https:\/\/cdu-kaarst.de\/wp-content\/uploads\/cdu-kaarst-chh-kotzian-bild-1-1024x819.jpg","datePublished":"2025-02-14T13:12:19+00:00","breadcrumb":{"@id":"https:\/\/cdu-kaarst.de\/pressemeldungen\/cdu-fraktion-kaarst-laedt-zur-wahlparty-am-23-februar-ein\/#breadcrumb"},"inLanguage":"en-GB","potentialAction":[{"@type":"ReadAction","target":["https:\/\/cdu-kaarst.de\/pressemeldungen\/cdu-fraktion-kaarst-laedt-zur-wahlparty-am-23-februar-ein\/"]}]},{"@type":"ImageObject","inLanguage":"en-GB","@id":"https:\/\/cdu-kaarst.de\/pressemeldungen\/cdu-fraktion-kaarst-laedt-zur-wahlparty-am-23-februar-ein\/#primaryimage","url":"https:\/\/cdu-kaarst.de\/wp-content\/uploads\/cdu-kaarst-chh-kotzian-bild-1-1024x819.jpg","contentUrl":"https:\/\/cdu-kaarst.de\/wp-content\/uploads\/cdu-kaarst-chh-kotzian-bild-1-1024x819.jpg"},{"@type":"BreadcrumbList","@id":"https:\/\/cdu-kaarst.de\/pressemeldungen\/cdu-fraktion-kaarst-laedt-zur-wahlparty-am-23-februar-ein\/#breadcrumb","itemListElement":[{"@type":"ListItem","position":1,"name":"Startseite","item":"https:\/\/cdu-kaarst.de\/"},{"@type":"ListItem","position":2,"name":"CDU-Fraktion Kaarst l\u00e4dt zur Wahlparty am 23. Februar ein"}]},{"@type":"WebSite","@id":"https:\/\/cdu-kaarst.de\/#website","url":"https:\/\/cdu-kaarst.de\/","name":"CDU Kaarst-B\u00fcttgen","description":"living well in Kaarst","publisher":{"@id":"https:\/\/cdu-kaarst.de\/#organization"},"potentialAction":[{"@type":"SearchAction","target":{"@type":"EntryPoint","urlTemplate":"https:\/\/cdu-kaarst.de\/?s={search_term_string}"},"query-input":{"@type":"PropertyValueSpecification","valueRequired":true,"valueName":"search_term_string"}}],"inLanguage":"en-GB"},{"@type":"Organization","@id":"https:\/\/cdu-kaarst.de\/#organization","name":"CDU Kaarst-B\u00fcttgen","url":"https:\/\/cdu-kaarst.de\/","logo":{"@type":"ImageObject","inLanguage":"en-GB","@id":"https:\/\/cdu-kaarst.de\/#\/schema\/logo\/image\/","url":"https:\/\/cdu-kaarst.de\/wp-content\/uploads\/cdu-gesamtlogo.png","contentUrl":"https:\/\/cdu-kaarst.de\/wp-content\/uploads\/cdu-gesamtlogo.png","width":418,"height":120,"caption":"CDU Kaarst-B\u00fcttgen"},"image":{"@id":"https:\/\/cdu-kaarst.de\/#\/schema\/logo\/image\/"}},{"@type":"Person","@id":"https:\/\/cdu-kaarst.de\/#\/schema\/person\/05876a2bd7865609f2946e82cbc73476","name":"@dm1n","sameAs":["http:\/\/cdu-kaarst.de"]}]}},"_links":{"self":[{"href":"https:\/\/cdu-kaarst.de\/en\/wp-json\/wp\/v2\/posts\/6098","targetHints":{"allow":["GET"]}}],"collection":[{"href":"https:\/\/cdu-kaarst.de\/en\/wp-json\/wp\/v2\/posts"}],"about":[{"href":"https:\/\/cdu-kaarst.de\/en\/wp-json\/wp\/v2\/types\/post"}],"author":[{"embeddable":true,"href":"https:\/\/cdu-kaarst.de\/en\/wp-json\/wp\/v2\/users\/1"}],"replies":[{"embeddable":true,"href":"https:\/\/cdu-kaarst.de\/en\/wp-json\/wp\/v2\/comments?post=6098"}],"version-history":[{"count":2,"href":"https:\/\/cdu-kaarst.de\/en\/wp-json\/wp\/v2\/posts\/6098\/revisions"}],"predecessor-version":[{"id":6102,"href":"https:\/\/cdu-kaarst.de\/en\/wp-json\/wp\/v2\/posts\/6098\/revisions\/6102"}],"wp:attachment":[{"href":"https:\/\/cdu-kaarst.de\/en\/wp-json\/wp\/v2\/media?parent=6098"}],"wp:term":[{"taxonomy":"category","embeddable":true,"href":"https:\/\/cdu-kaarst.de\/en\/wp-json\/wp\/v2\/categories?post=6098"},{"taxonomy":"post_tag","embeddable":true,"href":"https:\/\/cdu-kaarst.de\/en\/wp-json\/wp\/v2\/tags?post=6098"}],"curies":[{"name":"wp","href":"https:\/\/api.w.org\/{rel}","templated":true}]}}