{"id":6146,"date":"2025-02-19T10:10:54","date_gmt":"2025-02-19T09:10:54","guid":{"rendered":"https:\/\/cdu-kaarst.de\/?p=6146"},"modified":"2025-02-19T10:10:54","modified_gmt":"2025-02-19T09:10:54","slug":"mukl-ausschuss-kaarst-wichtige-entscheidungen","status":"publish","type":"post","link":"https:\/\/cdu-kaarst.de\/en\/allgemein\/mukl-ausschuss-kaarst-wichtige-entscheidungen\/","title":{"rendered":"MUKL Committee Kaarst: important decisions"},"content":{"rendered":"<p>The City of Kaarst's Mobility, Environment, Climate Protection and Agriculture Committee (MUKL) met on 12 February 2025. Key topics relating to urban development were discussed - from new mobility concepts to environmental and climate protection measures.<\/p>\n<h2>New B\u00fcttgen - Kaarst city bus route: a milestone for mobility<\/h2>\n<p>A key topic was the presentation of the feasibility study for the new city bus route between B\u00fcttgen and Kaarst. The aim is to connect the \"Kaarster Kreuz\" industrial estate and the <a href=\"https:\/\/cdu-kaarst.de\/en\/allgemein\/cdu-legte-grundstein-fuer-die-ansiedlung-auf-dem-alten-ikea-gelaende\/\" target=\"_blank\" rel=\"noopener\">IKEA location<\/a> to the existing public transport network. This should create a fast connection between the S-Bahn lines S28 (D\u00fcsseldorf) and S8 (M\u00f6nchengladbach).<\/p>\n<p>The commissioned planning office VIA eG presented various options for the route. Variant 5 emerged as the preferred solution: This offers improved access to B\u00fcttgen while at the same time ensuring operational stability and better connections with existing bus and railway lines. The aim is to start operations in 2026.<\/p>\n<p>The CDU Kaarst expressly welcomes this concept, as it brings great benefits for both commuters and the local economy. We are also committed to ensuring that an economically viable model is developed with the involvement of businesses such as IKEA in order to minimise the costs for the town.<\/p>\n<h2>Mobility survey shows: More cycling in Kaarst<\/h2>\n<p>The results of the mobility survey were presented. One positive aspect to emphasise is the increased cycling mode share in domestic traffic, which has grown from 14 % (2013) to 20 % (2023). Kaarst has a high mobility rate: 91.6 % of Kaarst residents travel outside the home on an average working day. The average journey length is 7.0 km and the average journey time is 19.2 minutes. This confirms that Kaarst is a lively city in which mobility plays a major role. The CDU remains committed to safe and well-connected cycling in Kaarst in order to promote this positive trend.<\/p>\n<h2>Citizens' concerns about road safety in Holzb\u00fcttgen<\/h2>\n<p>A citizen petition supported by the CDU on the traffic situation in a 50\/30 zone in Holzb\u00fcttgen was discussed. Residents demanded a reduction in lorry traffic and an extended 30 km\/h zone. The administration explained that blanket speed limits are not possible in the reserved network, but that a 30 km\/h zone extension on K\u00f6nigstra\u00dfe has been promised. We support such measures to increase road safety and are in favour of a realistic and feasible solution.<\/p>\n<h2>Nature conservation and climate adaptation in Kaarst<\/h2>\n<p>Sustainable adaptation to climate change was also discussed. The administration presented a concept that includes natural climate protection measures. In addition, two felling licences for protected trees were granted. The CDU Kaarst ensures that necessary interventions are always combined with appropriate compensatory measures.<\/p>\n<h3>Conclusion: Constructive work for Kaarst's future<\/h3>\n<p>The meeting showed that Kaarst is well positioned to meet the challenges of the future. We are consistently committed to pragmatic solutions that keep our city liveable - be it through modern mobility concepts, a<a href=\"https:\/\/cdu-kaarst.de\/en\/cdu-kaarst\/cdu-kaarst-fordert-behutsame-stadtentwicklung-statt-unkontrolliertem-wohnungsbau\/\" target=\"_blank\" rel=\"noopener\"> Responsible urban development<\/a> or the protection of the environment.<\/p>","protected":false},"excerpt":{"rendered":"<p>Am 12. Februar 2025 tagte der Mobilit\u00e4ts-, Umwelt-, Klimaschutz- und Landwirtschaftsausschuss (MUKL) der Stadt Kaarst. Dabei wurden zentrale Themen zur Stadtentwicklung behandelt \u2013 von neuen Mobilit\u00e4tskonzepten bis hin zu Ma\u00dfnahmen f\u00fcr Umwelt- und Klimaschutz. Neue Stadtbuslinie B\u00fcttgen \u2013 Kaarst: Ein Meilenstein f\u00fcr die Mobilit\u00e4t Ein zentrales Thema war die Vorstellung der Machbarkeitsstudie zur neuen Stadtbuslinie [&hellip;]<\/p>\n","protected":false},"author":4,"featured_media":6147,"comment_status":"closed","ping_status":"closed","sticky":false,"template":"","format":"standard","meta":{"footnotes":""},"categories":[1],"tags":[],"class_list":["post-6146","post","type-post","status-publish","format-standard","has-post-thumbnail","hentry","category-allgemein"],"yoast_head":"<!-- This site is optimized with the Yoast SEO plugin v27.4 - https:\/\/yoast.com\/product\/yoast-seo-wordpress\/ -->\n<title>MUKL-Ausschuss Kaarst: wichtige Entscheidungen - CDU Kaarst-B\u00fcttgen<\/title>\n<meta name=\"description\" content=\"Am 12. Februar 2025 tagte der Mobilit\u00e4ts-, Umwelt-, Klimaschutz- und Landwirtschaftsausschuss (MUKL) der Stadt Kaarst. Dabei wurden zentrale Themen zur Stadtentwicklung behandelt.\" \/>\n<meta name=\"robots\" content=\"index, follow, max-snippet:-1, max-image-preview:large, max-video-preview:-1\" \/>\n<link rel=\"canonical\" href=\"https:\/\/cdu-kaarst.de\/en\/allgemein\/mukl-ausschuss-kaarst-wichtige-entscheidungen\/\" \/>\n<meta property=\"og:locale\" content=\"en_GB\" \/>\n<meta property=\"og:type\" content=\"article\" \/>\n<meta property=\"og:title\" content=\"MUKL-Ausschuss Kaarst: wichtige Entscheidungen - CDU Kaarst-B\u00fcttgen\" \/>\n<meta property=\"og:description\" content=\"Am 12. Februar 2025 tagte der Mobilit\u00e4ts-, Umwelt-, Klimaschutz- und Landwirtschaftsausschuss (MUKL) der Stadt Kaarst. Dabei wurden zentrale Themen zur Stadtentwicklung behandelt.\" \/>\n<meta property=\"og:url\" content=\"https:\/\/cdu-kaarst.de\/en\/allgemein\/mukl-ausschuss-kaarst-wichtige-entscheidungen\/\" \/>\n<meta property=\"og:site_name\" content=\"CDU Kaarst-B\u00fcttgen\" \/>\n<meta property=\"article:published_time\" content=\"2025-02-19T09:10:54+00:00\" \/>\n<meta property=\"og:image\" content=\"https:\/\/cdu-kaarst.de\/wp-content\/uploads\/MUKL__1_.jpg\" \/>\n\t<meta property=\"og:image:width\" content=\"1080\" \/>\n\t<meta property=\"og:image:height\" content=\"1350\" \/>\n\t<meta property=\"og:image:type\" content=\"image\/jpeg\" \/>\n<meta name=\"author\" content=\"Redaktion\" \/>\n<meta name=\"twitter:card\" content=\"summary_large_image\" \/>\n<meta name=\"twitter:label1\" content=\"Written by\" \/>\n\t<meta name=\"twitter:data1\" content=\"Redaktion\" \/>\n\t<meta name=\"twitter:label2\" content=\"Estimated reading time\" \/>\n\t<meta name=\"twitter:data2\" content=\"3 minutes\" \/>\n<script type=\"application\/ld+json\" class=\"yoast-schema-graph\">{\"@context\":\"https:\\\/\\\/schema.org\",\"@graph\":[{\"@type\":\"Article\",\"@id\":\"https:\\\/\\\/cdu-kaarst.de\\\/allgemein\\\/mukl-ausschuss-kaarst-wichtige-entscheidungen\\\/#article\",\"isPartOf\":{\"@id\":\"https:\\\/\\\/cdu-kaarst.de\\\/allgemein\\\/mukl-ausschuss-kaarst-wichtige-entscheidungen\\\/\"},\"author\":{\"name\":\"Redaktion\",\"@id\":\"https:\\\/\\\/cdu-kaarst.de\\\/#\\\/schema\\\/person\\\/246f51db799d47b1fcc72fd16f5e948b\"},\"headline\":\"MUKL-Ausschuss Kaarst: wichtige Entscheidungen\",\"datePublished\":\"2025-02-19T09:10:54+00:00\",\"mainEntityOfPage\":{\"@id\":\"https:\\\/\\\/cdu-kaarst.de\\\/allgemein\\\/mukl-ausschuss-kaarst-wichtige-entscheidungen\\\/\"},\"wordCount\":502,\"publisher\":{\"@id\":\"https:\\\/\\\/cdu-kaarst.de\\\/#organization\"},\"image\":{\"@id\":\"https:\\\/\\\/cdu-kaarst.de\\\/allgemein\\\/mukl-ausschuss-kaarst-wichtige-entscheidungen\\\/#primaryimage\"},\"thumbnailUrl\":\"https:\\\/\\\/cdu-kaarst.de\\\/wp-content\\\/uploads\\\/MUKL__1_.jpg\",\"articleSection\":[\"Allgemein\"],\"inLanguage\":\"en-GB\"},{\"@type\":\"WebPage\",\"@id\":\"https:\\\/\\\/cdu-kaarst.de\\\/allgemein\\\/mukl-ausschuss-kaarst-wichtige-entscheidungen\\\/\",\"url\":\"https:\\\/\\\/cdu-kaarst.de\\\/allgemein\\\/mukl-ausschuss-kaarst-wichtige-entscheidungen\\\/\",\"name\":\"MUKL-Ausschuss Kaarst: wichtige Entscheidungen - CDU Kaarst-B\u00fcttgen\",\"isPartOf\":{\"@id\":\"https:\\\/\\\/cdu-kaarst.de\\\/#website\"},\"primaryImageOfPage\":{\"@id\":\"https:\\\/\\\/cdu-kaarst.de\\\/allgemein\\\/mukl-ausschuss-kaarst-wichtige-entscheidungen\\\/#primaryimage\"},\"image\":{\"@id\":\"https:\\\/\\\/cdu-kaarst.de\\\/allgemein\\\/mukl-ausschuss-kaarst-wichtige-entscheidungen\\\/#primaryimage\"},\"thumbnailUrl\":\"https:\\\/\\\/cdu-kaarst.de\\\/wp-content\\\/uploads\\\/MUKL__1_.jpg\",\"datePublished\":\"2025-02-19T09:10:54+00:00\",\"description\":\"Am 12. Februar 2025 tagte der Mobilit\u00e4ts-, Umwelt-, Klimaschutz- und Landwirtschaftsausschuss (MUKL) der Stadt Kaarst. Dabei wurden zentrale Themen zur Stadtentwicklung behandelt.\",\"breadcrumb\":{\"@id\":\"https:\\\/\\\/cdu-kaarst.de\\\/allgemein\\\/mukl-ausschuss-kaarst-wichtige-entscheidungen\\\/#breadcrumb\"},\"inLanguage\":\"en-GB\",\"potentialAction\":[{\"@type\":\"ReadAction\",\"target\":[\"https:\\\/\\\/cdu-kaarst.de\\\/allgemein\\\/mukl-ausschuss-kaarst-wichtige-entscheidungen\\\/\"]}]},{\"@type\":\"ImageObject\",\"inLanguage\":\"en-GB\",\"@id\":\"https:\\\/\\\/cdu-kaarst.de\\\/allgemein\\\/mukl-ausschuss-kaarst-wichtige-entscheidungen\\\/#primaryimage\",\"url\":\"https:\\\/\\\/cdu-kaarst.de\\\/wp-content\\\/uploads\\\/MUKL__1_.jpg\",\"contentUrl\":\"https:\\\/\\\/cdu-kaarst.de\\\/wp-content\\\/uploads\\\/MUKL__1_.jpg\",\"width\":1080,\"height\":1350,\"caption\":\"Mobilit\u00e4t, Umwelt, Klimaschutz - Kaarst packt an.\"},{\"@type\":\"BreadcrumbList\",\"@id\":\"https:\\\/\\\/cdu-kaarst.de\\\/allgemein\\\/mukl-ausschuss-kaarst-wichtige-entscheidungen\\\/#breadcrumb\",\"itemListElement\":[{\"@type\":\"ListItem\",\"position\":1,\"name\":\"Startseite\",\"item\":\"https:\\\/\\\/cdu-kaarst.de\\\/\"},{\"@type\":\"ListItem\",\"position\":2,\"name\":\"MUKL-Ausschuss Kaarst: wichtige Entscheidungen\"}]},{\"@type\":\"WebSite\",\"@id\":\"https:\\\/\\\/cdu-kaarst.de\\\/#website\",\"url\":\"https:\\\/\\\/cdu-kaarst.de\\\/\",\"name\":\"CDU Kaarst-B\u00fcttgen\",\"description\":\"gut Leben in Kaarst\",\"publisher\":{\"@id\":\"https:\\\/\\\/cdu-kaarst.de\\\/#organization\"},\"potentialAction\":[{\"@type\":\"SearchAction\",\"target\":{\"@type\":\"EntryPoint\",\"urlTemplate\":\"https:\\\/\\\/cdu-kaarst.de\\\/?s={search_term_string}\"},\"query-input\":{\"@type\":\"PropertyValueSpecification\",\"valueRequired\":true,\"valueName\":\"search_term_string\"}}],\"inLanguage\":\"en-GB\"},{\"@type\":\"Organization\",\"@id\":\"https:\\\/\\\/cdu-kaarst.de\\\/#organization\",\"name\":\"CDU Kaarst-B\u00fcttgen\",\"url\":\"https:\\\/\\\/cdu-kaarst.de\\\/\",\"logo\":{\"@type\":\"ImageObject\",\"inLanguage\":\"en-GB\",\"@id\":\"https:\\\/\\\/cdu-kaarst.de\\\/#\\\/schema\\\/logo\\\/image\\\/\",\"url\":\"https:\\\/\\\/cdu-kaarst.de\\\/wp-content\\\/uploads\\\/cdu-gesamtlogo.png\",\"contentUrl\":\"https:\\\/\\\/cdu-kaarst.de\\\/wp-content\\\/uploads\\\/cdu-gesamtlogo.png\",\"width\":418,\"height\":120,\"caption\":\"CDU Kaarst-B\u00fcttgen\"},\"image\":{\"@id\":\"https:\\\/\\\/cdu-kaarst.de\\\/#\\\/schema\\\/logo\\\/image\\\/\"}},{\"@type\":\"Person\",\"@id\":\"https:\\\/\\\/cdu-kaarst.de\\\/#\\\/schema\\\/person\\\/246f51db799d47b1fcc72fd16f5e948b\",\"name\":\"Redaktion\"}]}<\/script>\n<!-- \/ Yoast SEO plugin. -->","yoast_head_json":{"title":"MUKL Committee Kaarst: important decisions - CDU Kaarst-B\u00fcttgen","description":"The City of Kaarst's Mobility, Environment, Climate Protection and Agriculture Committee (MUKL) met on 12 February 2025. Key topics relating to urban development were discussed.","robots":{"index":"index","follow":"follow","max-snippet":"max-snippet:-1","max-image-preview":"max-image-preview:large","max-video-preview":"max-video-preview:-1"},"canonical":"https:\/\/cdu-kaarst.de\/en\/allgemein\/mukl-ausschuss-kaarst-wichtige-entscheidungen\/","og_locale":"en_GB","og_type":"article","og_title":"MUKL-Ausschuss Kaarst: wichtige Entscheidungen - CDU Kaarst-B\u00fcttgen","og_description":"Am 12. Februar 2025 tagte der Mobilit\u00e4ts-, Umwelt-, Klimaschutz- und Landwirtschaftsausschuss (MUKL) der Stadt Kaarst. Dabei wurden zentrale Themen zur Stadtentwicklung behandelt.","og_url":"https:\/\/cdu-kaarst.de\/en\/allgemein\/mukl-ausschuss-kaarst-wichtige-entscheidungen\/","og_site_name":"CDU Kaarst-B\u00fcttgen","article_published_time":"2025-02-19T09:10:54+00:00","og_image":[{"width":1080,"height":1350,"url":"https:\/\/cdu-kaarst.de\/wp-content\/uploads\/MUKL__1_.jpg","type":"image\/jpeg"}],"author":"Redaktion","twitter_card":"summary_large_image","twitter_misc":{"Written by":"Redaktion","Estimated reading time":"3 minutes"},"schema":{"@context":"https:\/\/schema.org","@graph":[{"@type":"Article","@id":"https:\/\/cdu-kaarst.de\/allgemein\/mukl-ausschuss-kaarst-wichtige-entscheidungen\/#article","isPartOf":{"@id":"https:\/\/cdu-kaarst.de\/allgemein\/mukl-ausschuss-kaarst-wichtige-entscheidungen\/"},"author":{"name":"Redaktion","@id":"https:\/\/cdu-kaarst.de\/#\/schema\/person\/246f51db799d47b1fcc72fd16f5e948b"},"headline":"MUKL-Ausschuss Kaarst: wichtige Entscheidungen","datePublished":"2025-02-19T09:10:54+00:00","mainEntityOfPage":{"@id":"https:\/\/cdu-kaarst.de\/allgemein\/mukl-ausschuss-kaarst-wichtige-entscheidungen\/"},"wordCount":502,"publisher":{"@id":"https:\/\/cdu-kaarst.de\/#organization"},"image":{"@id":"https:\/\/cdu-kaarst.de\/allgemein\/mukl-ausschuss-kaarst-wichtige-entscheidungen\/#primaryimage"},"thumbnailUrl":"https:\/\/cdu-kaarst.de\/wp-content\/uploads\/MUKL__1_.jpg","articleSection":["Allgemein"],"inLanguage":"en-GB"},{"@type":"WebPage","@id":"https:\/\/cdu-kaarst.de\/allgemein\/mukl-ausschuss-kaarst-wichtige-entscheidungen\/","url":"https:\/\/cdu-kaarst.de\/allgemein\/mukl-ausschuss-kaarst-wichtige-entscheidungen\/","name":"MUKL Committee Kaarst: important decisions - CDU Kaarst-B\u00fcttgen","isPartOf":{"@id":"https:\/\/cdu-kaarst.de\/#website"},"primaryImageOfPage":{"@id":"https:\/\/cdu-kaarst.de\/allgemein\/mukl-ausschuss-kaarst-wichtige-entscheidungen\/#primaryimage"},"image":{"@id":"https:\/\/cdu-kaarst.de\/allgemein\/mukl-ausschuss-kaarst-wichtige-entscheidungen\/#primaryimage"},"thumbnailUrl":"https:\/\/cdu-kaarst.de\/wp-content\/uploads\/MUKL__1_.jpg","datePublished":"2025-02-19T09:10:54+00:00","description":"The City of Kaarst's Mobility, Environment, Climate Protection and Agriculture Committee (MUKL) met on 12 February 2025. Key topics relating to urban development were discussed.","breadcrumb":{"@id":"https:\/\/cdu-kaarst.de\/allgemein\/mukl-ausschuss-kaarst-wichtige-entscheidungen\/#breadcrumb"},"inLanguage":"en-GB","potentialAction":[{"@type":"ReadAction","target":["https:\/\/cdu-kaarst.de\/allgemein\/mukl-ausschuss-kaarst-wichtige-entscheidungen\/"]}]},{"@type":"ImageObject","inLanguage":"en-GB","@id":"https:\/\/cdu-kaarst.de\/allgemein\/mukl-ausschuss-kaarst-wichtige-entscheidungen\/#primaryimage","url":"https:\/\/cdu-kaarst.de\/wp-content\/uploads\/MUKL__1_.jpg","contentUrl":"https:\/\/cdu-kaarst.de\/wp-content\/uploads\/MUKL__1_.jpg","width":1080,"height":1350,"caption":"Mobilit\u00e4t, Umwelt, Klimaschutz - Kaarst packt an."},{"@type":"BreadcrumbList","@id":"https:\/\/cdu-kaarst.de\/allgemein\/mukl-ausschuss-kaarst-wichtige-entscheidungen\/#breadcrumb","itemListElement":[{"@type":"ListItem","position":1,"name":"Startseite","item":"https:\/\/cdu-kaarst.de\/"},{"@type":"ListItem","position":2,"name":"MUKL-Ausschuss Kaarst: wichtige Entscheidungen"}]},{"@type":"WebSite","@id":"https:\/\/cdu-kaarst.de\/#website","url":"https:\/\/cdu-kaarst.de\/","name":"CDU Kaarst-B\u00fcttgen","description":"living well in Kaarst","publisher":{"@id":"https:\/\/cdu-kaarst.de\/#organization"},"potentialAction":[{"@type":"SearchAction","target":{"@type":"EntryPoint","urlTemplate":"https:\/\/cdu-kaarst.de\/?s={search_term_string}"},"query-input":{"@type":"PropertyValueSpecification","valueRequired":true,"valueName":"search_term_string"}}],"inLanguage":"en-GB"},{"@type":"Organization","@id":"https:\/\/cdu-kaarst.de\/#organization","name":"CDU Kaarst-B\u00fcttgen","url":"https:\/\/cdu-kaarst.de\/","logo":{"@type":"ImageObject","inLanguage":"en-GB","@id":"https:\/\/cdu-kaarst.de\/#\/schema\/logo\/image\/","url":"https:\/\/cdu-kaarst.de\/wp-content\/uploads\/cdu-gesamtlogo.png","contentUrl":"https:\/\/cdu-kaarst.de\/wp-content\/uploads\/cdu-gesamtlogo.png","width":418,"height":120,"caption":"CDU Kaarst-B\u00fcttgen"},"image":{"@id":"https:\/\/cdu-kaarst.de\/#\/schema\/logo\/image\/"}},{"@type":"Person","@id":"https:\/\/cdu-kaarst.de\/#\/schema\/person\/246f51db799d47b1fcc72fd16f5e948b","name":"Editorial office"}]}},"_links":{"self":[{"href":"https:\/\/cdu-kaarst.de\/en\/wp-json\/wp\/v2\/posts\/6146","targetHints":{"allow":["GET"]}}],"collection":[{"href":"https:\/\/cdu-kaarst.de\/en\/wp-json\/wp\/v2\/posts"}],"about":[{"href":"https:\/\/cdu-kaarst.de\/en\/wp-json\/wp\/v2\/types\/post"}],"author":[{"embeddable":true,"href":"https:\/\/cdu-kaarst.de\/en\/wp-json\/wp\/v2\/users\/4"}],"replies":[{"embeddable":true,"href":"https:\/\/cdu-kaarst.de\/en\/wp-json\/wp\/v2\/comments?post=6146"}],"version-history":[{"count":1,"href":"https:\/\/cdu-kaarst.de\/en\/wp-json\/wp\/v2\/posts\/6146\/revisions"}],"predecessor-version":[{"id":6148,"href":"https:\/\/cdu-kaarst.de\/en\/wp-json\/wp\/v2\/posts\/6146\/revisions\/6148"}],"wp:featuredmedia":[{"embeddable":true,"href":"https:\/\/cdu-kaarst.de\/en\/wp-json\/wp\/v2\/media\/6147"}],"wp:attachment":[{"href":"https:\/\/cdu-kaarst.de\/en\/wp-json\/wp\/v2\/media?parent=6146"}],"wp:term":[{"taxonomy":"category","embeddable":true,"href":"https:\/\/cdu-kaarst.de\/en\/wp-json\/wp\/v2\/categories?post=6146"},{"taxonomy":"post_tag","embeddable":true,"href":"https:\/\/cdu-kaarst.de\/en\/wp-json\/wp\/v2\/tags?post=6146"}],"curies":[{"name":"wp","href":"https:\/\/api.w.org\/{rel}","templated":true}]}}