{"id":6180,"date":"2025-02-24T16:02:13","date_gmt":"2025-02-24T15:02:13","guid":{"rendered":"https:\/\/cdu-kaarst.de\/?p=6180"},"modified":"2025-02-25T10:04:20","modified_gmt":"2025-02-25T09:04:20","slug":"bundestagswahl-2025-cdu-staerkste-partei-in-kaarst","status":"publish","type":"post","link":"https:\/\/cdu-kaarst.de\/en\/allgemein\/bundestagswahl-2025-cdu-staerkste-partei-in-kaarst\/","title":{"rendered":"Bundestag election 2025: CDU strongest party in Kaarst"},"content":{"rendered":"<div data-elementor-type=\"wp-post\" data-elementor-id=\"6180\" class=\"elementor elementor-6180\" data-elementor-post-type=\"post\">\n\t\t\t\t\t\t<section class=\"elementor-section elementor-top-section elementor-element elementor-element-bb9c668 elementor-section-boxed elementor-section-height-default elementor-section-height-default\" data-id=\"bb9c668\" data-element_type=\"section\" data-e-type=\"section\" data-settings=\"{&quot;jet_parallax_layout_list&quot;:[]}\">\n\t\t\t\t\t\t<div class=\"elementor-container elementor-column-gap-default\">\n\t\t\t\t\t<div class=\"elementor-column elementor-col-100 elementor-top-column elementor-element elementor-element-6ec506b\" data-id=\"6ec506b\" data-element_type=\"column\" data-e-type=\"column\">\n\t\t\t<div class=\"elementor-widget-wrap elementor-element-populated\">\n\t\t\t\t\t\t<div class=\"elementor-element elementor-element-3d425f2c elementor-widget elementor-widget-text-editor\" data-id=\"3d425f2c\" data-element_type=\"widget\" data-e-type=\"widget\" data-widget_type=\"text-editor.default\">\n\t\t\t\t<div class=\"elementor-widget-container\">\n\t\t\t\t\t\t\t\t\t<p>With the Bundestag election on 23 February 2025, voters not only gave the CDU the mandate to govern Germany, but also sent a clear signal in Kaarst: With almost 38%, we are by far the strongest party in Kaarst. We were also able to record a significant increase in voters for Kaarst compared to the last federal election. This even puts us above the national trend and above the NRW result - a strong sign for Kaarst!<\/p><h2>Trust in the CDU Kaarst<\/h2><p>We would like to thank all voters for the trust they have placed in us. This trust is both an incentive and a responsibility - dialogue with the citizens remains our compass and we will continue to do our utmost for Kaarst.<\/p><p>We would also like to congratulate our member of the Bundestag<a href=\"https:\/\/www.bundestag.de\/abgeordnete\/biografien20\/H\/heveling_ansgar-857460\" target=\"_blank\" rel=\"noopener\"> <strong>Ansgar Heveling<\/strong> <\/a>and are delighted to have a strong representative in Berlin who, among other things, is in favour of a <a href=\"https:\/\/cdu-kaarst.de\/en\/allgemein\/heveling-sieht-wirtschaft-als-wichtigstes-wahlkampfthema\/\" target=\"_blank\" rel=\"noopener\">Stable economy<\/a> is used.<\/p><p>\"The CDU did very well in the federal election. A few percentage points more for the nationwide result would have been desirable, but the result makes it possible to quickly form a two-party coalition and a government capable of taking action, which we urgently need. <strong>The policy change has succeeded<\/strong> and we in Kaarst are particularly pleased with the good result. This is our basis for the Kaarst local elections in the autumn,\" says a delighted <a href=\"https:\/\/cdu-kaarst.de\/en\/personen\/christian-horn-heinemann\/\" target=\"_blank\" rel=\"noopener\">Christian Horn-Heinemann<\/a>CDU mayoral candidate for Kaarst.<\/p>\t\t\t\t\t\t\t\t<\/div>\n\t\t\t\t<\/div>\n\t\t\t\t\t<\/div>\n\t\t<\/div>\n\t\t\t\t\t<\/div>\n\t\t<\/section>\n\t\t\t\t<section class=\"elementor-section elementor-top-section elementor-element elementor-element-9b412cc elementor-section-boxed elementor-section-height-default elementor-section-height-default\" data-id=\"9b412cc\" data-element_type=\"section\" data-e-type=\"section\" data-settings=\"{&quot;jet_parallax_layout_list&quot;:[]}\">\n\t\t\t\t\t\t<div class=\"elementor-container elementor-column-gap-default\">\n\t\t\t\t\t<div class=\"elementor-column elementor-col-100 elementor-top-column elementor-element elementor-element-43e3d85\" data-id=\"43e3d85\" data-element_type=\"column\" data-e-type=\"column\">\n\t\t\t<div class=\"elementor-widget-wrap elementor-element-populated\">\n\t\t\t\t\t\t<div class=\"elementor-element elementor-element-0a922d7 elementor-widget elementor-widget-gallery\" data-id=\"0a922d7\" data-element_type=\"widget\" data-e-type=\"widget\" data-settings=\"{&quot;columns&quot;:2,&quot;lazyload&quot;:&quot;yes&quot;,&quot;gallery_layout&quot;:&quot;grid&quot;,&quot;columns_tablet&quot;:2,&quot;columns_mobile&quot;:1,&quot;gap&quot;:{&quot;unit&quot;:&quot;px&quot;,&quot;size&quot;:10,&quot;sizes&quot;:[]},&quot;gap_tablet&quot;:{&quot;unit&quot;:&quot;px&quot;,&quot;size&quot;:10,&quot;sizes&quot;:[]},&quot;gap_mobile&quot;:{&quot;unit&quot;:&quot;px&quot;,&quot;size&quot;:10,&quot;sizes&quot;:[]},&quot;link_to&quot;:&quot;file&quot;,&quot;aspect_ratio&quot;:&quot;3:2&quot;,&quot;overlay_background&quot;:&quot;yes&quot;,&quot;content_hover_animation&quot;:&quot;fade-in&quot;}\" data-widget_type=\"gallery.default\">\n\t\t\t\t<div class=\"elementor-widget-container\">\n\t\t\t\t\t\t\t<div class=\"elementor-gallery__container\">\n\t\t\t\t\t\t\t<a class=\"e-gallery-item elementor-gallery-item elementor-animated-content\" href=\"https:\/\/cdu-kaarst.de\/wp-content\/uploads\/Ergebnis_Kaarst_-2.png\" data-elementor-open-lightbox=\"yes\" data-elementor-lightbox-slideshow=\"0a922d7\" data-e-action-hash=\"#elementor-action%3Aaction%3Dlightbox%26settings%3DeyJpZCI6NjE4MywidXJsIjoiaHR0cHM6XC9cL2NkdS1rYWFyc3QuZGVcL3dwLWNvbnRlbnRcL3VwbG9hZHNcL0VyZ2VibmlzX0thYXJzdF8tMi5wbmciLCJzbGlkZXNob3ciOiIwYTkyMmQ3In0%3D\">\n\t\t\t\t\t<div class=\"e-gallery-image elementor-gallery-item__image\" data-thumbnail=\"https:\/\/cdu-kaarst.de\/wp-content\/uploads\/Ergebnis_Kaarst_-2-240x300.png\" data-width=\"240\" data-height=\"300\" aria-label=\"\" role=\"img\" ><\/div>\n\t\t\t\t\t\t\t\t\t\t\t<div class=\"elementor-gallery-item__overlay\"><\/div>\n\t\t\t\t\t\t\t\t\t\t\t\t\t\t<\/a>\n\t\t\t\t\t\t\t<a class=\"e-gallery-item elementor-gallery-item elementor-animated-content\" href=\"https:\/\/cdu-kaarst.de\/wp-content\/uploads\/Ergebnis_Kaarst_-3.png\" data-elementor-open-lightbox=\"yes\" data-elementor-lightbox-slideshow=\"0a922d7\" data-e-action-hash=\"#elementor-action%3Aaction%3Dlightbox%26settings%3DeyJpZCI6NjE4NCwidXJsIjoiaHR0cHM6XC9cL2NkdS1rYWFyc3QuZGVcL3dwLWNvbnRlbnRcL3VwbG9hZHNcL0VyZ2VibmlzX0thYXJzdF8tMy5wbmciLCJzbGlkZXNob3ciOiIwYTkyMmQ3In0%3D\">\n\t\t\t\t\t<div class=\"e-gallery-image elementor-gallery-item__image\" data-thumbnail=\"https:\/\/cdu-kaarst.de\/wp-content\/uploads\/Ergebnis_Kaarst_-3-240x300.png\" data-width=\"240\" data-height=\"300\" aria-label=\"\" role=\"img\" ><\/div>\n\t\t\t\t\t\t\t\t\t\t\t<div class=\"elementor-gallery-item__overlay\"><\/div>\n\t\t\t\t\t\t\t\t\t\t\t\t\t\t<\/a>\n\t\t\t\t\t<\/div>\n\t\t\t\t\t<\/div>\n\t\t\t\t<\/div>\n\t\t\t\t\t<\/div>\n\t\t<\/div>\n\t\t\t\t\t<\/div>\n\t\t<\/section>\n\t\t\t\t<\/div>","protected":false},"excerpt":{"rendered":"<p>Mit der Bundestagswahl am 23. Februar 2025 haben die W\u00e4hlerinnen und W\u00e4hler der CDU nicht nur den Regierungsauftrag f\u00fcr Deutschland erteilt, sondern auch in Kaarst ein deutliches Zeichen gesetzt: Mit fast 38% sind wir mit Abstand die st\u00e4rkste Partei in Kaarst. F\u00fcr Kaarst konnten wir au\u00dferdem im Vergleich zur letzten Bundestagswahl einen deutlichen W\u00e4hlerzuwachs verzeichnen. [&hellip;]<\/p>\n","protected":false},"author":4,"featured_media":6181,"comment_status":"closed","ping_status":"closed","sticky":false,"template":"","format":"standard","meta":{"footnotes":""},"categories":[1],"tags":[],"class_list":["post-6180","post","type-post","status-publish","format-standard","has-post-thumbnail","hentry","category-allgemein"],"yoast_head":"<!-- This site is optimized with the Yoast SEO plugin v27.4 - https:\/\/yoast.com\/product\/yoast-seo-wordpress\/ -->\n<title>Bundestagswahl 2025: CDU st\u00e4rkste Partei in Kaarst - CDU Kaarst-B\u00fcttgen<\/title>\n<meta name=\"description\" content=\"Ergebnis der Bundestagswahl 2025: Mit fast 38% ist die CDU mit Abstand die st\u00e4rkste Partei in Kaarst.\" \/>\n<meta name=\"robots\" content=\"index, follow, max-snippet:-1, max-image-preview:large, max-video-preview:-1\" \/>\n<link rel=\"canonical\" href=\"https:\/\/cdu-kaarst.de\/en\/allgemein\/bundestagswahl-2025-cdu-staerkste-partei-in-kaarst\/\" \/>\n<meta property=\"og:locale\" content=\"en_GB\" \/>\n<meta property=\"og:type\" content=\"article\" \/>\n<meta property=\"og:title\" content=\"Bundestagswahl 2025: CDU st\u00e4rkste Partei in Kaarst - CDU Kaarst-B\u00fcttgen\" \/>\n<meta property=\"og:description\" content=\"Ergebnis der Bundestagswahl 2025: Mit fast 38% ist die CDU mit Abstand die st\u00e4rkste Partei in Kaarst.\" \/>\n<meta property=\"og:url\" content=\"https:\/\/cdu-kaarst.de\/en\/allgemein\/bundestagswahl-2025-cdu-staerkste-partei-in-kaarst\/\" \/>\n<meta property=\"og:site_name\" content=\"CDU Kaarst-B\u00fcttgen\" \/>\n<meta property=\"article:published_time\" content=\"2025-02-24T15:02:13+00:00\" \/>\n<meta property=\"article:modified_time\" content=\"2025-02-25T09:04:20+00:00\" \/>\n<meta property=\"og:image\" content=\"https:\/\/cdu-kaarst.de\/wp-content\/uploads\/Ergebnis_Kaarst_-1.jpg\" \/>\n\t<meta property=\"og:image:width\" content=\"1080\" \/>\n\t<meta property=\"og:image:height\" content=\"1350\" \/>\n\t<meta property=\"og:image:type\" content=\"image\/jpeg\" \/>\n<meta name=\"author\" content=\"Redaktion\" \/>\n<meta name=\"twitter:card\" content=\"summary_large_image\" \/>\n<meta name=\"twitter:label1\" content=\"Written by\" \/>\n\t<meta name=\"twitter:data1\" content=\"Redaktion\" \/>\n\t<meta name=\"twitter:label2\" content=\"Estimated reading time\" \/>\n\t<meta name=\"twitter:data2\" content=\"2 minutes\" \/>\n<script type=\"application\/ld+json\" class=\"yoast-schema-graph\">{\"@context\":\"https:\\\/\\\/schema.org\",\"@graph\":[{\"@type\":\"Article\",\"@id\":\"https:\\\/\\\/cdu-kaarst.de\\\/allgemein\\\/bundestagswahl-2025-cdu-staerkste-partei-in-kaarst\\\/#article\",\"isPartOf\":{\"@id\":\"https:\\\/\\\/cdu-kaarst.de\\\/allgemein\\\/bundestagswahl-2025-cdu-staerkste-partei-in-kaarst\\\/\"},\"author\":{\"name\":\"Redaktion\",\"@id\":\"https:\\\/\\\/cdu-kaarst.de\\\/#\\\/schema\\\/person\\\/246f51db799d47b1fcc72fd16f5e948b\"},\"headline\":\"Bundestagswahl 2025: CDU st\u00e4rkste Partei in Kaarst\",\"datePublished\":\"2025-02-24T15:02:13+00:00\",\"dateModified\":\"2025-02-25T09:04:20+00:00\",\"mainEntityOfPage\":{\"@id\":\"https:\\\/\\\/cdu-kaarst.de\\\/allgemein\\\/bundestagswahl-2025-cdu-staerkste-partei-in-kaarst\\\/\"},\"wordCount\":242,\"publisher\":{\"@id\":\"https:\\\/\\\/cdu-kaarst.de\\\/#organization\"},\"image\":{\"@id\":\"https:\\\/\\\/cdu-kaarst.de\\\/allgemein\\\/bundestagswahl-2025-cdu-staerkste-partei-in-kaarst\\\/#primaryimage\"},\"thumbnailUrl\":\"https:\\\/\\\/cdu-kaarst.de\\\/wp-content\\\/uploads\\\/Ergebnis_Kaarst_-1.jpg\",\"articleSection\":[\"Allgemein\"],\"inLanguage\":\"en-GB\"},{\"@type\":\"WebPage\",\"@id\":\"https:\\\/\\\/cdu-kaarst.de\\\/allgemein\\\/bundestagswahl-2025-cdu-staerkste-partei-in-kaarst\\\/\",\"url\":\"https:\\\/\\\/cdu-kaarst.de\\\/allgemein\\\/bundestagswahl-2025-cdu-staerkste-partei-in-kaarst\\\/\",\"name\":\"Bundestagswahl 2025: CDU st\u00e4rkste Partei in Kaarst - CDU Kaarst-B\u00fcttgen\",\"isPartOf\":{\"@id\":\"https:\\\/\\\/cdu-kaarst.de\\\/#website\"},\"primaryImageOfPage\":{\"@id\":\"https:\\\/\\\/cdu-kaarst.de\\\/allgemein\\\/bundestagswahl-2025-cdu-staerkste-partei-in-kaarst\\\/#primaryimage\"},\"image\":{\"@id\":\"https:\\\/\\\/cdu-kaarst.de\\\/allgemein\\\/bundestagswahl-2025-cdu-staerkste-partei-in-kaarst\\\/#primaryimage\"},\"thumbnailUrl\":\"https:\\\/\\\/cdu-kaarst.de\\\/wp-content\\\/uploads\\\/Ergebnis_Kaarst_-1.jpg\",\"datePublished\":\"2025-02-24T15:02:13+00:00\",\"dateModified\":\"2025-02-25T09:04:20+00:00\",\"description\":\"Ergebnis der Bundestagswahl 2025: Mit fast 38% ist die CDU mit Abstand die st\u00e4rkste Partei in Kaarst.\",\"breadcrumb\":{\"@id\":\"https:\\\/\\\/cdu-kaarst.de\\\/allgemein\\\/bundestagswahl-2025-cdu-staerkste-partei-in-kaarst\\\/#breadcrumb\"},\"inLanguage\":\"en-GB\",\"potentialAction\":[{\"@type\":\"ReadAction\",\"target\":[\"https:\\\/\\\/cdu-kaarst.de\\\/allgemein\\\/bundestagswahl-2025-cdu-staerkste-partei-in-kaarst\\\/\"]}]},{\"@type\":\"ImageObject\",\"inLanguage\":\"en-GB\",\"@id\":\"https:\\\/\\\/cdu-kaarst.de\\\/allgemein\\\/bundestagswahl-2025-cdu-staerkste-partei-in-kaarst\\\/#primaryimage\",\"url\":\"https:\\\/\\\/cdu-kaarst.de\\\/wp-content\\\/uploads\\\/Ergebnis_Kaarst_-1.jpg\",\"contentUrl\":\"https:\\\/\\\/cdu-kaarst.de\\\/wp-content\\\/uploads\\\/Ergebnis_Kaarst_-1.jpg\",\"width\":1080,\"height\":1350,\"caption\":\"Ansgar Heveling und Sven Ladeck sch\u00fctteln sich die Hand.\"},{\"@type\":\"BreadcrumbList\",\"@id\":\"https:\\\/\\\/cdu-kaarst.de\\\/allgemein\\\/bundestagswahl-2025-cdu-staerkste-partei-in-kaarst\\\/#breadcrumb\",\"itemListElement\":[{\"@type\":\"ListItem\",\"position\":1,\"name\":\"Startseite\",\"item\":\"https:\\\/\\\/cdu-kaarst.de\\\/\"},{\"@type\":\"ListItem\",\"position\":2,\"name\":\"Bundestagswahl 2025: CDU st\u00e4rkste Partei in Kaarst\"}]},{\"@type\":\"WebSite\",\"@id\":\"https:\\\/\\\/cdu-kaarst.de\\\/#website\",\"url\":\"https:\\\/\\\/cdu-kaarst.de\\\/\",\"name\":\"CDU Kaarst-B\u00fcttgen\",\"description\":\"gut Leben in Kaarst\",\"publisher\":{\"@id\":\"https:\\\/\\\/cdu-kaarst.de\\\/#organization\"},\"potentialAction\":[{\"@type\":\"SearchAction\",\"target\":{\"@type\":\"EntryPoint\",\"urlTemplate\":\"https:\\\/\\\/cdu-kaarst.de\\\/?s={search_term_string}\"},\"query-input\":{\"@type\":\"PropertyValueSpecification\",\"valueRequired\":true,\"valueName\":\"search_term_string\"}}],\"inLanguage\":\"en-GB\"},{\"@type\":\"Organization\",\"@id\":\"https:\\\/\\\/cdu-kaarst.de\\\/#organization\",\"name\":\"CDU Kaarst-B\u00fcttgen\",\"url\":\"https:\\\/\\\/cdu-kaarst.de\\\/\",\"logo\":{\"@type\":\"ImageObject\",\"inLanguage\":\"en-GB\",\"@id\":\"https:\\\/\\\/cdu-kaarst.de\\\/#\\\/schema\\\/logo\\\/image\\\/\",\"url\":\"https:\\\/\\\/cdu-kaarst.de\\\/wp-content\\\/uploads\\\/cdu-gesamtlogo.png\",\"contentUrl\":\"https:\\\/\\\/cdu-kaarst.de\\\/wp-content\\\/uploads\\\/cdu-gesamtlogo.png\",\"width\":418,\"height\":120,\"caption\":\"CDU Kaarst-B\u00fcttgen\"},\"image\":{\"@id\":\"https:\\\/\\\/cdu-kaarst.de\\\/#\\\/schema\\\/logo\\\/image\\\/\"}},{\"@type\":\"Person\",\"@id\":\"https:\\\/\\\/cdu-kaarst.de\\\/#\\\/schema\\\/person\\\/246f51db799d47b1fcc72fd16f5e948b\",\"name\":\"Redaktion\"}]}<\/script>\n<!-- \/ Yoast SEO plugin. -->","yoast_head_json":{"title":"Bundestag election 2025: CDU strongest party in Kaarst - CDU Kaarst-B\u00fcttgen","description":"Result of the 2025 federal election: With almost 38%, the CDU is by far the strongest party in Kaarst.","robots":{"index":"index","follow":"follow","max-snippet":"max-snippet:-1","max-image-preview":"max-image-preview:large","max-video-preview":"max-video-preview:-1"},"canonical":"https:\/\/cdu-kaarst.de\/en\/allgemein\/bundestagswahl-2025-cdu-staerkste-partei-in-kaarst\/","og_locale":"en_GB","og_type":"article","og_title":"Bundestagswahl 2025: CDU st\u00e4rkste Partei in Kaarst - CDU Kaarst-B\u00fcttgen","og_description":"Ergebnis der Bundestagswahl 2025: Mit fast 38% ist die CDU mit Abstand die st\u00e4rkste Partei in Kaarst.","og_url":"https:\/\/cdu-kaarst.de\/en\/allgemein\/bundestagswahl-2025-cdu-staerkste-partei-in-kaarst\/","og_site_name":"CDU Kaarst-B\u00fcttgen","article_published_time":"2025-02-24T15:02:13+00:00","article_modified_time":"2025-02-25T09:04:20+00:00","og_image":[{"width":1080,"height":1350,"url":"https:\/\/cdu-kaarst.de\/wp-content\/uploads\/Ergebnis_Kaarst_-1.jpg","type":"image\/jpeg"}],"author":"Redaktion","twitter_card":"summary_large_image","twitter_misc":{"Written by":"Redaktion","Estimated reading time":"2 minutes"},"schema":{"@context":"https:\/\/schema.org","@graph":[{"@type":"Article","@id":"https:\/\/cdu-kaarst.de\/allgemein\/bundestagswahl-2025-cdu-staerkste-partei-in-kaarst\/#article","isPartOf":{"@id":"https:\/\/cdu-kaarst.de\/allgemein\/bundestagswahl-2025-cdu-staerkste-partei-in-kaarst\/"},"author":{"name":"Redaktion","@id":"https:\/\/cdu-kaarst.de\/#\/schema\/person\/246f51db799d47b1fcc72fd16f5e948b"},"headline":"Bundestagswahl 2025: CDU st\u00e4rkste Partei in Kaarst","datePublished":"2025-02-24T15:02:13+00:00","dateModified":"2025-02-25T09:04:20+00:00","mainEntityOfPage":{"@id":"https:\/\/cdu-kaarst.de\/allgemein\/bundestagswahl-2025-cdu-staerkste-partei-in-kaarst\/"},"wordCount":242,"publisher":{"@id":"https:\/\/cdu-kaarst.de\/#organization"},"image":{"@id":"https:\/\/cdu-kaarst.de\/allgemein\/bundestagswahl-2025-cdu-staerkste-partei-in-kaarst\/#primaryimage"},"thumbnailUrl":"https:\/\/cdu-kaarst.de\/wp-content\/uploads\/Ergebnis_Kaarst_-1.jpg","articleSection":["Allgemein"],"inLanguage":"en-GB"},{"@type":"WebPage","@id":"https:\/\/cdu-kaarst.de\/allgemein\/bundestagswahl-2025-cdu-staerkste-partei-in-kaarst\/","url":"https:\/\/cdu-kaarst.de\/allgemein\/bundestagswahl-2025-cdu-staerkste-partei-in-kaarst\/","name":"Bundestag election 2025: CDU strongest party in Kaarst - CDU Kaarst-B\u00fcttgen","isPartOf":{"@id":"https:\/\/cdu-kaarst.de\/#website"},"primaryImageOfPage":{"@id":"https:\/\/cdu-kaarst.de\/allgemein\/bundestagswahl-2025-cdu-staerkste-partei-in-kaarst\/#primaryimage"},"image":{"@id":"https:\/\/cdu-kaarst.de\/allgemein\/bundestagswahl-2025-cdu-staerkste-partei-in-kaarst\/#primaryimage"},"thumbnailUrl":"https:\/\/cdu-kaarst.de\/wp-content\/uploads\/Ergebnis_Kaarst_-1.jpg","datePublished":"2025-02-24T15:02:13+00:00","dateModified":"2025-02-25T09:04:20+00:00","description":"Result of the 2025 federal election: With almost 38%, the CDU is by far the strongest party in Kaarst.","breadcrumb":{"@id":"https:\/\/cdu-kaarst.de\/allgemein\/bundestagswahl-2025-cdu-staerkste-partei-in-kaarst\/#breadcrumb"},"inLanguage":"en-GB","potentialAction":[{"@type":"ReadAction","target":["https:\/\/cdu-kaarst.de\/allgemein\/bundestagswahl-2025-cdu-staerkste-partei-in-kaarst\/"]}]},{"@type":"ImageObject","inLanguage":"en-GB","@id":"https:\/\/cdu-kaarst.de\/allgemein\/bundestagswahl-2025-cdu-staerkste-partei-in-kaarst\/#primaryimage","url":"https:\/\/cdu-kaarst.de\/wp-content\/uploads\/Ergebnis_Kaarst_-1.jpg","contentUrl":"https:\/\/cdu-kaarst.de\/wp-content\/uploads\/Ergebnis_Kaarst_-1.jpg","width":1080,"height":1350,"caption":"Ansgar Heveling und Sven Ladeck sch\u00fctteln sich die Hand."},{"@type":"BreadcrumbList","@id":"https:\/\/cdu-kaarst.de\/allgemein\/bundestagswahl-2025-cdu-staerkste-partei-in-kaarst\/#breadcrumb","itemListElement":[{"@type":"ListItem","position":1,"name":"Startseite","item":"https:\/\/cdu-kaarst.de\/"},{"@type":"ListItem","position":2,"name":"Bundestagswahl 2025: CDU st\u00e4rkste Partei in Kaarst"}]},{"@type":"WebSite","@id":"https:\/\/cdu-kaarst.de\/#website","url":"https:\/\/cdu-kaarst.de\/","name":"CDU Kaarst-B\u00fcttgen","description":"living well in Kaarst","publisher":{"@id":"https:\/\/cdu-kaarst.de\/#organization"},"potentialAction":[{"@type":"SearchAction","target":{"@type":"EntryPoint","urlTemplate":"https:\/\/cdu-kaarst.de\/?s={search_term_string}"},"query-input":{"@type":"PropertyValueSpecification","valueRequired":true,"valueName":"search_term_string"}}],"inLanguage":"en-GB"},{"@type":"Organization","@id":"https:\/\/cdu-kaarst.de\/#organization","name":"CDU Kaarst-B\u00fcttgen","url":"https:\/\/cdu-kaarst.de\/","logo":{"@type":"ImageObject","inLanguage":"en-GB","@id":"https:\/\/cdu-kaarst.de\/#\/schema\/logo\/image\/","url":"https:\/\/cdu-kaarst.de\/wp-content\/uploads\/cdu-gesamtlogo.png","contentUrl":"https:\/\/cdu-kaarst.de\/wp-content\/uploads\/cdu-gesamtlogo.png","width":418,"height":120,"caption":"CDU Kaarst-B\u00fcttgen"},"image":{"@id":"https:\/\/cdu-kaarst.de\/#\/schema\/logo\/image\/"}},{"@type":"Person","@id":"https:\/\/cdu-kaarst.de\/#\/schema\/person\/246f51db799d47b1fcc72fd16f5e948b","name":"Editorial office"}]}},"_links":{"self":[{"href":"https:\/\/cdu-kaarst.de\/en\/wp-json\/wp\/v2\/posts\/6180","targetHints":{"allow":["GET"]}}],"collection":[{"href":"https:\/\/cdu-kaarst.de\/en\/wp-json\/wp\/v2\/posts"}],"about":[{"href":"https:\/\/cdu-kaarst.de\/en\/wp-json\/wp\/v2\/types\/post"}],"author":[{"embeddable":true,"href":"https:\/\/cdu-kaarst.de\/en\/wp-json\/wp\/v2\/users\/4"}],"replies":[{"embeddable":true,"href":"https:\/\/cdu-kaarst.de\/en\/wp-json\/wp\/v2\/comments?post=6180"}],"version-history":[{"count":8,"href":"https:\/\/cdu-kaarst.de\/en\/wp-json\/wp\/v2\/posts\/6180\/revisions"}],"predecessor-version":[{"id":6191,"href":"https:\/\/cdu-kaarst.de\/en\/wp-json\/wp\/v2\/posts\/6180\/revisions\/6191"}],"wp:featuredmedia":[{"embeddable":true,"href":"https:\/\/cdu-kaarst.de\/en\/wp-json\/wp\/v2\/media\/6181"}],"wp:attachment":[{"href":"https:\/\/cdu-kaarst.de\/en\/wp-json\/wp\/v2\/media?parent=6180"}],"wp:term":[{"taxonomy":"category","embeddable":true,"href":"https:\/\/cdu-kaarst.de\/en\/wp-json\/wp\/v2\/categories?post=6180"},{"taxonomy":"post_tag","embeddable":true,"href":"https:\/\/cdu-kaarst.de\/en\/wp-json\/wp\/v2\/tags?post=6180"}],"curies":[{"name":"wp","href":"https:\/\/api.w.org\/{rel}","templated":true}]}}