{"id":6347,"date":"2025-03-27T13:02:52","date_gmt":"2025-03-27T12:02:52","guid":{"rendered":"https:\/\/cdu-kaarst.de\/?p=6347"},"modified":"2025-03-31T07:46:56","modified_gmt":"2025-03-31T05:46:56","slug":"kaarst-total-wie-geht-es-weiter-mit-dem-kult-event","status":"publish","type":"post","link":"https:\/\/cdu-kaarst.de\/en\/allgemein\/kaarst-total-wie-geht-es-weiter-mit-dem-kult-event\/","title":{"rendered":"Kaarst Total: What's next for the cult event?"},"content":{"rendered":"<h2>Tradition of support in Kaarst<\/h2>\n<p>In Kaarst, it has been common practice for decades for non-profit organisations and events to receive political support and subsidies. Whether it is <a href=\"https:\/\/www.kaarst.de\/kultur-freizeit-und-stadtinfos\/freizeit\/veranstaltungen\/schuetzenfeste\" target=\"_blank\" rel=\"noopener\">Shooting festivals<\/a>cultural events or <a href=\"https:\/\/www.kaarst.de\/kultur-freizeit-und-stadtinfos\/freizeit\/veranstaltungen\/st-martin\" target=\"_blank\" rel=\"noopener\">St Martin's Clubs<\/a> This tradition secures the cultural life of the city and strengthens the sense of community.<\/p>\n<p>This support from politicians and the administration shows that commitment to the common good is part of Kaarst's identity - and makes the city a better place to live.<\/p>\n<h3>Kaarst Total in transition: CDU demands clarity<\/h3>\n<p>The city festival is currently <a href=\"https:\/\/www.kaarst-total.de\/\" target=\"_blank\" rel=\"noopener\"><strong>Kaarst Total<\/strong><\/a> in focus. For this year's event <a href=\"https:\/\/cdu-kaarst.de\/en\/allgemein\/kaarst-total-darf-nicht-ausfallen\/\">demands the CDU Kaarst<\/a>\u00a0support in financing by the city of Kaarst. The Kaarst Total working group also wants to present a concept by 1 December 2025 as to how the festival can be financed in future. The reasoning: Kaarst Total can only be developed sensibly with a long-term perspective.<\/p>\n<h3>Video statement by Ingo Kotzian<\/h3>\n<p>In the official video of the CDU Kaarst <a href=\"https:\/\/cdu-kaarst.de\/en\/personen\/ingo-kotzian\/\" target=\"_blank\" rel=\"noopener\">Ingo Kotzian<\/a>, <strong>Constituency candidate 2025 for WK07 Windvogt\/Martinusstra\u00dfe<\/strong>on the future of Kaarst Total. He explains the reasons for the demand and the aims of the CDU:<\/p>\n<div style=\"position: relative; width: 360px; height: 640px; overflow: hidden;\">\n<div class=\"brlbs-cmpnt-container brlbs-cmpnt-content-blocker brlbs-cmpnt-with-individual-styles\" data-borlabs-cookie-content-blocker-id=\"youtube-content-blocker\" data-borlabs-cookie-content=\"PGlmcmFtZSBzdHlsZT0icG9zaXRpb246IGFic29sdXRlOyB0b3A6IDA7IGxlZnQ6IDUwJTsgdHJhbnNmb3JtOiB0cmFuc2xhdGVYKC01MCUpOyIgdGl0bGU9IkthYXJzdCBUb3RhbDogQ0RVIGZvcmRlcnQgWnVrdW5mdHNrb256ZXB0IiBzcmM9Imh0dHBzOi8vd3d3LnlvdXR1YmUtbm9jb29raWUuY29tL2VtYmVkLzlxUVg4VUdJcDI4IiB3aWR0aD0iODU0IiBoZWlnaHQ9IjY0MCIgZnJhbWVib3JkZXI9IjAiIGFsbG93ZnVsbHNjcmVlbj0iYWxsb3dmdWxsc2NyZWVuIj48L2lmcmFtZT4=\">\n<div class=\"brlbs-cmpnt-cb-preset-c brlbs-cmpnt-cb-youtube\">\n<div class=\"brlbs-cmpnt-cb-thumbnail\" style=\"background-image: url('https:\/\/cdu-kaarst.de\/wp-content\/uploads\/borlabs-cookie\/1\/yt_9qQX8UGIp28_hqdefault.jpg')\"><\/div>\n<div class=\"brlbs-cmpnt-cb-main\">\n<div class=\"brlbs-cmpnt-cb-play-button\"><\/div>\n<div class=\"brlbs-cmpnt-cb-content\">\n<p class=\"brlbs-cmpnt-cb-description\">You are currently viewing a placeholder content from <strong>YouTube<\/strong>. To access the actual content, click the button below. Please note that doing so will share data with third-party providers.<\/p>\n<p> <a class=\"brlbs-cmpnt-cb-provider-toggle\" href=\"#\" data-borlabs-cookie-show-provider-information role=\"button\">More Information<\/a> <\/div>\n<div class=\"brlbs-cmpnt-cb-buttons\"> <a class=\"brlbs-cmpnt-cb-btn\" href=\"#\" data-borlabs-cookie-unblock role=\"button\">Unblock content<\/a> <a class=\"brlbs-cmpnt-cb-btn\" href=\"#\" data-borlabs-cookie-accept-service role=\"button\" style=\"display: inherit\">Accept required service and unblock content<\/a> <\/div>\n<\/p><\/div>\n<\/p><\/div>\n<\/div>\n<\/div>\n<p>The request is expressly not an automatic requirement for an annual repetition - but an invitation to reorganise the event. The administration and organisers should work together to develop a viable concept.<\/p>\n<h3>Which questions need to be answered now<\/h3>\n<ul>\n<li>How can the event modernise itself?<\/li>\n<li>What role does politics play in further development?<\/li>\n<li>How can voluntary work be secured in the long term?<\/li>\n<\/ul>\n<h3>What can the future of Kaarst Total look like?<\/h3>\n<p>So that <strong>Kaarst Total<\/strong> remains a cultural highlight in the coming years, new ideas and strong partnerships are needed. Conceivable options include<\/p>\n<ul>\n<li>Greater involvement of young people and families<\/li>\n<li>Cooperation with local companies<\/li>\n<li>Sustainability concepts for environmentally friendly events<\/li>\n<li>Digital offerings such as live streams or event apps<\/li>\n<li>Targeted promotion of volunteering and commitment<\/li>\n<\/ul>\n<p><a href=\"https:\/\/www.youtube.com\/@CDUKaarst\" target=\"_blank\" rel=\"noopener\"><strong style=\"font-size: 16px;\">Subscribe to our YouTube channel<\/strong><\/a> to never miss any news about local politics and events in Kaarst!<\/p>","protected":false},"excerpt":{"rendered":"<p>Tradition der Unterst\u00fctzung in Kaarst In Kaarst ist es seit Jahrzehnten g\u00e4ngige Praxis, dass gemeinn\u00fctzige Organisationen und Veranstaltungen politische Unterst\u00fctzung und Zusch\u00fcsse erhalten. Ob es Sch\u00fctzenfeste, Kulturveranstaltungen oder Martinsvereine sind \u2013 diese Tradition sichert das kulturelle Leben der Stadt und st\u00e4rkt das Gemeinschaftsgef\u00fchl. Diese F\u00f6rderung durch Politik und Verwaltung zeigt: Engagement f\u00fcr das Gemeinwohl ist [&hellip;]<\/p>\n","protected":false},"author":1,"featured_media":6355,"comment_status":"closed","ping_status":"closed","sticky":false,"template":"","format":"standard","meta":{"footnotes":""},"categories":[1],"tags":[],"class_list":["post-6347","post","type-post","status-publish","format-standard","has-post-thumbnail","hentry","category-allgemein"],"yoast_head":"<!-- This site is optimized with the Yoast SEO plugin v27.4 - https:\/\/yoast.com\/product\/yoast-seo-wordpress\/ -->\n<title>Kaarst Total: Wie geht es weiter mit dem Kult-Event? - CDU Kaarst-B\u00fcttgen<\/title>\n<meta name=\"robots\" content=\"index, follow, max-snippet:-1, max-image-preview:large, max-video-preview:-1\" \/>\n<link rel=\"canonical\" href=\"https:\/\/cdu-kaarst.de\/en\/allgemein\/kaarst-total-wie-geht-es-weiter-mit-dem-kult-event\/\" \/>\n<meta property=\"og:locale\" content=\"en_GB\" \/>\n<meta property=\"og:type\" content=\"article\" \/>\n<meta property=\"og:title\" content=\"Kaarst Total: Wie geht es weiter mit dem Kult-Event? - CDU Kaarst-B\u00fcttgen\" \/>\n<meta property=\"og:description\" content=\"Tradition der Unterst\u00fctzung in Kaarst In Kaarst ist es seit Jahrzehnten g\u00e4ngige Praxis, dass gemeinn\u00fctzige Organisationen und Veranstaltungen politische Unterst\u00fctzung und Zusch\u00fcsse erhalten. Ob es Sch\u00fctzenfeste, Kulturveranstaltungen oder Martinsvereine sind \u2013 diese Tradition sichert das kulturelle Leben der Stadt und st\u00e4rkt das Gemeinschaftsgef\u00fchl. Diese F\u00f6rderung durch Politik und Verwaltung zeigt: Engagement f\u00fcr das Gemeinwohl ist [&hellip;]\" \/>\n<meta property=\"og:url\" content=\"https:\/\/cdu-kaarst.de\/en\/allgemein\/kaarst-total-wie-geht-es-weiter-mit-dem-kult-event\/\" \/>\n<meta property=\"og:site_name\" content=\"CDU Kaarst-B\u00fcttgen\" \/>\n<meta property=\"article:published_time\" content=\"2025-03-27T12:02:52+00:00\" \/>\n<meta property=\"article:modified_time\" content=\"2025-03-31T05:46:56+00:00\" \/>\n<meta property=\"og:image\" content=\"https:\/\/cdu-kaarst.de\/wp-content\/uploads\/cdu-kaarst-news-kaarst-total-260325.jpg\" \/>\n\t<meta property=\"og:image:width\" content=\"1080\" \/>\n\t<meta property=\"og:image:height\" content=\"1080\" \/>\n\t<meta property=\"og:image:type\" content=\"image\/jpeg\" \/>\n<meta name=\"author\" content=\"@dm1n\" \/>\n<meta name=\"twitter:card\" content=\"summary_large_image\" \/>\n<meta name=\"twitter:label1\" content=\"Written by\" \/>\n\t<meta name=\"twitter:data1\" content=\"@dm1n\" \/>\n\t<meta name=\"twitter:label2\" content=\"Estimated reading time\" \/>\n\t<meta name=\"twitter:data2\" content=\"2 minutes\" \/>\n<script type=\"application\/ld+json\" class=\"yoast-schema-graph\">{\"@context\":\"https:\\\/\\\/schema.org\",\"@graph\":[{\"@type\":\"Article\",\"@id\":\"https:\\\/\\\/cdu-kaarst.de\\\/allgemein\\\/kaarst-total-wie-geht-es-weiter-mit-dem-kult-event\\\/#article\",\"isPartOf\":{\"@id\":\"https:\\\/\\\/cdu-kaarst.de\\\/allgemein\\\/kaarst-total-wie-geht-es-weiter-mit-dem-kult-event\\\/\"},\"author\":{\"name\":\"@dm1n\",\"@id\":\"https:\\\/\\\/cdu-kaarst.de\\\/#\\\/schema\\\/person\\\/05876a2bd7865609f2946e82cbc73476\"},\"headline\":\"Kaarst Total: Wie geht es weiter mit dem Kult-Event?\",\"datePublished\":\"2025-03-27T12:02:52+00:00\",\"dateModified\":\"2025-03-31T05:46:56+00:00\",\"mainEntityOfPage\":{\"@id\":\"https:\\\/\\\/cdu-kaarst.de\\\/allgemein\\\/kaarst-total-wie-geht-es-weiter-mit-dem-kult-event\\\/\"},\"wordCount\":331,\"publisher\":{\"@id\":\"https:\\\/\\\/cdu-kaarst.de\\\/#organization\"},\"image\":{\"@id\":\"https:\\\/\\\/cdu-kaarst.de\\\/allgemein\\\/kaarst-total-wie-geht-es-weiter-mit-dem-kult-event\\\/#primaryimage\"},\"thumbnailUrl\":\"https:\\\/\\\/cdu-kaarst.de\\\/wp-content\\\/uploads\\\/cdu-kaarst-news-kaarst-total-260325.jpg\",\"articleSection\":[\"Allgemein\"],\"inLanguage\":\"en-GB\"},{\"@type\":\"WebPage\",\"@id\":\"https:\\\/\\\/cdu-kaarst.de\\\/allgemein\\\/kaarst-total-wie-geht-es-weiter-mit-dem-kult-event\\\/\",\"url\":\"https:\\\/\\\/cdu-kaarst.de\\\/allgemein\\\/kaarst-total-wie-geht-es-weiter-mit-dem-kult-event\\\/\",\"name\":\"Kaarst Total: Wie geht es weiter mit dem Kult-Event? - CDU Kaarst-B\u00fcttgen\",\"isPartOf\":{\"@id\":\"https:\\\/\\\/cdu-kaarst.de\\\/#website\"},\"primaryImageOfPage\":{\"@id\":\"https:\\\/\\\/cdu-kaarst.de\\\/allgemein\\\/kaarst-total-wie-geht-es-weiter-mit-dem-kult-event\\\/#primaryimage\"},\"image\":{\"@id\":\"https:\\\/\\\/cdu-kaarst.de\\\/allgemein\\\/kaarst-total-wie-geht-es-weiter-mit-dem-kult-event\\\/#primaryimage\"},\"thumbnailUrl\":\"https:\\\/\\\/cdu-kaarst.de\\\/wp-content\\\/uploads\\\/cdu-kaarst-news-kaarst-total-260325.jpg\",\"datePublished\":\"2025-03-27T12:02:52+00:00\",\"dateModified\":\"2025-03-31T05:46:56+00:00\",\"breadcrumb\":{\"@id\":\"https:\\\/\\\/cdu-kaarst.de\\\/allgemein\\\/kaarst-total-wie-geht-es-weiter-mit-dem-kult-event\\\/#breadcrumb\"},\"inLanguage\":\"en-GB\",\"potentialAction\":[{\"@type\":\"ReadAction\",\"target\":[\"https:\\\/\\\/cdu-kaarst.de\\\/allgemein\\\/kaarst-total-wie-geht-es-weiter-mit-dem-kult-event\\\/\"]}]},{\"@type\":\"ImageObject\",\"inLanguage\":\"en-GB\",\"@id\":\"https:\\\/\\\/cdu-kaarst.de\\\/allgemein\\\/kaarst-total-wie-geht-es-weiter-mit-dem-kult-event\\\/#primaryimage\",\"url\":\"https:\\\/\\\/cdu-kaarst.de\\\/wp-content\\\/uploads\\\/cdu-kaarst-news-kaarst-total-260325.jpg\",\"contentUrl\":\"https:\\\/\\\/cdu-kaarst.de\\\/wp-content\\\/uploads\\\/cdu-kaarst-news-kaarst-total-260325.jpg\",\"width\":1080,\"height\":1080},{\"@type\":\"BreadcrumbList\",\"@id\":\"https:\\\/\\\/cdu-kaarst.de\\\/allgemein\\\/kaarst-total-wie-geht-es-weiter-mit-dem-kult-event\\\/#breadcrumb\",\"itemListElement\":[{\"@type\":\"ListItem\",\"position\":1,\"name\":\"Startseite\",\"item\":\"https:\\\/\\\/cdu-kaarst.de\\\/\"},{\"@type\":\"ListItem\",\"position\":2,\"name\":\"Kaarst Total: Wie geht es weiter mit dem Kult-Event?\"}]},{\"@type\":\"WebSite\",\"@id\":\"https:\\\/\\\/cdu-kaarst.de\\\/#website\",\"url\":\"https:\\\/\\\/cdu-kaarst.de\\\/\",\"name\":\"CDU Kaarst-B\u00fcttgen\",\"description\":\"gut Leben in Kaarst\",\"publisher\":{\"@id\":\"https:\\\/\\\/cdu-kaarst.de\\\/#organization\"},\"potentialAction\":[{\"@type\":\"SearchAction\",\"target\":{\"@type\":\"EntryPoint\",\"urlTemplate\":\"https:\\\/\\\/cdu-kaarst.de\\\/?s={search_term_string}\"},\"query-input\":{\"@type\":\"PropertyValueSpecification\",\"valueRequired\":true,\"valueName\":\"search_term_string\"}}],\"inLanguage\":\"en-GB\"},{\"@type\":\"Organization\",\"@id\":\"https:\\\/\\\/cdu-kaarst.de\\\/#organization\",\"name\":\"CDU Kaarst-B\u00fcttgen\",\"url\":\"https:\\\/\\\/cdu-kaarst.de\\\/\",\"logo\":{\"@type\":\"ImageObject\",\"inLanguage\":\"en-GB\",\"@id\":\"https:\\\/\\\/cdu-kaarst.de\\\/#\\\/schema\\\/logo\\\/image\\\/\",\"url\":\"https:\\\/\\\/cdu-kaarst.de\\\/wp-content\\\/uploads\\\/cdu-gesamtlogo.png\",\"contentUrl\":\"https:\\\/\\\/cdu-kaarst.de\\\/wp-content\\\/uploads\\\/cdu-gesamtlogo.png\",\"width\":418,\"height\":120,\"caption\":\"CDU Kaarst-B\u00fcttgen\"},\"image\":{\"@id\":\"https:\\\/\\\/cdu-kaarst.de\\\/#\\\/schema\\\/logo\\\/image\\\/\"}},{\"@type\":\"Person\",\"@id\":\"https:\\\/\\\/cdu-kaarst.de\\\/#\\\/schema\\\/person\\\/05876a2bd7865609f2946e82cbc73476\",\"name\":\"@dm1n\",\"sameAs\":[\"http:\\\/\\\/cdu-kaarst.de\"]}]}<\/script>\n<!-- \/ Yoast SEO plugin. -->","yoast_head_json":{"title":"Kaarst Total: Wie geht es weiter mit dem Kult-Event? - CDU Kaarst-B\u00fcttgen","robots":{"index":"index","follow":"follow","max-snippet":"max-snippet:-1","max-image-preview":"max-image-preview:large","max-video-preview":"max-video-preview:-1"},"canonical":"https:\/\/cdu-kaarst.de\/en\/allgemein\/kaarst-total-wie-geht-es-weiter-mit-dem-kult-event\/","og_locale":"en_GB","og_type":"article","og_title":"Kaarst Total: Wie geht es weiter mit dem Kult-Event? - CDU Kaarst-B\u00fcttgen","og_description":"Tradition der Unterst\u00fctzung in Kaarst In Kaarst ist es seit Jahrzehnten g\u00e4ngige Praxis, dass gemeinn\u00fctzige Organisationen und Veranstaltungen politische Unterst\u00fctzung und Zusch\u00fcsse erhalten. Ob es Sch\u00fctzenfeste, Kulturveranstaltungen oder Martinsvereine sind \u2013 diese Tradition sichert das kulturelle Leben der Stadt und st\u00e4rkt das Gemeinschaftsgef\u00fchl. Diese F\u00f6rderung durch Politik und Verwaltung zeigt: Engagement f\u00fcr das Gemeinwohl ist [&hellip;]","og_url":"https:\/\/cdu-kaarst.de\/en\/allgemein\/kaarst-total-wie-geht-es-weiter-mit-dem-kult-event\/","og_site_name":"CDU Kaarst-B\u00fcttgen","article_published_time":"2025-03-27T12:02:52+00:00","article_modified_time":"2025-03-31T05:46:56+00:00","og_image":[{"width":1080,"height":1080,"url":"https:\/\/cdu-kaarst.de\/wp-content\/uploads\/cdu-kaarst-news-kaarst-total-260325.jpg","type":"image\/jpeg"}],"author":"@dm1n","twitter_card":"summary_large_image","twitter_misc":{"Written by":"@dm1n","Estimated reading time":"2 minutes"},"schema":{"@context":"https:\/\/schema.org","@graph":[{"@type":"Article","@id":"https:\/\/cdu-kaarst.de\/allgemein\/kaarst-total-wie-geht-es-weiter-mit-dem-kult-event\/#article","isPartOf":{"@id":"https:\/\/cdu-kaarst.de\/allgemein\/kaarst-total-wie-geht-es-weiter-mit-dem-kult-event\/"},"author":{"name":"@dm1n","@id":"https:\/\/cdu-kaarst.de\/#\/schema\/person\/05876a2bd7865609f2946e82cbc73476"},"headline":"Kaarst Total: Wie geht es weiter mit dem Kult-Event?","datePublished":"2025-03-27T12:02:52+00:00","dateModified":"2025-03-31T05:46:56+00:00","mainEntityOfPage":{"@id":"https:\/\/cdu-kaarst.de\/allgemein\/kaarst-total-wie-geht-es-weiter-mit-dem-kult-event\/"},"wordCount":331,"publisher":{"@id":"https:\/\/cdu-kaarst.de\/#organization"},"image":{"@id":"https:\/\/cdu-kaarst.de\/allgemein\/kaarst-total-wie-geht-es-weiter-mit-dem-kult-event\/#primaryimage"},"thumbnailUrl":"https:\/\/cdu-kaarst.de\/wp-content\/uploads\/cdu-kaarst-news-kaarst-total-260325.jpg","articleSection":["Allgemein"],"inLanguage":"en-GB"},{"@type":"WebPage","@id":"https:\/\/cdu-kaarst.de\/allgemein\/kaarst-total-wie-geht-es-weiter-mit-dem-kult-event\/","url":"https:\/\/cdu-kaarst.de\/allgemein\/kaarst-total-wie-geht-es-weiter-mit-dem-kult-event\/","name":"Kaarst Total: Wie geht es weiter mit dem Kult-Event? - CDU Kaarst-B\u00fcttgen","isPartOf":{"@id":"https:\/\/cdu-kaarst.de\/#website"},"primaryImageOfPage":{"@id":"https:\/\/cdu-kaarst.de\/allgemein\/kaarst-total-wie-geht-es-weiter-mit-dem-kult-event\/#primaryimage"},"image":{"@id":"https:\/\/cdu-kaarst.de\/allgemein\/kaarst-total-wie-geht-es-weiter-mit-dem-kult-event\/#primaryimage"},"thumbnailUrl":"https:\/\/cdu-kaarst.de\/wp-content\/uploads\/cdu-kaarst-news-kaarst-total-260325.jpg","datePublished":"2025-03-27T12:02:52+00:00","dateModified":"2025-03-31T05:46:56+00:00","breadcrumb":{"@id":"https:\/\/cdu-kaarst.de\/allgemein\/kaarst-total-wie-geht-es-weiter-mit-dem-kult-event\/#breadcrumb"},"inLanguage":"en-GB","potentialAction":[{"@type":"ReadAction","target":["https:\/\/cdu-kaarst.de\/allgemein\/kaarst-total-wie-geht-es-weiter-mit-dem-kult-event\/"]}]},{"@type":"ImageObject","inLanguage":"en-GB","@id":"https:\/\/cdu-kaarst.de\/allgemein\/kaarst-total-wie-geht-es-weiter-mit-dem-kult-event\/#primaryimage","url":"https:\/\/cdu-kaarst.de\/wp-content\/uploads\/cdu-kaarst-news-kaarst-total-260325.jpg","contentUrl":"https:\/\/cdu-kaarst.de\/wp-content\/uploads\/cdu-kaarst-news-kaarst-total-260325.jpg","width":1080,"height":1080},{"@type":"BreadcrumbList","@id":"https:\/\/cdu-kaarst.de\/allgemein\/kaarst-total-wie-geht-es-weiter-mit-dem-kult-event\/#breadcrumb","itemListElement":[{"@type":"ListItem","position":1,"name":"Startseite","item":"https:\/\/cdu-kaarst.de\/"},{"@type":"ListItem","position":2,"name":"Kaarst Total: Wie geht es weiter mit dem Kult-Event?"}]},{"@type":"WebSite","@id":"https:\/\/cdu-kaarst.de\/#website","url":"https:\/\/cdu-kaarst.de\/","name":"CDU Kaarst-B\u00fcttgen","description":"living well in Kaarst","publisher":{"@id":"https:\/\/cdu-kaarst.de\/#organization"},"potentialAction":[{"@type":"SearchAction","target":{"@type":"EntryPoint","urlTemplate":"https:\/\/cdu-kaarst.de\/?s={search_term_string}"},"query-input":{"@type":"PropertyValueSpecification","valueRequired":true,"valueName":"search_term_string"}}],"inLanguage":"en-GB"},{"@type":"Organization","@id":"https:\/\/cdu-kaarst.de\/#organization","name":"CDU Kaarst-B\u00fcttgen","url":"https:\/\/cdu-kaarst.de\/","logo":{"@type":"ImageObject","inLanguage":"en-GB","@id":"https:\/\/cdu-kaarst.de\/#\/schema\/logo\/image\/","url":"https:\/\/cdu-kaarst.de\/wp-content\/uploads\/cdu-gesamtlogo.png","contentUrl":"https:\/\/cdu-kaarst.de\/wp-content\/uploads\/cdu-gesamtlogo.png","width":418,"height":120,"caption":"CDU Kaarst-B\u00fcttgen"},"image":{"@id":"https:\/\/cdu-kaarst.de\/#\/schema\/logo\/image\/"}},{"@type":"Person","@id":"https:\/\/cdu-kaarst.de\/#\/schema\/person\/05876a2bd7865609f2946e82cbc73476","name":"@dm1n","sameAs":["http:\/\/cdu-kaarst.de"]}]}},"_links":{"self":[{"href":"https:\/\/cdu-kaarst.de\/en\/wp-json\/wp\/v2\/posts\/6347","targetHints":{"allow":["GET"]}}],"collection":[{"href":"https:\/\/cdu-kaarst.de\/en\/wp-json\/wp\/v2\/posts"}],"about":[{"href":"https:\/\/cdu-kaarst.de\/en\/wp-json\/wp\/v2\/types\/post"}],"author":[{"embeddable":true,"href":"https:\/\/cdu-kaarst.de\/en\/wp-json\/wp\/v2\/users\/1"}],"replies":[{"embeddable":true,"href":"https:\/\/cdu-kaarst.de\/en\/wp-json\/wp\/v2\/comments?post=6347"}],"version-history":[{"count":9,"href":"https:\/\/cdu-kaarst.de\/en\/wp-json\/wp\/v2\/posts\/6347\/revisions"}],"predecessor-version":[{"id":6369,"href":"https:\/\/cdu-kaarst.de\/en\/wp-json\/wp\/v2\/posts\/6347\/revisions\/6369"}],"wp:featuredmedia":[{"embeddable":true,"href":"https:\/\/cdu-kaarst.de\/en\/wp-json\/wp\/v2\/media\/6355"}],"wp:attachment":[{"href":"https:\/\/cdu-kaarst.de\/en\/wp-json\/wp\/v2\/media?parent=6347"}],"wp:term":[{"taxonomy":"category","embeddable":true,"href":"https:\/\/cdu-kaarst.de\/en\/wp-json\/wp\/v2\/categories?post=6347"},{"taxonomy":"post_tag","embeddable":true,"href":"https:\/\/cdu-kaarst.de\/en\/wp-json\/wp\/v2\/tags?post=6347"}],"curies":[{"name":"wp","href":"https:\/\/api.w.org\/{rel}","templated":true}]}}