{"id":6353,"date":"2025-03-26T15:09:45","date_gmt":"2025-03-26T14:09:45","guid":{"rendered":"https:\/\/cdu-kaarst.de\/?p=6353"},"modified":"2025-03-31T08:16:39","modified_gmt":"2025-03-31T06:16:39","slug":"investitionspaket-aus-berlin-auswirkungen-auf-kaarst-und-die-region","status":"publish","type":"post","link":"https:\/\/cdu-kaarst.de\/en\/allgemein\/investitionspaket-aus-berlin-auswirkungen-auf-kaarst-und-die-region\/","title":{"rendered":"Investment package from Berlin: impact on Kaarst and the region"},"content":{"rendered":"<h2>Politics back in the constituency: Interview with Ansgar Heveling<\/h2>\n<p>Following intensive political negotiations in Berlin <a href=\"https:\/\/ansgar-heveling.de\/\" target=\"_blank\" rel=\"noopener\"><strong>Ansgar Heveling<\/strong><\/a>, Member of the Bundestag for the CDU, back in his constituency <strong>Kaarst<\/strong>. In dialogue with the <a href=\"https:\/\/buergermeisterkandidat-horn-heinemann.de\/\" target=\"_blank\" rel=\"noopener\">CDU mayoral candidate Christian Horn-Heinemann<\/a> he talks about current political developments, coalition negotiations and the future of legislation.<\/p>\n<h3>Video: The conversation in full length<\/h3>\n<p>The focus will be on the challenges of forming a government, geopolitical tensions and concrete effects for the region.<\/p>\n<div style=\"position: relative; width: 360px; height: 640px; overflow: hidden;\">\n<div class=\"brlbs-cmpnt-container brlbs-cmpnt-content-blocker brlbs-cmpnt-with-individual-styles\" data-borlabs-cookie-content-blocker-id=\"youtube-content-blocker\" data-borlabs-cookie-content=\"PGlmcmFtZSBzdHlsZT0icG9zaXRpb246IGFic29sdXRlOyB0b3A6IDA7IGxlZnQ6IDUwJTsgdHJhbnNmb3JtOiB0cmFuc2xhdGVYKC01MCUpOyIgdGl0bGU9IkNEVSBLYWFyc3Qg4oCTIEdlc3Byw6RjaCBtaXQgQW5zZ2FyIEhldmVsaW5nIiBzcmM9Imh0dHBzOi8vd3d3LnlvdXR1YmUtbm9jb29raWUuY29tL2VtYmVkLzJmV3ZMMDd5RXNrP3NpPVVFU0V0enlZMjhkbkVRZW8iIHdpZHRoPSI4NTQiIGhlaWdodD0iNjQwIiBmcmFtZWJvcmRlcj0iMCIgYWxsb3dmdWxsc2NyZWVuPSJhbGxvd2Z1bGxzY3JlZW4iPjxzcGFuIGRhdGEtbWNlLXR5cGU9ImJvb2ttYXJrIiBzdHlsZT0iZGlzcGxheTogaW5saW5lLWJsb2NrOyB3aWR0aDogMHB4OyBvdmVyZmxvdzogaGlkZGVuOyBsaW5lLWhlaWdodDogMDsiIGNsYXNzPSJtY2VfU0VMUkVTX3N0YXJ0Ij7vu788L3NwYW4+PHNwYW4gZGF0YS1tY2UtdHlwZT0iYm9va21hcmsiIHN0eWxlPSJkaXNwbGF5OiBpbmxpbmUtYmxvY2s7IHdpZHRoOiAwcHg7IG92ZXJmbG93OiBoaWRkZW47IGxpbmUtaGVpZ2h0OiAwOyIgY2xhc3M9Im1jZV9TRUxSRVNfc3RhcnQiPu+7vzwvc3Bhbj48c3BhbiBkYXRhLW1jZS10eXBlPSJib29rbWFyayIgc3R5bGU9ImRpc3BsYXk6IGlubGluZS1ibG9jazsgd2lkdGg6IDBweDsgb3ZlcmZsb3c6IGhpZGRlbjsgbGluZS1oZWlnaHQ6IDA7IiBjbGFzcz0ibWNlX1NFTFJFU19zdGFydCI+77u\/PC9zcGFuPjwvaWZyYW1lPg==\">\n<div class=\"brlbs-cmpnt-cb-preset-c brlbs-cmpnt-cb-youtube\">\n<div class=\"brlbs-cmpnt-cb-thumbnail\" style=\"background-image: url('https:\/\/cdu-kaarst.de\/wp-content\/uploads\/borlabs-cookie\/1\/yt_2fWvL07yEsk_hqdefault.jpg')\"><\/div>\n<div class=\"brlbs-cmpnt-cb-main\">\n<div class=\"brlbs-cmpnt-cb-play-button\"><\/div>\n<div class=\"brlbs-cmpnt-cb-content\">\n<p class=\"brlbs-cmpnt-cb-description\">You are currently viewing a placeholder content from <strong>YouTube<\/strong>. To access the actual content, click the button below. Please note that doing so will share data with third-party providers.<\/p>\n<p> <a class=\"brlbs-cmpnt-cb-provider-toggle\" href=\"#\" data-borlabs-cookie-show-provider-information role=\"button\">More Information<\/a> <\/div>\n<div class=\"brlbs-cmpnt-cb-buttons\"> <a class=\"brlbs-cmpnt-cb-btn\" href=\"#\" data-borlabs-cookie-unblock role=\"button\">Unblock content<\/a> <a class=\"brlbs-cmpnt-cb-btn\" href=\"#\" data-borlabs-cookie-accept-service role=\"button\" style=\"display: inherit\">Accept required service and unblock content<\/a> <\/div>\n<\/p><\/div>\n<\/p><\/div>\n<\/div>\n<\/div>\n<h3>Global crises, local responsibility<\/h3>\n<p>Whether it's Putin's war of aggression, economic uncertainties or growing geopolitical tensions - current developments call for structural and quick decisions. According to Heveling, Europe's defence policy in particular needs to be rethought, also in close cooperation with partners such as France.<\/p>\n<h3>500 billion package: What does it mean for Kaarst?<\/h3>\n<p>A central topic is the new <strong>Investment programme of 500 billion euros over twelve years<\/strong>. This is intended to enable future-oriented projects in particular. But how much of it actually reaches Kaarst and the Rhine district of Neuss?<\/p>\n<ul>\n<li>Part of the programme is reserved for federal states and municipalities.<\/li>\n<li>Funding is to be provided exclusively for sustainable projects.<\/li>\n<li>Legal regulations for implementation are still pending.<\/li>\n<li>Local authorities must utilise the funds in a targeted and efficient manner.<\/li>\n<\/ul>\n<h3>Structural reforms remain necessary<\/h3>\n<p>Heveling emphasises: <em>\"Money alone is not enough - we finally need structural changes.\"<\/em> The Union sees it as a key task to simplify planning and approval procedures and speed up administrative processes. This is the only way for an investment programme to have a real impact.<\/p>\n<h3>Coalition negotiations in the background<\/h3>\n<p>While the new government is being prepared, intensive coalition negotiations are underway between the CDU\/CSU, SPD and Alliance 90\/The Greens. The focus is on topics such as migration, security, digitalisation and education. The resulting laws will largely determine how the funds can be used on the ground.<\/p>\n<h3>Transparency and dialogue on site<\/h3>\n<p>Christian Horn-Heinemann emphasises how important it is to pass on decisions from Berlin to citizens in an understandable and open manner. Only through dialogue, clear communication and critical monitoring can trust in political processes be maintained.<\/p>\n<p>\"Decisions must be explained - only then can they be accepted,\" Horn-Heinemann concludes.<\/p>","protected":false},"excerpt":{"rendered":"<p>Politik zur\u00fcck im Wahlkreis: Gespr\u00e4ch mit Ansgar Heveling Nach intensiven politischen Verhandlungen in Berlin ist Ansgar Heveling, Bundestagsabgeordneter der CDU, wieder zur\u00fcck in seinem Wahlkreis Kaarst. Im Gespr\u00e4ch mit dem CDU-B\u00fcrgermeisterkandidaten Christian Horn-Heinemann spricht er \u00fcber aktuelle politische Entwicklungen, Koalitionsverhandlungen und die Zukunft der Gesetzgebung. Video: Das Gespr\u00e4ch in voller L\u00e4nge Im Fokus stehen die [&hellip;]<\/p>\n","protected":false},"author":1,"featured_media":6356,"comment_status":"closed","ping_status":"closed","sticky":false,"template":"","format":"standard","meta":{"footnotes":""},"categories":[1],"tags":[],"class_list":["post-6353","post","type-post","status-publish","format-standard","has-post-thumbnail","hentry","category-allgemein"],"yoast_head":"<!-- This site is optimized with the Yoast SEO plugin v27.4 - https:\/\/yoast.com\/product\/yoast-seo-wordpress\/ -->\n<title>Investitionspaket aus Berlin: Auswirkungen auf Kaarst und die Region - CDU Kaarst-B\u00fcttgen<\/title>\n<meta name=\"robots\" content=\"index, follow, max-snippet:-1, max-image-preview:large, max-video-preview:-1\" \/>\n<link rel=\"canonical\" href=\"https:\/\/cdu-kaarst.de\/en\/allgemein\/investitionspaket-aus-berlin-auswirkungen-auf-kaarst-und-die-region\/\" \/>\n<meta property=\"og:locale\" content=\"en_GB\" \/>\n<meta property=\"og:type\" content=\"article\" \/>\n<meta property=\"og:title\" content=\"Investitionspaket aus Berlin: Auswirkungen auf Kaarst und die Region - CDU Kaarst-B\u00fcttgen\" \/>\n<meta property=\"og:description\" content=\"Politik zur\u00fcck im Wahlkreis: Gespr\u00e4ch mit Ansgar Heveling Nach intensiven politischen Verhandlungen in Berlin ist Ansgar Heveling, Bundestagsabgeordneter der CDU, wieder zur\u00fcck in seinem Wahlkreis Kaarst. Im Gespr\u00e4ch mit dem CDU-B\u00fcrgermeisterkandidaten Christian Horn-Heinemann spricht er \u00fcber aktuelle politische Entwicklungen, Koalitionsverhandlungen und die Zukunft der Gesetzgebung. Video: Das Gespr\u00e4ch in voller L\u00e4nge Im Fokus stehen die [&hellip;]\" \/>\n<meta property=\"og:url\" content=\"https:\/\/cdu-kaarst.de\/en\/allgemein\/investitionspaket-aus-berlin-auswirkungen-auf-kaarst-und-die-region\/\" \/>\n<meta property=\"og:site_name\" content=\"CDU Kaarst-B\u00fcttgen\" \/>\n<meta property=\"article:published_time\" content=\"2025-03-26T14:09:45+00:00\" \/>\n<meta property=\"article:modified_time\" content=\"2025-03-31T06:16:39+00:00\" \/>\n<meta property=\"og:image\" content=\"https:\/\/cdu-kaarst.de\/wp-content\/uploads\/cdu-kaarst-finanzpakt-news-260325.jpg\" \/>\n\t<meta property=\"og:image:width\" content=\"1080\" \/>\n\t<meta property=\"og:image:height\" content=\"1080\" \/>\n\t<meta property=\"og:image:type\" content=\"image\/jpeg\" \/>\n<meta name=\"author\" content=\"@dm1n\" \/>\n<meta name=\"twitter:card\" content=\"summary_large_image\" \/>\n<meta name=\"twitter:label1\" content=\"Written by\" \/>\n\t<meta name=\"twitter:data1\" content=\"@dm1n\" \/>\n\t<meta name=\"twitter:label2\" content=\"Estimated reading time\" \/>\n\t<meta name=\"twitter:data2\" content=\"2 minutes\" \/>\n<script type=\"application\/ld+json\" class=\"yoast-schema-graph\">{\"@context\":\"https:\\\/\\\/schema.org\",\"@graph\":[{\"@type\":\"Article\",\"@id\":\"https:\\\/\\\/cdu-kaarst.de\\\/allgemein\\\/investitionspaket-aus-berlin-auswirkungen-auf-kaarst-und-die-region\\\/#article\",\"isPartOf\":{\"@id\":\"https:\\\/\\\/cdu-kaarst.de\\\/allgemein\\\/investitionspaket-aus-berlin-auswirkungen-auf-kaarst-und-die-region\\\/\"},\"author\":{\"name\":\"@dm1n\",\"@id\":\"https:\\\/\\\/cdu-kaarst.de\\\/#\\\/schema\\\/person\\\/05876a2bd7865609f2946e82cbc73476\"},\"headline\":\"Investitionspaket aus Berlin: Auswirkungen auf Kaarst und die Region\",\"datePublished\":\"2025-03-26T14:09:45+00:00\",\"dateModified\":\"2025-03-31T06:16:39+00:00\",\"mainEntityOfPage\":{\"@id\":\"https:\\\/\\\/cdu-kaarst.de\\\/allgemein\\\/investitionspaket-aus-berlin-auswirkungen-auf-kaarst-und-die-region\\\/\"},\"wordCount\":363,\"publisher\":{\"@id\":\"https:\\\/\\\/cdu-kaarst.de\\\/#organization\"},\"image\":{\"@id\":\"https:\\\/\\\/cdu-kaarst.de\\\/allgemein\\\/investitionspaket-aus-berlin-auswirkungen-auf-kaarst-und-die-region\\\/#primaryimage\"},\"thumbnailUrl\":\"https:\\\/\\\/cdu-kaarst.de\\\/wp-content\\\/uploads\\\/cdu-kaarst-finanzpakt-news-260325.jpg\",\"articleSection\":[\"Allgemein\"],\"inLanguage\":\"en-GB\"},{\"@type\":\"WebPage\",\"@id\":\"https:\\\/\\\/cdu-kaarst.de\\\/allgemein\\\/investitionspaket-aus-berlin-auswirkungen-auf-kaarst-und-die-region\\\/\",\"url\":\"https:\\\/\\\/cdu-kaarst.de\\\/allgemein\\\/investitionspaket-aus-berlin-auswirkungen-auf-kaarst-und-die-region\\\/\",\"name\":\"Investitionspaket aus Berlin: Auswirkungen auf Kaarst und die Region - CDU Kaarst-B\u00fcttgen\",\"isPartOf\":{\"@id\":\"https:\\\/\\\/cdu-kaarst.de\\\/#website\"},\"primaryImageOfPage\":{\"@id\":\"https:\\\/\\\/cdu-kaarst.de\\\/allgemein\\\/investitionspaket-aus-berlin-auswirkungen-auf-kaarst-und-die-region\\\/#primaryimage\"},\"image\":{\"@id\":\"https:\\\/\\\/cdu-kaarst.de\\\/allgemein\\\/investitionspaket-aus-berlin-auswirkungen-auf-kaarst-und-die-region\\\/#primaryimage\"},\"thumbnailUrl\":\"https:\\\/\\\/cdu-kaarst.de\\\/wp-content\\\/uploads\\\/cdu-kaarst-finanzpakt-news-260325.jpg\",\"datePublished\":\"2025-03-26T14:09:45+00:00\",\"dateModified\":\"2025-03-31T06:16:39+00:00\",\"breadcrumb\":{\"@id\":\"https:\\\/\\\/cdu-kaarst.de\\\/allgemein\\\/investitionspaket-aus-berlin-auswirkungen-auf-kaarst-und-die-region\\\/#breadcrumb\"},\"inLanguage\":\"en-GB\",\"potentialAction\":[{\"@type\":\"ReadAction\",\"target\":[\"https:\\\/\\\/cdu-kaarst.de\\\/allgemein\\\/investitionspaket-aus-berlin-auswirkungen-auf-kaarst-und-die-region\\\/\"]}]},{\"@type\":\"ImageObject\",\"inLanguage\":\"en-GB\",\"@id\":\"https:\\\/\\\/cdu-kaarst.de\\\/allgemein\\\/investitionspaket-aus-berlin-auswirkungen-auf-kaarst-und-die-region\\\/#primaryimage\",\"url\":\"https:\\\/\\\/cdu-kaarst.de\\\/wp-content\\\/uploads\\\/cdu-kaarst-finanzpakt-news-260325.jpg\",\"contentUrl\":\"https:\\\/\\\/cdu-kaarst.de\\\/wp-content\\\/uploads\\\/cdu-kaarst-finanzpakt-news-260325.jpg\",\"width\":1080,\"height\":1080},{\"@type\":\"BreadcrumbList\",\"@id\":\"https:\\\/\\\/cdu-kaarst.de\\\/allgemein\\\/investitionspaket-aus-berlin-auswirkungen-auf-kaarst-und-die-region\\\/#breadcrumb\",\"itemListElement\":[{\"@type\":\"ListItem\",\"position\":1,\"name\":\"Startseite\",\"item\":\"https:\\\/\\\/cdu-kaarst.de\\\/\"},{\"@type\":\"ListItem\",\"position\":2,\"name\":\"Investitionspaket aus Berlin: Auswirkungen auf Kaarst und die Region\"}]},{\"@type\":\"WebSite\",\"@id\":\"https:\\\/\\\/cdu-kaarst.de\\\/#website\",\"url\":\"https:\\\/\\\/cdu-kaarst.de\\\/\",\"name\":\"CDU Kaarst-B\u00fcttgen\",\"description\":\"gut Leben in Kaarst\",\"publisher\":{\"@id\":\"https:\\\/\\\/cdu-kaarst.de\\\/#organization\"},\"potentialAction\":[{\"@type\":\"SearchAction\",\"target\":{\"@type\":\"EntryPoint\",\"urlTemplate\":\"https:\\\/\\\/cdu-kaarst.de\\\/?s={search_term_string}\"},\"query-input\":{\"@type\":\"PropertyValueSpecification\",\"valueRequired\":true,\"valueName\":\"search_term_string\"}}],\"inLanguage\":\"en-GB\"},{\"@type\":\"Organization\",\"@id\":\"https:\\\/\\\/cdu-kaarst.de\\\/#organization\",\"name\":\"CDU Kaarst-B\u00fcttgen\",\"url\":\"https:\\\/\\\/cdu-kaarst.de\\\/\",\"logo\":{\"@type\":\"ImageObject\",\"inLanguage\":\"en-GB\",\"@id\":\"https:\\\/\\\/cdu-kaarst.de\\\/#\\\/schema\\\/logo\\\/image\\\/\",\"url\":\"https:\\\/\\\/cdu-kaarst.de\\\/wp-content\\\/uploads\\\/cdu-gesamtlogo.png\",\"contentUrl\":\"https:\\\/\\\/cdu-kaarst.de\\\/wp-content\\\/uploads\\\/cdu-gesamtlogo.png\",\"width\":418,\"height\":120,\"caption\":\"CDU Kaarst-B\u00fcttgen\"},\"image\":{\"@id\":\"https:\\\/\\\/cdu-kaarst.de\\\/#\\\/schema\\\/logo\\\/image\\\/\"}},{\"@type\":\"Person\",\"@id\":\"https:\\\/\\\/cdu-kaarst.de\\\/#\\\/schema\\\/person\\\/05876a2bd7865609f2946e82cbc73476\",\"name\":\"@dm1n\",\"sameAs\":[\"http:\\\/\\\/cdu-kaarst.de\"]}]}<\/script>\n<!-- \/ Yoast SEO plugin. -->","yoast_head_json":{"title":"Investitionspaket aus Berlin: Auswirkungen auf Kaarst und die Region - CDU Kaarst-B\u00fcttgen","robots":{"index":"index","follow":"follow","max-snippet":"max-snippet:-1","max-image-preview":"max-image-preview:large","max-video-preview":"max-video-preview:-1"},"canonical":"https:\/\/cdu-kaarst.de\/en\/allgemein\/investitionspaket-aus-berlin-auswirkungen-auf-kaarst-und-die-region\/","og_locale":"en_GB","og_type":"article","og_title":"Investitionspaket aus Berlin: Auswirkungen auf Kaarst und die Region - CDU Kaarst-B\u00fcttgen","og_description":"Politik zur\u00fcck im Wahlkreis: Gespr\u00e4ch mit Ansgar Heveling Nach intensiven politischen Verhandlungen in Berlin ist Ansgar Heveling, Bundestagsabgeordneter der CDU, wieder zur\u00fcck in seinem Wahlkreis Kaarst. Im Gespr\u00e4ch mit dem CDU-B\u00fcrgermeisterkandidaten Christian Horn-Heinemann spricht er \u00fcber aktuelle politische Entwicklungen, Koalitionsverhandlungen und die Zukunft der Gesetzgebung. Video: Das Gespr\u00e4ch in voller L\u00e4nge Im Fokus stehen die [&hellip;]","og_url":"https:\/\/cdu-kaarst.de\/en\/allgemein\/investitionspaket-aus-berlin-auswirkungen-auf-kaarst-und-die-region\/","og_site_name":"CDU Kaarst-B\u00fcttgen","article_published_time":"2025-03-26T14:09:45+00:00","article_modified_time":"2025-03-31T06:16:39+00:00","og_image":[{"width":1080,"height":1080,"url":"https:\/\/cdu-kaarst.de\/wp-content\/uploads\/cdu-kaarst-finanzpakt-news-260325.jpg","type":"image\/jpeg"}],"author":"@dm1n","twitter_card":"summary_large_image","twitter_misc":{"Written by":"@dm1n","Estimated reading time":"2 minutes"},"schema":{"@context":"https:\/\/schema.org","@graph":[{"@type":"Article","@id":"https:\/\/cdu-kaarst.de\/allgemein\/investitionspaket-aus-berlin-auswirkungen-auf-kaarst-und-die-region\/#article","isPartOf":{"@id":"https:\/\/cdu-kaarst.de\/allgemein\/investitionspaket-aus-berlin-auswirkungen-auf-kaarst-und-die-region\/"},"author":{"name":"@dm1n","@id":"https:\/\/cdu-kaarst.de\/#\/schema\/person\/05876a2bd7865609f2946e82cbc73476"},"headline":"Investitionspaket aus Berlin: Auswirkungen auf Kaarst und die Region","datePublished":"2025-03-26T14:09:45+00:00","dateModified":"2025-03-31T06:16:39+00:00","mainEntityOfPage":{"@id":"https:\/\/cdu-kaarst.de\/allgemein\/investitionspaket-aus-berlin-auswirkungen-auf-kaarst-und-die-region\/"},"wordCount":363,"publisher":{"@id":"https:\/\/cdu-kaarst.de\/#organization"},"image":{"@id":"https:\/\/cdu-kaarst.de\/allgemein\/investitionspaket-aus-berlin-auswirkungen-auf-kaarst-und-die-region\/#primaryimage"},"thumbnailUrl":"https:\/\/cdu-kaarst.de\/wp-content\/uploads\/cdu-kaarst-finanzpakt-news-260325.jpg","articleSection":["Allgemein"],"inLanguage":"en-GB"},{"@type":"WebPage","@id":"https:\/\/cdu-kaarst.de\/allgemein\/investitionspaket-aus-berlin-auswirkungen-auf-kaarst-und-die-region\/","url":"https:\/\/cdu-kaarst.de\/allgemein\/investitionspaket-aus-berlin-auswirkungen-auf-kaarst-und-die-region\/","name":"Investitionspaket aus Berlin: Auswirkungen auf Kaarst und die Region - CDU Kaarst-B\u00fcttgen","isPartOf":{"@id":"https:\/\/cdu-kaarst.de\/#website"},"primaryImageOfPage":{"@id":"https:\/\/cdu-kaarst.de\/allgemein\/investitionspaket-aus-berlin-auswirkungen-auf-kaarst-und-die-region\/#primaryimage"},"image":{"@id":"https:\/\/cdu-kaarst.de\/allgemein\/investitionspaket-aus-berlin-auswirkungen-auf-kaarst-und-die-region\/#primaryimage"},"thumbnailUrl":"https:\/\/cdu-kaarst.de\/wp-content\/uploads\/cdu-kaarst-finanzpakt-news-260325.jpg","datePublished":"2025-03-26T14:09:45+00:00","dateModified":"2025-03-31T06:16:39+00:00","breadcrumb":{"@id":"https:\/\/cdu-kaarst.de\/allgemein\/investitionspaket-aus-berlin-auswirkungen-auf-kaarst-und-die-region\/#breadcrumb"},"inLanguage":"en-GB","potentialAction":[{"@type":"ReadAction","target":["https:\/\/cdu-kaarst.de\/allgemein\/investitionspaket-aus-berlin-auswirkungen-auf-kaarst-und-die-region\/"]}]},{"@type":"ImageObject","inLanguage":"en-GB","@id":"https:\/\/cdu-kaarst.de\/allgemein\/investitionspaket-aus-berlin-auswirkungen-auf-kaarst-und-die-region\/#primaryimage","url":"https:\/\/cdu-kaarst.de\/wp-content\/uploads\/cdu-kaarst-finanzpakt-news-260325.jpg","contentUrl":"https:\/\/cdu-kaarst.de\/wp-content\/uploads\/cdu-kaarst-finanzpakt-news-260325.jpg","width":1080,"height":1080},{"@type":"BreadcrumbList","@id":"https:\/\/cdu-kaarst.de\/allgemein\/investitionspaket-aus-berlin-auswirkungen-auf-kaarst-und-die-region\/#breadcrumb","itemListElement":[{"@type":"ListItem","position":1,"name":"Startseite","item":"https:\/\/cdu-kaarst.de\/"},{"@type":"ListItem","position":2,"name":"Investitionspaket aus Berlin: Auswirkungen auf Kaarst und die Region"}]},{"@type":"WebSite","@id":"https:\/\/cdu-kaarst.de\/#website","url":"https:\/\/cdu-kaarst.de\/","name":"CDU Kaarst-B\u00fcttgen","description":"living well in Kaarst","publisher":{"@id":"https:\/\/cdu-kaarst.de\/#organization"},"potentialAction":[{"@type":"SearchAction","target":{"@type":"EntryPoint","urlTemplate":"https:\/\/cdu-kaarst.de\/?s={search_term_string}"},"query-input":{"@type":"PropertyValueSpecification","valueRequired":true,"valueName":"search_term_string"}}],"inLanguage":"en-GB"},{"@type":"Organization","@id":"https:\/\/cdu-kaarst.de\/#organization","name":"CDU Kaarst-B\u00fcttgen","url":"https:\/\/cdu-kaarst.de\/","logo":{"@type":"ImageObject","inLanguage":"en-GB","@id":"https:\/\/cdu-kaarst.de\/#\/schema\/logo\/image\/","url":"https:\/\/cdu-kaarst.de\/wp-content\/uploads\/cdu-gesamtlogo.png","contentUrl":"https:\/\/cdu-kaarst.de\/wp-content\/uploads\/cdu-gesamtlogo.png","width":418,"height":120,"caption":"CDU Kaarst-B\u00fcttgen"},"image":{"@id":"https:\/\/cdu-kaarst.de\/#\/schema\/logo\/image\/"}},{"@type":"Person","@id":"https:\/\/cdu-kaarst.de\/#\/schema\/person\/05876a2bd7865609f2946e82cbc73476","name":"@dm1n","sameAs":["http:\/\/cdu-kaarst.de"]}]}},"_links":{"self":[{"href":"https:\/\/cdu-kaarst.de\/en\/wp-json\/wp\/v2\/posts\/6353","targetHints":{"allow":["GET"]}}],"collection":[{"href":"https:\/\/cdu-kaarst.de\/en\/wp-json\/wp\/v2\/posts"}],"about":[{"href":"https:\/\/cdu-kaarst.de\/en\/wp-json\/wp\/v2\/types\/post"}],"author":[{"embeddable":true,"href":"https:\/\/cdu-kaarst.de\/en\/wp-json\/wp\/v2\/users\/1"}],"replies":[{"embeddable":true,"href":"https:\/\/cdu-kaarst.de\/en\/wp-json\/wp\/v2\/comments?post=6353"}],"version-history":[{"count":3,"href":"https:\/\/cdu-kaarst.de\/en\/wp-json\/wp\/v2\/posts\/6353\/revisions"}],"predecessor-version":[{"id":6373,"href":"https:\/\/cdu-kaarst.de\/en\/wp-json\/wp\/v2\/posts\/6353\/revisions\/6373"}],"wp:featuredmedia":[{"embeddable":true,"href":"https:\/\/cdu-kaarst.de\/en\/wp-json\/wp\/v2\/media\/6356"}],"wp:attachment":[{"href":"https:\/\/cdu-kaarst.de\/en\/wp-json\/wp\/v2\/media?parent=6353"}],"wp:term":[{"taxonomy":"category","embeddable":true,"href":"https:\/\/cdu-kaarst.de\/en\/wp-json\/wp\/v2\/categories?post=6353"},{"taxonomy":"post_tag","embeddable":true,"href":"https:\/\/cdu-kaarst.de\/en\/wp-json\/wp\/v2\/tags?post=6353"}],"curies":[{"name":"wp","href":"https:\/\/api.w.org\/{rel}","templated":true}]}}