{"id":6440,"date":"2025-01-07T17:43:25","date_gmt":"2025-01-07T16:43:25","guid":{"rendered":"https:\/\/cdu-kaarst.de\/?p=6440"},"modified":"2025-04-11T17:44:26","modified_gmt":"2025-04-11T15:44:26","slug":"kaarster-rathauswahl-2025-warum-die-cdu-mit-christian-horn-heinemann-jetzt-durchstartet","status":"publish","type":"post","link":"https:\/\/cdu-kaarst.de\/en\/presspiegel\/kaarster-rathauswahl-2025-warum-die-cdu-mit-christian-horn-heinemann-jetzt-durchstartet\/","title":{"rendered":"Kaarster town hall election 2025: Why the CDU is now taking off with Christian Horn-Heinemann"},"content":{"rendered":"<p data-pm-slice=\"1 1 []\">Who will move into Kaarst town hall? The discussion surrounding the upcoming local elections on 15 September 2025 is picking up speed - 15 September 2025 is the day - and the CDU Kaarst is clearly positioning itself: Mayoral candidate Christian Horn-Heinemann presents convincing perspectives for the future of our city.<\/p>\n<p>The CDU Kaarst is particularly critical of Mayor Baum's current administration. Delays in the construction of urgently needed bridges and a lack of progress in the development of the Stakerseite primary school are key points of criticism that Christian Horn-Heinemann and his team would like to actively address.<\/p>\n<p>Find out about the goals and proposals of the CDU as well as current developments and background information on the local elections here on WZ.de:<\/p>\n<p><a href=\"https:\/\/www.wz.de\/nrw\/wer-zieht-ins-kaarster-rathaus-ein_aid-122634469\" target=\"_blank\" rel=\"noopener\">Click here for the article on WZ.de<\/a><\/p>","protected":false},"excerpt":{"rendered":"<p>Wer zieht ins Kaarster Rathaus ein? Die Diskussion rund um die anstehende Kommunalwahl am 15. September 2025 nimmt Fahrt auf \u2013 am 15. September 2025 ist es soweit \u2013 und die CDU Kaarst stellt sich klar auf: B\u00fcrgermeisterkandidat Christian Horn-Heinemann pr\u00e4sentiert \u00fcberzeugende Perspektiven f\u00fcr die Zukunft unserer Stadt. Besonders kritisch sieht die CDU Kaarst die [&hellip;]<\/p>\n","protected":false},"author":1,"featured_media":6137,"comment_status":"closed","ping_status":"closed","sticky":false,"template":"","format":"standard","meta":{"footnotes":""},"categories":[111],"tags":[],"class_list":["post-6440","post","type-post","status-publish","format-standard","has-post-thumbnail","hentry","category-presspiegel"],"yoast_head":"<!-- This site is optimized with the Yoast SEO plugin v27.4 - https:\/\/yoast.com\/product\/yoast-seo-wordpress\/ -->\n<title>Kaarster Rathauswahl 2025: Warum die CDU mit Christian Horn-Heinemann jetzt durchstartet - CDU Kaarst-B\u00fcttgen<\/title>\n<meta name=\"robots\" content=\"index, follow, max-snippet:-1, max-image-preview:large, max-video-preview:-1\" \/>\n<link rel=\"canonical\" href=\"https:\/\/cdu-kaarst.de\/en\/presspiegel\/kaarster-rathauswahl-2025-warum-die-cdu-mit-christian-horn-heinemann-jetzt-durchstartet\/\" \/>\n<meta property=\"og:locale\" content=\"en_GB\" \/>\n<meta property=\"og:type\" content=\"article\" \/>\n<meta property=\"og:title\" content=\"Kaarster Rathauswahl 2025: Warum die CDU mit Christian Horn-Heinemann jetzt durchstartet - CDU Kaarst-B\u00fcttgen\" \/>\n<meta property=\"og:description\" content=\"Wer zieht ins Kaarster Rathaus ein? Die Diskussion rund um die anstehende Kommunalwahl am 15. September 2025 nimmt Fahrt auf \u2013 am 15. September 2025 ist es soweit \u2013 und die CDU Kaarst stellt sich klar auf: B\u00fcrgermeisterkandidat Christian Horn-Heinemann pr\u00e4sentiert \u00fcberzeugende Perspektiven f\u00fcr die Zukunft unserer Stadt. Besonders kritisch sieht die CDU Kaarst die [&hellip;]\" \/>\n<meta property=\"og:url\" content=\"https:\/\/cdu-kaarst.de\/en\/presspiegel\/kaarster-rathauswahl-2025-warum-die-cdu-mit-christian-horn-heinemann-jetzt-durchstartet\/\" \/>\n<meta property=\"og:site_name\" content=\"CDU Kaarst-B\u00fcttgen\" \/>\n<meta property=\"article:published_time\" content=\"2025-01-07T16:43:25+00:00\" \/>\n<meta property=\"article:modified_time\" content=\"2025-04-11T15:44:26+00:00\" \/>\n<meta property=\"og:image\" content=\"https:\/\/cdu-kaarst.de\/wp-content\/uploads\/header_christian-horn-heinemann_1285x692px.jpg\" \/>\n\t<meta property=\"og:image:width\" content=\"1285\" \/>\n\t<meta property=\"og:image:height\" content=\"692\" \/>\n\t<meta property=\"og:image:type\" content=\"image\/jpeg\" \/>\n<meta name=\"author\" content=\"@dm1n\" \/>\n<meta name=\"twitter:card\" content=\"summary_large_image\" \/>\n<meta name=\"twitter:label1\" content=\"Written by\" \/>\n\t<meta name=\"twitter:data1\" content=\"@dm1n\" \/>\n\t<meta name=\"twitter:label2\" content=\"Estimated reading time\" \/>\n\t<meta name=\"twitter:data2\" content=\"1 minute\" \/>\n<script type=\"application\/ld+json\" class=\"yoast-schema-graph\">{\"@context\":\"https:\\\/\\\/schema.org\",\"@graph\":[{\"@type\":\"Article\",\"@id\":\"https:\\\/\\\/cdu-kaarst.de\\\/presspiegel\\\/kaarster-rathauswahl-2025-warum-die-cdu-mit-christian-horn-heinemann-jetzt-durchstartet\\\/#article\",\"isPartOf\":{\"@id\":\"https:\\\/\\\/cdu-kaarst.de\\\/presspiegel\\\/kaarster-rathauswahl-2025-warum-die-cdu-mit-christian-horn-heinemann-jetzt-durchstartet\\\/\"},\"author\":{\"name\":\"@dm1n\",\"@id\":\"https:\\\/\\\/cdu-kaarst.de\\\/#\\\/schema\\\/person\\\/05876a2bd7865609f2946e82cbc73476\"},\"headline\":\"Kaarster Rathauswahl 2025: Warum die CDU mit Christian Horn-Heinemann jetzt durchstartet\",\"datePublished\":\"2025-01-07T16:43:25+00:00\",\"dateModified\":\"2025-04-11T15:44:26+00:00\",\"mainEntityOfPage\":{\"@id\":\"https:\\\/\\\/cdu-kaarst.de\\\/presspiegel\\\/kaarster-rathauswahl-2025-warum-die-cdu-mit-christian-horn-heinemann-jetzt-durchstartet\\\/\"},\"wordCount\":130,\"publisher\":{\"@id\":\"https:\\\/\\\/cdu-kaarst.de\\\/#organization\"},\"image\":{\"@id\":\"https:\\\/\\\/cdu-kaarst.de\\\/presspiegel\\\/kaarster-rathauswahl-2025-warum-die-cdu-mit-christian-horn-heinemann-jetzt-durchstartet\\\/#primaryimage\"},\"thumbnailUrl\":\"https:\\\/\\\/cdu-kaarst.de\\\/wp-content\\\/uploads\\\/header_christian-horn-heinemann_1285x692px.jpg\",\"articleSection\":[\"Presspiegel\"],\"inLanguage\":\"en-GB\"},{\"@type\":\"WebPage\",\"@id\":\"https:\\\/\\\/cdu-kaarst.de\\\/presspiegel\\\/kaarster-rathauswahl-2025-warum-die-cdu-mit-christian-horn-heinemann-jetzt-durchstartet\\\/\",\"url\":\"https:\\\/\\\/cdu-kaarst.de\\\/presspiegel\\\/kaarster-rathauswahl-2025-warum-die-cdu-mit-christian-horn-heinemann-jetzt-durchstartet\\\/\",\"name\":\"Kaarster Rathauswahl 2025: Warum die CDU mit Christian Horn-Heinemann jetzt durchstartet - CDU Kaarst-B\u00fcttgen\",\"isPartOf\":{\"@id\":\"https:\\\/\\\/cdu-kaarst.de\\\/#website\"},\"primaryImageOfPage\":{\"@id\":\"https:\\\/\\\/cdu-kaarst.de\\\/presspiegel\\\/kaarster-rathauswahl-2025-warum-die-cdu-mit-christian-horn-heinemann-jetzt-durchstartet\\\/#primaryimage\"},\"image\":{\"@id\":\"https:\\\/\\\/cdu-kaarst.de\\\/presspiegel\\\/kaarster-rathauswahl-2025-warum-die-cdu-mit-christian-horn-heinemann-jetzt-durchstartet\\\/#primaryimage\"},\"thumbnailUrl\":\"https:\\\/\\\/cdu-kaarst.de\\\/wp-content\\\/uploads\\\/header_christian-horn-heinemann_1285x692px.jpg\",\"datePublished\":\"2025-01-07T16:43:25+00:00\",\"dateModified\":\"2025-04-11T15:44:26+00:00\",\"breadcrumb\":{\"@id\":\"https:\\\/\\\/cdu-kaarst.de\\\/presspiegel\\\/kaarster-rathauswahl-2025-warum-die-cdu-mit-christian-horn-heinemann-jetzt-durchstartet\\\/#breadcrumb\"},\"inLanguage\":\"en-GB\",\"potentialAction\":[{\"@type\":\"ReadAction\",\"target\":[\"https:\\\/\\\/cdu-kaarst.de\\\/presspiegel\\\/kaarster-rathauswahl-2025-warum-die-cdu-mit-christian-horn-heinemann-jetzt-durchstartet\\\/\"]}]},{\"@type\":\"ImageObject\",\"inLanguage\":\"en-GB\",\"@id\":\"https:\\\/\\\/cdu-kaarst.de\\\/presspiegel\\\/kaarster-rathauswahl-2025-warum-die-cdu-mit-christian-horn-heinemann-jetzt-durchstartet\\\/#primaryimage\",\"url\":\"https:\\\/\\\/cdu-kaarst.de\\\/wp-content\\\/uploads\\\/header_christian-horn-heinemann_1285x692px.jpg\",\"contentUrl\":\"https:\\\/\\\/cdu-kaarst.de\\\/wp-content\\\/uploads\\\/header_christian-horn-heinemann_1285x692px.jpg\",\"width\":1285,\"height\":692},{\"@type\":\"BreadcrumbList\",\"@id\":\"https:\\\/\\\/cdu-kaarst.de\\\/presspiegel\\\/kaarster-rathauswahl-2025-warum-die-cdu-mit-christian-horn-heinemann-jetzt-durchstartet\\\/#breadcrumb\",\"itemListElement\":[{\"@type\":\"ListItem\",\"position\":1,\"name\":\"Startseite\",\"item\":\"https:\\\/\\\/cdu-kaarst.de\\\/\"},{\"@type\":\"ListItem\",\"position\":2,\"name\":\"Kaarster Rathauswahl 2025: Warum die CDU mit Christian Horn-Heinemann jetzt durchstartet\"}]},{\"@type\":\"WebSite\",\"@id\":\"https:\\\/\\\/cdu-kaarst.de\\\/#website\",\"url\":\"https:\\\/\\\/cdu-kaarst.de\\\/\",\"name\":\"CDU Kaarst-B\u00fcttgen\",\"description\":\"gut Leben in Kaarst\",\"publisher\":{\"@id\":\"https:\\\/\\\/cdu-kaarst.de\\\/#organization\"},\"potentialAction\":[{\"@type\":\"SearchAction\",\"target\":{\"@type\":\"EntryPoint\",\"urlTemplate\":\"https:\\\/\\\/cdu-kaarst.de\\\/?s={search_term_string}\"},\"query-input\":{\"@type\":\"PropertyValueSpecification\",\"valueRequired\":true,\"valueName\":\"search_term_string\"}}],\"inLanguage\":\"en-GB\"},{\"@type\":\"Organization\",\"@id\":\"https:\\\/\\\/cdu-kaarst.de\\\/#organization\",\"name\":\"CDU Kaarst-B\u00fcttgen\",\"url\":\"https:\\\/\\\/cdu-kaarst.de\\\/\",\"logo\":{\"@type\":\"ImageObject\",\"inLanguage\":\"en-GB\",\"@id\":\"https:\\\/\\\/cdu-kaarst.de\\\/#\\\/schema\\\/logo\\\/image\\\/\",\"url\":\"https:\\\/\\\/cdu-kaarst.de\\\/wp-content\\\/uploads\\\/cdu-gesamtlogo.png\",\"contentUrl\":\"https:\\\/\\\/cdu-kaarst.de\\\/wp-content\\\/uploads\\\/cdu-gesamtlogo.png\",\"width\":418,\"height\":120,\"caption\":\"CDU Kaarst-B\u00fcttgen\"},\"image\":{\"@id\":\"https:\\\/\\\/cdu-kaarst.de\\\/#\\\/schema\\\/logo\\\/image\\\/\"}},{\"@type\":\"Person\",\"@id\":\"https:\\\/\\\/cdu-kaarst.de\\\/#\\\/schema\\\/person\\\/05876a2bd7865609f2946e82cbc73476\",\"name\":\"@dm1n\",\"sameAs\":[\"http:\\\/\\\/cdu-kaarst.de\"]}]}<\/script>\n<!-- \/ Yoast SEO plugin. -->","yoast_head_json":{"title":"Kaarst town hall election 2025: Why the CDU is now taking off with Christian Horn-Heinemann - CDU Kaarst-B\u00fcttgen","robots":{"index":"index","follow":"follow","max-snippet":"max-snippet:-1","max-image-preview":"max-image-preview:large","max-video-preview":"max-video-preview:-1"},"canonical":"https:\/\/cdu-kaarst.de\/en\/presspiegel\/kaarster-rathauswahl-2025-warum-die-cdu-mit-christian-horn-heinemann-jetzt-durchstartet\/","og_locale":"en_GB","og_type":"article","og_title":"Kaarster Rathauswahl 2025: Warum die CDU mit Christian Horn-Heinemann jetzt durchstartet - CDU Kaarst-B\u00fcttgen","og_description":"Wer zieht ins Kaarster Rathaus ein? Die Diskussion rund um die anstehende Kommunalwahl am 15. September 2025 nimmt Fahrt auf \u2013 am 15. September 2025 ist es soweit \u2013 und die CDU Kaarst stellt sich klar auf: B\u00fcrgermeisterkandidat Christian Horn-Heinemann pr\u00e4sentiert \u00fcberzeugende Perspektiven f\u00fcr die Zukunft unserer Stadt. Besonders kritisch sieht die CDU Kaarst die [&hellip;]","og_url":"https:\/\/cdu-kaarst.de\/en\/presspiegel\/kaarster-rathauswahl-2025-warum-die-cdu-mit-christian-horn-heinemann-jetzt-durchstartet\/","og_site_name":"CDU Kaarst-B\u00fcttgen","article_published_time":"2025-01-07T16:43:25+00:00","article_modified_time":"2025-04-11T15:44:26+00:00","og_image":[{"width":1285,"height":692,"url":"https:\/\/cdu-kaarst.de\/wp-content\/uploads\/header_christian-horn-heinemann_1285x692px.jpg","type":"image\/jpeg"}],"author":"@dm1n","twitter_card":"summary_large_image","twitter_misc":{"Written by":"@dm1n","Estimated reading time":"1 minute"},"schema":{"@context":"https:\/\/schema.org","@graph":[{"@type":"Article","@id":"https:\/\/cdu-kaarst.de\/presspiegel\/kaarster-rathauswahl-2025-warum-die-cdu-mit-christian-horn-heinemann-jetzt-durchstartet\/#article","isPartOf":{"@id":"https:\/\/cdu-kaarst.de\/presspiegel\/kaarster-rathauswahl-2025-warum-die-cdu-mit-christian-horn-heinemann-jetzt-durchstartet\/"},"author":{"name":"@dm1n","@id":"https:\/\/cdu-kaarst.de\/#\/schema\/person\/05876a2bd7865609f2946e82cbc73476"},"headline":"Kaarster Rathauswahl 2025: Warum die CDU mit Christian Horn-Heinemann jetzt durchstartet","datePublished":"2025-01-07T16:43:25+00:00","dateModified":"2025-04-11T15:44:26+00:00","mainEntityOfPage":{"@id":"https:\/\/cdu-kaarst.de\/presspiegel\/kaarster-rathauswahl-2025-warum-die-cdu-mit-christian-horn-heinemann-jetzt-durchstartet\/"},"wordCount":130,"publisher":{"@id":"https:\/\/cdu-kaarst.de\/#organization"},"image":{"@id":"https:\/\/cdu-kaarst.de\/presspiegel\/kaarster-rathauswahl-2025-warum-die-cdu-mit-christian-horn-heinemann-jetzt-durchstartet\/#primaryimage"},"thumbnailUrl":"https:\/\/cdu-kaarst.de\/wp-content\/uploads\/header_christian-horn-heinemann_1285x692px.jpg","articleSection":["Presspiegel"],"inLanguage":"en-GB"},{"@type":"WebPage","@id":"https:\/\/cdu-kaarst.de\/presspiegel\/kaarster-rathauswahl-2025-warum-die-cdu-mit-christian-horn-heinemann-jetzt-durchstartet\/","url":"https:\/\/cdu-kaarst.de\/presspiegel\/kaarster-rathauswahl-2025-warum-die-cdu-mit-christian-horn-heinemann-jetzt-durchstartet\/","name":"Kaarst town hall election 2025: Why the CDU is now taking off with Christian Horn-Heinemann - CDU Kaarst-B\u00fcttgen","isPartOf":{"@id":"https:\/\/cdu-kaarst.de\/#website"},"primaryImageOfPage":{"@id":"https:\/\/cdu-kaarst.de\/presspiegel\/kaarster-rathauswahl-2025-warum-die-cdu-mit-christian-horn-heinemann-jetzt-durchstartet\/#primaryimage"},"image":{"@id":"https:\/\/cdu-kaarst.de\/presspiegel\/kaarster-rathauswahl-2025-warum-die-cdu-mit-christian-horn-heinemann-jetzt-durchstartet\/#primaryimage"},"thumbnailUrl":"https:\/\/cdu-kaarst.de\/wp-content\/uploads\/header_christian-horn-heinemann_1285x692px.jpg","datePublished":"2025-01-07T16:43:25+00:00","dateModified":"2025-04-11T15:44:26+00:00","breadcrumb":{"@id":"https:\/\/cdu-kaarst.de\/presspiegel\/kaarster-rathauswahl-2025-warum-die-cdu-mit-christian-horn-heinemann-jetzt-durchstartet\/#breadcrumb"},"inLanguage":"en-GB","potentialAction":[{"@type":"ReadAction","target":["https:\/\/cdu-kaarst.de\/presspiegel\/kaarster-rathauswahl-2025-warum-die-cdu-mit-christian-horn-heinemann-jetzt-durchstartet\/"]}]},{"@type":"ImageObject","inLanguage":"en-GB","@id":"https:\/\/cdu-kaarst.de\/presspiegel\/kaarster-rathauswahl-2025-warum-die-cdu-mit-christian-horn-heinemann-jetzt-durchstartet\/#primaryimage","url":"https:\/\/cdu-kaarst.de\/wp-content\/uploads\/header_christian-horn-heinemann_1285x692px.jpg","contentUrl":"https:\/\/cdu-kaarst.de\/wp-content\/uploads\/header_christian-horn-heinemann_1285x692px.jpg","width":1285,"height":692},{"@type":"BreadcrumbList","@id":"https:\/\/cdu-kaarst.de\/presspiegel\/kaarster-rathauswahl-2025-warum-die-cdu-mit-christian-horn-heinemann-jetzt-durchstartet\/#breadcrumb","itemListElement":[{"@type":"ListItem","position":1,"name":"Startseite","item":"https:\/\/cdu-kaarst.de\/"},{"@type":"ListItem","position":2,"name":"Kaarster Rathauswahl 2025: Warum die CDU mit Christian Horn-Heinemann jetzt durchstartet"}]},{"@type":"WebSite","@id":"https:\/\/cdu-kaarst.de\/#website","url":"https:\/\/cdu-kaarst.de\/","name":"CDU Kaarst-B\u00fcttgen","description":"living well in Kaarst","publisher":{"@id":"https:\/\/cdu-kaarst.de\/#organization"},"potentialAction":[{"@type":"SearchAction","target":{"@type":"EntryPoint","urlTemplate":"https:\/\/cdu-kaarst.de\/?s={search_term_string}"},"query-input":{"@type":"PropertyValueSpecification","valueRequired":true,"valueName":"search_term_string"}}],"inLanguage":"en-GB"},{"@type":"Organization","@id":"https:\/\/cdu-kaarst.de\/#organization","name":"CDU Kaarst-B\u00fcttgen","url":"https:\/\/cdu-kaarst.de\/","logo":{"@type":"ImageObject","inLanguage":"en-GB","@id":"https:\/\/cdu-kaarst.de\/#\/schema\/logo\/image\/","url":"https:\/\/cdu-kaarst.de\/wp-content\/uploads\/cdu-gesamtlogo.png","contentUrl":"https:\/\/cdu-kaarst.de\/wp-content\/uploads\/cdu-gesamtlogo.png","width":418,"height":120,"caption":"CDU Kaarst-B\u00fcttgen"},"image":{"@id":"https:\/\/cdu-kaarst.de\/#\/schema\/logo\/image\/"}},{"@type":"Person","@id":"https:\/\/cdu-kaarst.de\/#\/schema\/person\/05876a2bd7865609f2946e82cbc73476","name":"@dm1n","sameAs":["http:\/\/cdu-kaarst.de"]}]}},"_links":{"self":[{"href":"https:\/\/cdu-kaarst.de\/en\/wp-json\/wp\/v2\/posts\/6440","targetHints":{"allow":["GET"]}}],"collection":[{"href":"https:\/\/cdu-kaarst.de\/en\/wp-json\/wp\/v2\/posts"}],"about":[{"href":"https:\/\/cdu-kaarst.de\/en\/wp-json\/wp\/v2\/types\/post"}],"author":[{"embeddable":true,"href":"https:\/\/cdu-kaarst.de\/en\/wp-json\/wp\/v2\/users\/1"}],"replies":[{"embeddable":true,"href":"https:\/\/cdu-kaarst.de\/en\/wp-json\/wp\/v2\/comments?post=6440"}],"version-history":[{"count":1,"href":"https:\/\/cdu-kaarst.de\/en\/wp-json\/wp\/v2\/posts\/6440\/revisions"}],"predecessor-version":[{"id":6441,"href":"https:\/\/cdu-kaarst.de\/en\/wp-json\/wp\/v2\/posts\/6440\/revisions\/6441"}],"wp:featuredmedia":[{"embeddable":true,"href":"https:\/\/cdu-kaarst.de\/en\/wp-json\/wp\/v2\/media\/6137"}],"wp:attachment":[{"href":"https:\/\/cdu-kaarst.de\/en\/wp-json\/wp\/v2\/media?parent=6440"}],"wp:term":[{"taxonomy":"category","embeddable":true,"href":"https:\/\/cdu-kaarst.de\/en\/wp-json\/wp\/v2\/categories?post=6440"},{"taxonomy":"post_tag","embeddable":true,"href":"https:\/\/cdu-kaarst.de\/en\/wp-json\/wp\/v2\/tags?post=6440"}],"curies":[{"name":"wp","href":"https:\/\/api.w.org\/{rel}","templated":true}]}}