{"id":6446,"date":"2025-03-25T17:50:19","date_gmt":"2025-03-25T16:50:19","guid":{"rendered":"https:\/\/cdu-kaarst.de\/?p=6446"},"modified":"2025-04-11T17:52:40","modified_gmt":"2025-04-11T15:52:40","slug":"cdu-laedt-zu-buergerversammlungen-in-allen-stadtteilen-ein","status":"publish","type":"post","link":"https:\/\/cdu-kaarst.de\/en\/presspiegel\/cdu-laedt-zu-buergerversammlungen-in-allen-stadtteilen-ein\/","title":{"rendered":"CDU invites citizens to meetings in all neighbourhoods"},"content":{"rendered":"<p>The CDU Kaarst is continuing its open dialogue with citizens and invites them to citizens' meetings in all districts. Representatives from the parliamentary group and executive committee will be on hand to answer questions, listen to suggestions and engage in direct dialogue. Kaarst mayoral candidate Christian Horn-Heinemann, Anette Schots-Hamm and parliamentary group chairman Lars Christoph will also be there - together they want to listen, discuss and shape the dialogue.<\/p>\n<p>All dates and information in the Stadt-Kurier article <a href=\"https:\/\/www.stadt-kurier.de\/kaarst\/neue-cdu-buergerversammlungen-in-den-kaarster-stadtteilen_aid-125615235\" target=\"_blank\" rel=\"noopener\">To the article<\/a><\/p>","protected":false},"excerpt":{"rendered":"<p>Die CDU Kaarst setzt den offenen Dialog mit den B\u00fcrgern fort und l\u00e4dt zu B\u00fcrgerversammlungen in allen Stadtteilen ein. Vor Ort stehen Vertreter aus Fraktion und Vorstand f\u00fcr Fragen, Anregungen und den direkten Austausch zur Verf\u00fcgung. Mit dabei sind auch der Kaarster B\u00fcrgermeister-Kandidat Christian Horn-Heinemann, Anette Schots-Hamm und Fraktionsvorsitzender Lars Christoph \u2013 gemeinsam wollen sie [&hellip;]<\/p>\n","protected":false},"author":1,"featured_media":1127,"comment_status":"closed","ping_status":"closed","sticky":false,"template":"","format":"standard","meta":{"footnotes":""},"categories":[111],"tags":[],"class_list":["post-6446","post","type-post","status-publish","format-standard","has-post-thumbnail","hentry","category-presspiegel"],"yoast_head":"<!-- This site is optimized with the Yoast SEO plugin v27.4 - https:\/\/yoast.com\/product\/yoast-seo-wordpress\/ -->\n<title>CDU l\u00e4dt zu B\u00fcrgerversammlungen in allen Stadtteilen ein - CDU Kaarst-B\u00fcttgen<\/title>\n<meta name=\"robots\" content=\"index, follow, max-snippet:-1, max-image-preview:large, max-video-preview:-1\" \/>\n<link rel=\"canonical\" href=\"https:\/\/cdu-kaarst.de\/en\/presspiegel\/cdu-laedt-zu-buergerversammlungen-in-allen-stadtteilen-ein\/\" \/>\n<meta property=\"og:locale\" content=\"en_GB\" \/>\n<meta property=\"og:type\" content=\"article\" \/>\n<meta property=\"og:title\" content=\"CDU l\u00e4dt zu B\u00fcrgerversammlungen in allen Stadtteilen ein - CDU Kaarst-B\u00fcttgen\" \/>\n<meta property=\"og:description\" content=\"Die CDU Kaarst setzt den offenen Dialog mit den B\u00fcrgern fort und l\u00e4dt zu B\u00fcrgerversammlungen in allen Stadtteilen ein. Vor Ort stehen Vertreter aus Fraktion und Vorstand f\u00fcr Fragen, Anregungen und den direkten Austausch zur Verf\u00fcgung. Mit dabei sind auch der Kaarster B\u00fcrgermeister-Kandidat Christian Horn-Heinemann, Anette Schots-Hamm und Fraktionsvorsitzender Lars Christoph \u2013 gemeinsam wollen sie [&hellip;]\" \/>\n<meta property=\"og:url\" content=\"https:\/\/cdu-kaarst.de\/en\/presspiegel\/cdu-laedt-zu-buergerversammlungen-in-allen-stadtteilen-ein\/\" \/>\n<meta property=\"og:site_name\" content=\"CDU Kaarst-B\u00fcttgen\" \/>\n<meta property=\"article:published_time\" content=\"2025-03-25T16:50:19+00:00\" \/>\n<meta property=\"article:modified_time\" content=\"2025-04-11T15:52:40+00:00\" \/>\n<meta property=\"og:image\" content=\"https:\/\/cdu-kaarst.de\/wp-content\/uploads\/cdu-kaarst_kirschblueten_fluss.jpg\" \/>\n\t<meta property=\"og:image:width\" content=\"1000\" \/>\n\t<meta property=\"og:image:height\" content=\"667\" \/>\n\t<meta property=\"og:image:type\" content=\"image\/jpeg\" \/>\n<meta name=\"author\" content=\"@dm1n\" \/>\n<meta name=\"twitter:card\" content=\"summary_large_image\" \/>\n<meta name=\"twitter:label1\" content=\"Written by\" \/>\n\t<meta name=\"twitter:data1\" content=\"@dm1n\" \/>\n\t<meta name=\"twitter:label2\" content=\"Estimated reading time\" \/>\n\t<meta name=\"twitter:data2\" content=\"1 minute\" \/>\n<script type=\"application\/ld+json\" class=\"yoast-schema-graph\">{\"@context\":\"https:\\\/\\\/schema.org\",\"@graph\":[{\"@type\":\"Article\",\"@id\":\"https:\\\/\\\/cdu-kaarst.de\\\/presspiegel\\\/cdu-laedt-zu-buergerversammlungen-in-allen-stadtteilen-ein\\\/#article\",\"isPartOf\":{\"@id\":\"https:\\\/\\\/cdu-kaarst.de\\\/presspiegel\\\/cdu-laedt-zu-buergerversammlungen-in-allen-stadtteilen-ein\\\/\"},\"author\":{\"name\":\"@dm1n\",\"@id\":\"https:\\\/\\\/cdu-kaarst.de\\\/#\\\/schema\\\/person\\\/05876a2bd7865609f2946e82cbc73476\"},\"headline\":\"CDU l\u00e4dt zu B\u00fcrgerversammlungen in allen Stadtteilen ein\",\"datePublished\":\"2025-03-25T16:50:19+00:00\",\"dateModified\":\"2025-04-11T15:52:40+00:00\",\"mainEntityOfPage\":{\"@id\":\"https:\\\/\\\/cdu-kaarst.de\\\/presspiegel\\\/cdu-laedt-zu-buergerversammlungen-in-allen-stadtteilen-ein\\\/\"},\"wordCount\":85,\"publisher\":{\"@id\":\"https:\\\/\\\/cdu-kaarst.de\\\/#organization\"},\"image\":{\"@id\":\"https:\\\/\\\/cdu-kaarst.de\\\/presspiegel\\\/cdu-laedt-zu-buergerversammlungen-in-allen-stadtteilen-ein\\\/#primaryimage\"},\"thumbnailUrl\":\"https:\\\/\\\/cdu-kaarst.de\\\/wp-content\\\/uploads\\\/cdu-kaarst_kirschblueten_fluss.jpg\",\"articleSection\":[\"Presspiegel\"],\"inLanguage\":\"en-GB\"},{\"@type\":\"WebPage\",\"@id\":\"https:\\\/\\\/cdu-kaarst.de\\\/presspiegel\\\/cdu-laedt-zu-buergerversammlungen-in-allen-stadtteilen-ein\\\/\",\"url\":\"https:\\\/\\\/cdu-kaarst.de\\\/presspiegel\\\/cdu-laedt-zu-buergerversammlungen-in-allen-stadtteilen-ein\\\/\",\"name\":\"CDU l\u00e4dt zu B\u00fcrgerversammlungen in allen Stadtteilen ein - CDU Kaarst-B\u00fcttgen\",\"isPartOf\":{\"@id\":\"https:\\\/\\\/cdu-kaarst.de\\\/#website\"},\"primaryImageOfPage\":{\"@id\":\"https:\\\/\\\/cdu-kaarst.de\\\/presspiegel\\\/cdu-laedt-zu-buergerversammlungen-in-allen-stadtteilen-ein\\\/#primaryimage\"},\"image\":{\"@id\":\"https:\\\/\\\/cdu-kaarst.de\\\/presspiegel\\\/cdu-laedt-zu-buergerversammlungen-in-allen-stadtteilen-ein\\\/#primaryimage\"},\"thumbnailUrl\":\"https:\\\/\\\/cdu-kaarst.de\\\/wp-content\\\/uploads\\\/cdu-kaarst_kirschblueten_fluss.jpg\",\"datePublished\":\"2025-03-25T16:50:19+00:00\",\"dateModified\":\"2025-04-11T15:52:40+00:00\",\"breadcrumb\":{\"@id\":\"https:\\\/\\\/cdu-kaarst.de\\\/presspiegel\\\/cdu-laedt-zu-buergerversammlungen-in-allen-stadtteilen-ein\\\/#breadcrumb\"},\"inLanguage\":\"en-GB\",\"potentialAction\":[{\"@type\":\"ReadAction\",\"target\":[\"https:\\\/\\\/cdu-kaarst.de\\\/presspiegel\\\/cdu-laedt-zu-buergerversammlungen-in-allen-stadtteilen-ein\\\/\"]}]},{\"@type\":\"ImageObject\",\"inLanguage\":\"en-GB\",\"@id\":\"https:\\\/\\\/cdu-kaarst.de\\\/presspiegel\\\/cdu-laedt-zu-buergerversammlungen-in-allen-stadtteilen-ein\\\/#primaryimage\",\"url\":\"https:\\\/\\\/cdu-kaarst.de\\\/wp-content\\\/uploads\\\/cdu-kaarst_kirschblueten_fluss.jpg\",\"contentUrl\":\"https:\\\/\\\/cdu-kaarst.de\\\/wp-content\\\/uploads\\\/cdu-kaarst_kirschblueten_fluss.jpg\",\"width\":1000,\"height\":667,\"caption\":\"CDU Kaarst | Kirschbl\u00fcten\"},{\"@type\":\"BreadcrumbList\",\"@id\":\"https:\\\/\\\/cdu-kaarst.de\\\/presspiegel\\\/cdu-laedt-zu-buergerversammlungen-in-allen-stadtteilen-ein\\\/#breadcrumb\",\"itemListElement\":[{\"@type\":\"ListItem\",\"position\":1,\"name\":\"Startseite\",\"item\":\"https:\\\/\\\/cdu-kaarst.de\\\/\"},{\"@type\":\"ListItem\",\"position\":2,\"name\":\"CDU l\u00e4dt zu B\u00fcrgerversammlungen in allen Stadtteilen ein\"}]},{\"@type\":\"WebSite\",\"@id\":\"https:\\\/\\\/cdu-kaarst.de\\\/#website\",\"url\":\"https:\\\/\\\/cdu-kaarst.de\\\/\",\"name\":\"CDU Kaarst-B\u00fcttgen\",\"description\":\"gut Leben in Kaarst\",\"publisher\":{\"@id\":\"https:\\\/\\\/cdu-kaarst.de\\\/#organization\"},\"potentialAction\":[{\"@type\":\"SearchAction\",\"target\":{\"@type\":\"EntryPoint\",\"urlTemplate\":\"https:\\\/\\\/cdu-kaarst.de\\\/?s={search_term_string}\"},\"query-input\":{\"@type\":\"PropertyValueSpecification\",\"valueRequired\":true,\"valueName\":\"search_term_string\"}}],\"inLanguage\":\"en-GB\"},{\"@type\":\"Organization\",\"@id\":\"https:\\\/\\\/cdu-kaarst.de\\\/#organization\",\"name\":\"CDU Kaarst-B\u00fcttgen\",\"url\":\"https:\\\/\\\/cdu-kaarst.de\\\/\",\"logo\":{\"@type\":\"ImageObject\",\"inLanguage\":\"en-GB\",\"@id\":\"https:\\\/\\\/cdu-kaarst.de\\\/#\\\/schema\\\/logo\\\/image\\\/\",\"url\":\"https:\\\/\\\/cdu-kaarst.de\\\/wp-content\\\/uploads\\\/cdu-gesamtlogo.png\",\"contentUrl\":\"https:\\\/\\\/cdu-kaarst.de\\\/wp-content\\\/uploads\\\/cdu-gesamtlogo.png\",\"width\":418,\"height\":120,\"caption\":\"CDU Kaarst-B\u00fcttgen\"},\"image\":{\"@id\":\"https:\\\/\\\/cdu-kaarst.de\\\/#\\\/schema\\\/logo\\\/image\\\/\"}},{\"@type\":\"Person\",\"@id\":\"https:\\\/\\\/cdu-kaarst.de\\\/#\\\/schema\\\/person\\\/05876a2bd7865609f2946e82cbc73476\",\"name\":\"@dm1n\",\"sameAs\":[\"http:\\\/\\\/cdu-kaarst.de\"]}]}<\/script>\n<!-- \/ Yoast SEO plugin. -->","yoast_head_json":{"title":"CDU l\u00e4dt zu B\u00fcrgerversammlungen in allen Stadtteilen ein - CDU Kaarst-B\u00fcttgen","robots":{"index":"index","follow":"follow","max-snippet":"max-snippet:-1","max-image-preview":"max-image-preview:large","max-video-preview":"max-video-preview:-1"},"canonical":"https:\/\/cdu-kaarst.de\/en\/presspiegel\/cdu-laedt-zu-buergerversammlungen-in-allen-stadtteilen-ein\/","og_locale":"en_GB","og_type":"article","og_title":"CDU l\u00e4dt zu B\u00fcrgerversammlungen in allen Stadtteilen ein - CDU Kaarst-B\u00fcttgen","og_description":"Die CDU Kaarst setzt den offenen Dialog mit den B\u00fcrgern fort und l\u00e4dt zu B\u00fcrgerversammlungen in allen Stadtteilen ein. Vor Ort stehen Vertreter aus Fraktion und Vorstand f\u00fcr Fragen, Anregungen und den direkten Austausch zur Verf\u00fcgung. Mit dabei sind auch der Kaarster B\u00fcrgermeister-Kandidat Christian Horn-Heinemann, Anette Schots-Hamm und Fraktionsvorsitzender Lars Christoph \u2013 gemeinsam wollen sie [&hellip;]","og_url":"https:\/\/cdu-kaarst.de\/en\/presspiegel\/cdu-laedt-zu-buergerversammlungen-in-allen-stadtteilen-ein\/","og_site_name":"CDU Kaarst-B\u00fcttgen","article_published_time":"2025-03-25T16:50:19+00:00","article_modified_time":"2025-04-11T15:52:40+00:00","og_image":[{"width":1000,"height":667,"url":"https:\/\/cdu-kaarst.de\/wp-content\/uploads\/cdu-kaarst_kirschblueten_fluss.jpg","type":"image\/jpeg"}],"author":"@dm1n","twitter_card":"summary_large_image","twitter_misc":{"Written by":"@dm1n","Estimated reading time":"1 minute"},"schema":{"@context":"https:\/\/schema.org","@graph":[{"@type":"Article","@id":"https:\/\/cdu-kaarst.de\/presspiegel\/cdu-laedt-zu-buergerversammlungen-in-allen-stadtteilen-ein\/#article","isPartOf":{"@id":"https:\/\/cdu-kaarst.de\/presspiegel\/cdu-laedt-zu-buergerversammlungen-in-allen-stadtteilen-ein\/"},"author":{"name":"@dm1n","@id":"https:\/\/cdu-kaarst.de\/#\/schema\/person\/05876a2bd7865609f2946e82cbc73476"},"headline":"CDU l\u00e4dt zu B\u00fcrgerversammlungen in allen Stadtteilen ein","datePublished":"2025-03-25T16:50:19+00:00","dateModified":"2025-04-11T15:52:40+00:00","mainEntityOfPage":{"@id":"https:\/\/cdu-kaarst.de\/presspiegel\/cdu-laedt-zu-buergerversammlungen-in-allen-stadtteilen-ein\/"},"wordCount":85,"publisher":{"@id":"https:\/\/cdu-kaarst.de\/#organization"},"image":{"@id":"https:\/\/cdu-kaarst.de\/presspiegel\/cdu-laedt-zu-buergerversammlungen-in-allen-stadtteilen-ein\/#primaryimage"},"thumbnailUrl":"https:\/\/cdu-kaarst.de\/wp-content\/uploads\/cdu-kaarst_kirschblueten_fluss.jpg","articleSection":["Presspiegel"],"inLanguage":"en-GB"},{"@type":"WebPage","@id":"https:\/\/cdu-kaarst.de\/presspiegel\/cdu-laedt-zu-buergerversammlungen-in-allen-stadtteilen-ein\/","url":"https:\/\/cdu-kaarst.de\/presspiegel\/cdu-laedt-zu-buergerversammlungen-in-allen-stadtteilen-ein\/","name":"CDU l\u00e4dt zu B\u00fcrgerversammlungen in allen Stadtteilen ein - CDU Kaarst-B\u00fcttgen","isPartOf":{"@id":"https:\/\/cdu-kaarst.de\/#website"},"primaryImageOfPage":{"@id":"https:\/\/cdu-kaarst.de\/presspiegel\/cdu-laedt-zu-buergerversammlungen-in-allen-stadtteilen-ein\/#primaryimage"},"image":{"@id":"https:\/\/cdu-kaarst.de\/presspiegel\/cdu-laedt-zu-buergerversammlungen-in-allen-stadtteilen-ein\/#primaryimage"},"thumbnailUrl":"https:\/\/cdu-kaarst.de\/wp-content\/uploads\/cdu-kaarst_kirschblueten_fluss.jpg","datePublished":"2025-03-25T16:50:19+00:00","dateModified":"2025-04-11T15:52:40+00:00","breadcrumb":{"@id":"https:\/\/cdu-kaarst.de\/presspiegel\/cdu-laedt-zu-buergerversammlungen-in-allen-stadtteilen-ein\/#breadcrumb"},"inLanguage":"en-GB","potentialAction":[{"@type":"ReadAction","target":["https:\/\/cdu-kaarst.de\/presspiegel\/cdu-laedt-zu-buergerversammlungen-in-allen-stadtteilen-ein\/"]}]},{"@type":"ImageObject","inLanguage":"en-GB","@id":"https:\/\/cdu-kaarst.de\/presspiegel\/cdu-laedt-zu-buergerversammlungen-in-allen-stadtteilen-ein\/#primaryimage","url":"https:\/\/cdu-kaarst.de\/wp-content\/uploads\/cdu-kaarst_kirschblueten_fluss.jpg","contentUrl":"https:\/\/cdu-kaarst.de\/wp-content\/uploads\/cdu-kaarst_kirschblueten_fluss.jpg","width":1000,"height":667,"caption":"CDU Kaarst | Kirschbl\u00fcten"},{"@type":"BreadcrumbList","@id":"https:\/\/cdu-kaarst.de\/presspiegel\/cdu-laedt-zu-buergerversammlungen-in-allen-stadtteilen-ein\/#breadcrumb","itemListElement":[{"@type":"ListItem","position":1,"name":"Startseite","item":"https:\/\/cdu-kaarst.de\/"},{"@type":"ListItem","position":2,"name":"CDU l\u00e4dt zu B\u00fcrgerversammlungen in allen Stadtteilen ein"}]},{"@type":"WebSite","@id":"https:\/\/cdu-kaarst.de\/#website","url":"https:\/\/cdu-kaarst.de\/","name":"CDU Kaarst-B\u00fcttgen","description":"living well in Kaarst","publisher":{"@id":"https:\/\/cdu-kaarst.de\/#organization"},"potentialAction":[{"@type":"SearchAction","target":{"@type":"EntryPoint","urlTemplate":"https:\/\/cdu-kaarst.de\/?s={search_term_string}"},"query-input":{"@type":"PropertyValueSpecification","valueRequired":true,"valueName":"search_term_string"}}],"inLanguage":"en-GB"},{"@type":"Organization","@id":"https:\/\/cdu-kaarst.de\/#organization","name":"CDU Kaarst-B\u00fcttgen","url":"https:\/\/cdu-kaarst.de\/","logo":{"@type":"ImageObject","inLanguage":"en-GB","@id":"https:\/\/cdu-kaarst.de\/#\/schema\/logo\/image\/","url":"https:\/\/cdu-kaarst.de\/wp-content\/uploads\/cdu-gesamtlogo.png","contentUrl":"https:\/\/cdu-kaarst.de\/wp-content\/uploads\/cdu-gesamtlogo.png","width":418,"height":120,"caption":"CDU Kaarst-B\u00fcttgen"},"image":{"@id":"https:\/\/cdu-kaarst.de\/#\/schema\/logo\/image\/"}},{"@type":"Person","@id":"https:\/\/cdu-kaarst.de\/#\/schema\/person\/05876a2bd7865609f2946e82cbc73476","name":"@dm1n","sameAs":["http:\/\/cdu-kaarst.de"]}]}},"_links":{"self":[{"href":"https:\/\/cdu-kaarst.de\/en\/wp-json\/wp\/v2\/posts\/6446","targetHints":{"allow":["GET"]}}],"collection":[{"href":"https:\/\/cdu-kaarst.de\/en\/wp-json\/wp\/v2\/posts"}],"about":[{"href":"https:\/\/cdu-kaarst.de\/en\/wp-json\/wp\/v2\/types\/post"}],"author":[{"embeddable":true,"href":"https:\/\/cdu-kaarst.de\/en\/wp-json\/wp\/v2\/users\/1"}],"replies":[{"embeddable":true,"href":"https:\/\/cdu-kaarst.de\/en\/wp-json\/wp\/v2\/comments?post=6446"}],"version-history":[{"count":1,"href":"https:\/\/cdu-kaarst.de\/en\/wp-json\/wp\/v2\/posts\/6446\/revisions"}],"predecessor-version":[{"id":6447,"href":"https:\/\/cdu-kaarst.de\/en\/wp-json\/wp\/v2\/posts\/6446\/revisions\/6447"}],"wp:featuredmedia":[{"embeddable":true,"href":"https:\/\/cdu-kaarst.de\/en\/wp-json\/wp\/v2\/media\/1127"}],"wp:attachment":[{"href":"https:\/\/cdu-kaarst.de\/en\/wp-json\/wp\/v2\/media?parent=6446"}],"wp:term":[{"taxonomy":"category","embeddable":true,"href":"https:\/\/cdu-kaarst.de\/en\/wp-json\/wp\/v2\/categories?post=6446"},{"taxonomy":"post_tag","embeddable":true,"href":"https:\/\/cdu-kaarst.de\/en\/wp-json\/wp\/v2\/tags?post=6446"}],"curies":[{"name":"wp","href":"https:\/\/api.w.org\/{rel}","templated":true}]}}