{"id":6448,"date":"2025-03-24T17:53:52","date_gmt":"2025-03-24T16:53:52","guid":{"rendered":"https:\/\/cdu-kaarst.de\/?p=6448"},"modified":"2025-04-11T17:56:23","modified_gmt":"2025-04-11T15:56:23","slug":"cdu-startet-neue-runde-der-buergerversammlungen-in-kaarst","status":"publish","type":"post","link":"https:\/\/cdu-kaarst.de\/en\/presspiegel\/cdu-startet-neue-runde-der-buergerversammlungen-in-kaarst\/","title":{"rendered":"CDU launches new round of citizens' meetings in Kaarst"},"content":{"rendered":"<p>The CDU Kaarst is once again inviting citizens to meetings in all districts. The aim is to engage directly with citizens on current issues and local concerns. Also taking part: mayoral candidate Christian Horn-Heinemann, Anette Schots-Hamm and parliamentary group leader Lars Christoph. Together, they want to listen, inform and take up ideas.<\/p>\n<p>Read more in the Rheinische Post article\u00a0 <a href=\"https:\/\/rp-online.de\/nrw\/staedte\/kaarst\/kaarst-cdu-veranstaltet-wieder-buergerversammlungen-in-den-ortsteilen_aid-125312371\" target=\"_blank\" rel=\"noopener\">To the article<\/a><\/p>","protected":false},"excerpt":{"rendered":"<p>Die CDU Kaarst l\u00e4dt erneut zu B\u00fcrgerversammlungen in allen Ortsteilen ein. Ziel ist der direkte Austausch mit den B\u00fcrgern zu aktuellen Themen und lokalen Anliegen. Mit dabei: B\u00fcrgermeister-Kandidat Christian Horn-Heinemann, Anette Schots-Hamm und Fraktionsvorsitzender Lars Christoph. Gemeinsam m\u00f6chten sie zuh\u00f6ren, informieren und Impulse aufnehmen. Mehr dazu im Artikel der Rheinischen Post\u00a0 Zum Artikel<\/p>","protected":false},"author":1,"featured_media":1138,"comment_status":"closed","ping_status":"closed","sticky":false,"template":"","format":"standard","meta":{"footnotes":""},"categories":[111],"tags":[],"class_list":["post-6448","post","type-post","status-publish","format-standard","has-post-thumbnail","hentry","category-presspiegel"],"yoast_head":"<!-- This site is optimized with the Yoast SEO plugin v27.4 - https:\/\/yoast.com\/product\/yoast-seo-wordpress\/ -->\n<title>CDU startet neue Runde der B\u00fcrgerversammlungen in Kaarst - CDU Kaarst-B\u00fcttgen<\/title>\n<meta name=\"robots\" content=\"index, follow, max-snippet:-1, max-image-preview:large, max-video-preview:-1\" \/>\n<link rel=\"canonical\" href=\"https:\/\/cdu-kaarst.de\/en\/presspiegel\/cdu-startet-neue-runde-der-buergerversammlungen-in-kaarst\/\" \/>\n<meta property=\"og:locale\" content=\"en_GB\" \/>\n<meta property=\"og:type\" content=\"article\" \/>\n<meta property=\"og:title\" content=\"CDU startet neue Runde der B\u00fcrgerversammlungen in Kaarst - CDU Kaarst-B\u00fcttgen\" \/>\n<meta property=\"og:description\" content=\"Die CDU Kaarst l\u00e4dt erneut zu B\u00fcrgerversammlungen in allen Ortsteilen ein. Ziel ist der direkte Austausch mit den B\u00fcrgern zu aktuellen Themen und lokalen Anliegen. Mit dabei: B\u00fcrgermeister-Kandidat Christian Horn-Heinemann, Anette Schots-Hamm und Fraktionsvorsitzender Lars Christoph. Gemeinsam m\u00f6chten sie zuh\u00f6ren, informieren und Impulse aufnehmen. Mehr dazu im Artikel der Rheinischen Post\u00a0 Zum Artikel\" \/>\n<meta property=\"og:url\" content=\"https:\/\/cdu-kaarst.de\/en\/presspiegel\/cdu-startet-neue-runde-der-buergerversammlungen-in-kaarst\/\" \/>\n<meta property=\"og:site_name\" content=\"CDU Kaarst-B\u00fcttgen\" \/>\n<meta property=\"article:published_time\" content=\"2025-03-24T16:53:52+00:00\" \/>\n<meta property=\"article:modified_time\" content=\"2025-04-11T15:56:23+00:00\" \/>\n<meta property=\"og:image\" content=\"https:\/\/cdu-kaarst.de\/wp-content\/uploads\/cdu-kaarst_weg_kirschblueten.jpg\" \/>\n\t<meta property=\"og:image:width\" content=\"1000\" \/>\n\t<meta property=\"og:image:height\" content=\"667\" \/>\n\t<meta property=\"og:image:type\" content=\"image\/jpeg\" \/>\n<meta name=\"author\" content=\"@dm1n\" \/>\n<meta name=\"twitter:card\" content=\"summary_large_image\" \/>\n<meta name=\"twitter:label1\" content=\"Written by\" \/>\n\t<meta name=\"twitter:data1\" content=\"@dm1n\" \/>\n\t<meta name=\"twitter:label2\" content=\"Estimated reading time\" \/>\n\t<meta name=\"twitter:data2\" content=\"1 minute\" \/>\n<script type=\"application\/ld+json\" class=\"yoast-schema-graph\">{\"@context\":\"https:\\\/\\\/schema.org\",\"@graph\":[{\"@type\":\"Article\",\"@id\":\"https:\\\/\\\/cdu-kaarst.de\\\/presspiegel\\\/cdu-startet-neue-runde-der-buergerversammlungen-in-kaarst\\\/#article\",\"isPartOf\":{\"@id\":\"https:\\\/\\\/cdu-kaarst.de\\\/presspiegel\\\/cdu-startet-neue-runde-der-buergerversammlungen-in-kaarst\\\/\"},\"author\":{\"name\":\"@dm1n\",\"@id\":\"https:\\\/\\\/cdu-kaarst.de\\\/#\\\/schema\\\/person\\\/05876a2bd7865609f2946e82cbc73476\"},\"headline\":\"CDU startet neue Runde der B\u00fcrgerversammlungen in Kaarst\",\"datePublished\":\"2025-03-24T16:53:52+00:00\",\"dateModified\":\"2025-04-11T15:56:23+00:00\",\"mainEntityOfPage\":{\"@id\":\"https:\\\/\\\/cdu-kaarst.de\\\/presspiegel\\\/cdu-startet-neue-runde-der-buergerversammlungen-in-kaarst\\\/\"},\"wordCount\":68,\"publisher\":{\"@id\":\"https:\\\/\\\/cdu-kaarst.de\\\/#organization\"},\"image\":{\"@id\":\"https:\\\/\\\/cdu-kaarst.de\\\/presspiegel\\\/cdu-startet-neue-runde-der-buergerversammlungen-in-kaarst\\\/#primaryimage\"},\"thumbnailUrl\":\"https:\\\/\\\/cdu-kaarst.de\\\/wp-content\\\/uploads\\\/cdu-kaarst_weg_kirschblueten.jpg\",\"articleSection\":[\"Presspiegel\"],\"inLanguage\":\"en-GB\"},{\"@type\":\"WebPage\",\"@id\":\"https:\\\/\\\/cdu-kaarst.de\\\/presspiegel\\\/cdu-startet-neue-runde-der-buergerversammlungen-in-kaarst\\\/\",\"url\":\"https:\\\/\\\/cdu-kaarst.de\\\/presspiegel\\\/cdu-startet-neue-runde-der-buergerversammlungen-in-kaarst\\\/\",\"name\":\"CDU startet neue Runde der B\u00fcrgerversammlungen in Kaarst - CDU Kaarst-B\u00fcttgen\",\"isPartOf\":{\"@id\":\"https:\\\/\\\/cdu-kaarst.de\\\/#website\"},\"primaryImageOfPage\":{\"@id\":\"https:\\\/\\\/cdu-kaarst.de\\\/presspiegel\\\/cdu-startet-neue-runde-der-buergerversammlungen-in-kaarst\\\/#primaryimage\"},\"image\":{\"@id\":\"https:\\\/\\\/cdu-kaarst.de\\\/presspiegel\\\/cdu-startet-neue-runde-der-buergerversammlungen-in-kaarst\\\/#primaryimage\"},\"thumbnailUrl\":\"https:\\\/\\\/cdu-kaarst.de\\\/wp-content\\\/uploads\\\/cdu-kaarst_weg_kirschblueten.jpg\",\"datePublished\":\"2025-03-24T16:53:52+00:00\",\"dateModified\":\"2025-04-11T15:56:23+00:00\",\"breadcrumb\":{\"@id\":\"https:\\\/\\\/cdu-kaarst.de\\\/presspiegel\\\/cdu-startet-neue-runde-der-buergerversammlungen-in-kaarst\\\/#breadcrumb\"},\"inLanguage\":\"en-GB\",\"potentialAction\":[{\"@type\":\"ReadAction\",\"target\":[\"https:\\\/\\\/cdu-kaarst.de\\\/presspiegel\\\/cdu-startet-neue-runde-der-buergerversammlungen-in-kaarst\\\/\"]}]},{\"@type\":\"ImageObject\",\"inLanguage\":\"en-GB\",\"@id\":\"https:\\\/\\\/cdu-kaarst.de\\\/presspiegel\\\/cdu-startet-neue-runde-der-buergerversammlungen-in-kaarst\\\/#primaryimage\",\"url\":\"https:\\\/\\\/cdu-kaarst.de\\\/wp-content\\\/uploads\\\/cdu-kaarst_weg_kirschblueten.jpg\",\"contentUrl\":\"https:\\\/\\\/cdu-kaarst.de\\\/wp-content\\\/uploads\\\/cdu-kaarst_weg_kirschblueten.jpg\",\"width\":1000,\"height\":667,\"caption\":\"CDU Kaarst | Kirschbl\u00fcten\"},{\"@type\":\"BreadcrumbList\",\"@id\":\"https:\\\/\\\/cdu-kaarst.de\\\/presspiegel\\\/cdu-startet-neue-runde-der-buergerversammlungen-in-kaarst\\\/#breadcrumb\",\"itemListElement\":[{\"@type\":\"ListItem\",\"position\":1,\"name\":\"Startseite\",\"item\":\"https:\\\/\\\/cdu-kaarst.de\\\/\"},{\"@type\":\"ListItem\",\"position\":2,\"name\":\"CDU startet neue Runde der B\u00fcrgerversammlungen in Kaarst\"}]},{\"@type\":\"WebSite\",\"@id\":\"https:\\\/\\\/cdu-kaarst.de\\\/#website\",\"url\":\"https:\\\/\\\/cdu-kaarst.de\\\/\",\"name\":\"CDU Kaarst-B\u00fcttgen\",\"description\":\"gut Leben in Kaarst\",\"publisher\":{\"@id\":\"https:\\\/\\\/cdu-kaarst.de\\\/#organization\"},\"potentialAction\":[{\"@type\":\"SearchAction\",\"target\":{\"@type\":\"EntryPoint\",\"urlTemplate\":\"https:\\\/\\\/cdu-kaarst.de\\\/?s={search_term_string}\"},\"query-input\":{\"@type\":\"PropertyValueSpecification\",\"valueRequired\":true,\"valueName\":\"search_term_string\"}}],\"inLanguage\":\"en-GB\"},{\"@type\":\"Organization\",\"@id\":\"https:\\\/\\\/cdu-kaarst.de\\\/#organization\",\"name\":\"CDU Kaarst-B\u00fcttgen\",\"url\":\"https:\\\/\\\/cdu-kaarst.de\\\/\",\"logo\":{\"@type\":\"ImageObject\",\"inLanguage\":\"en-GB\",\"@id\":\"https:\\\/\\\/cdu-kaarst.de\\\/#\\\/schema\\\/logo\\\/image\\\/\",\"url\":\"https:\\\/\\\/cdu-kaarst.de\\\/wp-content\\\/uploads\\\/cdu-gesamtlogo.png\",\"contentUrl\":\"https:\\\/\\\/cdu-kaarst.de\\\/wp-content\\\/uploads\\\/cdu-gesamtlogo.png\",\"width\":418,\"height\":120,\"caption\":\"CDU Kaarst-B\u00fcttgen\"},\"image\":{\"@id\":\"https:\\\/\\\/cdu-kaarst.de\\\/#\\\/schema\\\/logo\\\/image\\\/\"}},{\"@type\":\"Person\",\"@id\":\"https:\\\/\\\/cdu-kaarst.de\\\/#\\\/schema\\\/person\\\/05876a2bd7865609f2946e82cbc73476\",\"name\":\"@dm1n\",\"sameAs\":[\"http:\\\/\\\/cdu-kaarst.de\"]}]}<\/script>\n<!-- \/ Yoast SEO plugin. -->","yoast_head_json":{"title":"CDU startet neue Runde der B\u00fcrgerversammlungen in Kaarst - CDU Kaarst-B\u00fcttgen","robots":{"index":"index","follow":"follow","max-snippet":"max-snippet:-1","max-image-preview":"max-image-preview:large","max-video-preview":"max-video-preview:-1"},"canonical":"https:\/\/cdu-kaarst.de\/en\/presspiegel\/cdu-startet-neue-runde-der-buergerversammlungen-in-kaarst\/","og_locale":"en_GB","og_type":"article","og_title":"CDU startet neue Runde der B\u00fcrgerversammlungen in Kaarst - CDU Kaarst-B\u00fcttgen","og_description":"Die CDU Kaarst l\u00e4dt erneut zu B\u00fcrgerversammlungen in allen Ortsteilen ein. Ziel ist der direkte Austausch mit den B\u00fcrgern zu aktuellen Themen und lokalen Anliegen. Mit dabei: B\u00fcrgermeister-Kandidat Christian Horn-Heinemann, Anette Schots-Hamm und Fraktionsvorsitzender Lars Christoph. Gemeinsam m\u00f6chten sie zuh\u00f6ren, informieren und Impulse aufnehmen. Mehr dazu im Artikel der Rheinischen Post\u00a0 Zum Artikel","og_url":"https:\/\/cdu-kaarst.de\/en\/presspiegel\/cdu-startet-neue-runde-der-buergerversammlungen-in-kaarst\/","og_site_name":"CDU Kaarst-B\u00fcttgen","article_published_time":"2025-03-24T16:53:52+00:00","article_modified_time":"2025-04-11T15:56:23+00:00","og_image":[{"width":1000,"height":667,"url":"https:\/\/cdu-kaarst.de\/wp-content\/uploads\/cdu-kaarst_weg_kirschblueten.jpg","type":"image\/jpeg"}],"author":"@dm1n","twitter_card":"summary_large_image","twitter_misc":{"Written by":"@dm1n","Estimated reading time":"1 minute"},"schema":{"@context":"https:\/\/schema.org","@graph":[{"@type":"Article","@id":"https:\/\/cdu-kaarst.de\/presspiegel\/cdu-startet-neue-runde-der-buergerversammlungen-in-kaarst\/#article","isPartOf":{"@id":"https:\/\/cdu-kaarst.de\/presspiegel\/cdu-startet-neue-runde-der-buergerversammlungen-in-kaarst\/"},"author":{"name":"@dm1n","@id":"https:\/\/cdu-kaarst.de\/#\/schema\/person\/05876a2bd7865609f2946e82cbc73476"},"headline":"CDU startet neue Runde der B\u00fcrgerversammlungen in Kaarst","datePublished":"2025-03-24T16:53:52+00:00","dateModified":"2025-04-11T15:56:23+00:00","mainEntityOfPage":{"@id":"https:\/\/cdu-kaarst.de\/presspiegel\/cdu-startet-neue-runde-der-buergerversammlungen-in-kaarst\/"},"wordCount":68,"publisher":{"@id":"https:\/\/cdu-kaarst.de\/#organization"},"image":{"@id":"https:\/\/cdu-kaarst.de\/presspiegel\/cdu-startet-neue-runde-der-buergerversammlungen-in-kaarst\/#primaryimage"},"thumbnailUrl":"https:\/\/cdu-kaarst.de\/wp-content\/uploads\/cdu-kaarst_weg_kirschblueten.jpg","articleSection":["Presspiegel"],"inLanguage":"en-GB"},{"@type":"WebPage","@id":"https:\/\/cdu-kaarst.de\/presspiegel\/cdu-startet-neue-runde-der-buergerversammlungen-in-kaarst\/","url":"https:\/\/cdu-kaarst.de\/presspiegel\/cdu-startet-neue-runde-der-buergerversammlungen-in-kaarst\/","name":"CDU startet neue Runde der B\u00fcrgerversammlungen in Kaarst - CDU Kaarst-B\u00fcttgen","isPartOf":{"@id":"https:\/\/cdu-kaarst.de\/#website"},"primaryImageOfPage":{"@id":"https:\/\/cdu-kaarst.de\/presspiegel\/cdu-startet-neue-runde-der-buergerversammlungen-in-kaarst\/#primaryimage"},"image":{"@id":"https:\/\/cdu-kaarst.de\/presspiegel\/cdu-startet-neue-runde-der-buergerversammlungen-in-kaarst\/#primaryimage"},"thumbnailUrl":"https:\/\/cdu-kaarst.de\/wp-content\/uploads\/cdu-kaarst_weg_kirschblueten.jpg","datePublished":"2025-03-24T16:53:52+00:00","dateModified":"2025-04-11T15:56:23+00:00","breadcrumb":{"@id":"https:\/\/cdu-kaarst.de\/presspiegel\/cdu-startet-neue-runde-der-buergerversammlungen-in-kaarst\/#breadcrumb"},"inLanguage":"en-GB","potentialAction":[{"@type":"ReadAction","target":["https:\/\/cdu-kaarst.de\/presspiegel\/cdu-startet-neue-runde-der-buergerversammlungen-in-kaarst\/"]}]},{"@type":"ImageObject","inLanguage":"en-GB","@id":"https:\/\/cdu-kaarst.de\/presspiegel\/cdu-startet-neue-runde-der-buergerversammlungen-in-kaarst\/#primaryimage","url":"https:\/\/cdu-kaarst.de\/wp-content\/uploads\/cdu-kaarst_weg_kirschblueten.jpg","contentUrl":"https:\/\/cdu-kaarst.de\/wp-content\/uploads\/cdu-kaarst_weg_kirschblueten.jpg","width":1000,"height":667,"caption":"CDU Kaarst | Kirschbl\u00fcten"},{"@type":"BreadcrumbList","@id":"https:\/\/cdu-kaarst.de\/presspiegel\/cdu-startet-neue-runde-der-buergerversammlungen-in-kaarst\/#breadcrumb","itemListElement":[{"@type":"ListItem","position":1,"name":"Startseite","item":"https:\/\/cdu-kaarst.de\/"},{"@type":"ListItem","position":2,"name":"CDU startet neue Runde der B\u00fcrgerversammlungen in Kaarst"}]},{"@type":"WebSite","@id":"https:\/\/cdu-kaarst.de\/#website","url":"https:\/\/cdu-kaarst.de\/","name":"CDU Kaarst-B\u00fcttgen","description":"living well in Kaarst","publisher":{"@id":"https:\/\/cdu-kaarst.de\/#organization"},"potentialAction":[{"@type":"SearchAction","target":{"@type":"EntryPoint","urlTemplate":"https:\/\/cdu-kaarst.de\/?s={search_term_string}"},"query-input":{"@type":"PropertyValueSpecification","valueRequired":true,"valueName":"search_term_string"}}],"inLanguage":"en-GB"},{"@type":"Organization","@id":"https:\/\/cdu-kaarst.de\/#organization","name":"CDU Kaarst-B\u00fcttgen","url":"https:\/\/cdu-kaarst.de\/","logo":{"@type":"ImageObject","inLanguage":"en-GB","@id":"https:\/\/cdu-kaarst.de\/#\/schema\/logo\/image\/","url":"https:\/\/cdu-kaarst.de\/wp-content\/uploads\/cdu-gesamtlogo.png","contentUrl":"https:\/\/cdu-kaarst.de\/wp-content\/uploads\/cdu-gesamtlogo.png","width":418,"height":120,"caption":"CDU Kaarst-B\u00fcttgen"},"image":{"@id":"https:\/\/cdu-kaarst.de\/#\/schema\/logo\/image\/"}},{"@type":"Person","@id":"https:\/\/cdu-kaarst.de\/#\/schema\/person\/05876a2bd7865609f2946e82cbc73476","name":"@dm1n","sameAs":["http:\/\/cdu-kaarst.de"]}]}},"_links":{"self":[{"href":"https:\/\/cdu-kaarst.de\/en\/wp-json\/wp\/v2\/posts\/6448","targetHints":{"allow":["GET"]}}],"collection":[{"href":"https:\/\/cdu-kaarst.de\/en\/wp-json\/wp\/v2\/posts"}],"about":[{"href":"https:\/\/cdu-kaarst.de\/en\/wp-json\/wp\/v2\/types\/post"}],"author":[{"embeddable":true,"href":"https:\/\/cdu-kaarst.de\/en\/wp-json\/wp\/v2\/users\/1"}],"replies":[{"embeddable":true,"href":"https:\/\/cdu-kaarst.de\/en\/wp-json\/wp\/v2\/comments?post=6448"}],"version-history":[{"count":1,"href":"https:\/\/cdu-kaarst.de\/en\/wp-json\/wp\/v2\/posts\/6448\/revisions"}],"predecessor-version":[{"id":6449,"href":"https:\/\/cdu-kaarst.de\/en\/wp-json\/wp\/v2\/posts\/6448\/revisions\/6449"}],"wp:featuredmedia":[{"embeddable":true,"href":"https:\/\/cdu-kaarst.de\/en\/wp-json\/wp\/v2\/media\/1138"}],"wp:attachment":[{"href":"https:\/\/cdu-kaarst.de\/en\/wp-json\/wp\/v2\/media?parent=6448"}],"wp:term":[{"taxonomy":"category","embeddable":true,"href":"https:\/\/cdu-kaarst.de\/en\/wp-json\/wp\/v2\/categories?post=6448"},{"taxonomy":"post_tag","embeddable":true,"href":"https:\/\/cdu-kaarst.de\/en\/wp-json\/wp\/v2\/tags?post=6448"}],"curies":[{"name":"wp","href":"https:\/\/api.w.org\/{rel}","templated":true}]}}