{"id":6450,"date":"2025-03-24T18:18:10","date_gmt":"2025-03-24T17:18:10","guid":{"rendered":"https:\/\/cdu-kaarst.de\/?p=6450"},"modified":"2025-04-11T18:19:55","modified_gmt":"2025-04-11T16:19:55","slug":"cdu-kaarst-laedt-zum-dialog-vor-ort-ein","status":"publish","type":"post","link":"https:\/\/cdu-kaarst.de\/en\/presspiegel\/cdu-kaarst-laedt-zum-dialog-vor-ort-ein\/","title":{"rendered":"CDU Kaarst invites you to a local dialogue"},"content":{"rendered":"<p>The CDU Kaarst is once again seeking direct dialogue with citizens with a series of citizens' meetings in all districts. Mayoral candidate Christian Horn-Heinemann, Anette Schots-Hamm and parliamentary group leader Lars Christoph will be there - open to questions, concerns and new ideas from the neighbourhood.<\/p>\n<p>All information about the event series in the article <a href=\"https:\/\/www.msn.com\/de-de\/nachrichten\/politik\/cdu-will-mit-b%C3%BCrgern-ins-gespr%C3%A4ch-kommen\/ar-AA1Bw31B\" target=\"_blank\" rel=\"noopener\">To the article<\/a><\/p>","protected":false},"excerpt":{"rendered":"<p>The CDU Kaarst is once again seeking direct dialogue with citizens with a series of citizens' meetings in all districts. Mayoral candidate Christian Horn-Heinemann, Anette Schots-Hamm and parliamentary group leader Lars Christoph will be there - open to questions, concerns and new ideas from the neighbourhood. All information on the series of events in the article Go to article<\/p>","protected":false},"author":1,"featured_media":1116,"comment_status":"closed","ping_status":"closed","sticky":false,"template":"","format":"standard","meta":{"footnotes":""},"categories":[111],"tags":[],"class_list":["post-6450","post","type-post","status-publish","format-standard","has-post-thumbnail","hentry","category-presspiegel"],"yoast_head":"<!-- This site is optimized with the Yoast SEO plugin v27.4 - https:\/\/yoast.com\/product\/yoast-seo-wordpress\/ -->\n<title>CDU Kaarst l\u00e4dt zum Dialog vor Ort ein - CDU Kaarst-B\u00fcttgen<\/title>\n<meta name=\"robots\" content=\"index, follow, max-snippet:-1, max-image-preview:large, max-video-preview:-1\" \/>\n<link rel=\"canonical\" href=\"https:\/\/cdu-kaarst.de\/en\/presspiegel\/cdu-kaarst-laedt-zum-dialog-vor-ort-ein\/\" \/>\n<meta property=\"og:locale\" content=\"en_GB\" \/>\n<meta property=\"og:type\" content=\"article\" \/>\n<meta property=\"og:title\" content=\"CDU Kaarst l\u00e4dt zum Dialog vor Ort ein - CDU Kaarst-B\u00fcttgen\" \/>\n<meta property=\"og:description\" content=\"Mit einer Reihe von B\u00fcrgerversammlungen in allen Ortsteilen sucht die CDU Kaarst erneut das direkte Gespr\u00e4ch mit den B\u00fcrgern. B\u00fcrgermeister-Kandidat Christian Horn-Heinemann, Anette Schots-Hamm und Fraktionsvorsitzender Lars Christoph sind mit dabei \u2013 offen f\u00fcr Fragen, Anliegen und neue Ideen aus der Nachbarschaft. Alle Informationen zur Veranstaltungsreihe im Artikel Zum Artikel\" \/>\n<meta property=\"og:url\" content=\"https:\/\/cdu-kaarst.de\/en\/presspiegel\/cdu-kaarst-laedt-zum-dialog-vor-ort-ein\/\" \/>\n<meta property=\"og:site_name\" content=\"CDU Kaarst-B\u00fcttgen\" \/>\n<meta property=\"article:published_time\" content=\"2025-03-24T17:18:10+00:00\" \/>\n<meta property=\"article:modified_time\" content=\"2025-04-11T16:19:55+00:00\" \/>\n<meta property=\"og:image\" content=\"https:\/\/cdu-kaarst.de\/wp-content\/uploads\/cdu-kaarst_flussufer-Strand.jpg\" \/>\n\t<meta property=\"og:image:width\" content=\"1000\" \/>\n\t<meta property=\"og:image:height\" content=\"667\" \/>\n\t<meta property=\"og:image:type\" content=\"image\/jpeg\" \/>\n<meta name=\"author\" content=\"@dm1n\" \/>\n<meta name=\"twitter:card\" content=\"summary_large_image\" \/>\n<meta name=\"twitter:label1\" content=\"Written by\" \/>\n\t<meta name=\"twitter:data1\" content=\"@dm1n\" \/>\n\t<meta name=\"twitter:label2\" content=\"Estimated reading time\" \/>\n\t<meta name=\"twitter:data2\" content=\"1 minute\" \/>\n<script type=\"application\/ld+json\" class=\"yoast-schema-graph\">{\"@context\":\"https:\\\/\\\/schema.org\",\"@graph\":[{\"@type\":\"Article\",\"@id\":\"https:\\\/\\\/cdu-kaarst.de\\\/presspiegel\\\/cdu-kaarst-laedt-zum-dialog-vor-ort-ein\\\/#article\",\"isPartOf\":{\"@id\":\"https:\\\/\\\/cdu-kaarst.de\\\/presspiegel\\\/cdu-kaarst-laedt-zum-dialog-vor-ort-ein\\\/\"},\"author\":{\"name\":\"@dm1n\",\"@id\":\"https:\\\/\\\/cdu-kaarst.de\\\/#\\\/schema\\\/person\\\/05876a2bd7865609f2946e82cbc73476\"},\"headline\":\"CDU Kaarst l\u00e4dt zum Dialog vor Ort ein\",\"datePublished\":\"2025-03-24T17:18:10+00:00\",\"dateModified\":\"2025-04-11T16:19:55+00:00\",\"mainEntityOfPage\":{\"@id\":\"https:\\\/\\\/cdu-kaarst.de\\\/presspiegel\\\/cdu-kaarst-laedt-zum-dialog-vor-ort-ein\\\/\"},\"wordCount\":63,\"publisher\":{\"@id\":\"https:\\\/\\\/cdu-kaarst.de\\\/#organization\"},\"image\":{\"@id\":\"https:\\\/\\\/cdu-kaarst.de\\\/presspiegel\\\/cdu-kaarst-laedt-zum-dialog-vor-ort-ein\\\/#primaryimage\"},\"thumbnailUrl\":\"https:\\\/\\\/cdu-kaarst.de\\\/wp-content\\\/uploads\\\/cdu-kaarst_flussufer-Strand.jpg\",\"articleSection\":[\"Presspiegel\"],\"inLanguage\":\"en-GB\"},{\"@type\":\"WebPage\",\"@id\":\"https:\\\/\\\/cdu-kaarst.de\\\/presspiegel\\\/cdu-kaarst-laedt-zum-dialog-vor-ort-ein\\\/\",\"url\":\"https:\\\/\\\/cdu-kaarst.de\\\/presspiegel\\\/cdu-kaarst-laedt-zum-dialog-vor-ort-ein\\\/\",\"name\":\"CDU Kaarst l\u00e4dt zum Dialog vor Ort ein - CDU Kaarst-B\u00fcttgen\",\"isPartOf\":{\"@id\":\"https:\\\/\\\/cdu-kaarst.de\\\/#website\"},\"primaryImageOfPage\":{\"@id\":\"https:\\\/\\\/cdu-kaarst.de\\\/presspiegel\\\/cdu-kaarst-laedt-zum-dialog-vor-ort-ein\\\/#primaryimage\"},\"image\":{\"@id\":\"https:\\\/\\\/cdu-kaarst.de\\\/presspiegel\\\/cdu-kaarst-laedt-zum-dialog-vor-ort-ein\\\/#primaryimage\"},\"thumbnailUrl\":\"https:\\\/\\\/cdu-kaarst.de\\\/wp-content\\\/uploads\\\/cdu-kaarst_flussufer-Strand.jpg\",\"datePublished\":\"2025-03-24T17:18:10+00:00\",\"dateModified\":\"2025-04-11T16:19:55+00:00\",\"breadcrumb\":{\"@id\":\"https:\\\/\\\/cdu-kaarst.de\\\/presspiegel\\\/cdu-kaarst-laedt-zum-dialog-vor-ort-ein\\\/#breadcrumb\"},\"inLanguage\":\"en-GB\",\"potentialAction\":[{\"@type\":\"ReadAction\",\"target\":[\"https:\\\/\\\/cdu-kaarst.de\\\/presspiegel\\\/cdu-kaarst-laedt-zum-dialog-vor-ort-ein\\\/\"]}]},{\"@type\":\"ImageObject\",\"inLanguage\":\"en-GB\",\"@id\":\"https:\\\/\\\/cdu-kaarst.de\\\/presspiegel\\\/cdu-kaarst-laedt-zum-dialog-vor-ort-ein\\\/#primaryimage\",\"url\":\"https:\\\/\\\/cdu-kaarst.de\\\/wp-content\\\/uploads\\\/cdu-kaarst_flussufer-Strand.jpg\",\"contentUrl\":\"https:\\\/\\\/cdu-kaarst.de\\\/wp-content\\\/uploads\\\/cdu-kaarst_flussufer-Strand.jpg\",\"width\":1000,\"height\":667,\"caption\":\"CDU Kaarst - Kaarster See\"},{\"@type\":\"BreadcrumbList\",\"@id\":\"https:\\\/\\\/cdu-kaarst.de\\\/presspiegel\\\/cdu-kaarst-laedt-zum-dialog-vor-ort-ein\\\/#breadcrumb\",\"itemListElement\":[{\"@type\":\"ListItem\",\"position\":1,\"name\":\"Startseite\",\"item\":\"https:\\\/\\\/cdu-kaarst.de\\\/\"},{\"@type\":\"ListItem\",\"position\":2,\"name\":\"CDU Kaarst l\u00e4dt zum Dialog vor Ort ein\"}]},{\"@type\":\"WebSite\",\"@id\":\"https:\\\/\\\/cdu-kaarst.de\\\/#website\",\"url\":\"https:\\\/\\\/cdu-kaarst.de\\\/\",\"name\":\"CDU Kaarst-B\u00fcttgen\",\"description\":\"gut Leben in Kaarst\",\"publisher\":{\"@id\":\"https:\\\/\\\/cdu-kaarst.de\\\/#organization\"},\"potentialAction\":[{\"@type\":\"SearchAction\",\"target\":{\"@type\":\"EntryPoint\",\"urlTemplate\":\"https:\\\/\\\/cdu-kaarst.de\\\/?s={search_term_string}\"},\"query-input\":{\"@type\":\"PropertyValueSpecification\",\"valueRequired\":true,\"valueName\":\"search_term_string\"}}],\"inLanguage\":\"en-GB\"},{\"@type\":\"Organization\",\"@id\":\"https:\\\/\\\/cdu-kaarst.de\\\/#organization\",\"name\":\"CDU Kaarst-B\u00fcttgen\",\"url\":\"https:\\\/\\\/cdu-kaarst.de\\\/\",\"logo\":{\"@type\":\"ImageObject\",\"inLanguage\":\"en-GB\",\"@id\":\"https:\\\/\\\/cdu-kaarst.de\\\/#\\\/schema\\\/logo\\\/image\\\/\",\"url\":\"https:\\\/\\\/cdu-kaarst.de\\\/wp-content\\\/uploads\\\/cdu-gesamtlogo.png\",\"contentUrl\":\"https:\\\/\\\/cdu-kaarst.de\\\/wp-content\\\/uploads\\\/cdu-gesamtlogo.png\",\"width\":418,\"height\":120,\"caption\":\"CDU Kaarst-B\u00fcttgen\"},\"image\":{\"@id\":\"https:\\\/\\\/cdu-kaarst.de\\\/#\\\/schema\\\/logo\\\/image\\\/\"}},{\"@type\":\"Person\",\"@id\":\"https:\\\/\\\/cdu-kaarst.de\\\/#\\\/schema\\\/person\\\/05876a2bd7865609f2946e82cbc73476\",\"name\":\"@dm1n\",\"sameAs\":[\"http:\\\/\\\/cdu-kaarst.de\"]}]}<\/script>\n<!-- \/ Yoast SEO plugin. -->","yoast_head_json":{"title":"CDU Kaarst l\u00e4dt zum Dialog vor Ort ein - CDU Kaarst-B\u00fcttgen","robots":{"index":"index","follow":"follow","max-snippet":"max-snippet:-1","max-image-preview":"max-image-preview:large","max-video-preview":"max-video-preview:-1"},"canonical":"https:\/\/cdu-kaarst.de\/en\/presspiegel\/cdu-kaarst-laedt-zum-dialog-vor-ort-ein\/","og_locale":"en_GB","og_type":"article","og_title":"CDU Kaarst l\u00e4dt zum Dialog vor Ort ein - CDU Kaarst-B\u00fcttgen","og_description":"Mit einer Reihe von B\u00fcrgerversammlungen in allen Ortsteilen sucht die CDU Kaarst erneut das direkte Gespr\u00e4ch mit den B\u00fcrgern. B\u00fcrgermeister-Kandidat Christian Horn-Heinemann, Anette Schots-Hamm und Fraktionsvorsitzender Lars Christoph sind mit dabei \u2013 offen f\u00fcr Fragen, Anliegen und neue Ideen aus der Nachbarschaft. Alle Informationen zur Veranstaltungsreihe im Artikel Zum Artikel","og_url":"https:\/\/cdu-kaarst.de\/en\/presspiegel\/cdu-kaarst-laedt-zum-dialog-vor-ort-ein\/","og_site_name":"CDU Kaarst-B\u00fcttgen","article_published_time":"2025-03-24T17:18:10+00:00","article_modified_time":"2025-04-11T16:19:55+00:00","og_image":[{"width":1000,"height":667,"url":"https:\/\/cdu-kaarst.de\/wp-content\/uploads\/cdu-kaarst_flussufer-Strand.jpg","type":"image\/jpeg"}],"author":"@dm1n","twitter_card":"summary_large_image","twitter_misc":{"Written by":"@dm1n","Estimated reading time":"1 minute"},"schema":{"@context":"https:\/\/schema.org","@graph":[{"@type":"Article","@id":"https:\/\/cdu-kaarst.de\/presspiegel\/cdu-kaarst-laedt-zum-dialog-vor-ort-ein\/#article","isPartOf":{"@id":"https:\/\/cdu-kaarst.de\/presspiegel\/cdu-kaarst-laedt-zum-dialog-vor-ort-ein\/"},"author":{"name":"@dm1n","@id":"https:\/\/cdu-kaarst.de\/#\/schema\/person\/05876a2bd7865609f2946e82cbc73476"},"headline":"CDU Kaarst l\u00e4dt zum Dialog vor Ort ein","datePublished":"2025-03-24T17:18:10+00:00","dateModified":"2025-04-11T16:19:55+00:00","mainEntityOfPage":{"@id":"https:\/\/cdu-kaarst.de\/presspiegel\/cdu-kaarst-laedt-zum-dialog-vor-ort-ein\/"},"wordCount":63,"publisher":{"@id":"https:\/\/cdu-kaarst.de\/#organization"},"image":{"@id":"https:\/\/cdu-kaarst.de\/presspiegel\/cdu-kaarst-laedt-zum-dialog-vor-ort-ein\/#primaryimage"},"thumbnailUrl":"https:\/\/cdu-kaarst.de\/wp-content\/uploads\/cdu-kaarst_flussufer-Strand.jpg","articleSection":["Presspiegel"],"inLanguage":"en-GB"},{"@type":"WebPage","@id":"https:\/\/cdu-kaarst.de\/presspiegel\/cdu-kaarst-laedt-zum-dialog-vor-ort-ein\/","url":"https:\/\/cdu-kaarst.de\/presspiegel\/cdu-kaarst-laedt-zum-dialog-vor-ort-ein\/","name":"CDU Kaarst l\u00e4dt zum Dialog vor Ort ein - CDU Kaarst-B\u00fcttgen","isPartOf":{"@id":"https:\/\/cdu-kaarst.de\/#website"},"primaryImageOfPage":{"@id":"https:\/\/cdu-kaarst.de\/presspiegel\/cdu-kaarst-laedt-zum-dialog-vor-ort-ein\/#primaryimage"},"image":{"@id":"https:\/\/cdu-kaarst.de\/presspiegel\/cdu-kaarst-laedt-zum-dialog-vor-ort-ein\/#primaryimage"},"thumbnailUrl":"https:\/\/cdu-kaarst.de\/wp-content\/uploads\/cdu-kaarst_flussufer-Strand.jpg","datePublished":"2025-03-24T17:18:10+00:00","dateModified":"2025-04-11T16:19:55+00:00","breadcrumb":{"@id":"https:\/\/cdu-kaarst.de\/presspiegel\/cdu-kaarst-laedt-zum-dialog-vor-ort-ein\/#breadcrumb"},"inLanguage":"en-GB","potentialAction":[{"@type":"ReadAction","target":["https:\/\/cdu-kaarst.de\/presspiegel\/cdu-kaarst-laedt-zum-dialog-vor-ort-ein\/"]}]},{"@type":"ImageObject","inLanguage":"en-GB","@id":"https:\/\/cdu-kaarst.de\/presspiegel\/cdu-kaarst-laedt-zum-dialog-vor-ort-ein\/#primaryimage","url":"https:\/\/cdu-kaarst.de\/wp-content\/uploads\/cdu-kaarst_flussufer-Strand.jpg","contentUrl":"https:\/\/cdu-kaarst.de\/wp-content\/uploads\/cdu-kaarst_flussufer-Strand.jpg","width":1000,"height":667,"caption":"CDU Kaarst - Kaarster See"},{"@type":"BreadcrumbList","@id":"https:\/\/cdu-kaarst.de\/presspiegel\/cdu-kaarst-laedt-zum-dialog-vor-ort-ein\/#breadcrumb","itemListElement":[{"@type":"ListItem","position":1,"name":"Startseite","item":"https:\/\/cdu-kaarst.de\/"},{"@type":"ListItem","position":2,"name":"CDU Kaarst l\u00e4dt zum Dialog vor Ort ein"}]},{"@type":"WebSite","@id":"https:\/\/cdu-kaarst.de\/#website","url":"https:\/\/cdu-kaarst.de\/","name":"CDU Kaarst-B\u00fcttgen","description":"living well in Kaarst","publisher":{"@id":"https:\/\/cdu-kaarst.de\/#organization"},"potentialAction":[{"@type":"SearchAction","target":{"@type":"EntryPoint","urlTemplate":"https:\/\/cdu-kaarst.de\/?s={search_term_string}"},"query-input":{"@type":"PropertyValueSpecification","valueRequired":true,"valueName":"search_term_string"}}],"inLanguage":"en-GB"},{"@type":"Organization","@id":"https:\/\/cdu-kaarst.de\/#organization","name":"CDU Kaarst-B\u00fcttgen","url":"https:\/\/cdu-kaarst.de\/","logo":{"@type":"ImageObject","inLanguage":"en-GB","@id":"https:\/\/cdu-kaarst.de\/#\/schema\/logo\/image\/","url":"https:\/\/cdu-kaarst.de\/wp-content\/uploads\/cdu-gesamtlogo.png","contentUrl":"https:\/\/cdu-kaarst.de\/wp-content\/uploads\/cdu-gesamtlogo.png","width":418,"height":120,"caption":"CDU Kaarst-B\u00fcttgen"},"image":{"@id":"https:\/\/cdu-kaarst.de\/#\/schema\/logo\/image\/"}},{"@type":"Person","@id":"https:\/\/cdu-kaarst.de\/#\/schema\/person\/05876a2bd7865609f2946e82cbc73476","name":"@dm1n","sameAs":["http:\/\/cdu-kaarst.de"]}]}},"_links":{"self":[{"href":"https:\/\/cdu-kaarst.de\/en\/wp-json\/wp\/v2\/posts\/6450","targetHints":{"allow":["GET"]}}],"collection":[{"href":"https:\/\/cdu-kaarst.de\/en\/wp-json\/wp\/v2\/posts"}],"about":[{"href":"https:\/\/cdu-kaarst.de\/en\/wp-json\/wp\/v2\/types\/post"}],"author":[{"embeddable":true,"href":"https:\/\/cdu-kaarst.de\/en\/wp-json\/wp\/v2\/users\/1"}],"replies":[{"embeddable":true,"href":"https:\/\/cdu-kaarst.de\/en\/wp-json\/wp\/v2\/comments?post=6450"}],"version-history":[{"count":1,"href":"https:\/\/cdu-kaarst.de\/en\/wp-json\/wp\/v2\/posts\/6450\/revisions"}],"predecessor-version":[{"id":6451,"href":"https:\/\/cdu-kaarst.de\/en\/wp-json\/wp\/v2\/posts\/6450\/revisions\/6451"}],"wp:featuredmedia":[{"embeddable":true,"href":"https:\/\/cdu-kaarst.de\/en\/wp-json\/wp\/v2\/media\/1116"}],"wp:attachment":[{"href":"https:\/\/cdu-kaarst.de\/en\/wp-json\/wp\/v2\/media?parent=6450"}],"wp:term":[{"taxonomy":"category","embeddable":true,"href":"https:\/\/cdu-kaarst.de\/en\/wp-json\/wp\/v2\/categories?post=6450"},{"taxonomy":"post_tag","embeddable":true,"href":"https:\/\/cdu-kaarst.de\/en\/wp-json\/wp\/v2\/tags?post=6450"}],"curies":[{"name":"wp","href":"https:\/\/api.w.org\/{rel}","templated":true}]}}