{"id":6452,"date":"2025-03-18T18:22:36","date_gmt":"2025-03-18T17:22:36","guid":{"rendered":"https:\/\/cdu-kaarst.de\/?p=6452"},"modified":"2025-04-11T18:25:49","modified_gmt":"2025-04-11T16:25:49","slug":"cdu-kaarst-theo-thissen-als-vorsitzender-der-senioren-union-bestaetigt","status":"publish","type":"post","link":"https:\/\/cdu-kaarst.de\/en\/presspiegel\/cdu-kaarst-theo-thissen-als-vorsitzender-der-senioren-union-bestaetigt\/","title":{"rendered":"CDU Kaarst: Theo Thissen confirmed as Chairman of the Seniors' Union"},"content":{"rendered":"<p>A strong voice for the older generations: Theo Thissen was re-elected Chairman of the Kaarst Seniors' Union. The CDU Kaarst congratulates him on his re-election and thanks him and his team for their many years of commitment and reliable work for the interests of senior citizens in our town.<\/p>\n<p>More on the election in the Rheinische Post article\u00a0 <a href=\"https:\/\/rp-online.de\/nrw\/staedte\/kaarst\/kaarst-theo-thissen-bleibt-vorsitzender-der-senioren-union_aid-125320135\" target=\"_blank\" rel=\"noopener\">To the article<\/a><\/p>","protected":false},"excerpt":{"rendered":"<p>Starke Stimme f\u00fcr die \u00e4lteren Generationen: Theo Thissen wurde erneut zum Vorsitzenden der Senioren-Union Kaarst gew\u00e4hlt. Die CDU Kaarst gratuliert herzlich zur Wiederwahl und dankt ihm und seinem Team f\u00fcr das langj\u00e4hrige Engagement und die verl\u00e4ssliche Arbeit f\u00fcr die Belange der Seniorinnen und Senioren in unserer Stadt. Mehr zur Wahl im Artikel der Rheinischen Post\u00a0 [&hellip;]<\/p>\n","protected":false},"author":1,"featured_media":1129,"comment_status":"closed","ping_status":"closed","sticky":false,"template":"","format":"standard","meta":{"footnotes":""},"categories":[111],"tags":[],"class_list":["post-6452","post","type-post","status-publish","format-standard","has-post-thumbnail","hentry","category-presspiegel"],"yoast_head":"<!-- This site is optimized with the Yoast SEO plugin v27.4 - https:\/\/yoast.com\/product\/yoast-seo-wordpress\/ -->\n<title>CDU Kaarst: Theo Thissen als Vorsitzender der Senioren-Union best\u00e4tigt - CDU Kaarst-B\u00fcttgen<\/title>\n<meta name=\"robots\" content=\"index, follow, max-snippet:-1, max-image-preview:large, max-video-preview:-1\" \/>\n<link rel=\"canonical\" href=\"https:\/\/cdu-kaarst.de\/en\/presspiegel\/cdu-kaarst-theo-thissen-als-vorsitzender-der-senioren-union-bestaetigt\/\" \/>\n<meta property=\"og:locale\" content=\"en_GB\" \/>\n<meta property=\"og:type\" content=\"article\" \/>\n<meta property=\"og:title\" content=\"CDU Kaarst: Theo Thissen als Vorsitzender der Senioren-Union best\u00e4tigt - CDU Kaarst-B\u00fcttgen\" \/>\n<meta property=\"og:description\" content=\"Starke Stimme f\u00fcr die \u00e4lteren Generationen: Theo Thissen wurde erneut zum Vorsitzenden der Senioren-Union Kaarst gew\u00e4hlt. Die CDU Kaarst gratuliert herzlich zur Wiederwahl und dankt ihm und seinem Team f\u00fcr das langj\u00e4hrige Engagement und die verl\u00e4ssliche Arbeit f\u00fcr die Belange der Seniorinnen und Senioren in unserer Stadt. Mehr zur Wahl im Artikel der Rheinischen Post\u00a0 [&hellip;]\" \/>\n<meta property=\"og:url\" content=\"https:\/\/cdu-kaarst.de\/en\/presspiegel\/cdu-kaarst-theo-thissen-als-vorsitzender-der-senioren-union-bestaetigt\/\" \/>\n<meta property=\"og:site_name\" content=\"CDU Kaarst-B\u00fcttgen\" \/>\n<meta property=\"article:published_time\" content=\"2025-03-18T17:22:36+00:00\" \/>\n<meta property=\"article:modified_time\" content=\"2025-04-11T16:25:49+00:00\" \/>\n<meta property=\"og:image\" content=\"https:\/\/cdu-kaarst.de\/wp-content\/uploads\/cdu-kaarst_luminarai_kaarst_bruecke.jpg\" \/>\n\t<meta property=\"og:image:width\" content=\"1000\" \/>\n\t<meta property=\"og:image:height\" content=\"667\" \/>\n\t<meta property=\"og:image:type\" content=\"image\/jpeg\" \/>\n<meta name=\"author\" content=\"@dm1n\" \/>\n<meta name=\"twitter:card\" content=\"summary_large_image\" \/>\n<meta name=\"twitter:label1\" content=\"Written by\" \/>\n\t<meta name=\"twitter:data1\" content=\"@dm1n\" \/>\n\t<meta name=\"twitter:label2\" content=\"Estimated reading time\" \/>\n\t<meta name=\"twitter:data2\" content=\"1 minute\" \/>\n<script type=\"application\/ld+json\" class=\"yoast-schema-graph\">{\"@context\":\"https:\\\/\\\/schema.org\",\"@graph\":[{\"@type\":\"Article\",\"@id\":\"https:\\\/\\\/cdu-kaarst.de\\\/presspiegel\\\/cdu-kaarst-theo-thissen-als-vorsitzender-der-senioren-union-bestaetigt\\\/#article\",\"isPartOf\":{\"@id\":\"https:\\\/\\\/cdu-kaarst.de\\\/presspiegel\\\/cdu-kaarst-theo-thissen-als-vorsitzender-der-senioren-union-bestaetigt\\\/\"},\"author\":{\"name\":\"@dm1n\",\"@id\":\"https:\\\/\\\/cdu-kaarst.de\\\/#\\\/schema\\\/person\\\/05876a2bd7865609f2946e82cbc73476\"},\"headline\":\"CDU Kaarst: Theo Thissen als Vorsitzender der Senioren-Union best\u00e4tigt\",\"datePublished\":\"2025-03-18T17:22:36+00:00\",\"dateModified\":\"2025-04-11T16:25:49+00:00\",\"mainEntityOfPage\":{\"@id\":\"https:\\\/\\\/cdu-kaarst.de\\\/presspiegel\\\/cdu-kaarst-theo-thissen-als-vorsitzender-der-senioren-union-bestaetigt\\\/\"},\"wordCount\":73,\"publisher\":{\"@id\":\"https:\\\/\\\/cdu-kaarst.de\\\/#organization\"},\"image\":{\"@id\":\"https:\\\/\\\/cdu-kaarst.de\\\/presspiegel\\\/cdu-kaarst-theo-thissen-als-vorsitzender-der-senioren-union-bestaetigt\\\/#primaryimage\"},\"thumbnailUrl\":\"https:\\\/\\\/cdu-kaarst.de\\\/wp-content\\\/uploads\\\/cdu-kaarst_luminarai_kaarst_bruecke.jpg\",\"articleSection\":[\"Presspiegel\"],\"inLanguage\":\"en-GB\"},{\"@type\":\"WebPage\",\"@id\":\"https:\\\/\\\/cdu-kaarst.de\\\/presspiegel\\\/cdu-kaarst-theo-thissen-als-vorsitzender-der-senioren-union-bestaetigt\\\/\",\"url\":\"https:\\\/\\\/cdu-kaarst.de\\\/presspiegel\\\/cdu-kaarst-theo-thissen-als-vorsitzender-der-senioren-union-bestaetigt\\\/\",\"name\":\"CDU Kaarst: Theo Thissen als Vorsitzender der Senioren-Union best\u00e4tigt - CDU Kaarst-B\u00fcttgen\",\"isPartOf\":{\"@id\":\"https:\\\/\\\/cdu-kaarst.de\\\/#website\"},\"primaryImageOfPage\":{\"@id\":\"https:\\\/\\\/cdu-kaarst.de\\\/presspiegel\\\/cdu-kaarst-theo-thissen-als-vorsitzender-der-senioren-union-bestaetigt\\\/#primaryimage\"},\"image\":{\"@id\":\"https:\\\/\\\/cdu-kaarst.de\\\/presspiegel\\\/cdu-kaarst-theo-thissen-als-vorsitzender-der-senioren-union-bestaetigt\\\/#primaryimage\"},\"thumbnailUrl\":\"https:\\\/\\\/cdu-kaarst.de\\\/wp-content\\\/uploads\\\/cdu-kaarst_luminarai_kaarst_bruecke.jpg\",\"datePublished\":\"2025-03-18T17:22:36+00:00\",\"dateModified\":\"2025-04-11T16:25:49+00:00\",\"breadcrumb\":{\"@id\":\"https:\\\/\\\/cdu-kaarst.de\\\/presspiegel\\\/cdu-kaarst-theo-thissen-als-vorsitzender-der-senioren-union-bestaetigt\\\/#breadcrumb\"},\"inLanguage\":\"en-GB\",\"potentialAction\":[{\"@type\":\"ReadAction\",\"target\":[\"https:\\\/\\\/cdu-kaarst.de\\\/presspiegel\\\/cdu-kaarst-theo-thissen-als-vorsitzender-der-senioren-union-bestaetigt\\\/\"]}]},{\"@type\":\"ImageObject\",\"inLanguage\":\"en-GB\",\"@id\":\"https:\\\/\\\/cdu-kaarst.de\\\/presspiegel\\\/cdu-kaarst-theo-thissen-als-vorsitzender-der-senioren-union-bestaetigt\\\/#primaryimage\",\"url\":\"https:\\\/\\\/cdu-kaarst.de\\\/wp-content\\\/uploads\\\/cdu-kaarst_luminarai_kaarst_bruecke.jpg\",\"contentUrl\":\"https:\\\/\\\/cdu-kaarst.de\\\/wp-content\\\/uploads\\\/cdu-kaarst_luminarai_kaarst_bruecke.jpg\",\"width\":1000,\"height\":667,\"caption\":\"CDU Kaarst | Br\u00fccke\"},{\"@type\":\"BreadcrumbList\",\"@id\":\"https:\\\/\\\/cdu-kaarst.de\\\/presspiegel\\\/cdu-kaarst-theo-thissen-als-vorsitzender-der-senioren-union-bestaetigt\\\/#breadcrumb\",\"itemListElement\":[{\"@type\":\"ListItem\",\"position\":1,\"name\":\"Startseite\",\"item\":\"https:\\\/\\\/cdu-kaarst.de\\\/\"},{\"@type\":\"ListItem\",\"position\":2,\"name\":\"CDU Kaarst: Theo Thissen als Vorsitzender der Senioren-Union best\u00e4tigt\"}]},{\"@type\":\"WebSite\",\"@id\":\"https:\\\/\\\/cdu-kaarst.de\\\/#website\",\"url\":\"https:\\\/\\\/cdu-kaarst.de\\\/\",\"name\":\"CDU Kaarst-B\u00fcttgen\",\"description\":\"gut Leben in Kaarst\",\"publisher\":{\"@id\":\"https:\\\/\\\/cdu-kaarst.de\\\/#organization\"},\"potentialAction\":[{\"@type\":\"SearchAction\",\"target\":{\"@type\":\"EntryPoint\",\"urlTemplate\":\"https:\\\/\\\/cdu-kaarst.de\\\/?s={search_term_string}\"},\"query-input\":{\"@type\":\"PropertyValueSpecification\",\"valueRequired\":true,\"valueName\":\"search_term_string\"}}],\"inLanguage\":\"en-GB\"},{\"@type\":\"Organization\",\"@id\":\"https:\\\/\\\/cdu-kaarst.de\\\/#organization\",\"name\":\"CDU Kaarst-B\u00fcttgen\",\"url\":\"https:\\\/\\\/cdu-kaarst.de\\\/\",\"logo\":{\"@type\":\"ImageObject\",\"inLanguage\":\"en-GB\",\"@id\":\"https:\\\/\\\/cdu-kaarst.de\\\/#\\\/schema\\\/logo\\\/image\\\/\",\"url\":\"https:\\\/\\\/cdu-kaarst.de\\\/wp-content\\\/uploads\\\/cdu-gesamtlogo.png\",\"contentUrl\":\"https:\\\/\\\/cdu-kaarst.de\\\/wp-content\\\/uploads\\\/cdu-gesamtlogo.png\",\"width\":418,\"height\":120,\"caption\":\"CDU Kaarst-B\u00fcttgen\"},\"image\":{\"@id\":\"https:\\\/\\\/cdu-kaarst.de\\\/#\\\/schema\\\/logo\\\/image\\\/\"}},{\"@type\":\"Person\",\"@id\":\"https:\\\/\\\/cdu-kaarst.de\\\/#\\\/schema\\\/person\\\/05876a2bd7865609f2946e82cbc73476\",\"name\":\"@dm1n\",\"sameAs\":[\"http:\\\/\\\/cdu-kaarst.de\"]}]}<\/script>\n<!-- \/ Yoast SEO plugin. -->","yoast_head_json":{"title":"CDU Kaarst: Theo Thissen als Vorsitzender der Senioren-Union best\u00e4tigt - CDU Kaarst-B\u00fcttgen","robots":{"index":"index","follow":"follow","max-snippet":"max-snippet:-1","max-image-preview":"max-image-preview:large","max-video-preview":"max-video-preview:-1"},"canonical":"https:\/\/cdu-kaarst.de\/en\/presspiegel\/cdu-kaarst-theo-thissen-als-vorsitzender-der-senioren-union-bestaetigt\/","og_locale":"en_GB","og_type":"article","og_title":"CDU Kaarst: Theo Thissen als Vorsitzender der Senioren-Union best\u00e4tigt - CDU Kaarst-B\u00fcttgen","og_description":"Starke Stimme f\u00fcr die \u00e4lteren Generationen: Theo Thissen wurde erneut zum Vorsitzenden der Senioren-Union Kaarst gew\u00e4hlt. Die CDU Kaarst gratuliert herzlich zur Wiederwahl und dankt ihm und seinem Team f\u00fcr das langj\u00e4hrige Engagement und die verl\u00e4ssliche Arbeit f\u00fcr die Belange der Seniorinnen und Senioren in unserer Stadt. Mehr zur Wahl im Artikel der Rheinischen Post\u00a0 [&hellip;]","og_url":"https:\/\/cdu-kaarst.de\/en\/presspiegel\/cdu-kaarst-theo-thissen-als-vorsitzender-der-senioren-union-bestaetigt\/","og_site_name":"CDU Kaarst-B\u00fcttgen","article_published_time":"2025-03-18T17:22:36+00:00","article_modified_time":"2025-04-11T16:25:49+00:00","og_image":[{"width":1000,"height":667,"url":"https:\/\/cdu-kaarst.de\/wp-content\/uploads\/cdu-kaarst_luminarai_kaarst_bruecke.jpg","type":"image\/jpeg"}],"author":"@dm1n","twitter_card":"summary_large_image","twitter_misc":{"Written by":"@dm1n","Estimated reading time":"1 minute"},"schema":{"@context":"https:\/\/schema.org","@graph":[{"@type":"Article","@id":"https:\/\/cdu-kaarst.de\/presspiegel\/cdu-kaarst-theo-thissen-als-vorsitzender-der-senioren-union-bestaetigt\/#article","isPartOf":{"@id":"https:\/\/cdu-kaarst.de\/presspiegel\/cdu-kaarst-theo-thissen-als-vorsitzender-der-senioren-union-bestaetigt\/"},"author":{"name":"@dm1n","@id":"https:\/\/cdu-kaarst.de\/#\/schema\/person\/05876a2bd7865609f2946e82cbc73476"},"headline":"CDU Kaarst: Theo Thissen als Vorsitzender der Senioren-Union best\u00e4tigt","datePublished":"2025-03-18T17:22:36+00:00","dateModified":"2025-04-11T16:25:49+00:00","mainEntityOfPage":{"@id":"https:\/\/cdu-kaarst.de\/presspiegel\/cdu-kaarst-theo-thissen-als-vorsitzender-der-senioren-union-bestaetigt\/"},"wordCount":73,"publisher":{"@id":"https:\/\/cdu-kaarst.de\/#organization"},"image":{"@id":"https:\/\/cdu-kaarst.de\/presspiegel\/cdu-kaarst-theo-thissen-als-vorsitzender-der-senioren-union-bestaetigt\/#primaryimage"},"thumbnailUrl":"https:\/\/cdu-kaarst.de\/wp-content\/uploads\/cdu-kaarst_luminarai_kaarst_bruecke.jpg","articleSection":["Presspiegel"],"inLanguage":"en-GB"},{"@type":"WebPage","@id":"https:\/\/cdu-kaarst.de\/presspiegel\/cdu-kaarst-theo-thissen-als-vorsitzender-der-senioren-union-bestaetigt\/","url":"https:\/\/cdu-kaarst.de\/presspiegel\/cdu-kaarst-theo-thissen-als-vorsitzender-der-senioren-union-bestaetigt\/","name":"CDU Kaarst: Theo Thissen als Vorsitzender der Senioren-Union best\u00e4tigt - CDU Kaarst-B\u00fcttgen","isPartOf":{"@id":"https:\/\/cdu-kaarst.de\/#website"},"primaryImageOfPage":{"@id":"https:\/\/cdu-kaarst.de\/presspiegel\/cdu-kaarst-theo-thissen-als-vorsitzender-der-senioren-union-bestaetigt\/#primaryimage"},"image":{"@id":"https:\/\/cdu-kaarst.de\/presspiegel\/cdu-kaarst-theo-thissen-als-vorsitzender-der-senioren-union-bestaetigt\/#primaryimage"},"thumbnailUrl":"https:\/\/cdu-kaarst.de\/wp-content\/uploads\/cdu-kaarst_luminarai_kaarst_bruecke.jpg","datePublished":"2025-03-18T17:22:36+00:00","dateModified":"2025-04-11T16:25:49+00:00","breadcrumb":{"@id":"https:\/\/cdu-kaarst.de\/presspiegel\/cdu-kaarst-theo-thissen-als-vorsitzender-der-senioren-union-bestaetigt\/#breadcrumb"},"inLanguage":"en-GB","potentialAction":[{"@type":"ReadAction","target":["https:\/\/cdu-kaarst.de\/presspiegel\/cdu-kaarst-theo-thissen-als-vorsitzender-der-senioren-union-bestaetigt\/"]}]},{"@type":"ImageObject","inLanguage":"en-GB","@id":"https:\/\/cdu-kaarst.de\/presspiegel\/cdu-kaarst-theo-thissen-als-vorsitzender-der-senioren-union-bestaetigt\/#primaryimage","url":"https:\/\/cdu-kaarst.de\/wp-content\/uploads\/cdu-kaarst_luminarai_kaarst_bruecke.jpg","contentUrl":"https:\/\/cdu-kaarst.de\/wp-content\/uploads\/cdu-kaarst_luminarai_kaarst_bruecke.jpg","width":1000,"height":667,"caption":"CDU Kaarst | Br\u00fccke"},{"@type":"BreadcrumbList","@id":"https:\/\/cdu-kaarst.de\/presspiegel\/cdu-kaarst-theo-thissen-als-vorsitzender-der-senioren-union-bestaetigt\/#breadcrumb","itemListElement":[{"@type":"ListItem","position":1,"name":"Startseite","item":"https:\/\/cdu-kaarst.de\/"},{"@type":"ListItem","position":2,"name":"CDU Kaarst: Theo Thissen als Vorsitzender der Senioren-Union best\u00e4tigt"}]},{"@type":"WebSite","@id":"https:\/\/cdu-kaarst.de\/#website","url":"https:\/\/cdu-kaarst.de\/","name":"CDU Kaarst-B\u00fcttgen","description":"living well in Kaarst","publisher":{"@id":"https:\/\/cdu-kaarst.de\/#organization"},"potentialAction":[{"@type":"SearchAction","target":{"@type":"EntryPoint","urlTemplate":"https:\/\/cdu-kaarst.de\/?s={search_term_string}"},"query-input":{"@type":"PropertyValueSpecification","valueRequired":true,"valueName":"search_term_string"}}],"inLanguage":"en-GB"},{"@type":"Organization","@id":"https:\/\/cdu-kaarst.de\/#organization","name":"CDU Kaarst-B\u00fcttgen","url":"https:\/\/cdu-kaarst.de\/","logo":{"@type":"ImageObject","inLanguage":"en-GB","@id":"https:\/\/cdu-kaarst.de\/#\/schema\/logo\/image\/","url":"https:\/\/cdu-kaarst.de\/wp-content\/uploads\/cdu-gesamtlogo.png","contentUrl":"https:\/\/cdu-kaarst.de\/wp-content\/uploads\/cdu-gesamtlogo.png","width":418,"height":120,"caption":"CDU Kaarst-B\u00fcttgen"},"image":{"@id":"https:\/\/cdu-kaarst.de\/#\/schema\/logo\/image\/"}},{"@type":"Person","@id":"https:\/\/cdu-kaarst.de\/#\/schema\/person\/05876a2bd7865609f2946e82cbc73476","name":"@dm1n","sameAs":["http:\/\/cdu-kaarst.de"]}]}},"_links":{"self":[{"href":"https:\/\/cdu-kaarst.de\/en\/wp-json\/wp\/v2\/posts\/6452","targetHints":{"allow":["GET"]}}],"collection":[{"href":"https:\/\/cdu-kaarst.de\/en\/wp-json\/wp\/v2\/posts"}],"about":[{"href":"https:\/\/cdu-kaarst.de\/en\/wp-json\/wp\/v2\/types\/post"}],"author":[{"embeddable":true,"href":"https:\/\/cdu-kaarst.de\/en\/wp-json\/wp\/v2\/users\/1"}],"replies":[{"embeddable":true,"href":"https:\/\/cdu-kaarst.de\/en\/wp-json\/wp\/v2\/comments?post=6452"}],"version-history":[{"count":1,"href":"https:\/\/cdu-kaarst.de\/en\/wp-json\/wp\/v2\/posts\/6452\/revisions"}],"predecessor-version":[{"id":6453,"href":"https:\/\/cdu-kaarst.de\/en\/wp-json\/wp\/v2\/posts\/6452\/revisions\/6453"}],"wp:featuredmedia":[{"embeddable":true,"href":"https:\/\/cdu-kaarst.de\/en\/wp-json\/wp\/v2\/media\/1129"}],"wp:attachment":[{"href":"https:\/\/cdu-kaarst.de\/en\/wp-json\/wp\/v2\/media?parent=6452"}],"wp:term":[{"taxonomy":"category","embeddable":true,"href":"https:\/\/cdu-kaarst.de\/en\/wp-json\/wp\/v2\/categories?post=6452"},{"taxonomy":"post_tag","embeddable":true,"href":"https:\/\/cdu-kaarst.de\/en\/wp-json\/wp\/v2\/tags?post=6452"}],"curies":[{"name":"wp","href":"https:\/\/api.w.org\/{rel}","templated":true}]}}