{"id":6454,"date":"2025-03-25T18:25:59","date_gmt":"2025-03-25T17:25:59","guid":{"rendered":"https:\/\/cdu-kaarst.de\/?p=6454"},"modified":"2025-04-11T18:27:14","modified_gmt":"2025-04-11T16:27:14","slug":"cdu-kaarst-nimmt-kritik-aus-buergerversammlung-ernst","status":"publish","type":"post","link":"https:\/\/cdu-kaarst.de\/en\/presspiegel\/cdu-kaarst-nimmt-kritik-aus-buergerversammlung-ernst\/","title":{"rendered":"CDU Kaarst takes criticism from citizens' meeting seriously"},"content":{"rendered":"<p>The plans for the new car park on Driescher Stra\u00dfe were discussed intensively at the Kaarst CDU citizens' meeting in B\u00fcttgen. Local residents expressed their concerns, which were listened to carefully by the CDU representatives. For the Kaarst CDU, one thing is certain: the concerns of local residents are central to responsible local politics.<\/p>\n<p>More on the discussion in the Rheinische Post article\u00a0 <a href=\"https:\/\/rp-online.de\/nrw\/staedte\/kaarst\/kaarst-kritik-an-parkplatz-plaenen-bei-buergerversammlung-der-cdu_aid-125572633\" target=\"_blank\" rel=\"noopener\">To the article<\/a><\/p>","protected":false},"excerpt":{"rendered":"<p>Bei der B\u00fcrgerversammlung der CDU Kaarst in B\u00fcttgen wurden die Pl\u00e4ne rund um den neuen Parkplatz an der Driescher Stra\u00dfe intensiv diskutiert. Anwohner \u00e4u\u00dferten Bedenken, die von den CDU-Vertretern aufmerksam aufgenommen wurden. F\u00fcr die CDU Kaarst steht fest: Die Anliegen der B\u00fcrger vor Ort sind zentral f\u00fcr eine verantwortungsvolle Kommunalpolitik. Mehr zur Diskussion im Artikel [&hellip;]<\/p>\n","protected":false},"author":1,"featured_media":1118,"comment_status":"closed","ping_status":"closed","sticky":false,"template":"","format":"standard","meta":{"footnotes":""},"categories":[111],"tags":[],"class_list":["post-6454","post","type-post","status-publish","format-standard","has-post-thumbnail","hentry","category-presspiegel"],"yoast_head":"<!-- This site is optimized with the Yoast SEO plugin v27.4 - https:\/\/yoast.com\/product\/yoast-seo-wordpress\/ -->\n<title>CDU Kaarst nimmt Kritik aus B\u00fcrgerversammlung ernst - CDU Kaarst-B\u00fcttgen<\/title>\n<meta name=\"robots\" content=\"index, follow, max-snippet:-1, max-image-preview:large, max-video-preview:-1\" \/>\n<link rel=\"canonical\" href=\"https:\/\/cdu-kaarst.de\/en\/presspiegel\/cdu-kaarst-nimmt-kritik-aus-buergerversammlung-ernst\/\" \/>\n<meta property=\"og:locale\" content=\"en_GB\" \/>\n<meta property=\"og:type\" content=\"article\" \/>\n<meta property=\"og:title\" content=\"CDU Kaarst nimmt Kritik aus B\u00fcrgerversammlung ernst - CDU Kaarst-B\u00fcttgen\" \/>\n<meta property=\"og:description\" content=\"Bei der B\u00fcrgerversammlung der CDU Kaarst in B\u00fcttgen wurden die Pl\u00e4ne rund um den neuen Parkplatz an der Driescher Stra\u00dfe intensiv diskutiert. Anwohner \u00e4u\u00dferten Bedenken, die von den CDU-Vertretern aufmerksam aufgenommen wurden. F\u00fcr die CDU Kaarst steht fest: Die Anliegen der B\u00fcrger vor Ort sind zentral f\u00fcr eine verantwortungsvolle Kommunalpolitik. Mehr zur Diskussion im Artikel [&hellip;]\" \/>\n<meta property=\"og:url\" content=\"https:\/\/cdu-kaarst.de\/en\/presspiegel\/cdu-kaarst-nimmt-kritik-aus-buergerversammlung-ernst\/\" \/>\n<meta property=\"og:site_name\" content=\"CDU Kaarst-B\u00fcttgen\" \/>\n<meta property=\"article:published_time\" content=\"2025-03-25T17:25:59+00:00\" \/>\n<meta property=\"article:modified_time\" content=\"2025-04-11T16:27:14+00:00\" \/>\n<meta property=\"og:image\" content=\"https:\/\/cdu-kaarst.de\/wp-content\/uploads\/cdu-kaarst_gewaesser.jpg\" \/>\n\t<meta property=\"og:image:width\" content=\"1000\" \/>\n\t<meta property=\"og:image:height\" content=\"667\" \/>\n\t<meta property=\"og:image:type\" content=\"image\/jpeg\" \/>\n<meta name=\"author\" content=\"@dm1n\" \/>\n<meta name=\"twitter:card\" content=\"summary_large_image\" \/>\n<meta name=\"twitter:label1\" content=\"Written by\" \/>\n\t<meta name=\"twitter:data1\" content=\"@dm1n\" \/>\n\t<meta name=\"twitter:label2\" content=\"Estimated reading time\" \/>\n\t<meta name=\"twitter:data2\" content=\"1 minute\" \/>\n<script type=\"application\/ld+json\" class=\"yoast-schema-graph\">{\"@context\":\"https:\\\/\\\/schema.org\",\"@graph\":[{\"@type\":\"Article\",\"@id\":\"https:\\\/\\\/cdu-kaarst.de\\\/presspiegel\\\/cdu-kaarst-nimmt-kritik-aus-buergerversammlung-ernst\\\/#article\",\"isPartOf\":{\"@id\":\"https:\\\/\\\/cdu-kaarst.de\\\/presspiegel\\\/cdu-kaarst-nimmt-kritik-aus-buergerversammlung-ernst\\\/\"},\"author\":{\"name\":\"@dm1n\",\"@id\":\"https:\\\/\\\/cdu-kaarst.de\\\/#\\\/schema\\\/person\\\/05876a2bd7865609f2946e82cbc73476\"},\"headline\":\"CDU Kaarst nimmt Kritik aus B\u00fcrgerversammlung ernst\",\"datePublished\":\"2025-03-25T17:25:59+00:00\",\"dateModified\":\"2025-04-11T16:27:14+00:00\",\"mainEntityOfPage\":{\"@id\":\"https:\\\/\\\/cdu-kaarst.de\\\/presspiegel\\\/cdu-kaarst-nimmt-kritik-aus-buergerversammlung-ernst\\\/\"},\"wordCount\":76,\"publisher\":{\"@id\":\"https:\\\/\\\/cdu-kaarst.de\\\/#organization\"},\"image\":{\"@id\":\"https:\\\/\\\/cdu-kaarst.de\\\/presspiegel\\\/cdu-kaarst-nimmt-kritik-aus-buergerversammlung-ernst\\\/#primaryimage\"},\"thumbnailUrl\":\"https:\\\/\\\/cdu-kaarst.de\\\/wp-content\\\/uploads\\\/cdu-kaarst_gewaesser.jpg\",\"articleSection\":[\"Presspiegel\"],\"inLanguage\":\"en-GB\"},{\"@type\":\"WebPage\",\"@id\":\"https:\\\/\\\/cdu-kaarst.de\\\/presspiegel\\\/cdu-kaarst-nimmt-kritik-aus-buergerversammlung-ernst\\\/\",\"url\":\"https:\\\/\\\/cdu-kaarst.de\\\/presspiegel\\\/cdu-kaarst-nimmt-kritik-aus-buergerversammlung-ernst\\\/\",\"name\":\"CDU Kaarst nimmt Kritik aus B\u00fcrgerversammlung ernst - CDU Kaarst-B\u00fcttgen\",\"isPartOf\":{\"@id\":\"https:\\\/\\\/cdu-kaarst.de\\\/#website\"},\"primaryImageOfPage\":{\"@id\":\"https:\\\/\\\/cdu-kaarst.de\\\/presspiegel\\\/cdu-kaarst-nimmt-kritik-aus-buergerversammlung-ernst\\\/#primaryimage\"},\"image\":{\"@id\":\"https:\\\/\\\/cdu-kaarst.de\\\/presspiegel\\\/cdu-kaarst-nimmt-kritik-aus-buergerversammlung-ernst\\\/#primaryimage\"},\"thumbnailUrl\":\"https:\\\/\\\/cdu-kaarst.de\\\/wp-content\\\/uploads\\\/cdu-kaarst_gewaesser.jpg\",\"datePublished\":\"2025-03-25T17:25:59+00:00\",\"dateModified\":\"2025-04-11T16:27:14+00:00\",\"breadcrumb\":{\"@id\":\"https:\\\/\\\/cdu-kaarst.de\\\/presspiegel\\\/cdu-kaarst-nimmt-kritik-aus-buergerversammlung-ernst\\\/#breadcrumb\"},\"inLanguage\":\"en-GB\",\"potentialAction\":[{\"@type\":\"ReadAction\",\"target\":[\"https:\\\/\\\/cdu-kaarst.de\\\/presspiegel\\\/cdu-kaarst-nimmt-kritik-aus-buergerversammlung-ernst\\\/\"]}]},{\"@type\":\"ImageObject\",\"inLanguage\":\"en-GB\",\"@id\":\"https:\\\/\\\/cdu-kaarst.de\\\/presspiegel\\\/cdu-kaarst-nimmt-kritik-aus-buergerversammlung-ernst\\\/#primaryimage\",\"url\":\"https:\\\/\\\/cdu-kaarst.de\\\/wp-content\\\/uploads\\\/cdu-kaarst_gewaesser.jpg\",\"contentUrl\":\"https:\\\/\\\/cdu-kaarst.de\\\/wp-content\\\/uploads\\\/cdu-kaarst_gewaesser.jpg\",\"width\":1000,\"height\":667,\"caption\":\"CDU Kaarst - Kaarst\"},{\"@type\":\"BreadcrumbList\",\"@id\":\"https:\\\/\\\/cdu-kaarst.de\\\/presspiegel\\\/cdu-kaarst-nimmt-kritik-aus-buergerversammlung-ernst\\\/#breadcrumb\",\"itemListElement\":[{\"@type\":\"ListItem\",\"position\":1,\"name\":\"Startseite\",\"item\":\"https:\\\/\\\/cdu-kaarst.de\\\/\"},{\"@type\":\"ListItem\",\"position\":2,\"name\":\"CDU Kaarst nimmt Kritik aus B\u00fcrgerversammlung ernst\"}]},{\"@type\":\"WebSite\",\"@id\":\"https:\\\/\\\/cdu-kaarst.de\\\/#website\",\"url\":\"https:\\\/\\\/cdu-kaarst.de\\\/\",\"name\":\"CDU Kaarst-B\u00fcttgen\",\"description\":\"gut Leben in Kaarst\",\"publisher\":{\"@id\":\"https:\\\/\\\/cdu-kaarst.de\\\/#organization\"},\"potentialAction\":[{\"@type\":\"SearchAction\",\"target\":{\"@type\":\"EntryPoint\",\"urlTemplate\":\"https:\\\/\\\/cdu-kaarst.de\\\/?s={search_term_string}\"},\"query-input\":{\"@type\":\"PropertyValueSpecification\",\"valueRequired\":true,\"valueName\":\"search_term_string\"}}],\"inLanguage\":\"en-GB\"},{\"@type\":\"Organization\",\"@id\":\"https:\\\/\\\/cdu-kaarst.de\\\/#organization\",\"name\":\"CDU Kaarst-B\u00fcttgen\",\"url\":\"https:\\\/\\\/cdu-kaarst.de\\\/\",\"logo\":{\"@type\":\"ImageObject\",\"inLanguage\":\"en-GB\",\"@id\":\"https:\\\/\\\/cdu-kaarst.de\\\/#\\\/schema\\\/logo\\\/image\\\/\",\"url\":\"https:\\\/\\\/cdu-kaarst.de\\\/wp-content\\\/uploads\\\/cdu-gesamtlogo.png\",\"contentUrl\":\"https:\\\/\\\/cdu-kaarst.de\\\/wp-content\\\/uploads\\\/cdu-gesamtlogo.png\",\"width\":418,\"height\":120,\"caption\":\"CDU Kaarst-B\u00fcttgen\"},\"image\":{\"@id\":\"https:\\\/\\\/cdu-kaarst.de\\\/#\\\/schema\\\/logo\\\/image\\\/\"}},{\"@type\":\"Person\",\"@id\":\"https:\\\/\\\/cdu-kaarst.de\\\/#\\\/schema\\\/person\\\/05876a2bd7865609f2946e82cbc73476\",\"name\":\"@dm1n\",\"sameAs\":[\"http:\\\/\\\/cdu-kaarst.de\"]}]}<\/script>\n<!-- \/ Yoast SEO plugin. -->","yoast_head_json":{"title":"CDU Kaarst nimmt Kritik aus B\u00fcrgerversammlung ernst - CDU Kaarst-B\u00fcttgen","robots":{"index":"index","follow":"follow","max-snippet":"max-snippet:-1","max-image-preview":"max-image-preview:large","max-video-preview":"max-video-preview:-1"},"canonical":"https:\/\/cdu-kaarst.de\/en\/presspiegel\/cdu-kaarst-nimmt-kritik-aus-buergerversammlung-ernst\/","og_locale":"en_GB","og_type":"article","og_title":"CDU Kaarst nimmt Kritik aus B\u00fcrgerversammlung ernst - CDU Kaarst-B\u00fcttgen","og_description":"Bei der B\u00fcrgerversammlung der CDU Kaarst in B\u00fcttgen wurden die Pl\u00e4ne rund um den neuen Parkplatz an der Driescher Stra\u00dfe intensiv diskutiert. Anwohner \u00e4u\u00dferten Bedenken, die von den CDU-Vertretern aufmerksam aufgenommen wurden. F\u00fcr die CDU Kaarst steht fest: Die Anliegen der B\u00fcrger vor Ort sind zentral f\u00fcr eine verantwortungsvolle Kommunalpolitik. Mehr zur Diskussion im Artikel [&hellip;]","og_url":"https:\/\/cdu-kaarst.de\/en\/presspiegel\/cdu-kaarst-nimmt-kritik-aus-buergerversammlung-ernst\/","og_site_name":"CDU Kaarst-B\u00fcttgen","article_published_time":"2025-03-25T17:25:59+00:00","article_modified_time":"2025-04-11T16:27:14+00:00","og_image":[{"width":1000,"height":667,"url":"https:\/\/cdu-kaarst.de\/wp-content\/uploads\/cdu-kaarst_gewaesser.jpg","type":"image\/jpeg"}],"author":"@dm1n","twitter_card":"summary_large_image","twitter_misc":{"Written by":"@dm1n","Estimated reading time":"1 minute"},"schema":{"@context":"https:\/\/schema.org","@graph":[{"@type":"Article","@id":"https:\/\/cdu-kaarst.de\/presspiegel\/cdu-kaarst-nimmt-kritik-aus-buergerversammlung-ernst\/#article","isPartOf":{"@id":"https:\/\/cdu-kaarst.de\/presspiegel\/cdu-kaarst-nimmt-kritik-aus-buergerversammlung-ernst\/"},"author":{"name":"@dm1n","@id":"https:\/\/cdu-kaarst.de\/#\/schema\/person\/05876a2bd7865609f2946e82cbc73476"},"headline":"CDU Kaarst nimmt Kritik aus B\u00fcrgerversammlung ernst","datePublished":"2025-03-25T17:25:59+00:00","dateModified":"2025-04-11T16:27:14+00:00","mainEntityOfPage":{"@id":"https:\/\/cdu-kaarst.de\/presspiegel\/cdu-kaarst-nimmt-kritik-aus-buergerversammlung-ernst\/"},"wordCount":76,"publisher":{"@id":"https:\/\/cdu-kaarst.de\/#organization"},"image":{"@id":"https:\/\/cdu-kaarst.de\/presspiegel\/cdu-kaarst-nimmt-kritik-aus-buergerversammlung-ernst\/#primaryimage"},"thumbnailUrl":"https:\/\/cdu-kaarst.de\/wp-content\/uploads\/cdu-kaarst_gewaesser.jpg","articleSection":["Presspiegel"],"inLanguage":"en-GB"},{"@type":"WebPage","@id":"https:\/\/cdu-kaarst.de\/presspiegel\/cdu-kaarst-nimmt-kritik-aus-buergerversammlung-ernst\/","url":"https:\/\/cdu-kaarst.de\/presspiegel\/cdu-kaarst-nimmt-kritik-aus-buergerversammlung-ernst\/","name":"CDU Kaarst nimmt Kritik aus B\u00fcrgerversammlung ernst - CDU Kaarst-B\u00fcttgen","isPartOf":{"@id":"https:\/\/cdu-kaarst.de\/#website"},"primaryImageOfPage":{"@id":"https:\/\/cdu-kaarst.de\/presspiegel\/cdu-kaarst-nimmt-kritik-aus-buergerversammlung-ernst\/#primaryimage"},"image":{"@id":"https:\/\/cdu-kaarst.de\/presspiegel\/cdu-kaarst-nimmt-kritik-aus-buergerversammlung-ernst\/#primaryimage"},"thumbnailUrl":"https:\/\/cdu-kaarst.de\/wp-content\/uploads\/cdu-kaarst_gewaesser.jpg","datePublished":"2025-03-25T17:25:59+00:00","dateModified":"2025-04-11T16:27:14+00:00","breadcrumb":{"@id":"https:\/\/cdu-kaarst.de\/presspiegel\/cdu-kaarst-nimmt-kritik-aus-buergerversammlung-ernst\/#breadcrumb"},"inLanguage":"en-GB","potentialAction":[{"@type":"ReadAction","target":["https:\/\/cdu-kaarst.de\/presspiegel\/cdu-kaarst-nimmt-kritik-aus-buergerversammlung-ernst\/"]}]},{"@type":"ImageObject","inLanguage":"en-GB","@id":"https:\/\/cdu-kaarst.de\/presspiegel\/cdu-kaarst-nimmt-kritik-aus-buergerversammlung-ernst\/#primaryimage","url":"https:\/\/cdu-kaarst.de\/wp-content\/uploads\/cdu-kaarst_gewaesser.jpg","contentUrl":"https:\/\/cdu-kaarst.de\/wp-content\/uploads\/cdu-kaarst_gewaesser.jpg","width":1000,"height":667,"caption":"CDU Kaarst - Kaarst"},{"@type":"BreadcrumbList","@id":"https:\/\/cdu-kaarst.de\/presspiegel\/cdu-kaarst-nimmt-kritik-aus-buergerversammlung-ernst\/#breadcrumb","itemListElement":[{"@type":"ListItem","position":1,"name":"Startseite","item":"https:\/\/cdu-kaarst.de\/"},{"@type":"ListItem","position":2,"name":"CDU Kaarst nimmt Kritik aus B\u00fcrgerversammlung ernst"}]},{"@type":"WebSite","@id":"https:\/\/cdu-kaarst.de\/#website","url":"https:\/\/cdu-kaarst.de\/","name":"CDU Kaarst-B\u00fcttgen","description":"living well in Kaarst","publisher":{"@id":"https:\/\/cdu-kaarst.de\/#organization"},"potentialAction":[{"@type":"SearchAction","target":{"@type":"EntryPoint","urlTemplate":"https:\/\/cdu-kaarst.de\/?s={search_term_string}"},"query-input":{"@type":"PropertyValueSpecification","valueRequired":true,"valueName":"search_term_string"}}],"inLanguage":"en-GB"},{"@type":"Organization","@id":"https:\/\/cdu-kaarst.de\/#organization","name":"CDU Kaarst-B\u00fcttgen","url":"https:\/\/cdu-kaarst.de\/","logo":{"@type":"ImageObject","inLanguage":"en-GB","@id":"https:\/\/cdu-kaarst.de\/#\/schema\/logo\/image\/","url":"https:\/\/cdu-kaarst.de\/wp-content\/uploads\/cdu-gesamtlogo.png","contentUrl":"https:\/\/cdu-kaarst.de\/wp-content\/uploads\/cdu-gesamtlogo.png","width":418,"height":120,"caption":"CDU Kaarst-B\u00fcttgen"},"image":{"@id":"https:\/\/cdu-kaarst.de\/#\/schema\/logo\/image\/"}},{"@type":"Person","@id":"https:\/\/cdu-kaarst.de\/#\/schema\/person\/05876a2bd7865609f2946e82cbc73476","name":"@dm1n","sameAs":["http:\/\/cdu-kaarst.de"]}]}},"_links":{"self":[{"href":"https:\/\/cdu-kaarst.de\/en\/wp-json\/wp\/v2\/posts\/6454","targetHints":{"allow":["GET"]}}],"collection":[{"href":"https:\/\/cdu-kaarst.de\/en\/wp-json\/wp\/v2\/posts"}],"about":[{"href":"https:\/\/cdu-kaarst.de\/en\/wp-json\/wp\/v2\/types\/post"}],"author":[{"embeddable":true,"href":"https:\/\/cdu-kaarst.de\/en\/wp-json\/wp\/v2\/users\/1"}],"replies":[{"embeddable":true,"href":"https:\/\/cdu-kaarst.de\/en\/wp-json\/wp\/v2\/comments?post=6454"}],"version-history":[{"count":1,"href":"https:\/\/cdu-kaarst.de\/en\/wp-json\/wp\/v2\/posts\/6454\/revisions"}],"predecessor-version":[{"id":6455,"href":"https:\/\/cdu-kaarst.de\/en\/wp-json\/wp\/v2\/posts\/6454\/revisions\/6455"}],"wp:featuredmedia":[{"embeddable":true,"href":"https:\/\/cdu-kaarst.de\/en\/wp-json\/wp\/v2\/media\/1118"}],"wp:attachment":[{"href":"https:\/\/cdu-kaarst.de\/en\/wp-json\/wp\/v2\/media?parent=6454"}],"wp:term":[{"taxonomy":"category","embeddable":true,"href":"https:\/\/cdu-kaarst.de\/en\/wp-json\/wp\/v2\/categories?post=6454"},{"taxonomy":"post_tag","embeddable":true,"href":"https:\/\/cdu-kaarst.de\/en\/wp-json\/wp\/v2\/tags?post=6454"}],"curies":[{"name":"wp","href":"https:\/\/api.w.org\/{rel}","templated":true}]}}