{"id":6502,"date":"2025-05-08T07:24:24","date_gmt":"2025-05-08T05:24:24","guid":{"rendered":"https:\/\/cdu-kaarst.de\/?p=6502"},"modified":"2025-05-08T14:12:44","modified_gmt":"2025-05-08T12:12:44","slug":"gemeinsame-erklaerung-zum-80-jahrestag-der-befreiung-deutschlands-vom-nationalsozialismus","status":"publish","type":"post","link":"https:\/\/cdu-kaarst.de\/en\/allgemein\/gemeinsame-erklaerung-zum-80-jahrestag-der-befreiung-deutschlands-vom-nationalsozialismus\/","title":{"rendered":"Joint declaration on the 80th anniversary of Germany's liberation from National Socialism"},"content":{"rendered":"<p><img fetchpriority=\"high\" decoding=\"async\" class=\"alignnone wp-image-6506 size-full\" src=\"https:\/\/cdu-kaarst.de\/wp-content\/uploads\/cdu-kaarst-gemeinsame-erklaerung-80jahre.jpg\" alt=\"\" width=\"650\" height=\"140\" srcset=\"https:\/\/cdu-kaarst.de\/wp-content\/uploads\/cdu-kaarst-gemeinsame-erklaerung-80jahre.jpg 650w, https:\/\/cdu-kaarst.de\/wp-content\/uploads\/cdu-kaarst-gemeinsame-erklaerung-80jahre-300x65.jpg 300w, https:\/\/cdu-kaarst.de\/wp-content\/uploads\/cdu-kaarst-gemeinsame-erklaerung-80jahre-18x4.jpg 18w\" sizes=\"(max-width: 650px) 100vw, 650px\" \/><\/p>\n<p>8 May 2025 marks the 80th anniversary of Germany's liberation from National Socialism. On this day, we remember the immeasurable victims and suffering caused by the National Socialist regime: A regime that brought the German people themselves to political power as an expression of a dangerous intellectual and moral aberration. We commemorate the millions of people who lost their lives and those who suffered unimaginable suffering.<\/p>\n<p>This day is not only a moment of remembrance, but also a reminder to us all to remain vigilant and to defend the values of democracy, freedom and human rights and to stand up for them together. At a time when right-wing extremist ideologies are once again gaining strength, it is our duty to take decisive action against hatred, intolerance and false statements. We must never allow the dark chapters of our history to be repeated.<\/p>\n<p>We were shocked to learn that the signage for the Jewish memorial in B\u00fcttgen has been damaged. The signage is a sign of our confrontation with the expulsion and murder of our Jewish fellow citizens. The signs are a reminder of their fate. This culminated in the Shoah, but our Jewish fellow citizens have been marginalised, harassed and threatened worldwide for centuries. We feel that destroying the signs is an attack on peaceful coexistence and an expression of growing anti-Semitism.<\/p>\n<p>Together, we want to stand up for a society based on respect, diversity and solidarity. Each of us has a responsibility to actively fight against discrimination and marginalisation. Only by acting together can we ensure that the horrors of the past do not define the future and that we do not repeat the mistakes made by our grandparents' generation. We have learnt. That is why there must be no co-operation with extremist parties!<\/p>\n<p>On 8 May, we remember not only the liberation, but also that the achievements of democracy and freedom must always be defended. Let us use this day to renew our determination and stand up for a better, fairer world.<\/p>\n<p>On 17 May, we want to take a stand together against anti-Semitism, right-wing extremism and hatred. We are calling for participation in the bicycle demonstration along the J\u00fcddepatt organised by \"Kaarst ist bunt!<\/p>\n<p><strong>Alliance 90 The Greens Kaarst Town Association<\/strong><br \/>\nNina Lennhof<br \/>\nDr Katrin Lukowitz<\/p>\n<p><strong>CDU City Association Kaarst-B\u00fcttgen<\/strong><br \/>\nChristian Horn-Heinemann<\/p>\n<p><strong>FDP City Association Kaarst<\/strong><br \/>\nJan G\u00fcnther<\/p>\n<p><strong>SPD City Association Kaarst<\/strong><br \/>\nUlrike Bruckner-Kindsm\u00fcller<\/p>","protected":false},"excerpt":{"rendered":"<p>Am 8. Mai 2025 j\u00e4hrt sich zum 80. Mal die Befreiung Deutschlands vom Nationalsozialismus. An diesem Tag erinnern wir uns an die unermesslichen Opfer und das Leid, das durch das nationalsozialistische Regime verursacht wurde: Ein Regime, welches die deutsche Bev\u00f6lkerung als Ausdruck eines gef\u00e4hrlichen gedanklichen und moralischen Irrweges selbst an die politische Macht gebracht hat. [&hellip;]<\/p>\n","protected":false},"author":1,"featured_media":6517,"comment_status":"closed","ping_status":"closed","sticky":false,"template":"","format":"standard","meta":{"footnotes":""},"categories":[1],"tags":[],"class_list":["post-6502","post","type-post","status-publish","format-standard","has-post-thumbnail","hentry","category-allgemein"],"yoast_head":"<!-- This site is optimized with the Yoast SEO plugin v27.4 - https:\/\/yoast.com\/product\/yoast-seo-wordpress\/ -->\n<title>Gemeinsame Erkl\u00e4rung zum 80. Jahrestag der Befreiung Deutschlands vom Nationalsozialismus - CDU Kaarst-B\u00fcttgen<\/title>\n<meta name=\"robots\" content=\"index, follow, max-snippet:-1, max-image-preview:large, max-video-preview:-1\" \/>\n<link rel=\"canonical\" href=\"https:\/\/cdu-kaarst.de\/en\/allgemein\/gemeinsame-erklaerung-zum-80-jahrestag-der-befreiung-deutschlands-vom-nationalsozialismus\/\" \/>\n<meta property=\"og:locale\" content=\"en_GB\" \/>\n<meta property=\"og:type\" content=\"article\" \/>\n<meta property=\"og:title\" content=\"Gemeinsame Erkl\u00e4rung zum 80. Jahrestag der Befreiung Deutschlands vom Nationalsozialismus - CDU Kaarst-B\u00fcttgen\" \/>\n<meta property=\"og:description\" content=\"Am 8. Mai 2025 j\u00e4hrt sich zum 80. Mal die Befreiung Deutschlands vom Nationalsozialismus. An diesem Tag erinnern wir uns an die unermesslichen Opfer und das Leid, das durch das nationalsozialistische Regime verursacht wurde: Ein Regime, welches die deutsche Bev\u00f6lkerung als Ausdruck eines gef\u00e4hrlichen gedanklichen und moralischen Irrweges selbst an die politische Macht gebracht hat. [&hellip;]\" \/>\n<meta property=\"og:url\" content=\"https:\/\/cdu-kaarst.de\/en\/allgemein\/gemeinsame-erklaerung-zum-80-jahrestag-der-befreiung-deutschlands-vom-nationalsozialismus\/\" \/>\n<meta property=\"og:site_name\" content=\"CDU Kaarst-B\u00fcttgen\" \/>\n<meta property=\"article:published_time\" content=\"2025-05-08T05:24:24+00:00\" \/>\n<meta property=\"article:modified_time\" content=\"2025-05-08T12:12:44+00:00\" \/>\n<meta property=\"og:image\" content=\"https:\/\/cdu-kaarst.de\/wp-content\/uploads\/cdu-kriegsende.png\" \/>\n\t<meta property=\"og:image:width\" content=\"1080\" \/>\n\t<meta property=\"og:image:height\" content=\"1080\" \/>\n\t<meta property=\"og:image:type\" content=\"image\/png\" \/>\n<meta name=\"author\" content=\"@dm1n\" \/>\n<meta name=\"twitter:card\" content=\"summary_large_image\" \/>\n<meta name=\"twitter:label1\" content=\"Written by\" \/>\n\t<meta name=\"twitter:data1\" content=\"@dm1n\" \/>\n\t<meta name=\"twitter:label2\" content=\"Estimated reading time\" \/>\n\t<meta name=\"twitter:data2\" content=\"3 minutes\" \/>\n<script type=\"application\/ld+json\" class=\"yoast-schema-graph\">{\"@context\":\"https:\\\/\\\/schema.org\",\"@graph\":[{\"@type\":\"Article\",\"@id\":\"https:\\\/\\\/cdu-kaarst.de\\\/allgemein\\\/gemeinsame-erklaerung-zum-80-jahrestag-der-befreiung-deutschlands-vom-nationalsozialismus\\\/#article\",\"isPartOf\":{\"@id\":\"https:\\\/\\\/cdu-kaarst.de\\\/allgemein\\\/gemeinsame-erklaerung-zum-80-jahrestag-der-befreiung-deutschlands-vom-nationalsozialismus\\\/\"},\"author\":{\"name\":\"@dm1n\",\"@id\":\"https:\\\/\\\/cdu-kaarst.de\\\/#\\\/schema\\\/person\\\/05876a2bd7865609f2946e82cbc73476\"},\"headline\":\"Gemeinsame Erkl\u00e4rung zum 80. Jahrestag der Befreiung Deutschlands vom Nationalsozialismus\",\"datePublished\":\"2025-05-08T05:24:24+00:00\",\"dateModified\":\"2025-05-08T12:12:44+00:00\",\"mainEntityOfPage\":{\"@id\":\"https:\\\/\\\/cdu-kaarst.de\\\/allgemein\\\/gemeinsame-erklaerung-zum-80-jahrestag-der-befreiung-deutschlands-vom-nationalsozialismus\\\/\"},\"wordCount\":422,\"publisher\":{\"@id\":\"https:\\\/\\\/cdu-kaarst.de\\\/#organization\"},\"image\":{\"@id\":\"https:\\\/\\\/cdu-kaarst.de\\\/allgemein\\\/gemeinsame-erklaerung-zum-80-jahrestag-der-befreiung-deutschlands-vom-nationalsozialismus\\\/#primaryimage\"},\"thumbnailUrl\":\"https:\\\/\\\/cdu-kaarst.de\\\/wp-content\\\/uploads\\\/cdu-kriegsende.png\",\"articleSection\":[\"Allgemein\"],\"inLanguage\":\"en-GB\"},{\"@type\":\"WebPage\",\"@id\":\"https:\\\/\\\/cdu-kaarst.de\\\/allgemein\\\/gemeinsame-erklaerung-zum-80-jahrestag-der-befreiung-deutschlands-vom-nationalsozialismus\\\/\",\"url\":\"https:\\\/\\\/cdu-kaarst.de\\\/allgemein\\\/gemeinsame-erklaerung-zum-80-jahrestag-der-befreiung-deutschlands-vom-nationalsozialismus\\\/\",\"name\":\"Gemeinsame Erkl\u00e4rung zum 80. Jahrestag der Befreiung Deutschlands vom Nationalsozialismus - CDU Kaarst-B\u00fcttgen\",\"isPartOf\":{\"@id\":\"https:\\\/\\\/cdu-kaarst.de\\\/#website\"},\"primaryImageOfPage\":{\"@id\":\"https:\\\/\\\/cdu-kaarst.de\\\/allgemein\\\/gemeinsame-erklaerung-zum-80-jahrestag-der-befreiung-deutschlands-vom-nationalsozialismus\\\/#primaryimage\"},\"image\":{\"@id\":\"https:\\\/\\\/cdu-kaarst.de\\\/allgemein\\\/gemeinsame-erklaerung-zum-80-jahrestag-der-befreiung-deutschlands-vom-nationalsozialismus\\\/#primaryimage\"},\"thumbnailUrl\":\"https:\\\/\\\/cdu-kaarst.de\\\/wp-content\\\/uploads\\\/cdu-kriegsende.png\",\"datePublished\":\"2025-05-08T05:24:24+00:00\",\"dateModified\":\"2025-05-08T12:12:44+00:00\",\"breadcrumb\":{\"@id\":\"https:\\\/\\\/cdu-kaarst.de\\\/allgemein\\\/gemeinsame-erklaerung-zum-80-jahrestag-der-befreiung-deutschlands-vom-nationalsozialismus\\\/#breadcrumb\"},\"inLanguage\":\"en-GB\",\"potentialAction\":[{\"@type\":\"ReadAction\",\"target\":[\"https:\\\/\\\/cdu-kaarst.de\\\/allgemein\\\/gemeinsame-erklaerung-zum-80-jahrestag-der-befreiung-deutschlands-vom-nationalsozialismus\\\/\"]}]},{\"@type\":\"ImageObject\",\"inLanguage\":\"en-GB\",\"@id\":\"https:\\\/\\\/cdu-kaarst.de\\\/allgemein\\\/gemeinsame-erklaerung-zum-80-jahrestag-der-befreiung-deutschlands-vom-nationalsozialismus\\\/#primaryimage\",\"url\":\"https:\\\/\\\/cdu-kaarst.de\\\/wp-content\\\/uploads\\\/cdu-kriegsende.png\",\"contentUrl\":\"https:\\\/\\\/cdu-kaarst.de\\\/wp-content\\\/uploads\\\/cdu-kriegsende.png\",\"width\":1080,\"height\":1080},{\"@type\":\"BreadcrumbList\",\"@id\":\"https:\\\/\\\/cdu-kaarst.de\\\/allgemein\\\/gemeinsame-erklaerung-zum-80-jahrestag-der-befreiung-deutschlands-vom-nationalsozialismus\\\/#breadcrumb\",\"itemListElement\":[{\"@type\":\"ListItem\",\"position\":1,\"name\":\"Startseite\",\"item\":\"https:\\\/\\\/cdu-kaarst.de\\\/\"},{\"@type\":\"ListItem\",\"position\":2,\"name\":\"Gemeinsame Erkl\u00e4rung zum 80. Jahrestag der Befreiung Deutschlands vom Nationalsozialismus\"}]},{\"@type\":\"WebSite\",\"@id\":\"https:\\\/\\\/cdu-kaarst.de\\\/#website\",\"url\":\"https:\\\/\\\/cdu-kaarst.de\\\/\",\"name\":\"CDU Kaarst-B\u00fcttgen\",\"description\":\"gut Leben in Kaarst\",\"publisher\":{\"@id\":\"https:\\\/\\\/cdu-kaarst.de\\\/#organization\"},\"potentialAction\":[{\"@type\":\"SearchAction\",\"target\":{\"@type\":\"EntryPoint\",\"urlTemplate\":\"https:\\\/\\\/cdu-kaarst.de\\\/?s={search_term_string}\"},\"query-input\":{\"@type\":\"PropertyValueSpecification\",\"valueRequired\":true,\"valueName\":\"search_term_string\"}}],\"inLanguage\":\"en-GB\"},{\"@type\":\"Organization\",\"@id\":\"https:\\\/\\\/cdu-kaarst.de\\\/#organization\",\"name\":\"CDU Kaarst-B\u00fcttgen\",\"url\":\"https:\\\/\\\/cdu-kaarst.de\\\/\",\"logo\":{\"@type\":\"ImageObject\",\"inLanguage\":\"en-GB\",\"@id\":\"https:\\\/\\\/cdu-kaarst.de\\\/#\\\/schema\\\/logo\\\/image\\\/\",\"url\":\"https:\\\/\\\/cdu-kaarst.de\\\/wp-content\\\/uploads\\\/cdu-gesamtlogo.png\",\"contentUrl\":\"https:\\\/\\\/cdu-kaarst.de\\\/wp-content\\\/uploads\\\/cdu-gesamtlogo.png\",\"width\":418,\"height\":120,\"caption\":\"CDU Kaarst-B\u00fcttgen\"},\"image\":{\"@id\":\"https:\\\/\\\/cdu-kaarst.de\\\/#\\\/schema\\\/logo\\\/image\\\/\"}},{\"@type\":\"Person\",\"@id\":\"https:\\\/\\\/cdu-kaarst.de\\\/#\\\/schema\\\/person\\\/05876a2bd7865609f2946e82cbc73476\",\"name\":\"@dm1n\",\"sameAs\":[\"http:\\\/\\\/cdu-kaarst.de\"]}]}<\/script>\n<!-- \/ Yoast SEO plugin. -->","yoast_head_json":{"title":"Gemeinsame Erkl\u00e4rung zum 80. Jahrestag der Befreiung Deutschlands vom Nationalsozialismus - CDU Kaarst-B\u00fcttgen","robots":{"index":"index","follow":"follow","max-snippet":"max-snippet:-1","max-image-preview":"max-image-preview:large","max-video-preview":"max-video-preview:-1"},"canonical":"https:\/\/cdu-kaarst.de\/en\/allgemein\/gemeinsame-erklaerung-zum-80-jahrestag-der-befreiung-deutschlands-vom-nationalsozialismus\/","og_locale":"en_GB","og_type":"article","og_title":"Gemeinsame Erkl\u00e4rung zum 80. Jahrestag der Befreiung Deutschlands vom Nationalsozialismus - CDU Kaarst-B\u00fcttgen","og_description":"Am 8. Mai 2025 j\u00e4hrt sich zum 80. Mal die Befreiung Deutschlands vom Nationalsozialismus. An diesem Tag erinnern wir uns an die unermesslichen Opfer und das Leid, das durch das nationalsozialistische Regime verursacht wurde: Ein Regime, welches die deutsche Bev\u00f6lkerung als Ausdruck eines gef\u00e4hrlichen gedanklichen und moralischen Irrweges selbst an die politische Macht gebracht hat. [&hellip;]","og_url":"https:\/\/cdu-kaarst.de\/en\/allgemein\/gemeinsame-erklaerung-zum-80-jahrestag-der-befreiung-deutschlands-vom-nationalsozialismus\/","og_site_name":"CDU Kaarst-B\u00fcttgen","article_published_time":"2025-05-08T05:24:24+00:00","article_modified_time":"2025-05-08T12:12:44+00:00","og_image":[{"width":1080,"height":1080,"url":"https:\/\/cdu-kaarst.de\/wp-content\/uploads\/cdu-kriegsende.png","type":"image\/png"}],"author":"@dm1n","twitter_card":"summary_large_image","twitter_misc":{"Written by":"@dm1n","Estimated reading time":"3 minutes"},"schema":{"@context":"https:\/\/schema.org","@graph":[{"@type":"Article","@id":"https:\/\/cdu-kaarst.de\/allgemein\/gemeinsame-erklaerung-zum-80-jahrestag-der-befreiung-deutschlands-vom-nationalsozialismus\/#article","isPartOf":{"@id":"https:\/\/cdu-kaarst.de\/allgemein\/gemeinsame-erklaerung-zum-80-jahrestag-der-befreiung-deutschlands-vom-nationalsozialismus\/"},"author":{"name":"@dm1n","@id":"https:\/\/cdu-kaarst.de\/#\/schema\/person\/05876a2bd7865609f2946e82cbc73476"},"headline":"Gemeinsame Erkl\u00e4rung zum 80. Jahrestag der Befreiung Deutschlands vom Nationalsozialismus","datePublished":"2025-05-08T05:24:24+00:00","dateModified":"2025-05-08T12:12:44+00:00","mainEntityOfPage":{"@id":"https:\/\/cdu-kaarst.de\/allgemein\/gemeinsame-erklaerung-zum-80-jahrestag-der-befreiung-deutschlands-vom-nationalsozialismus\/"},"wordCount":422,"publisher":{"@id":"https:\/\/cdu-kaarst.de\/#organization"},"image":{"@id":"https:\/\/cdu-kaarst.de\/allgemein\/gemeinsame-erklaerung-zum-80-jahrestag-der-befreiung-deutschlands-vom-nationalsozialismus\/#primaryimage"},"thumbnailUrl":"https:\/\/cdu-kaarst.de\/wp-content\/uploads\/cdu-kriegsende.png","articleSection":["Allgemein"],"inLanguage":"en-GB"},{"@type":"WebPage","@id":"https:\/\/cdu-kaarst.de\/allgemein\/gemeinsame-erklaerung-zum-80-jahrestag-der-befreiung-deutschlands-vom-nationalsozialismus\/","url":"https:\/\/cdu-kaarst.de\/allgemein\/gemeinsame-erklaerung-zum-80-jahrestag-der-befreiung-deutschlands-vom-nationalsozialismus\/","name":"Gemeinsame Erkl\u00e4rung zum 80. Jahrestag der Befreiung Deutschlands vom Nationalsozialismus - CDU Kaarst-B\u00fcttgen","isPartOf":{"@id":"https:\/\/cdu-kaarst.de\/#website"},"primaryImageOfPage":{"@id":"https:\/\/cdu-kaarst.de\/allgemein\/gemeinsame-erklaerung-zum-80-jahrestag-der-befreiung-deutschlands-vom-nationalsozialismus\/#primaryimage"},"image":{"@id":"https:\/\/cdu-kaarst.de\/allgemein\/gemeinsame-erklaerung-zum-80-jahrestag-der-befreiung-deutschlands-vom-nationalsozialismus\/#primaryimage"},"thumbnailUrl":"https:\/\/cdu-kaarst.de\/wp-content\/uploads\/cdu-kriegsende.png","datePublished":"2025-05-08T05:24:24+00:00","dateModified":"2025-05-08T12:12:44+00:00","breadcrumb":{"@id":"https:\/\/cdu-kaarst.de\/allgemein\/gemeinsame-erklaerung-zum-80-jahrestag-der-befreiung-deutschlands-vom-nationalsozialismus\/#breadcrumb"},"inLanguage":"en-GB","potentialAction":[{"@type":"ReadAction","target":["https:\/\/cdu-kaarst.de\/allgemein\/gemeinsame-erklaerung-zum-80-jahrestag-der-befreiung-deutschlands-vom-nationalsozialismus\/"]}]},{"@type":"ImageObject","inLanguage":"en-GB","@id":"https:\/\/cdu-kaarst.de\/allgemein\/gemeinsame-erklaerung-zum-80-jahrestag-der-befreiung-deutschlands-vom-nationalsozialismus\/#primaryimage","url":"https:\/\/cdu-kaarst.de\/wp-content\/uploads\/cdu-kriegsende.png","contentUrl":"https:\/\/cdu-kaarst.de\/wp-content\/uploads\/cdu-kriegsende.png","width":1080,"height":1080},{"@type":"BreadcrumbList","@id":"https:\/\/cdu-kaarst.de\/allgemein\/gemeinsame-erklaerung-zum-80-jahrestag-der-befreiung-deutschlands-vom-nationalsozialismus\/#breadcrumb","itemListElement":[{"@type":"ListItem","position":1,"name":"Startseite","item":"https:\/\/cdu-kaarst.de\/"},{"@type":"ListItem","position":2,"name":"Gemeinsame Erkl\u00e4rung zum 80. Jahrestag der Befreiung Deutschlands vom Nationalsozialismus"}]},{"@type":"WebSite","@id":"https:\/\/cdu-kaarst.de\/#website","url":"https:\/\/cdu-kaarst.de\/","name":"CDU Kaarst-B\u00fcttgen","description":"living well in Kaarst","publisher":{"@id":"https:\/\/cdu-kaarst.de\/#organization"},"potentialAction":[{"@type":"SearchAction","target":{"@type":"EntryPoint","urlTemplate":"https:\/\/cdu-kaarst.de\/?s={search_term_string}"},"query-input":{"@type":"PropertyValueSpecification","valueRequired":true,"valueName":"search_term_string"}}],"inLanguage":"en-GB"},{"@type":"Organization","@id":"https:\/\/cdu-kaarst.de\/#organization","name":"CDU Kaarst-B\u00fcttgen","url":"https:\/\/cdu-kaarst.de\/","logo":{"@type":"ImageObject","inLanguage":"en-GB","@id":"https:\/\/cdu-kaarst.de\/#\/schema\/logo\/image\/","url":"https:\/\/cdu-kaarst.de\/wp-content\/uploads\/cdu-gesamtlogo.png","contentUrl":"https:\/\/cdu-kaarst.de\/wp-content\/uploads\/cdu-gesamtlogo.png","width":418,"height":120,"caption":"CDU Kaarst-B\u00fcttgen"},"image":{"@id":"https:\/\/cdu-kaarst.de\/#\/schema\/logo\/image\/"}},{"@type":"Person","@id":"https:\/\/cdu-kaarst.de\/#\/schema\/person\/05876a2bd7865609f2946e82cbc73476","name":"@dm1n","sameAs":["http:\/\/cdu-kaarst.de"]}]}},"_links":{"self":[{"href":"https:\/\/cdu-kaarst.de\/en\/wp-json\/wp\/v2\/posts\/6502","targetHints":{"allow":["GET"]}}],"collection":[{"href":"https:\/\/cdu-kaarst.de\/en\/wp-json\/wp\/v2\/posts"}],"about":[{"href":"https:\/\/cdu-kaarst.de\/en\/wp-json\/wp\/v2\/types\/post"}],"author":[{"embeddable":true,"href":"https:\/\/cdu-kaarst.de\/en\/wp-json\/wp\/v2\/users\/1"}],"replies":[{"embeddable":true,"href":"https:\/\/cdu-kaarst.de\/en\/wp-json\/wp\/v2\/comments?post=6502"}],"version-history":[{"count":4,"href":"https:\/\/cdu-kaarst.de\/en\/wp-json\/wp\/v2\/posts\/6502\/revisions"}],"predecessor-version":[{"id":6507,"href":"https:\/\/cdu-kaarst.de\/en\/wp-json\/wp\/v2\/posts\/6502\/revisions\/6507"}],"wp:featuredmedia":[{"embeddable":true,"href":"https:\/\/cdu-kaarst.de\/en\/wp-json\/wp\/v2\/media\/6517"}],"wp:attachment":[{"href":"https:\/\/cdu-kaarst.de\/en\/wp-json\/wp\/v2\/media?parent=6502"}],"wp:term":[{"taxonomy":"category","embeddable":true,"href":"https:\/\/cdu-kaarst.de\/en\/wp-json\/wp\/v2\/categories?post=6502"},{"taxonomy":"post_tag","embeddable":true,"href":"https:\/\/cdu-kaarst.de\/en\/wp-json\/wp\/v2\/tags?post=6502"}],"curies":[{"name":"wp","href":"https:\/\/api.w.org\/{rel}","templated":true}]}}