{"id":6552,"date":"2025-05-23T15:24:46","date_gmt":"2025-05-23T13:24:46","guid":{"rendered":"https:\/\/cdu-kaarst.de\/?p=6552"},"modified":"2025-05-26T11:13:49","modified_gmt":"2025-05-26T09:13:49","slug":"buergerkoffer-bringt-das-rathaus-zu-den-menschen","status":"publish","type":"post","link":"https:\/\/cdu-kaarst.de\/en\/allgemein\/buergerkoffer-bringt-das-rathaus-zu-den-menschen\/","title":{"rendered":"Citizens' suitcase brings the town hall to the people"},"content":{"rendered":"<p data-start=\"247\" data-end=\"529\">An important step towards greater proximity to citizens, participation and modern administration: The Kaarst CDU welcomes the successful implementation of the motion it submitted together with B\u00fcndnis 90\/Die Gr\u00fcnen in February 2024 to introduce a <strong data-start=\"501\" data-end=\"526\">mobile citizen suitcase<\/strong>.<\/p>\n<p data-start=\"531\" data-end=\"772\">With the new vehicle procured in April 2025 <strong data-start=\"565\" data-end=\"585\">Citizen case 2.2<\/strong> a central concern of the CDU parliamentary group is being realised: a <strong data-start=\"649\" data-end=\"670\">Flexible town hall<\/strong>that comes directly to the people - especially those who are restricted in their mobility.<\/p>\n<blockquote data-start=\"774\" data-end=\"1197\">\n<p data-start=\"776\" data-end=\"1197\"><em data-start=\"776\" data-end=\"929\">\"With our initial application in 2024, we provided the impetus to facilitate access to citizen services for people with reduced mobility,\"<\/em> explains <strong data-start=\"938\" data-end=\"966\">Christian Horn-Heinemann<\/strong>Deputy Chairman of the CDU parliamentary group and candidate for mayor of Kaarst.<br data-start=\"1049\" data-end=\"1052\" \/><em data-start=\"1054\" data-end=\"1197\">\"We are now seeing the fruits of this initiative: in future, the Citizens' Advice Bureau will come directly to people's homes or care facilities, for example, on request.\"<\/em><\/p>\n<\/blockquote>\n<h3 data-start=\"1199\" data-end=\"1250\"><strong data-start=\"1203\" data-end=\"1250\">Citizen services where they are needed<\/strong><\/h3>\n<p data-start=\"1252\" data-end=\"1385\">The citizen's suitcase makes it possible to offer a variety of important services on the move and on site. These include, among others:<\/p>\n<ul data-start=\"1387\" data-end=\"1525\">\n<li data-start=\"1387\" data-end=\"1457\">\n<p data-start=\"1389\" data-end=\"1457\">Application for ID documents including fingerprint capture<\/p>\n<\/li>\n<li data-start=\"1458\" data-end=\"1486\">\n<p data-start=\"1460\" data-end=\"1486\">Registrations, changes and cancellations<\/p>\n<\/li>\n<li data-start=\"1487\" data-end=\"1525\">\n<p data-start=\"1489\" data-end=\"1525\">Application for certificates of good conduct<\/p>\n<\/li>\n<\/ul>\n<p data-start=\"1527\" data-end=\"1688\">This creates a \"<strong data-start=\"1547\" data-end=\"1568\">Town hall on wheels<\/strong>\", which makes access to the administration much easier, especially for older people or people with health problems.<\/p>\n<h3 data-start=\"1690\" data-end=\"1743\"><strong data-start=\"1694\" data-end=\"1743\">Sustainable implementation and solid financing<\/strong><\/h3>\n<p data-start=\"1745\" data-end=\"1991\">The Kaarst CDU had already set out specific requirements in its application of 20 February 2024: procurement via Bundesdruckerei, examination of cost-effectiveness and development of a targeted deployment concept for people with limited mobility.<\/p>\n<p data-start=\"1993\" data-end=\"2355\">As availability at the Bundesdruckerei was severely limited, the city council acted quickly and ordered the citizen case in April 2025. <strong data-start=\"2188\" data-end=\"2202\">3,785 Euro<\/strong> were completely <strong data-start=\"2225\" data-end=\"2242\">Budget 2025<\/strong> covered - a decision that was recently taken in the <strong data-start=\"2284\" data-end=\"2336\">Economic and Financial Committee on 22 May 2025<\/strong> was presented.<\/p>\n<blockquote data-start=\"2357\" data-end=\"2603\">\n<p data-start=\"2359\" data-end=\"2603\"><em data-start=\"2359\" data-end=\"2486\">\"We are committed to ensuring that Kaarst remains accessible for all generations - not just digitally, but also in person,\"<\/em> emphasised <strong data-start=\"2494\" data-end=\"2514\">Dr Klaus Gerdes<\/strong>CDU councillor.<br data-start=\"2529\" data-end=\"2532\" \/><em data-start=\"2534\" data-end=\"2603\">\"The citizen's case is a modern and practical tool for this.\"<\/em><\/p>\n<\/blockquote>\n<h3 data-start=\"2605\" data-end=\"2675\"><strong data-start=\"2609\" data-end=\"2675\">Next steps: pilot phase and long-term operating concept<\/strong><\/h3>\n<p data-start=\"2677\" data-end=\"2953\">The administration is currently working on a <strong data-start=\"2718\" data-end=\"2737\">Operating concept<\/strong> velvet <strong data-start=\"2743\" data-end=\"2764\">Piloting phase<\/strong>which will be presented to the responsible committee shortly. The CDU Kaarst will actively support this process and continue to campaign for <strong data-start=\"2900\" data-end=\"2942\">Citizen-friendly, innovative solutions<\/strong> use.<\/p>","protected":false},"excerpt":{"rendered":"<p>Ein wichtiger Schritt f\u00fcr mehr B\u00fcrgern\u00e4he, Teilhabe und moderne Verwaltung: Die CDU Kaarst begr\u00fc\u00dft die erfolgreiche Umsetzung ihres gemeinsam mit B\u00fcndnis 90\/Die Gr\u00fcnen im Februar 2024 eingebrachten Antrags zur Einf\u00fchrung eines mobilen B\u00fcrgerkoffers. Mit dem im April 2025 beschafften B\u00fcrgerkoffer 2.2 wird ein zentrales Anliegen der CDU-Fraktion verwirklicht: ein flexibles Rathaus, das direkt zu den [&hellip;]<\/p>\n","protected":false},"author":4,"featured_media":6558,"comment_status":"closed","ping_status":"closed","sticky":false,"template":"","format":"standard","meta":{"footnotes":""},"categories":[1],"tags":[],"class_list":["post-6552","post","type-post","status-publish","format-standard","has-post-thumbnail","hentry","category-allgemein"],"yoast_head":"<!-- This site is optimized with the Yoast SEO plugin v27.4 - https:\/\/yoast.com\/product\/yoast-seo-wordpress\/ -->\n<title>B\u00fcrgerkoffer bringt das Rathaus zu den Menschen - CDU Kaarst-B\u00fcttgen<\/title>\n<meta name=\"description\" content=\"CDU-Antrag erfolgreich umgesetzt. Ein wichtiger Schritt f\u00fcr mehr B\u00fcrgern\u00e4he, Teilhabe und moderne Verwaltung: Die CDU Kaarst begr\u00fc\u00dft die erfolgreiche Umsetzung ihres gemeinsam mit B\u00fcndnis 90\/Die Gr\u00fcnen im Februar 2024 eingebrachten Antrags zur Einf\u00fchrung eines mobilen B\u00fcrgerkoffers.\" \/>\n<meta name=\"robots\" content=\"index, follow, max-snippet:-1, max-image-preview:large, max-video-preview:-1\" \/>\n<link rel=\"canonical\" href=\"https:\/\/cdu-kaarst.de\/en\/allgemein\/buergerkoffer-bringt-das-rathaus-zu-den-menschen\/\" \/>\n<meta property=\"og:locale\" content=\"en_GB\" \/>\n<meta property=\"og:type\" content=\"article\" \/>\n<meta property=\"og:title\" content=\"B\u00fcrgerkoffer bringt das Rathaus zu den Menschen - CDU Kaarst-B\u00fcttgen\" \/>\n<meta property=\"og:description\" content=\"CDU-Antrag erfolgreich umgesetzt. Ein wichtiger Schritt f\u00fcr mehr B\u00fcrgern\u00e4he, Teilhabe und moderne Verwaltung: Die CDU Kaarst begr\u00fc\u00dft die erfolgreiche Umsetzung ihres gemeinsam mit B\u00fcndnis 90\/Die Gr\u00fcnen im Februar 2024 eingebrachten Antrags zur Einf\u00fchrung eines mobilen B\u00fcrgerkoffers.\" \/>\n<meta property=\"og:url\" content=\"https:\/\/cdu-kaarst.de\/en\/allgemein\/buergerkoffer-bringt-das-rathaus-zu-den-menschen\/\" \/>\n<meta property=\"og:site_name\" content=\"CDU Kaarst-B\u00fcttgen\" \/>\n<meta property=\"article:published_time\" content=\"2025-05-23T13:24:46+00:00\" \/>\n<meta property=\"article:modified_time\" content=\"2025-05-26T09:13:49+00:00\" \/>\n<meta property=\"og:image\" content=\"https:\/\/cdu-kaarst.de\/wp-content\/uploads\/koffer__2_.jpg\" \/>\n\t<meta property=\"og:image:width\" content=\"1024\" \/>\n\t<meta property=\"og:image:height\" content=\"1024\" \/>\n\t<meta property=\"og:image:type\" content=\"image\/jpeg\" \/>\n<meta name=\"author\" content=\"Redaktion\" \/>\n<meta name=\"twitter:card\" content=\"summary_large_image\" \/>\n<meta name=\"twitter:label1\" content=\"Written by\" \/>\n\t<meta name=\"twitter:data1\" content=\"Redaktion\" \/>\n\t<meta name=\"twitter:label2\" content=\"Estimated reading time\" \/>\n\t<meta name=\"twitter:data2\" content=\"2 minutes\" \/>\n<script type=\"application\/ld+json\" class=\"yoast-schema-graph\">{\"@context\":\"https:\\\/\\\/schema.org\",\"@graph\":[{\"@type\":\"Article\",\"@id\":\"https:\\\/\\\/cdu-kaarst.de\\\/allgemein\\\/buergerkoffer-bringt-das-rathaus-zu-den-menschen\\\/#article\",\"isPartOf\":{\"@id\":\"https:\\\/\\\/cdu-kaarst.de\\\/allgemein\\\/buergerkoffer-bringt-das-rathaus-zu-den-menschen\\\/\"},\"author\":{\"name\":\"Redaktion\",\"@id\":\"https:\\\/\\\/cdu-kaarst.de\\\/#\\\/schema\\\/person\\\/246f51db799d47b1fcc72fd16f5e948b\"},\"headline\":\"B\u00fcrgerkoffer bringt das Rathaus zu den Menschen\",\"datePublished\":\"2025-05-23T13:24:46+00:00\",\"dateModified\":\"2025-05-26T09:13:49+00:00\",\"mainEntityOfPage\":{\"@id\":\"https:\\\/\\\/cdu-kaarst.de\\\/allgemein\\\/buergerkoffer-bringt-das-rathaus-zu-den-menschen\\\/\"},\"wordCount\":369,\"publisher\":{\"@id\":\"https:\\\/\\\/cdu-kaarst.de\\\/#organization\"},\"image\":{\"@id\":\"https:\\\/\\\/cdu-kaarst.de\\\/allgemein\\\/buergerkoffer-bringt-das-rathaus-zu-den-menschen\\\/#primaryimage\"},\"thumbnailUrl\":\"https:\\\/\\\/cdu-kaarst.de\\\/wp-content\\\/uploads\\\/koffer__2_.jpg\",\"articleSection\":[\"Allgemein\"],\"inLanguage\":\"en-GB\"},{\"@type\":\"WebPage\",\"@id\":\"https:\\\/\\\/cdu-kaarst.de\\\/allgemein\\\/buergerkoffer-bringt-das-rathaus-zu-den-menschen\\\/\",\"url\":\"https:\\\/\\\/cdu-kaarst.de\\\/allgemein\\\/buergerkoffer-bringt-das-rathaus-zu-den-menschen\\\/\",\"name\":\"B\u00fcrgerkoffer bringt das Rathaus zu den Menschen - CDU Kaarst-B\u00fcttgen\",\"isPartOf\":{\"@id\":\"https:\\\/\\\/cdu-kaarst.de\\\/#website\"},\"primaryImageOfPage\":{\"@id\":\"https:\\\/\\\/cdu-kaarst.de\\\/allgemein\\\/buergerkoffer-bringt-das-rathaus-zu-den-menschen\\\/#primaryimage\"},\"image\":{\"@id\":\"https:\\\/\\\/cdu-kaarst.de\\\/allgemein\\\/buergerkoffer-bringt-das-rathaus-zu-den-menschen\\\/#primaryimage\"},\"thumbnailUrl\":\"https:\\\/\\\/cdu-kaarst.de\\\/wp-content\\\/uploads\\\/koffer__2_.jpg\",\"datePublished\":\"2025-05-23T13:24:46+00:00\",\"dateModified\":\"2025-05-26T09:13:49+00:00\",\"description\":\"CDU-Antrag erfolgreich umgesetzt. Ein wichtiger Schritt f\u00fcr mehr B\u00fcrgern\u00e4he, Teilhabe und moderne Verwaltung: Die CDU Kaarst begr\u00fc\u00dft die erfolgreiche Umsetzung ihres gemeinsam mit B\u00fcndnis 90\\\/Die Gr\u00fcnen im Februar 2024 eingebrachten Antrags zur Einf\u00fchrung eines mobilen B\u00fcrgerkoffers.\",\"breadcrumb\":{\"@id\":\"https:\\\/\\\/cdu-kaarst.de\\\/allgemein\\\/buergerkoffer-bringt-das-rathaus-zu-den-menschen\\\/#breadcrumb\"},\"inLanguage\":\"en-GB\",\"potentialAction\":[{\"@type\":\"ReadAction\",\"target\":[\"https:\\\/\\\/cdu-kaarst.de\\\/allgemein\\\/buergerkoffer-bringt-das-rathaus-zu-den-menschen\\\/\"]}]},{\"@type\":\"ImageObject\",\"inLanguage\":\"en-GB\",\"@id\":\"https:\\\/\\\/cdu-kaarst.de\\\/allgemein\\\/buergerkoffer-bringt-das-rathaus-zu-den-menschen\\\/#primaryimage\",\"url\":\"https:\\\/\\\/cdu-kaarst.de\\\/wp-content\\\/uploads\\\/koffer__2_.jpg\",\"contentUrl\":\"https:\\\/\\\/cdu-kaarst.de\\\/wp-content\\\/uploads\\\/koffer__2_.jpg\",\"width\":1024,\"height\":1024},{\"@type\":\"BreadcrumbList\",\"@id\":\"https:\\\/\\\/cdu-kaarst.de\\\/allgemein\\\/buergerkoffer-bringt-das-rathaus-zu-den-menschen\\\/#breadcrumb\",\"itemListElement\":[{\"@type\":\"ListItem\",\"position\":1,\"name\":\"Startseite\",\"item\":\"https:\\\/\\\/cdu-kaarst.de\\\/\"},{\"@type\":\"ListItem\",\"position\":2,\"name\":\"B\u00fcrgerkoffer bringt das Rathaus zu den Menschen\"}]},{\"@type\":\"WebSite\",\"@id\":\"https:\\\/\\\/cdu-kaarst.de\\\/#website\",\"url\":\"https:\\\/\\\/cdu-kaarst.de\\\/\",\"name\":\"CDU Kaarst-B\u00fcttgen\",\"description\":\"gut Leben in Kaarst\",\"publisher\":{\"@id\":\"https:\\\/\\\/cdu-kaarst.de\\\/#organization\"},\"potentialAction\":[{\"@type\":\"SearchAction\",\"target\":{\"@type\":\"EntryPoint\",\"urlTemplate\":\"https:\\\/\\\/cdu-kaarst.de\\\/?s={search_term_string}\"},\"query-input\":{\"@type\":\"PropertyValueSpecification\",\"valueRequired\":true,\"valueName\":\"search_term_string\"}}],\"inLanguage\":\"en-GB\"},{\"@type\":\"Organization\",\"@id\":\"https:\\\/\\\/cdu-kaarst.de\\\/#organization\",\"name\":\"CDU Kaarst-B\u00fcttgen\",\"url\":\"https:\\\/\\\/cdu-kaarst.de\\\/\",\"logo\":{\"@type\":\"ImageObject\",\"inLanguage\":\"en-GB\",\"@id\":\"https:\\\/\\\/cdu-kaarst.de\\\/#\\\/schema\\\/logo\\\/image\\\/\",\"url\":\"https:\\\/\\\/cdu-kaarst.de\\\/wp-content\\\/uploads\\\/cdu-gesamtlogo.png\",\"contentUrl\":\"https:\\\/\\\/cdu-kaarst.de\\\/wp-content\\\/uploads\\\/cdu-gesamtlogo.png\",\"width\":418,\"height\":120,\"caption\":\"CDU Kaarst-B\u00fcttgen\"},\"image\":{\"@id\":\"https:\\\/\\\/cdu-kaarst.de\\\/#\\\/schema\\\/logo\\\/image\\\/\"}},{\"@type\":\"Person\",\"@id\":\"https:\\\/\\\/cdu-kaarst.de\\\/#\\\/schema\\\/person\\\/246f51db799d47b1fcc72fd16f5e948b\",\"name\":\"Redaktion\"}]}<\/script>\n<!-- \/ Yoast SEO plugin. -->","yoast_head_json":{"title":"B\u00fcrgerkoffer bringt das Rathaus zu den Menschen - CDU Kaarst-B\u00fcttgen","description":"CDU-Antrag erfolgreich umgesetzt. Ein wichtiger Schritt f\u00fcr mehr B\u00fcrgern\u00e4he, Teilhabe und moderne Verwaltung: Die CDU Kaarst begr\u00fc\u00dft die erfolgreiche Umsetzung ihres gemeinsam mit B\u00fcndnis 90\/Die Gr\u00fcnen im Februar 2024 eingebrachten Antrags zur Einf\u00fchrung eines mobilen B\u00fcrgerkoffers.","robots":{"index":"index","follow":"follow","max-snippet":"max-snippet:-1","max-image-preview":"max-image-preview:large","max-video-preview":"max-video-preview:-1"},"canonical":"https:\/\/cdu-kaarst.de\/en\/allgemein\/buergerkoffer-bringt-das-rathaus-zu-den-menschen\/","og_locale":"en_GB","og_type":"article","og_title":"B\u00fcrgerkoffer bringt das Rathaus zu den Menschen - CDU Kaarst-B\u00fcttgen","og_description":"CDU-Antrag erfolgreich umgesetzt. Ein wichtiger Schritt f\u00fcr mehr B\u00fcrgern\u00e4he, Teilhabe und moderne Verwaltung: Die CDU Kaarst begr\u00fc\u00dft die erfolgreiche Umsetzung ihres gemeinsam mit B\u00fcndnis 90\/Die Gr\u00fcnen im Februar 2024 eingebrachten Antrags zur Einf\u00fchrung eines mobilen B\u00fcrgerkoffers.","og_url":"https:\/\/cdu-kaarst.de\/en\/allgemein\/buergerkoffer-bringt-das-rathaus-zu-den-menschen\/","og_site_name":"CDU Kaarst-B\u00fcttgen","article_published_time":"2025-05-23T13:24:46+00:00","article_modified_time":"2025-05-26T09:13:49+00:00","og_image":[{"width":1024,"height":1024,"url":"https:\/\/cdu-kaarst.de\/wp-content\/uploads\/koffer__2_.jpg","type":"image\/jpeg"}],"author":"Redaktion","twitter_card":"summary_large_image","twitter_misc":{"Written by":"Redaktion","Estimated reading time":"2 minutes"},"schema":{"@context":"https:\/\/schema.org","@graph":[{"@type":"Article","@id":"https:\/\/cdu-kaarst.de\/allgemein\/buergerkoffer-bringt-das-rathaus-zu-den-menschen\/#article","isPartOf":{"@id":"https:\/\/cdu-kaarst.de\/allgemein\/buergerkoffer-bringt-das-rathaus-zu-den-menschen\/"},"author":{"name":"Redaktion","@id":"https:\/\/cdu-kaarst.de\/#\/schema\/person\/246f51db799d47b1fcc72fd16f5e948b"},"headline":"B\u00fcrgerkoffer bringt das Rathaus zu den Menschen","datePublished":"2025-05-23T13:24:46+00:00","dateModified":"2025-05-26T09:13:49+00:00","mainEntityOfPage":{"@id":"https:\/\/cdu-kaarst.de\/allgemein\/buergerkoffer-bringt-das-rathaus-zu-den-menschen\/"},"wordCount":369,"publisher":{"@id":"https:\/\/cdu-kaarst.de\/#organization"},"image":{"@id":"https:\/\/cdu-kaarst.de\/allgemein\/buergerkoffer-bringt-das-rathaus-zu-den-menschen\/#primaryimage"},"thumbnailUrl":"https:\/\/cdu-kaarst.de\/wp-content\/uploads\/koffer__2_.jpg","articleSection":["Allgemein"],"inLanguage":"en-GB"},{"@type":"WebPage","@id":"https:\/\/cdu-kaarst.de\/allgemein\/buergerkoffer-bringt-das-rathaus-zu-den-menschen\/","url":"https:\/\/cdu-kaarst.de\/allgemein\/buergerkoffer-bringt-das-rathaus-zu-den-menschen\/","name":"B\u00fcrgerkoffer bringt das Rathaus zu den Menschen - CDU Kaarst-B\u00fcttgen","isPartOf":{"@id":"https:\/\/cdu-kaarst.de\/#website"},"primaryImageOfPage":{"@id":"https:\/\/cdu-kaarst.de\/allgemein\/buergerkoffer-bringt-das-rathaus-zu-den-menschen\/#primaryimage"},"image":{"@id":"https:\/\/cdu-kaarst.de\/allgemein\/buergerkoffer-bringt-das-rathaus-zu-den-menschen\/#primaryimage"},"thumbnailUrl":"https:\/\/cdu-kaarst.de\/wp-content\/uploads\/koffer__2_.jpg","datePublished":"2025-05-23T13:24:46+00:00","dateModified":"2025-05-26T09:13:49+00:00","description":"CDU-Antrag erfolgreich umgesetzt. Ein wichtiger Schritt f\u00fcr mehr B\u00fcrgern\u00e4he, Teilhabe und moderne Verwaltung: Die CDU Kaarst begr\u00fc\u00dft die erfolgreiche Umsetzung ihres gemeinsam mit B\u00fcndnis 90\/Die Gr\u00fcnen im Februar 2024 eingebrachten Antrags zur Einf\u00fchrung eines mobilen B\u00fcrgerkoffers.","breadcrumb":{"@id":"https:\/\/cdu-kaarst.de\/allgemein\/buergerkoffer-bringt-das-rathaus-zu-den-menschen\/#breadcrumb"},"inLanguage":"en-GB","potentialAction":[{"@type":"ReadAction","target":["https:\/\/cdu-kaarst.de\/allgemein\/buergerkoffer-bringt-das-rathaus-zu-den-menschen\/"]}]},{"@type":"ImageObject","inLanguage":"en-GB","@id":"https:\/\/cdu-kaarst.de\/allgemein\/buergerkoffer-bringt-das-rathaus-zu-den-menschen\/#primaryimage","url":"https:\/\/cdu-kaarst.de\/wp-content\/uploads\/koffer__2_.jpg","contentUrl":"https:\/\/cdu-kaarst.de\/wp-content\/uploads\/koffer__2_.jpg","width":1024,"height":1024},{"@type":"BreadcrumbList","@id":"https:\/\/cdu-kaarst.de\/allgemein\/buergerkoffer-bringt-das-rathaus-zu-den-menschen\/#breadcrumb","itemListElement":[{"@type":"ListItem","position":1,"name":"Startseite","item":"https:\/\/cdu-kaarst.de\/"},{"@type":"ListItem","position":2,"name":"B\u00fcrgerkoffer bringt das Rathaus zu den Menschen"}]},{"@type":"WebSite","@id":"https:\/\/cdu-kaarst.de\/#website","url":"https:\/\/cdu-kaarst.de\/","name":"CDU Kaarst-B\u00fcttgen","description":"living well in Kaarst","publisher":{"@id":"https:\/\/cdu-kaarst.de\/#organization"},"potentialAction":[{"@type":"SearchAction","target":{"@type":"EntryPoint","urlTemplate":"https:\/\/cdu-kaarst.de\/?s={search_term_string}"},"query-input":{"@type":"PropertyValueSpecification","valueRequired":true,"valueName":"search_term_string"}}],"inLanguage":"en-GB"},{"@type":"Organization","@id":"https:\/\/cdu-kaarst.de\/#organization","name":"CDU Kaarst-B\u00fcttgen","url":"https:\/\/cdu-kaarst.de\/","logo":{"@type":"ImageObject","inLanguage":"en-GB","@id":"https:\/\/cdu-kaarst.de\/#\/schema\/logo\/image\/","url":"https:\/\/cdu-kaarst.de\/wp-content\/uploads\/cdu-gesamtlogo.png","contentUrl":"https:\/\/cdu-kaarst.de\/wp-content\/uploads\/cdu-gesamtlogo.png","width":418,"height":120,"caption":"CDU Kaarst-B\u00fcttgen"},"image":{"@id":"https:\/\/cdu-kaarst.de\/#\/schema\/logo\/image\/"}},{"@type":"Person","@id":"https:\/\/cdu-kaarst.de\/#\/schema\/person\/246f51db799d47b1fcc72fd16f5e948b","name":"Editorial office"}]}},"_links":{"self":[{"href":"https:\/\/cdu-kaarst.de\/en\/wp-json\/wp\/v2\/posts\/6552","targetHints":{"allow":["GET"]}}],"collection":[{"href":"https:\/\/cdu-kaarst.de\/en\/wp-json\/wp\/v2\/posts"}],"about":[{"href":"https:\/\/cdu-kaarst.de\/en\/wp-json\/wp\/v2\/types\/post"}],"author":[{"embeddable":true,"href":"https:\/\/cdu-kaarst.de\/en\/wp-json\/wp\/v2\/users\/4"}],"replies":[{"embeddable":true,"href":"https:\/\/cdu-kaarst.de\/en\/wp-json\/wp\/v2\/comments?post=6552"}],"version-history":[{"count":1,"href":"https:\/\/cdu-kaarst.de\/en\/wp-json\/wp\/v2\/posts\/6552\/revisions"}],"predecessor-version":[{"id":6554,"href":"https:\/\/cdu-kaarst.de\/en\/wp-json\/wp\/v2\/posts\/6552\/revisions\/6554"}],"wp:featuredmedia":[{"embeddable":true,"href":"https:\/\/cdu-kaarst.de\/en\/wp-json\/wp\/v2\/media\/6558"}],"wp:attachment":[{"href":"https:\/\/cdu-kaarst.de\/en\/wp-json\/wp\/v2\/media?parent=6552"}],"wp:term":[{"taxonomy":"category","embeddable":true,"href":"https:\/\/cdu-kaarst.de\/en\/wp-json\/wp\/v2\/categories?post=6552"},{"taxonomy":"post_tag","embeddable":true,"href":"https:\/\/cdu-kaarst.de\/en\/wp-json\/wp\/v2\/tags?post=6552"}],"curies":[{"name":"wp","href":"https:\/\/api.w.org\/{rel}","templated":true}]}}