{"id":6565,"date":"2025-05-28T15:32:05","date_gmt":"2025-05-28T13:32:05","guid":{"rendered":"https:\/\/cdu-kaarst.de\/?p=6565"},"modified":"2025-05-28T15:40:38","modified_gmt":"2025-05-28T13:40:38","slug":"fuer-eine-wirtschaftlich-starke-zukunft-cdu-kaarst-fordert-klare-linie-bei-gewerbeflaechen","status":"publish","type":"post","link":"https:\/\/cdu-kaarst.de\/en\/allgemein\/fuer-eine-wirtschaftlich-starke-zukunft-cdu-kaarst-fordert-klare-linie-bei-gewerbeflaechen\/","title":{"rendered":"For an economically strong future: CDU Kaarst calls for a clear line on commercial sites"},"content":{"rendered":"<p><strong>For an economically strong future: CDU Kaarst calls for a clear line on commercial sites<\/strong><\/p>\n<p>No half measures: The Kaarst CDU criticises the lack of transparency in the administration's unilateral actions and calls for viable concepts for our industrial estates instead of symbolic politics. CDU mayoral candidate Christian Horn-Heinemann makes it clear: <em>\"Kaarst needs sustainable company relocations - not mere sales actionism.<\/em><\/p>\n<p>&nbsp;<\/p>\n<p><a href=\"https:\/\/rp-online.de\/nrw\/staedte\/kaarst\/kaarst-cdu-aeussert-scharfe-kritik-an-buergermeisterin-ursula-baum_aid-128240439\" target=\"_blank\" rel=\"noopener\">Read article<\/a><\/p>\n<p>&nbsp;<\/p>","protected":false},"excerpt":{"rendered":"<p>For an economically strong future: CDU Kaarst calls for a clear line on industrial estates No half measures: The Kaarst CDU criticises the administration's non-transparent solo efforts and calls for viable concepts for our business parks instead of symbolic politics. CDU mayoral candidate Christian Horn-Heinemann makes it clear: \"Kaarst needs sustainable company relocations - not mere sales actionism.   Read article &nbsp;<\/p>","protected":false},"author":4,"featured_media":6566,"comment_status":"closed","ping_status":"closed","sticky":false,"template":"","format":"standard","meta":{"footnotes":""},"categories":[1],"tags":[],"class_list":["post-6565","post","type-post","status-publish","format-standard","has-post-thumbnail","hentry","category-allgemein"],"yoast_head":"<!-- This site is optimized with the Yoast SEO plugin v27.4 - https:\/\/yoast.com\/product\/yoast-seo-wordpress\/ -->\n<title>F\u00fcr eine wirtschaftlich starke Zukunft: CDU Kaarst fordert klare Linie bei Gewerbefl\u00e4chen - CDU Kaarst-B\u00fcttgen<\/title>\n<meta name=\"description\" content=\"CDU Kaarst fordert Klarheit und Verl\u00e4sslichkeit bei Gewerbefl\u00e4chen. Verl\u00e4sslichkeit, Transparenz und eine wirtschaftlich sinnvolle Stadtentwicklung.\" \/>\n<meta name=\"robots\" content=\"index, follow, max-snippet:-1, max-image-preview:large, max-video-preview:-1\" \/>\n<link rel=\"canonical\" href=\"https:\/\/cdu-kaarst.de\/en\/allgemein\/fuer-eine-wirtschaftlich-starke-zukunft-cdu-kaarst-fordert-klare-linie-bei-gewerbeflaechen\/\" \/>\n<meta property=\"og:locale\" content=\"en_GB\" \/>\n<meta property=\"og:type\" content=\"article\" \/>\n<meta property=\"og:title\" content=\"F\u00fcr eine wirtschaftlich starke Zukunft: CDU Kaarst fordert klare Linie bei Gewerbefl\u00e4chen - CDU Kaarst-B\u00fcttgen\" \/>\n<meta property=\"og:description\" content=\"CDU Kaarst fordert Klarheit und Verl\u00e4sslichkeit bei Gewerbefl\u00e4chen. Verl\u00e4sslichkeit, Transparenz und eine wirtschaftlich sinnvolle Stadtentwicklung.\" \/>\n<meta property=\"og:url\" content=\"https:\/\/cdu-kaarst.de\/en\/allgemein\/fuer-eine-wirtschaftlich-starke-zukunft-cdu-kaarst-fordert-klare-linie-bei-gewerbeflaechen\/\" \/>\n<meta property=\"og:site_name\" content=\"CDU Kaarst-B\u00fcttgen\" \/>\n<meta property=\"article:published_time\" content=\"2025-05-28T13:32:05+00:00\" \/>\n<meta property=\"article:modified_time\" content=\"2025-05-28T13:40:38+00:00\" \/>\n<meta property=\"og:image\" content=\"https:\/\/cdu-kaarst.de\/wp-content\/uploads\/Gewerbegebiet__1_.jpg\" \/>\n\t<meta property=\"og:image:width\" content=\"1080\" \/>\n\t<meta property=\"og:image:height\" content=\"1080\" \/>\n\t<meta property=\"og:image:type\" content=\"image\/jpeg\" \/>\n<meta name=\"author\" content=\"Redaktion\" \/>\n<meta name=\"twitter:card\" content=\"summary_large_image\" \/>\n<meta name=\"twitter:label1\" content=\"Written by\" \/>\n\t<meta name=\"twitter:data1\" content=\"Redaktion\" \/>\n\t<meta name=\"twitter:label2\" content=\"Estimated reading time\" \/>\n\t<meta name=\"twitter:data2\" content=\"1 minute\" \/>\n<script type=\"application\/ld+json\" class=\"yoast-schema-graph\">{\"@context\":\"https:\\\/\\\/schema.org\",\"@graph\":[{\"@type\":\"Article\",\"@id\":\"https:\\\/\\\/cdu-kaarst.de\\\/allgemein\\\/fuer-eine-wirtschaftlich-starke-zukunft-cdu-kaarst-fordert-klare-linie-bei-gewerbeflaechen\\\/#article\",\"isPartOf\":{\"@id\":\"https:\\\/\\\/cdu-kaarst.de\\\/allgemein\\\/fuer-eine-wirtschaftlich-starke-zukunft-cdu-kaarst-fordert-klare-linie-bei-gewerbeflaechen\\\/\"},\"author\":{\"name\":\"Redaktion\",\"@id\":\"https:\\\/\\\/cdu-kaarst.de\\\/#\\\/schema\\\/person\\\/246f51db799d47b1fcc72fd16f5e948b\"},\"headline\":\"F\u00fcr eine wirtschaftlich starke Zukunft: CDU Kaarst fordert klare Linie bei Gewerbefl\u00e4chen\",\"datePublished\":\"2025-05-28T13:32:05+00:00\",\"dateModified\":\"2025-05-28T13:40:38+00:00\",\"mainEntityOfPage\":{\"@id\":\"https:\\\/\\\/cdu-kaarst.de\\\/allgemein\\\/fuer-eine-wirtschaftlich-starke-zukunft-cdu-kaarst-fordert-klare-linie-bei-gewerbeflaechen\\\/\"},\"wordCount\":70,\"publisher\":{\"@id\":\"https:\\\/\\\/cdu-kaarst.de\\\/#organization\"},\"image\":{\"@id\":\"https:\\\/\\\/cdu-kaarst.de\\\/allgemein\\\/fuer-eine-wirtschaftlich-starke-zukunft-cdu-kaarst-fordert-klare-linie-bei-gewerbeflaechen\\\/#primaryimage\"},\"thumbnailUrl\":\"https:\\\/\\\/cdu-kaarst.de\\\/wp-content\\\/uploads\\\/Gewerbegebiet__1_.jpg\",\"articleSection\":[\"Allgemein\"],\"inLanguage\":\"en-GB\"},{\"@type\":\"WebPage\",\"@id\":\"https:\\\/\\\/cdu-kaarst.de\\\/allgemein\\\/fuer-eine-wirtschaftlich-starke-zukunft-cdu-kaarst-fordert-klare-linie-bei-gewerbeflaechen\\\/\",\"url\":\"https:\\\/\\\/cdu-kaarst.de\\\/allgemein\\\/fuer-eine-wirtschaftlich-starke-zukunft-cdu-kaarst-fordert-klare-linie-bei-gewerbeflaechen\\\/\",\"name\":\"F\u00fcr eine wirtschaftlich starke Zukunft: CDU Kaarst fordert klare Linie bei Gewerbefl\u00e4chen - CDU Kaarst-B\u00fcttgen\",\"isPartOf\":{\"@id\":\"https:\\\/\\\/cdu-kaarst.de\\\/#website\"},\"primaryImageOfPage\":{\"@id\":\"https:\\\/\\\/cdu-kaarst.de\\\/allgemein\\\/fuer-eine-wirtschaftlich-starke-zukunft-cdu-kaarst-fordert-klare-linie-bei-gewerbeflaechen\\\/#primaryimage\"},\"image\":{\"@id\":\"https:\\\/\\\/cdu-kaarst.de\\\/allgemein\\\/fuer-eine-wirtschaftlich-starke-zukunft-cdu-kaarst-fordert-klare-linie-bei-gewerbeflaechen\\\/#primaryimage\"},\"thumbnailUrl\":\"https:\\\/\\\/cdu-kaarst.de\\\/wp-content\\\/uploads\\\/Gewerbegebiet__1_.jpg\",\"datePublished\":\"2025-05-28T13:32:05+00:00\",\"dateModified\":\"2025-05-28T13:40:38+00:00\",\"description\":\"CDU Kaarst fordert Klarheit und Verl\u00e4sslichkeit bei Gewerbefl\u00e4chen. Verl\u00e4sslichkeit, Transparenz und eine wirtschaftlich sinnvolle Stadtentwicklung.\",\"breadcrumb\":{\"@id\":\"https:\\\/\\\/cdu-kaarst.de\\\/allgemein\\\/fuer-eine-wirtschaftlich-starke-zukunft-cdu-kaarst-fordert-klare-linie-bei-gewerbeflaechen\\\/#breadcrumb\"},\"inLanguage\":\"en-GB\",\"potentialAction\":[{\"@type\":\"ReadAction\",\"target\":[\"https:\\\/\\\/cdu-kaarst.de\\\/allgemein\\\/fuer-eine-wirtschaftlich-starke-zukunft-cdu-kaarst-fordert-klare-linie-bei-gewerbeflaechen\\\/\"]}]},{\"@type\":\"ImageObject\",\"inLanguage\":\"en-GB\",\"@id\":\"https:\\\/\\\/cdu-kaarst.de\\\/allgemein\\\/fuer-eine-wirtschaftlich-starke-zukunft-cdu-kaarst-fordert-klare-linie-bei-gewerbeflaechen\\\/#primaryimage\",\"url\":\"https:\\\/\\\/cdu-kaarst.de\\\/wp-content\\\/uploads\\\/Gewerbegebiet__1_.jpg\",\"contentUrl\":\"https:\\\/\\\/cdu-kaarst.de\\\/wp-content\\\/uploads\\\/Gewerbegebiet__1_.jpg\",\"width\":1080,\"height\":1080},{\"@type\":\"BreadcrumbList\",\"@id\":\"https:\\\/\\\/cdu-kaarst.de\\\/allgemein\\\/fuer-eine-wirtschaftlich-starke-zukunft-cdu-kaarst-fordert-klare-linie-bei-gewerbeflaechen\\\/#breadcrumb\",\"itemListElement\":[{\"@type\":\"ListItem\",\"position\":1,\"name\":\"Startseite\",\"item\":\"https:\\\/\\\/cdu-kaarst.de\\\/\"},{\"@type\":\"ListItem\",\"position\":2,\"name\":\"F\u00fcr eine wirtschaftlich starke Zukunft: CDU Kaarst fordert klare Linie bei Gewerbefl\u00e4chen\"}]},{\"@type\":\"WebSite\",\"@id\":\"https:\\\/\\\/cdu-kaarst.de\\\/#website\",\"url\":\"https:\\\/\\\/cdu-kaarst.de\\\/\",\"name\":\"CDU Kaarst-B\u00fcttgen\",\"description\":\"gut Leben in Kaarst\",\"publisher\":{\"@id\":\"https:\\\/\\\/cdu-kaarst.de\\\/#organization\"},\"potentialAction\":[{\"@type\":\"SearchAction\",\"target\":{\"@type\":\"EntryPoint\",\"urlTemplate\":\"https:\\\/\\\/cdu-kaarst.de\\\/?s={search_term_string}\"},\"query-input\":{\"@type\":\"PropertyValueSpecification\",\"valueRequired\":true,\"valueName\":\"search_term_string\"}}],\"inLanguage\":\"en-GB\"},{\"@type\":\"Organization\",\"@id\":\"https:\\\/\\\/cdu-kaarst.de\\\/#organization\",\"name\":\"CDU Kaarst-B\u00fcttgen\",\"url\":\"https:\\\/\\\/cdu-kaarst.de\\\/\",\"logo\":{\"@type\":\"ImageObject\",\"inLanguage\":\"en-GB\",\"@id\":\"https:\\\/\\\/cdu-kaarst.de\\\/#\\\/schema\\\/logo\\\/image\\\/\",\"url\":\"https:\\\/\\\/cdu-kaarst.de\\\/wp-content\\\/uploads\\\/cdu-gesamtlogo.png\",\"contentUrl\":\"https:\\\/\\\/cdu-kaarst.de\\\/wp-content\\\/uploads\\\/cdu-gesamtlogo.png\",\"width\":418,\"height\":120,\"caption\":\"CDU Kaarst-B\u00fcttgen\"},\"image\":{\"@id\":\"https:\\\/\\\/cdu-kaarst.de\\\/#\\\/schema\\\/logo\\\/image\\\/\"}},{\"@type\":\"Person\",\"@id\":\"https:\\\/\\\/cdu-kaarst.de\\\/#\\\/schema\\\/person\\\/246f51db799d47b1fcc72fd16f5e948b\",\"name\":\"Redaktion\"}]}<\/script>\n<!-- \/ Yoast SEO plugin. -->","yoast_head_json":{"title":"F\u00fcr eine wirtschaftlich starke Zukunft: CDU Kaarst fordert klare Linie bei Gewerbefl\u00e4chen - CDU Kaarst-B\u00fcttgen","description":"CDU Kaarst fordert Klarheit und Verl\u00e4sslichkeit bei Gewerbefl\u00e4chen. Verl\u00e4sslichkeit, Transparenz und eine wirtschaftlich sinnvolle Stadtentwicklung.","robots":{"index":"index","follow":"follow","max-snippet":"max-snippet:-1","max-image-preview":"max-image-preview:large","max-video-preview":"max-video-preview:-1"},"canonical":"https:\/\/cdu-kaarst.de\/en\/allgemein\/fuer-eine-wirtschaftlich-starke-zukunft-cdu-kaarst-fordert-klare-linie-bei-gewerbeflaechen\/","og_locale":"en_GB","og_type":"article","og_title":"F\u00fcr eine wirtschaftlich starke Zukunft: CDU Kaarst fordert klare Linie bei Gewerbefl\u00e4chen - CDU Kaarst-B\u00fcttgen","og_description":"CDU Kaarst fordert Klarheit und Verl\u00e4sslichkeit bei Gewerbefl\u00e4chen. Verl\u00e4sslichkeit, Transparenz und eine wirtschaftlich sinnvolle Stadtentwicklung.","og_url":"https:\/\/cdu-kaarst.de\/en\/allgemein\/fuer-eine-wirtschaftlich-starke-zukunft-cdu-kaarst-fordert-klare-linie-bei-gewerbeflaechen\/","og_site_name":"CDU Kaarst-B\u00fcttgen","article_published_time":"2025-05-28T13:32:05+00:00","article_modified_time":"2025-05-28T13:40:38+00:00","og_image":[{"width":1080,"height":1080,"url":"https:\/\/cdu-kaarst.de\/wp-content\/uploads\/Gewerbegebiet__1_.jpg","type":"image\/jpeg"}],"author":"Redaktion","twitter_card":"summary_large_image","twitter_misc":{"Written by":"Redaktion","Estimated reading time":"1 minute"},"schema":{"@context":"https:\/\/schema.org","@graph":[{"@type":"Article","@id":"https:\/\/cdu-kaarst.de\/allgemein\/fuer-eine-wirtschaftlich-starke-zukunft-cdu-kaarst-fordert-klare-linie-bei-gewerbeflaechen\/#article","isPartOf":{"@id":"https:\/\/cdu-kaarst.de\/allgemein\/fuer-eine-wirtschaftlich-starke-zukunft-cdu-kaarst-fordert-klare-linie-bei-gewerbeflaechen\/"},"author":{"name":"Redaktion","@id":"https:\/\/cdu-kaarst.de\/#\/schema\/person\/246f51db799d47b1fcc72fd16f5e948b"},"headline":"F\u00fcr eine wirtschaftlich starke Zukunft: CDU Kaarst fordert klare Linie bei Gewerbefl\u00e4chen","datePublished":"2025-05-28T13:32:05+00:00","dateModified":"2025-05-28T13:40:38+00:00","mainEntityOfPage":{"@id":"https:\/\/cdu-kaarst.de\/allgemein\/fuer-eine-wirtschaftlich-starke-zukunft-cdu-kaarst-fordert-klare-linie-bei-gewerbeflaechen\/"},"wordCount":70,"publisher":{"@id":"https:\/\/cdu-kaarst.de\/#organization"},"image":{"@id":"https:\/\/cdu-kaarst.de\/allgemein\/fuer-eine-wirtschaftlich-starke-zukunft-cdu-kaarst-fordert-klare-linie-bei-gewerbeflaechen\/#primaryimage"},"thumbnailUrl":"https:\/\/cdu-kaarst.de\/wp-content\/uploads\/Gewerbegebiet__1_.jpg","articleSection":["Allgemein"],"inLanguage":"en-GB"},{"@type":"WebPage","@id":"https:\/\/cdu-kaarst.de\/allgemein\/fuer-eine-wirtschaftlich-starke-zukunft-cdu-kaarst-fordert-klare-linie-bei-gewerbeflaechen\/","url":"https:\/\/cdu-kaarst.de\/allgemein\/fuer-eine-wirtschaftlich-starke-zukunft-cdu-kaarst-fordert-klare-linie-bei-gewerbeflaechen\/","name":"F\u00fcr eine wirtschaftlich starke Zukunft: CDU Kaarst fordert klare Linie bei Gewerbefl\u00e4chen - CDU Kaarst-B\u00fcttgen","isPartOf":{"@id":"https:\/\/cdu-kaarst.de\/#website"},"primaryImageOfPage":{"@id":"https:\/\/cdu-kaarst.de\/allgemein\/fuer-eine-wirtschaftlich-starke-zukunft-cdu-kaarst-fordert-klare-linie-bei-gewerbeflaechen\/#primaryimage"},"image":{"@id":"https:\/\/cdu-kaarst.de\/allgemein\/fuer-eine-wirtschaftlich-starke-zukunft-cdu-kaarst-fordert-klare-linie-bei-gewerbeflaechen\/#primaryimage"},"thumbnailUrl":"https:\/\/cdu-kaarst.de\/wp-content\/uploads\/Gewerbegebiet__1_.jpg","datePublished":"2025-05-28T13:32:05+00:00","dateModified":"2025-05-28T13:40:38+00:00","description":"CDU Kaarst fordert Klarheit und Verl\u00e4sslichkeit bei Gewerbefl\u00e4chen. Verl\u00e4sslichkeit, Transparenz und eine wirtschaftlich sinnvolle Stadtentwicklung.","breadcrumb":{"@id":"https:\/\/cdu-kaarst.de\/allgemein\/fuer-eine-wirtschaftlich-starke-zukunft-cdu-kaarst-fordert-klare-linie-bei-gewerbeflaechen\/#breadcrumb"},"inLanguage":"en-GB","potentialAction":[{"@type":"ReadAction","target":["https:\/\/cdu-kaarst.de\/allgemein\/fuer-eine-wirtschaftlich-starke-zukunft-cdu-kaarst-fordert-klare-linie-bei-gewerbeflaechen\/"]}]},{"@type":"ImageObject","inLanguage":"en-GB","@id":"https:\/\/cdu-kaarst.de\/allgemein\/fuer-eine-wirtschaftlich-starke-zukunft-cdu-kaarst-fordert-klare-linie-bei-gewerbeflaechen\/#primaryimage","url":"https:\/\/cdu-kaarst.de\/wp-content\/uploads\/Gewerbegebiet__1_.jpg","contentUrl":"https:\/\/cdu-kaarst.de\/wp-content\/uploads\/Gewerbegebiet__1_.jpg","width":1080,"height":1080},{"@type":"BreadcrumbList","@id":"https:\/\/cdu-kaarst.de\/allgemein\/fuer-eine-wirtschaftlich-starke-zukunft-cdu-kaarst-fordert-klare-linie-bei-gewerbeflaechen\/#breadcrumb","itemListElement":[{"@type":"ListItem","position":1,"name":"Startseite","item":"https:\/\/cdu-kaarst.de\/"},{"@type":"ListItem","position":2,"name":"F\u00fcr eine wirtschaftlich starke Zukunft: CDU Kaarst fordert klare Linie bei Gewerbefl\u00e4chen"}]},{"@type":"WebSite","@id":"https:\/\/cdu-kaarst.de\/#website","url":"https:\/\/cdu-kaarst.de\/","name":"CDU Kaarst-B\u00fcttgen","description":"living well in Kaarst","publisher":{"@id":"https:\/\/cdu-kaarst.de\/#organization"},"potentialAction":[{"@type":"SearchAction","target":{"@type":"EntryPoint","urlTemplate":"https:\/\/cdu-kaarst.de\/?s={search_term_string}"},"query-input":{"@type":"PropertyValueSpecification","valueRequired":true,"valueName":"search_term_string"}}],"inLanguage":"en-GB"},{"@type":"Organization","@id":"https:\/\/cdu-kaarst.de\/#organization","name":"CDU Kaarst-B\u00fcttgen","url":"https:\/\/cdu-kaarst.de\/","logo":{"@type":"ImageObject","inLanguage":"en-GB","@id":"https:\/\/cdu-kaarst.de\/#\/schema\/logo\/image\/","url":"https:\/\/cdu-kaarst.de\/wp-content\/uploads\/cdu-gesamtlogo.png","contentUrl":"https:\/\/cdu-kaarst.de\/wp-content\/uploads\/cdu-gesamtlogo.png","width":418,"height":120,"caption":"CDU Kaarst-B\u00fcttgen"},"image":{"@id":"https:\/\/cdu-kaarst.de\/#\/schema\/logo\/image\/"}},{"@type":"Person","@id":"https:\/\/cdu-kaarst.de\/#\/schema\/person\/246f51db799d47b1fcc72fd16f5e948b","name":"Editorial office"}]}},"_links":{"self":[{"href":"https:\/\/cdu-kaarst.de\/en\/wp-json\/wp\/v2\/posts\/6565","targetHints":{"allow":["GET"]}}],"collection":[{"href":"https:\/\/cdu-kaarst.de\/en\/wp-json\/wp\/v2\/posts"}],"about":[{"href":"https:\/\/cdu-kaarst.de\/en\/wp-json\/wp\/v2\/types\/post"}],"author":[{"embeddable":true,"href":"https:\/\/cdu-kaarst.de\/en\/wp-json\/wp\/v2\/users\/4"}],"replies":[{"embeddable":true,"href":"https:\/\/cdu-kaarst.de\/en\/wp-json\/wp\/v2\/comments?post=6565"}],"version-history":[{"count":4,"href":"https:\/\/cdu-kaarst.de\/en\/wp-json\/wp\/v2\/posts\/6565\/revisions"}],"predecessor-version":[{"id":6571,"href":"https:\/\/cdu-kaarst.de\/en\/wp-json\/wp\/v2\/posts\/6565\/revisions\/6571"}],"wp:featuredmedia":[{"embeddable":true,"href":"https:\/\/cdu-kaarst.de\/en\/wp-json\/wp\/v2\/media\/6566"}],"wp:attachment":[{"href":"https:\/\/cdu-kaarst.de\/en\/wp-json\/wp\/v2\/media?parent=6565"}],"wp:term":[{"taxonomy":"category","embeddable":true,"href":"https:\/\/cdu-kaarst.de\/en\/wp-json\/wp\/v2\/categories?post=6565"},{"taxonomy":"post_tag","embeddable":true,"href":"https:\/\/cdu-kaarst.de\/en\/wp-json\/wp\/v2\/tags?post=6565"}],"curies":[{"name":"wp","href":"https:\/\/api.w.org\/{rel}","templated":true}]}}