{"id":6575,"date":"2025-05-30T15:38:14","date_gmt":"2025-05-30T13:38:14","guid":{"rendered":"https:\/\/cdu-kaarst.de\/?p=6575"},"modified":"2025-05-30T16:20:43","modified_gmt":"2025-05-30T14:20:43","slug":"buergermeistertreffen-beim-fruehstueck-auf-dem-tuppenhof","status":"publish","type":"post","link":"https:\/\/cdu-kaarst.de\/en\/allgemein\/buergermeistertreffen-beim-fruehstueck-auf-dem-tuppenhof\/","title":{"rendered":"Mayors meet for breakfast at the Tuppenhof"},"content":{"rendered":"<div class=\"\" data-block=\"true\" data-editor=\"24iei\" data-offset-key=\"bdps1-0-0\">\n<div class=\"_1mf _1mj\" data-offset-key=\"bdps1-0-0\">This morning, mayoral candidate Christian Horn-Heinemann hosted a joint mayoral breakfast at the historic Tuppenhof farm in Kaarst-Vorst. Over a delicious breakfast in glorious sunshine, the CDU representatives from J\u00fcchen, Willich, Neuss, Rommerskirchen and Kaarst discussed the current challenges in their respective municipalities. There are, of course, interfaces and developments that affect all of them, and the dialogue was correspondingly quick.<\/div>\n<\/div>\n<div class=\"\" data-block=\"true\" data-editor=\"24iei\" data-offset-key=\"42uk5-0-0\">\n<div class=\"_1mf _1mj\" data-offset-key=\"42uk5-0-0\"><span data-offset-key=\"42uk5-0-0\">\u00a0<\/span><\/div>\n<\/div>\n<div class=\"\" data-block=\"true\" data-editor=\"24iei\" data-offset-key=\"29eru-0-0\">\n<div class=\"_1mf _1mj\" data-offset-key=\"29eru-0-0\"><span data-offset-key=\"29eru-0-0\">The topics of migration, transport, education and the budget were on almost everyone's mind - and it was interesting that different approaches to solutions could be discussed. This was exactly what Christian Horn-Heinemann wanted: \"When many bright minds come together, everyone benefits!\" The conclusion is therefore not surprising: closer cooperation between the municipalities should be sought in the future.<\/span><\/div>\n<\/div>\n<div class=\"\" data-block=\"true\" data-editor=\"24iei\" data-offset-key=\"2tck4-0-0\">\n<div class=\"_1mf _1mj\" data-offset-key=\"2tck4-0-0\"><span data-offset-key=\"2tck4-0-0\">\u00a0<\/span><\/div>\n<\/div>\n<div class=\"\" data-block=\"true\" data-editor=\"24iei\" data-offset-key=\"b4ph7-0-0\">\n<div class=\"_1mf _1mj\" data-offset-key=\"b4ph7-0-0\">The participants were: Harald Zillikens (J\u00fcchen), Christian Pakusch (Willich), Axel Stucke (candidate for mayor of Neuss), Holger Hambloch (candidate for mayor of Rommerskirchen) and Christian Horn-Heinemann (candidate for mayor of Kaarst).<\/div>\n<\/div>\n<div class=\"\" data-block=\"true\" data-editor=\"24iei\" data-offset-key=\"fcvek-0-0\">\n<div class=\"_1mf _1mj\" data-offset-key=\"fcvek-0-0\"><span data-offset-key=\"fcvek-0-0\">\u00a0<\/span><\/div>\n<\/div>\n<div class=\"\" data-block=\"true\" data-editor=\"24iei\" data-offset-key=\"cme7f-0-0\">\n<div class=\"_1mf _1mj\" data-offset-key=\"cme7f-0-0\"><span data-offset-key=\"cme7f-0-0\">The Tuppenhof in Kaarst-Vorst is a historic location that is also a great place to work. After the work was done, the CDU representatives took the time to take a closer look at the Tuppenhof. J\u00fcrgen Rau, who has been a volunteer at the Tuppenhof for 30 years, provided comprehensive information and showed the various rooms in this great meeting place and how the Tuppenhof is used by many organisations and clubs. You can even get married in these historic walls. <\/span><\/div>\n<\/div>\n<div class=\"\" data-block=\"true\" data-editor=\"24iei\" data-offset-key=\"fe2h9-0-0\">\n<div class=\"_1mf _1mj\" data-offset-key=\"fe2h9-0-0\"><span data-offset-key=\"fe2h9-0-0\">\u00a0<\/span><\/div>\n<\/div>\n<div class=\"\" data-block=\"true\" data-editor=\"24iei\" data-offset-key=\"1t8g4-0-0\">\n<div class=\"_1mf _1mj\" data-offset-key=\"1t8g4-0-0\"><span data-offset-key=\"1t8g4-0-0\">If you want to find out more about the Tuppenhof, you can find the information here: <\/span>www.tuppenhof.de<\/div>\n<\/div>\n<div class=\"\" data-block=\"true\" data-editor=\"24iei\" data-offset-key=\"97e1b-0-0\">\n<div class=\"_1mf _1mj\" data-offset-key=\"97e1b-0-0\"><span data-offset-key=\"97e1b-0-0\">\u00a0<\/span><\/div>\n<\/div>\n<div class=\"\" data-block=\"true\" data-editor=\"24iei\" data-offset-key=\"3pvl1-0-0\">\n<div class=\"_1mf _1mj\" data-offset-key=\"3pvl1-0-0\"><span data-offset-key=\"3pvl1-0-0\"> A big thank you to everyone involved for the open dialogue and great commitment - this is how lively political work works on the ground!<\/span><\/div>\n<\/div>","protected":false},"excerpt":{"rendered":"<p>Am heutigen Morgen lud B\u00fcrgermeisterkandidat Christian Horn-Heinemann zum gemeinsamen B\u00fcrgermeister-Fr\u00fchst\u00fcck auf den historischen Tuppenhof in Kaarst-Vorst ein. Bei einem leckeren Fr\u00fchst\u00fcck, herrlichem Sonnenschein diskutierten die CDU-Vertreter aus J\u00fcchen, Willich, Neuss, Rommerskirchen und Kaarst die aktuellen Aufgabenstellungen in ihren jeweiligen Kommunen. Da gibt es nat\u00fcrlich Schnittstellen und Entwicklungen, die alle geleierma\u00dfen betreffen und entsprechend schnell waren [&hellip;]<\/p>\n","protected":false},"author":4,"featured_media":6576,"comment_status":"closed","ping_status":"closed","sticky":false,"template":"","format":"standard","meta":{"footnotes":""},"categories":[1,102,95],"tags":[],"class_list":["post-6575","post","type-post","status-publish","format-standard","has-post-thumbnail","hentry","category-allgemein","category-buergermeister-horn-heinemann","category-cda-kaarst"],"yoast_head":"<!-- This site is optimized with the Yoast SEO plugin v27.4 - https:\/\/yoast.com\/product\/yoast-seo-wordpress\/ -->\n<title>B\u00fcrgermeistertreffen beim Fr\u00fchst\u00fcck auf dem Tuppenhof - CDU Kaarst-B\u00fcttgen<\/title>\n<meta name=\"description\" content=\"Am heutigen Morgen lud B\u00fcrgermeisterkandidat Christian Horn-Heinemann zum gemeinsamen B\u00fcrgermeister-Fr\u00fchst\u00fcck auf den historischen Tuppenhof in Kaarst-Vorst ein.\" \/>\n<meta name=\"robots\" content=\"index, follow, max-snippet:-1, max-image-preview:large, max-video-preview:-1\" \/>\n<link rel=\"canonical\" href=\"https:\/\/cdu-kaarst.de\/en\/allgemein\/buergermeistertreffen-beim-fruehstueck-auf-dem-tuppenhof\/\" \/>\n<meta property=\"og:locale\" content=\"en_GB\" \/>\n<meta property=\"og:type\" content=\"article\" \/>\n<meta property=\"og:title\" content=\"B\u00fcrgermeistertreffen beim Fr\u00fchst\u00fcck auf dem Tuppenhof - CDU Kaarst-B\u00fcttgen\" \/>\n<meta property=\"og:description\" content=\"Am heutigen Morgen lud B\u00fcrgermeisterkandidat Christian Horn-Heinemann zum gemeinsamen B\u00fcrgermeister-Fr\u00fchst\u00fcck auf den historischen Tuppenhof in Kaarst-Vorst ein.\" \/>\n<meta property=\"og:url\" content=\"https:\/\/cdu-kaarst.de\/en\/allgemein\/buergermeistertreffen-beim-fruehstueck-auf-dem-tuppenhof\/\" \/>\n<meta property=\"og:site_name\" content=\"CDU Kaarst-B\u00fcttgen\" \/>\n<meta property=\"article:published_time\" content=\"2025-05-30T13:38:14+00:00\" \/>\n<meta property=\"article:modified_time\" content=\"2025-05-30T14:20:43+00:00\" \/>\n<meta property=\"og:image\" content=\"https:\/\/cdu-kaarst.de\/wp-content\/uploads\/Fr__hst__ck.jpg\" \/>\n\t<meta property=\"og:image:width\" content=\"1080\" \/>\n\t<meta property=\"og:image:height\" content=\"1080\" \/>\n\t<meta property=\"og:image:type\" content=\"image\/jpeg\" \/>\n<meta name=\"author\" content=\"Redaktion\" \/>\n<meta name=\"twitter:card\" content=\"summary_large_image\" \/>\n<meta name=\"twitter:label1\" content=\"Written by\" \/>\n\t<meta name=\"twitter:data1\" content=\"Redaktion\" \/>\n\t<meta name=\"twitter:label2\" content=\"Estimated reading time\" \/>\n\t<meta name=\"twitter:data2\" content=\"2 minutes\" \/>\n<script type=\"application\/ld+json\" class=\"yoast-schema-graph\">{\"@context\":\"https:\\\/\\\/schema.org\",\"@graph\":[{\"@type\":\"Article\",\"@id\":\"https:\\\/\\\/cdu-kaarst.de\\\/allgemein\\\/buergermeistertreffen-beim-fruehstueck-auf-dem-tuppenhof\\\/#article\",\"isPartOf\":{\"@id\":\"https:\\\/\\\/cdu-kaarst.de\\\/allgemein\\\/buergermeistertreffen-beim-fruehstueck-auf-dem-tuppenhof\\\/\"},\"author\":{\"name\":\"Redaktion\",\"@id\":\"https:\\\/\\\/cdu-kaarst.de\\\/#\\\/schema\\\/person\\\/246f51db799d47b1fcc72fd16f5e948b\"},\"headline\":\"B\u00fcrgermeistertreffen beim Fr\u00fchst\u00fcck auf dem Tuppenhof\",\"datePublished\":\"2025-05-30T13:38:14+00:00\",\"dateModified\":\"2025-05-30T14:20:43+00:00\",\"mainEntityOfPage\":{\"@id\":\"https:\\\/\\\/cdu-kaarst.de\\\/allgemein\\\/buergermeistertreffen-beim-fruehstueck-auf-dem-tuppenhof\\\/\"},\"wordCount\":275,\"publisher\":{\"@id\":\"https:\\\/\\\/cdu-kaarst.de\\\/#organization\"},\"image\":{\"@id\":\"https:\\\/\\\/cdu-kaarst.de\\\/allgemein\\\/buergermeistertreffen-beim-fruehstueck-auf-dem-tuppenhof\\\/#primaryimage\"},\"thumbnailUrl\":\"https:\\\/\\\/cdu-kaarst.de\\\/wp-content\\\/uploads\\\/Fr__hst__ck.jpg\",\"articleSection\":[\"Allgemein\",\"B\u00fcrgermeister Horn-Heinemann\",\"CDA Kaarst\"],\"inLanguage\":\"en-GB\"},{\"@type\":\"WebPage\",\"@id\":\"https:\\\/\\\/cdu-kaarst.de\\\/allgemein\\\/buergermeistertreffen-beim-fruehstueck-auf-dem-tuppenhof\\\/\",\"url\":\"https:\\\/\\\/cdu-kaarst.de\\\/allgemein\\\/buergermeistertreffen-beim-fruehstueck-auf-dem-tuppenhof\\\/\",\"name\":\"B\u00fcrgermeistertreffen beim Fr\u00fchst\u00fcck auf dem Tuppenhof - CDU Kaarst-B\u00fcttgen\",\"isPartOf\":{\"@id\":\"https:\\\/\\\/cdu-kaarst.de\\\/#website\"},\"primaryImageOfPage\":{\"@id\":\"https:\\\/\\\/cdu-kaarst.de\\\/allgemein\\\/buergermeistertreffen-beim-fruehstueck-auf-dem-tuppenhof\\\/#primaryimage\"},\"image\":{\"@id\":\"https:\\\/\\\/cdu-kaarst.de\\\/allgemein\\\/buergermeistertreffen-beim-fruehstueck-auf-dem-tuppenhof\\\/#primaryimage\"},\"thumbnailUrl\":\"https:\\\/\\\/cdu-kaarst.de\\\/wp-content\\\/uploads\\\/Fr__hst__ck.jpg\",\"datePublished\":\"2025-05-30T13:38:14+00:00\",\"dateModified\":\"2025-05-30T14:20:43+00:00\",\"description\":\"Am heutigen Morgen lud B\u00fcrgermeisterkandidat Christian Horn-Heinemann zum gemeinsamen B\u00fcrgermeister-Fr\u00fchst\u00fcck auf den historischen Tuppenhof in Kaarst-Vorst ein.\",\"breadcrumb\":{\"@id\":\"https:\\\/\\\/cdu-kaarst.de\\\/allgemein\\\/buergermeistertreffen-beim-fruehstueck-auf-dem-tuppenhof\\\/#breadcrumb\"},\"inLanguage\":\"en-GB\",\"potentialAction\":[{\"@type\":\"ReadAction\",\"target\":[\"https:\\\/\\\/cdu-kaarst.de\\\/allgemein\\\/buergermeistertreffen-beim-fruehstueck-auf-dem-tuppenhof\\\/\"]}]},{\"@type\":\"ImageObject\",\"inLanguage\":\"en-GB\",\"@id\":\"https:\\\/\\\/cdu-kaarst.de\\\/allgemein\\\/buergermeistertreffen-beim-fruehstueck-auf-dem-tuppenhof\\\/#primaryimage\",\"url\":\"https:\\\/\\\/cdu-kaarst.de\\\/wp-content\\\/uploads\\\/Fr__hst__ck.jpg\",\"contentUrl\":\"https:\\\/\\\/cdu-kaarst.de\\\/wp-content\\\/uploads\\\/Fr__hst__ck.jpg\",\"width\":1080,\"height\":1080},{\"@type\":\"BreadcrumbList\",\"@id\":\"https:\\\/\\\/cdu-kaarst.de\\\/allgemein\\\/buergermeistertreffen-beim-fruehstueck-auf-dem-tuppenhof\\\/#breadcrumb\",\"itemListElement\":[{\"@type\":\"ListItem\",\"position\":1,\"name\":\"Startseite\",\"item\":\"https:\\\/\\\/cdu-kaarst.de\\\/\"},{\"@type\":\"ListItem\",\"position\":2,\"name\":\"B\u00fcrgermeistertreffen beim Fr\u00fchst\u00fcck auf dem Tuppenhof\"}]},{\"@type\":\"WebSite\",\"@id\":\"https:\\\/\\\/cdu-kaarst.de\\\/#website\",\"url\":\"https:\\\/\\\/cdu-kaarst.de\\\/\",\"name\":\"CDU Kaarst-B\u00fcttgen\",\"description\":\"gut Leben in Kaarst\",\"publisher\":{\"@id\":\"https:\\\/\\\/cdu-kaarst.de\\\/#organization\"},\"potentialAction\":[{\"@type\":\"SearchAction\",\"target\":{\"@type\":\"EntryPoint\",\"urlTemplate\":\"https:\\\/\\\/cdu-kaarst.de\\\/?s={search_term_string}\"},\"query-input\":{\"@type\":\"PropertyValueSpecification\",\"valueRequired\":true,\"valueName\":\"search_term_string\"}}],\"inLanguage\":\"en-GB\"},{\"@type\":\"Organization\",\"@id\":\"https:\\\/\\\/cdu-kaarst.de\\\/#organization\",\"name\":\"CDU Kaarst-B\u00fcttgen\",\"url\":\"https:\\\/\\\/cdu-kaarst.de\\\/\",\"logo\":{\"@type\":\"ImageObject\",\"inLanguage\":\"en-GB\",\"@id\":\"https:\\\/\\\/cdu-kaarst.de\\\/#\\\/schema\\\/logo\\\/image\\\/\",\"url\":\"https:\\\/\\\/cdu-kaarst.de\\\/wp-content\\\/uploads\\\/cdu-gesamtlogo.png\",\"contentUrl\":\"https:\\\/\\\/cdu-kaarst.de\\\/wp-content\\\/uploads\\\/cdu-gesamtlogo.png\",\"width\":418,\"height\":120,\"caption\":\"CDU Kaarst-B\u00fcttgen\"},\"image\":{\"@id\":\"https:\\\/\\\/cdu-kaarst.de\\\/#\\\/schema\\\/logo\\\/image\\\/\"}},{\"@type\":\"Person\",\"@id\":\"https:\\\/\\\/cdu-kaarst.de\\\/#\\\/schema\\\/person\\\/246f51db799d47b1fcc72fd16f5e948b\",\"name\":\"Redaktion\"}]}<\/script>\n<!-- \/ Yoast SEO plugin. -->","yoast_head_json":{"title":"Mayors meet for breakfast at the Tuppenhof - CDU Kaarst-B\u00fcttgen","description":"This morning, mayoral candidate Christian Horn-Heinemann hosted a joint mayoral breakfast at the historic Tuppenhof farm in Kaarst-Vorst.","robots":{"index":"index","follow":"follow","max-snippet":"max-snippet:-1","max-image-preview":"max-image-preview:large","max-video-preview":"max-video-preview:-1"},"canonical":"https:\/\/cdu-kaarst.de\/en\/allgemein\/buergermeistertreffen-beim-fruehstueck-auf-dem-tuppenhof\/","og_locale":"en_GB","og_type":"article","og_title":"B\u00fcrgermeistertreffen beim Fr\u00fchst\u00fcck auf dem Tuppenhof - CDU Kaarst-B\u00fcttgen","og_description":"Am heutigen Morgen lud B\u00fcrgermeisterkandidat Christian Horn-Heinemann zum gemeinsamen B\u00fcrgermeister-Fr\u00fchst\u00fcck auf den historischen Tuppenhof in Kaarst-Vorst ein.","og_url":"https:\/\/cdu-kaarst.de\/en\/allgemein\/buergermeistertreffen-beim-fruehstueck-auf-dem-tuppenhof\/","og_site_name":"CDU Kaarst-B\u00fcttgen","article_published_time":"2025-05-30T13:38:14+00:00","article_modified_time":"2025-05-30T14:20:43+00:00","og_image":[{"width":1080,"height":1080,"url":"https:\/\/cdu-kaarst.de\/wp-content\/uploads\/Fr__hst__ck.jpg","type":"image\/jpeg"}],"author":"Redaktion","twitter_card":"summary_large_image","twitter_misc":{"Written by":"Redaktion","Estimated reading time":"2 minutes"},"schema":{"@context":"https:\/\/schema.org","@graph":[{"@type":"Article","@id":"https:\/\/cdu-kaarst.de\/allgemein\/buergermeistertreffen-beim-fruehstueck-auf-dem-tuppenhof\/#article","isPartOf":{"@id":"https:\/\/cdu-kaarst.de\/allgemein\/buergermeistertreffen-beim-fruehstueck-auf-dem-tuppenhof\/"},"author":{"name":"Redaktion","@id":"https:\/\/cdu-kaarst.de\/#\/schema\/person\/246f51db799d47b1fcc72fd16f5e948b"},"headline":"B\u00fcrgermeistertreffen beim Fr\u00fchst\u00fcck auf dem Tuppenhof","datePublished":"2025-05-30T13:38:14+00:00","dateModified":"2025-05-30T14:20:43+00:00","mainEntityOfPage":{"@id":"https:\/\/cdu-kaarst.de\/allgemein\/buergermeistertreffen-beim-fruehstueck-auf-dem-tuppenhof\/"},"wordCount":275,"publisher":{"@id":"https:\/\/cdu-kaarst.de\/#organization"},"image":{"@id":"https:\/\/cdu-kaarst.de\/allgemein\/buergermeistertreffen-beim-fruehstueck-auf-dem-tuppenhof\/#primaryimage"},"thumbnailUrl":"https:\/\/cdu-kaarst.de\/wp-content\/uploads\/Fr__hst__ck.jpg","articleSection":["Allgemein","B\u00fcrgermeister Horn-Heinemann","CDA Kaarst"],"inLanguage":"en-GB"},{"@type":"WebPage","@id":"https:\/\/cdu-kaarst.de\/allgemein\/buergermeistertreffen-beim-fruehstueck-auf-dem-tuppenhof\/","url":"https:\/\/cdu-kaarst.de\/allgemein\/buergermeistertreffen-beim-fruehstueck-auf-dem-tuppenhof\/","name":"Mayors meet for breakfast at the Tuppenhof - CDU Kaarst-B\u00fcttgen","isPartOf":{"@id":"https:\/\/cdu-kaarst.de\/#website"},"primaryImageOfPage":{"@id":"https:\/\/cdu-kaarst.de\/allgemein\/buergermeistertreffen-beim-fruehstueck-auf-dem-tuppenhof\/#primaryimage"},"image":{"@id":"https:\/\/cdu-kaarst.de\/allgemein\/buergermeistertreffen-beim-fruehstueck-auf-dem-tuppenhof\/#primaryimage"},"thumbnailUrl":"https:\/\/cdu-kaarst.de\/wp-content\/uploads\/Fr__hst__ck.jpg","datePublished":"2025-05-30T13:38:14+00:00","dateModified":"2025-05-30T14:20:43+00:00","description":"This morning, mayoral candidate Christian Horn-Heinemann hosted a joint mayoral breakfast at the historic Tuppenhof farm in Kaarst-Vorst.","breadcrumb":{"@id":"https:\/\/cdu-kaarst.de\/allgemein\/buergermeistertreffen-beim-fruehstueck-auf-dem-tuppenhof\/#breadcrumb"},"inLanguage":"en-GB","potentialAction":[{"@type":"ReadAction","target":["https:\/\/cdu-kaarst.de\/allgemein\/buergermeistertreffen-beim-fruehstueck-auf-dem-tuppenhof\/"]}]},{"@type":"ImageObject","inLanguage":"en-GB","@id":"https:\/\/cdu-kaarst.de\/allgemein\/buergermeistertreffen-beim-fruehstueck-auf-dem-tuppenhof\/#primaryimage","url":"https:\/\/cdu-kaarst.de\/wp-content\/uploads\/Fr__hst__ck.jpg","contentUrl":"https:\/\/cdu-kaarst.de\/wp-content\/uploads\/Fr__hst__ck.jpg","width":1080,"height":1080},{"@type":"BreadcrumbList","@id":"https:\/\/cdu-kaarst.de\/allgemein\/buergermeistertreffen-beim-fruehstueck-auf-dem-tuppenhof\/#breadcrumb","itemListElement":[{"@type":"ListItem","position":1,"name":"Startseite","item":"https:\/\/cdu-kaarst.de\/"},{"@type":"ListItem","position":2,"name":"B\u00fcrgermeistertreffen beim Fr\u00fchst\u00fcck auf dem Tuppenhof"}]},{"@type":"WebSite","@id":"https:\/\/cdu-kaarst.de\/#website","url":"https:\/\/cdu-kaarst.de\/","name":"CDU Kaarst-B\u00fcttgen","description":"living well in Kaarst","publisher":{"@id":"https:\/\/cdu-kaarst.de\/#organization"},"potentialAction":[{"@type":"SearchAction","target":{"@type":"EntryPoint","urlTemplate":"https:\/\/cdu-kaarst.de\/?s={search_term_string}"},"query-input":{"@type":"PropertyValueSpecification","valueRequired":true,"valueName":"search_term_string"}}],"inLanguage":"en-GB"},{"@type":"Organization","@id":"https:\/\/cdu-kaarst.de\/#organization","name":"CDU Kaarst-B\u00fcttgen","url":"https:\/\/cdu-kaarst.de\/","logo":{"@type":"ImageObject","inLanguage":"en-GB","@id":"https:\/\/cdu-kaarst.de\/#\/schema\/logo\/image\/","url":"https:\/\/cdu-kaarst.de\/wp-content\/uploads\/cdu-gesamtlogo.png","contentUrl":"https:\/\/cdu-kaarst.de\/wp-content\/uploads\/cdu-gesamtlogo.png","width":418,"height":120,"caption":"CDU Kaarst-B\u00fcttgen"},"image":{"@id":"https:\/\/cdu-kaarst.de\/#\/schema\/logo\/image\/"}},{"@type":"Person","@id":"https:\/\/cdu-kaarst.de\/#\/schema\/person\/246f51db799d47b1fcc72fd16f5e948b","name":"Editorial office"}]}},"_links":{"self":[{"href":"https:\/\/cdu-kaarst.de\/en\/wp-json\/wp\/v2\/posts\/6575","targetHints":{"allow":["GET"]}}],"collection":[{"href":"https:\/\/cdu-kaarst.de\/en\/wp-json\/wp\/v2\/posts"}],"about":[{"href":"https:\/\/cdu-kaarst.de\/en\/wp-json\/wp\/v2\/types\/post"}],"author":[{"embeddable":true,"href":"https:\/\/cdu-kaarst.de\/en\/wp-json\/wp\/v2\/users\/4"}],"replies":[{"embeddable":true,"href":"https:\/\/cdu-kaarst.de\/en\/wp-json\/wp\/v2\/comments?post=6575"}],"version-history":[{"count":2,"href":"https:\/\/cdu-kaarst.de\/en\/wp-json\/wp\/v2\/posts\/6575\/revisions"}],"predecessor-version":[{"id":6581,"href":"https:\/\/cdu-kaarst.de\/en\/wp-json\/wp\/v2\/posts\/6575\/revisions\/6581"}],"wp:featuredmedia":[{"embeddable":true,"href":"https:\/\/cdu-kaarst.de\/en\/wp-json\/wp\/v2\/media\/6576"}],"wp:attachment":[{"href":"https:\/\/cdu-kaarst.de\/en\/wp-json\/wp\/v2\/media?parent=6575"}],"wp:term":[{"taxonomy":"category","embeddable":true,"href":"https:\/\/cdu-kaarst.de\/en\/wp-json\/wp\/v2\/categories?post=6575"},{"taxonomy":"post_tag","embeddable":true,"href":"https:\/\/cdu-kaarst.de\/en\/wp-json\/wp\/v2\/tags?post=6575"}],"curies":[{"name":"wp","href":"https:\/\/api.w.org\/{rel}","templated":true}]}}