{"id":6637,"date":"2025-06-17T11:58:41","date_gmt":"2025-06-17T09:58:41","guid":{"rendered":"https:\/\/cdu-kaarst.de\/?p=6637"},"modified":"2025-06-17T11:58:41","modified_gmt":"2025-06-17T09:58:41","slug":"konkrete-schritte-fuer-eine-zukunftsfaehige-verkehrswende-konkrete-schritte-fuer-eine-zukunftsfaehige-verkehrswende","status":"publish","type":"post","link":"https:\/\/cdu-kaarst.de\/en\/allgemein\/konkrete-schritte-fuer-eine-zukunftsfaehige-verkehrswende-konkrete-schritte-fuer-eine-zukunftsfaehige-verkehrswende\/","title":{"rendered":"Kaarst mobilises:"},"content":{"rendered":"<h4><strong>Concrete steps for a sustainable transport transition<\/strong><\/h4>\n<p data-renderer-start-pos=\"78\">Together with the CDU and B\u00fcndnis 90\/Die Gr\u00fcnen parliamentary groups, the city of Kaarst is sending out a strong signal in favour of greater mobility, safety and sustainability. With a series of concrete measures, politicians are driving forward the implementation of the urban mobility concept in a targeted manner. What does this mean for citizens? An overview:<\/p>\n<h4 data-renderer-start-pos=\"419\">Safe routes to school: traffic lights are being optimised<\/h4>\n<p data-renderer-start-pos=\"463\">The safety of children and young people on their way to school is a particular priority. The on-demand traffic lights on Jahnstra\u00dfe - an important school route - are to switch to green more quickly in future in order to reduce waiting times and make crossing safer. \"Children and parents need reliable and safe crossings,\" emphasises Johannes K\u00fcppers, mobility spokesperson for the CDU parliamentary group.<\/p>\n<h4 data-renderer-start-pos=\"852\">Better cycle paths for everyday life<\/h4>\n<p data-renderer-start-pos=\"884\">Cyclists will also benefit: the existing cycle and footpath along the K34 between B\u00fcttgen and Driesch is to be refurbished. Road safety is also to be improved at the entrance to Driesch. Schoolchildren in particular use this route on a daily basis - making an intact and safe infrastructure all the more important.<\/p>\n<h4 data-renderer-start-pos=\"1243\">More speed required for state projects<\/h4>\n<p data-renderer-start-pos=\"1285\">The parliamentary groups are also increasing the pressure on Stra\u00dfen.NRW. The CDU and Greens want to find out the current status of important state projects, including the renovation of the cycle paths on the L390 and L154 and the optimisation of the traffic light circuits at Kaarst railway station. \"Many of these measures are long overdue,\" criticises CDU party leader and mayoral candidate Christian Horn-Heinemann. \"We are calling for binding timetables and closer cooperation with the city.\"<\/p>\n<h4 data-renderer-start-pos=\"1777\">Kaarst is moving forward - networked and planned<\/h4>\n<p data-renderer-start-pos=\"1819\">All planned measures are in line with the objectives of the urban mobility concept. They are interlinked and thus create the basis for a modern, safe and sustainable mobility infrastructure in Kaarst - for the benefit of all road users.<\/p>\n<p data-renderer-start-pos=\"2068\"><strong data-renderer-mark=\"true\">Conclusion:<\/strong> The traffic turnaround in Kaarst is not happening by chance, but with a plan and commitment. This will benefit not only schoolchildren, but everyone who wants to travel safely and comfortably in Kaarst.<\/p>","protected":false},"excerpt":{"rendered":"<p>Konkrete Schritte f\u00fcr eine zukunftsf\u00e4hige Verkehrswende Die Stadt Kaarst setzt gemeinsam mit den Fraktionen von CDU und B\u00fcndnis 90\/Die Gr\u00fcnen ein starkes Zeichen f\u00fcr mehr Mobilit\u00e4t, Sicherheit und Nachhaltigkeit. Mit einer Reihe konkreter Ma\u00dfnahmen treibt die Politik die Umsetzung des st\u00e4dtischen Mobilit\u00e4tskonzepts gezielt voran. Was bedeutet das f\u00fcr die B\u00fcrgerinnen und B\u00fcrger? Ein \u00dcberblick: Sichere [&hellip;]<\/p>\n","protected":false},"author":4,"featured_media":6638,"comment_status":"closed","ping_status":"closed","sticky":false,"template":"","format":"standard","meta":{"footnotes":""},"categories":[1],"tags":[],"class_list":["post-6637","post","type-post","status-publish","format-standard","has-post-thumbnail","hentry","category-allgemein"],"yoast_head":"<!-- This site is optimized with the Yoast SEO plugin v27.4 - https:\/\/yoast.com\/product\/yoast-seo-wordpress\/ -->\n<title>Kaarst macht mobil: - CDU Kaarst-B\u00fcttgen<\/title>\n<meta name=\"description\" content=\"Konkrete Schritte f\u00fcr eine zukunftsf\u00e4hige Verkehrswende. Die Stadt Kaarst setzt gemeinsam mit den Fraktionen von CDU und B\u00fcndnis 90\/Die Gr\u00fcnen ein starkes Zeichen f\u00fcr mehr Mobilit\u00e4t, Sicherheit und Nachhaltigkeit.\" \/>\n<meta name=\"robots\" content=\"index, follow, max-snippet:-1, max-image-preview:large, max-video-preview:-1\" \/>\n<link rel=\"canonical\" href=\"https:\/\/cdu-kaarst.de\/en\/allgemein\/konkrete-schritte-fuer-eine-zukunftsfaehige-verkehrswende-konkrete-schritte-fuer-eine-zukunftsfaehige-verkehrswende\/\" \/>\n<meta property=\"og:locale\" content=\"en_GB\" \/>\n<meta property=\"og:type\" content=\"article\" \/>\n<meta property=\"og:title\" content=\"Kaarst macht mobil: - CDU Kaarst-B\u00fcttgen\" \/>\n<meta property=\"og:description\" content=\"Konkrete Schritte f\u00fcr eine zukunftsf\u00e4hige Verkehrswende. Die Stadt Kaarst setzt gemeinsam mit den Fraktionen von CDU und B\u00fcndnis 90\/Die Gr\u00fcnen ein starkes Zeichen f\u00fcr mehr Mobilit\u00e4t, Sicherheit und Nachhaltigkeit.\" \/>\n<meta property=\"og:url\" content=\"https:\/\/cdu-kaarst.de\/en\/allgemein\/konkrete-schritte-fuer-eine-zukunftsfaehige-verkehrswende-konkrete-schritte-fuer-eine-zukunftsfaehige-verkehrswende\/\" \/>\n<meta property=\"og:site_name\" content=\"CDU Kaarst-B\u00fcttgen\" \/>\n<meta property=\"article:published_time\" content=\"2025-06-17T09:58:41+00:00\" \/>\n<meta property=\"og:image\" content=\"https:\/\/cdu-kaarst.de\/wp-content\/uploads\/Blog-Kaarst.jpg\" \/>\n\t<meta property=\"og:image:width\" content=\"1080\" \/>\n\t<meta property=\"og:image:height\" content=\"1080\" \/>\n\t<meta property=\"og:image:type\" content=\"image\/jpeg\" \/>\n<meta name=\"author\" content=\"Redaktion\" \/>\n<meta name=\"twitter:card\" content=\"summary_large_image\" \/>\n<meta name=\"twitter:label1\" content=\"Written by\" \/>\n\t<meta name=\"twitter:data1\" content=\"Redaktion\" \/>\n\t<meta name=\"twitter:label2\" content=\"Estimated reading time\" \/>\n\t<meta name=\"twitter:data2\" content=\"2 minutes\" \/>\n<script type=\"application\/ld+json\" class=\"yoast-schema-graph\">{\"@context\":\"https:\\\/\\\/schema.org\",\"@graph\":[{\"@type\":\"Article\",\"@id\":\"https:\\\/\\\/cdu-kaarst.de\\\/allgemein\\\/konkrete-schritte-fuer-eine-zukunftsfaehige-verkehrswende-konkrete-schritte-fuer-eine-zukunftsfaehige-verkehrswende\\\/#article\",\"isPartOf\":{\"@id\":\"https:\\\/\\\/cdu-kaarst.de\\\/allgemein\\\/konkrete-schritte-fuer-eine-zukunftsfaehige-verkehrswende-konkrete-schritte-fuer-eine-zukunftsfaehige-verkehrswende\\\/\"},\"author\":{\"name\":\"Redaktion\",\"@id\":\"https:\\\/\\\/cdu-kaarst.de\\\/#\\\/schema\\\/person\\\/246f51db799d47b1fcc72fd16f5e948b\"},\"headline\":\"Kaarst macht mobil:\",\"datePublished\":\"2025-06-17T09:58:41+00:00\",\"mainEntityOfPage\":{\"@id\":\"https:\\\/\\\/cdu-kaarst.de\\\/allgemein\\\/konkrete-schritte-fuer-eine-zukunftsfaehige-verkehrswende-konkrete-schritte-fuer-eine-zukunftsfaehige-verkehrswende\\\/\"},\"wordCount\":345,\"publisher\":{\"@id\":\"https:\\\/\\\/cdu-kaarst.de\\\/#organization\"},\"image\":{\"@id\":\"https:\\\/\\\/cdu-kaarst.de\\\/allgemein\\\/konkrete-schritte-fuer-eine-zukunftsfaehige-verkehrswende-konkrete-schritte-fuer-eine-zukunftsfaehige-verkehrswende\\\/#primaryimage\"},\"thumbnailUrl\":\"https:\\\/\\\/cdu-kaarst.de\\\/wp-content\\\/uploads\\\/Blog-Kaarst.jpg\",\"articleSection\":[\"Allgemein\"],\"inLanguage\":\"en-GB\"},{\"@type\":\"WebPage\",\"@id\":\"https:\\\/\\\/cdu-kaarst.de\\\/allgemein\\\/konkrete-schritte-fuer-eine-zukunftsfaehige-verkehrswende-konkrete-schritte-fuer-eine-zukunftsfaehige-verkehrswende\\\/\",\"url\":\"https:\\\/\\\/cdu-kaarst.de\\\/allgemein\\\/konkrete-schritte-fuer-eine-zukunftsfaehige-verkehrswende-konkrete-schritte-fuer-eine-zukunftsfaehige-verkehrswende\\\/\",\"name\":\"Kaarst macht mobil: - CDU Kaarst-B\u00fcttgen\",\"isPartOf\":{\"@id\":\"https:\\\/\\\/cdu-kaarst.de\\\/#website\"},\"primaryImageOfPage\":{\"@id\":\"https:\\\/\\\/cdu-kaarst.de\\\/allgemein\\\/konkrete-schritte-fuer-eine-zukunftsfaehige-verkehrswende-konkrete-schritte-fuer-eine-zukunftsfaehige-verkehrswende\\\/#primaryimage\"},\"image\":{\"@id\":\"https:\\\/\\\/cdu-kaarst.de\\\/allgemein\\\/konkrete-schritte-fuer-eine-zukunftsfaehige-verkehrswende-konkrete-schritte-fuer-eine-zukunftsfaehige-verkehrswende\\\/#primaryimage\"},\"thumbnailUrl\":\"https:\\\/\\\/cdu-kaarst.de\\\/wp-content\\\/uploads\\\/Blog-Kaarst.jpg\",\"datePublished\":\"2025-06-17T09:58:41+00:00\",\"description\":\"Konkrete Schritte f\u00fcr eine zukunftsf\u00e4hige Verkehrswende. Die Stadt Kaarst setzt gemeinsam mit den Fraktionen von CDU und B\u00fcndnis 90\\\/Die Gr\u00fcnen ein starkes Zeichen f\u00fcr mehr Mobilit\u00e4t, Sicherheit und Nachhaltigkeit.\",\"breadcrumb\":{\"@id\":\"https:\\\/\\\/cdu-kaarst.de\\\/allgemein\\\/konkrete-schritte-fuer-eine-zukunftsfaehige-verkehrswende-konkrete-schritte-fuer-eine-zukunftsfaehige-verkehrswende\\\/#breadcrumb\"},\"inLanguage\":\"en-GB\",\"potentialAction\":[{\"@type\":\"ReadAction\",\"target\":[\"https:\\\/\\\/cdu-kaarst.de\\\/allgemein\\\/konkrete-schritte-fuer-eine-zukunftsfaehige-verkehrswende-konkrete-schritte-fuer-eine-zukunftsfaehige-verkehrswende\\\/\"]}]},{\"@type\":\"ImageObject\",\"inLanguage\":\"en-GB\",\"@id\":\"https:\\\/\\\/cdu-kaarst.de\\\/allgemein\\\/konkrete-schritte-fuer-eine-zukunftsfaehige-verkehrswende-konkrete-schritte-fuer-eine-zukunftsfaehige-verkehrswende\\\/#primaryimage\",\"url\":\"https:\\\/\\\/cdu-kaarst.de\\\/wp-content\\\/uploads\\\/Blog-Kaarst.jpg\",\"contentUrl\":\"https:\\\/\\\/cdu-kaarst.de\\\/wp-content\\\/uploads\\\/Blog-Kaarst.jpg\",\"width\":1080,\"height\":1080},{\"@type\":\"BreadcrumbList\",\"@id\":\"https:\\\/\\\/cdu-kaarst.de\\\/allgemein\\\/konkrete-schritte-fuer-eine-zukunftsfaehige-verkehrswende-konkrete-schritte-fuer-eine-zukunftsfaehige-verkehrswende\\\/#breadcrumb\",\"itemListElement\":[{\"@type\":\"ListItem\",\"position\":1,\"name\":\"Startseite\",\"item\":\"https:\\\/\\\/cdu-kaarst.de\\\/\"},{\"@type\":\"ListItem\",\"position\":2,\"name\":\"Kaarst macht mobil:\"}]},{\"@type\":\"WebSite\",\"@id\":\"https:\\\/\\\/cdu-kaarst.de\\\/#website\",\"url\":\"https:\\\/\\\/cdu-kaarst.de\\\/\",\"name\":\"CDU Kaarst-B\u00fcttgen\",\"description\":\"gut Leben in Kaarst\",\"publisher\":{\"@id\":\"https:\\\/\\\/cdu-kaarst.de\\\/#organization\"},\"potentialAction\":[{\"@type\":\"SearchAction\",\"target\":{\"@type\":\"EntryPoint\",\"urlTemplate\":\"https:\\\/\\\/cdu-kaarst.de\\\/?s={search_term_string}\"},\"query-input\":{\"@type\":\"PropertyValueSpecification\",\"valueRequired\":true,\"valueName\":\"search_term_string\"}}],\"inLanguage\":\"en-GB\"},{\"@type\":\"Organization\",\"@id\":\"https:\\\/\\\/cdu-kaarst.de\\\/#organization\",\"name\":\"CDU Kaarst-B\u00fcttgen\",\"url\":\"https:\\\/\\\/cdu-kaarst.de\\\/\",\"logo\":{\"@type\":\"ImageObject\",\"inLanguage\":\"en-GB\",\"@id\":\"https:\\\/\\\/cdu-kaarst.de\\\/#\\\/schema\\\/logo\\\/image\\\/\",\"url\":\"https:\\\/\\\/cdu-kaarst.de\\\/wp-content\\\/uploads\\\/cdu-gesamtlogo.png\",\"contentUrl\":\"https:\\\/\\\/cdu-kaarst.de\\\/wp-content\\\/uploads\\\/cdu-gesamtlogo.png\",\"width\":418,\"height\":120,\"caption\":\"CDU Kaarst-B\u00fcttgen\"},\"image\":{\"@id\":\"https:\\\/\\\/cdu-kaarst.de\\\/#\\\/schema\\\/logo\\\/image\\\/\"}},{\"@type\":\"Person\",\"@id\":\"https:\\\/\\\/cdu-kaarst.de\\\/#\\\/schema\\\/person\\\/246f51db799d47b1fcc72fd16f5e948b\",\"name\":\"Redaktion\"}]}<\/script>\n<!-- \/ Yoast SEO plugin. -->","yoast_head_json":{"title":"Kaarst macht mobil: - CDU Kaarst-B\u00fcttgen","description":"Konkrete Schritte f\u00fcr eine zukunftsf\u00e4hige Verkehrswende. Die Stadt Kaarst setzt gemeinsam mit den Fraktionen von CDU und B\u00fcndnis 90\/Die Gr\u00fcnen ein starkes Zeichen f\u00fcr mehr Mobilit\u00e4t, Sicherheit und Nachhaltigkeit.","robots":{"index":"index","follow":"follow","max-snippet":"max-snippet:-1","max-image-preview":"max-image-preview:large","max-video-preview":"max-video-preview:-1"},"canonical":"https:\/\/cdu-kaarst.de\/en\/allgemein\/konkrete-schritte-fuer-eine-zukunftsfaehige-verkehrswende-konkrete-schritte-fuer-eine-zukunftsfaehige-verkehrswende\/","og_locale":"en_GB","og_type":"article","og_title":"Kaarst macht mobil: - CDU Kaarst-B\u00fcttgen","og_description":"Konkrete Schritte f\u00fcr eine zukunftsf\u00e4hige Verkehrswende. Die Stadt Kaarst setzt gemeinsam mit den Fraktionen von CDU und B\u00fcndnis 90\/Die Gr\u00fcnen ein starkes Zeichen f\u00fcr mehr Mobilit\u00e4t, Sicherheit und Nachhaltigkeit.","og_url":"https:\/\/cdu-kaarst.de\/en\/allgemein\/konkrete-schritte-fuer-eine-zukunftsfaehige-verkehrswende-konkrete-schritte-fuer-eine-zukunftsfaehige-verkehrswende\/","og_site_name":"CDU Kaarst-B\u00fcttgen","article_published_time":"2025-06-17T09:58:41+00:00","og_image":[{"width":1080,"height":1080,"url":"https:\/\/cdu-kaarst.de\/wp-content\/uploads\/Blog-Kaarst.jpg","type":"image\/jpeg"}],"author":"Redaktion","twitter_card":"summary_large_image","twitter_misc":{"Written by":"Redaktion","Estimated reading time":"2 minutes"},"schema":{"@context":"https:\/\/schema.org","@graph":[{"@type":"Article","@id":"https:\/\/cdu-kaarst.de\/allgemein\/konkrete-schritte-fuer-eine-zukunftsfaehige-verkehrswende-konkrete-schritte-fuer-eine-zukunftsfaehige-verkehrswende\/#article","isPartOf":{"@id":"https:\/\/cdu-kaarst.de\/allgemein\/konkrete-schritte-fuer-eine-zukunftsfaehige-verkehrswende-konkrete-schritte-fuer-eine-zukunftsfaehige-verkehrswende\/"},"author":{"name":"Redaktion","@id":"https:\/\/cdu-kaarst.de\/#\/schema\/person\/246f51db799d47b1fcc72fd16f5e948b"},"headline":"Kaarst macht mobil:","datePublished":"2025-06-17T09:58:41+00:00","mainEntityOfPage":{"@id":"https:\/\/cdu-kaarst.de\/allgemein\/konkrete-schritte-fuer-eine-zukunftsfaehige-verkehrswende-konkrete-schritte-fuer-eine-zukunftsfaehige-verkehrswende\/"},"wordCount":345,"publisher":{"@id":"https:\/\/cdu-kaarst.de\/#organization"},"image":{"@id":"https:\/\/cdu-kaarst.de\/allgemein\/konkrete-schritte-fuer-eine-zukunftsfaehige-verkehrswende-konkrete-schritte-fuer-eine-zukunftsfaehige-verkehrswende\/#primaryimage"},"thumbnailUrl":"https:\/\/cdu-kaarst.de\/wp-content\/uploads\/Blog-Kaarst.jpg","articleSection":["Allgemein"],"inLanguage":"en-GB"},{"@type":"WebPage","@id":"https:\/\/cdu-kaarst.de\/allgemein\/konkrete-schritte-fuer-eine-zukunftsfaehige-verkehrswende-konkrete-schritte-fuer-eine-zukunftsfaehige-verkehrswende\/","url":"https:\/\/cdu-kaarst.de\/allgemein\/konkrete-schritte-fuer-eine-zukunftsfaehige-verkehrswende-konkrete-schritte-fuer-eine-zukunftsfaehige-verkehrswende\/","name":"Kaarst macht mobil: - CDU Kaarst-B\u00fcttgen","isPartOf":{"@id":"https:\/\/cdu-kaarst.de\/#website"},"primaryImageOfPage":{"@id":"https:\/\/cdu-kaarst.de\/allgemein\/konkrete-schritte-fuer-eine-zukunftsfaehige-verkehrswende-konkrete-schritte-fuer-eine-zukunftsfaehige-verkehrswende\/#primaryimage"},"image":{"@id":"https:\/\/cdu-kaarst.de\/allgemein\/konkrete-schritte-fuer-eine-zukunftsfaehige-verkehrswende-konkrete-schritte-fuer-eine-zukunftsfaehige-verkehrswende\/#primaryimage"},"thumbnailUrl":"https:\/\/cdu-kaarst.de\/wp-content\/uploads\/Blog-Kaarst.jpg","datePublished":"2025-06-17T09:58:41+00:00","description":"Konkrete Schritte f\u00fcr eine zukunftsf\u00e4hige Verkehrswende. Die Stadt Kaarst setzt gemeinsam mit den Fraktionen von CDU und B\u00fcndnis 90\/Die Gr\u00fcnen ein starkes Zeichen f\u00fcr mehr Mobilit\u00e4t, Sicherheit und Nachhaltigkeit.","breadcrumb":{"@id":"https:\/\/cdu-kaarst.de\/allgemein\/konkrete-schritte-fuer-eine-zukunftsfaehige-verkehrswende-konkrete-schritte-fuer-eine-zukunftsfaehige-verkehrswende\/#breadcrumb"},"inLanguage":"en-GB","potentialAction":[{"@type":"ReadAction","target":["https:\/\/cdu-kaarst.de\/allgemein\/konkrete-schritte-fuer-eine-zukunftsfaehige-verkehrswende-konkrete-schritte-fuer-eine-zukunftsfaehige-verkehrswende\/"]}]},{"@type":"ImageObject","inLanguage":"en-GB","@id":"https:\/\/cdu-kaarst.de\/allgemein\/konkrete-schritte-fuer-eine-zukunftsfaehige-verkehrswende-konkrete-schritte-fuer-eine-zukunftsfaehige-verkehrswende\/#primaryimage","url":"https:\/\/cdu-kaarst.de\/wp-content\/uploads\/Blog-Kaarst.jpg","contentUrl":"https:\/\/cdu-kaarst.de\/wp-content\/uploads\/Blog-Kaarst.jpg","width":1080,"height":1080},{"@type":"BreadcrumbList","@id":"https:\/\/cdu-kaarst.de\/allgemein\/konkrete-schritte-fuer-eine-zukunftsfaehige-verkehrswende-konkrete-schritte-fuer-eine-zukunftsfaehige-verkehrswende\/#breadcrumb","itemListElement":[{"@type":"ListItem","position":1,"name":"Startseite","item":"https:\/\/cdu-kaarst.de\/"},{"@type":"ListItem","position":2,"name":"Kaarst macht mobil:"}]},{"@type":"WebSite","@id":"https:\/\/cdu-kaarst.de\/#website","url":"https:\/\/cdu-kaarst.de\/","name":"CDU Kaarst-B\u00fcttgen","description":"living well in Kaarst","publisher":{"@id":"https:\/\/cdu-kaarst.de\/#organization"},"potentialAction":[{"@type":"SearchAction","target":{"@type":"EntryPoint","urlTemplate":"https:\/\/cdu-kaarst.de\/?s={search_term_string}"},"query-input":{"@type":"PropertyValueSpecification","valueRequired":true,"valueName":"search_term_string"}}],"inLanguage":"en-GB"},{"@type":"Organization","@id":"https:\/\/cdu-kaarst.de\/#organization","name":"CDU Kaarst-B\u00fcttgen","url":"https:\/\/cdu-kaarst.de\/","logo":{"@type":"ImageObject","inLanguage":"en-GB","@id":"https:\/\/cdu-kaarst.de\/#\/schema\/logo\/image\/","url":"https:\/\/cdu-kaarst.de\/wp-content\/uploads\/cdu-gesamtlogo.png","contentUrl":"https:\/\/cdu-kaarst.de\/wp-content\/uploads\/cdu-gesamtlogo.png","width":418,"height":120,"caption":"CDU Kaarst-B\u00fcttgen"},"image":{"@id":"https:\/\/cdu-kaarst.de\/#\/schema\/logo\/image\/"}},{"@type":"Person","@id":"https:\/\/cdu-kaarst.de\/#\/schema\/person\/246f51db799d47b1fcc72fd16f5e948b","name":"Editorial office"}]}},"_links":{"self":[{"href":"https:\/\/cdu-kaarst.de\/en\/wp-json\/wp\/v2\/posts\/6637","targetHints":{"allow":["GET"]}}],"collection":[{"href":"https:\/\/cdu-kaarst.de\/en\/wp-json\/wp\/v2\/posts"}],"about":[{"href":"https:\/\/cdu-kaarst.de\/en\/wp-json\/wp\/v2\/types\/post"}],"author":[{"embeddable":true,"href":"https:\/\/cdu-kaarst.de\/en\/wp-json\/wp\/v2\/users\/4"}],"replies":[{"embeddable":true,"href":"https:\/\/cdu-kaarst.de\/en\/wp-json\/wp\/v2\/comments?post=6637"}],"version-history":[{"count":4,"href":"https:\/\/cdu-kaarst.de\/en\/wp-json\/wp\/v2\/posts\/6637\/revisions"}],"predecessor-version":[{"id":6642,"href":"https:\/\/cdu-kaarst.de\/en\/wp-json\/wp\/v2\/posts\/6637\/revisions\/6642"}],"wp:featuredmedia":[{"embeddable":true,"href":"https:\/\/cdu-kaarst.de\/en\/wp-json\/wp\/v2\/media\/6638"}],"wp:attachment":[{"href":"https:\/\/cdu-kaarst.de\/en\/wp-json\/wp\/v2\/media?parent=6637"}],"wp:term":[{"taxonomy":"category","embeddable":true,"href":"https:\/\/cdu-kaarst.de\/en\/wp-json\/wp\/v2\/categories?post=6637"},{"taxonomy":"post_tag","embeddable":true,"href":"https:\/\/cdu-kaarst.de\/en\/wp-json\/wp\/v2\/tags?post=6637"}],"curies":[{"name":"wp","href":"https:\/\/api.w.org\/{rel}","templated":true}]}}