{"id":6671,"date":"2025-06-27T14:00:00","date_gmt":"2025-06-27T12:00:00","guid":{"rendered":"https:\/\/cdu-kaarst.de\/?p=6671"},"modified":"2025-06-27T14:00:00","modified_gmt":"2025-06-27T12:00:00","slug":"mukl-sitzung-fortgesetzt-cdu-fragt-nach-fuer-mehr-transparenz-und-gruene-infrastruktur","status":"publish","type":"post","link":"https:\/\/cdu-kaarst.de\/en\/allgemein\/mukl-sitzung-fortgesetzt-cdu-fragt-nach-fuer-mehr-transparenz-und-gruene-infrastruktur\/","title":{"rendered":"MuKL meeting continued: CDU asks questions - for more transparency and green infrastructure"},"content":{"rendered":"<p data-start=\"182\" data-end=\"406\">After the meeting of the Committee for Mobility, Environment, Climate and Agriculture (MuKL) on 4 June was interrupted after more than four hours due to the extensive agenda, it was resumed on 18 June.<\/p>\n<p data-start=\"408\" data-end=\"754\"><strong data-start=\"408\" data-end=\"437\">Focal points of the meeting:<\/strong><br data-start=\"437\" data-end=\"440\" \/>In addition to questions from the CDU and the Greens on the municipal vehicle fleet, cleanliness at bus stops and improving the cycle path between Holzb\u00fcttgen and B\u00fcttgen, another important point was discussed:<br data-start=\"651\" data-end=\"654\" \/>The paths in the Vorst green corridor are to be partially renovated. Funding will be granted for this measure.<\/p>\n<p data-start=\"756\" data-end=\"950\"><strong data-start=\"756\" data-end=\"794\">Topics in the non-public part:<\/strong><br data-start=\"794\" data-end=\"797\" \/>In the confidential part of the meeting, the CDU once again asked questions about the administration's handling of so-called ecopoints. Among other things, we wanted to know:<\/p>\n<ul data-start=\"951\" data-end=\"1087\">\n<li data-start=\"951\" data-end=\"986\">\n<p data-start=\"953\" data-end=\"986\">Who acquired the ecopoints?<\/p>\n<\/li>\n<li data-start=\"987\" data-end=\"1021\">\n<p data-start=\"989\" data-end=\"1021\">Who authorised the sale?<\/p>\n<\/li>\n<li data-start=\"1022\" data-end=\"1087\">\n<p data-start=\"1024\" data-end=\"1087\">Why were the points sold below the market price?<\/p>\n<\/li>\n<\/ul>\n<p data-start=\"1089\" data-end=\"1307\">These questions are particularly relevant as many farmers in Vorst are annoyed by the administration's approach. As a rule, they lose arable land that has to be afforested for compensatory measures.<\/p>\n<p data-start=\"1309\" data-end=\"1388\">The meeting ended after around one and a half hours - just in time for the public holiday.<\/p>","protected":false},"excerpt":{"rendered":"<p>Nachdem die Sitzung des Ausschusses f\u00fcr Mobilit\u00e4t, Umwelt, Klima und Landwirtschaft (MuKL) am 4. Juni aufgrund der umfangreichen Tagesordnung nach \u00fcber vier Stunden unterbrochen wurde, fand am 18. Juni die Fortsetzung statt. Schwerpunkte der Sitzung:Neben Anfragen der CDU und der Gr\u00fcnen zum st\u00e4dtischen Fuhrpark, zur Sauberkeit an Bushaltestellen sowie zur Verbesserung des Radwegs zwischen Holzb\u00fcttgen [&hellip;]<\/p>\n","protected":false},"author":4,"featured_media":6672,"comment_status":"closed","ping_status":"closed","sticky":false,"template":"","format":"standard","meta":{"footnotes":""},"categories":[1],"tags":[],"class_list":["post-6671","post","type-post","status-publish","format-standard","has-post-thumbnail","hentry","category-allgemein"],"yoast_head":"<!-- This site is optimized with the Yoast SEO plugin v27.4 - https:\/\/yoast.com\/product\/yoast-seo-wordpress\/ -->\n<title>MuKL-Sitzung fortgesetzt: CDU fragt nach \u2013 f\u00fcr mehr Transparenz und gr\u00fcne Infrastruktur - CDU Kaarst-B\u00fcttgen<\/title>\n<meta name=\"description\" content=\"Fortsetzung der MuKL-Sitzung: CDU stellt Fragen zu Fuhrpark, Radwegen und \u00d6kopunkten \u2013 Kritik am Umgang mit Landwirten in Vorst.\" \/>\n<meta name=\"robots\" content=\"index, follow, max-snippet:-1, max-image-preview:large, max-video-preview:-1\" \/>\n<link rel=\"canonical\" href=\"https:\/\/cdu-kaarst.de\/en\/allgemein\/mukl-sitzung-fortgesetzt-cdu-fragt-nach-fuer-mehr-transparenz-und-gruene-infrastruktur\/\" \/>\n<meta property=\"og:locale\" content=\"en_GB\" \/>\n<meta property=\"og:type\" content=\"article\" \/>\n<meta property=\"og:title\" content=\"MuKL-Sitzung fortgesetzt: CDU fragt nach \u2013 f\u00fcr mehr Transparenz und gr\u00fcne Infrastruktur - CDU Kaarst-B\u00fcttgen\" \/>\n<meta property=\"og:description\" content=\"Fortsetzung der MuKL-Sitzung: CDU stellt Fragen zu Fuhrpark, Radwegen und \u00d6kopunkten \u2013 Kritik am Umgang mit Landwirten in Vorst.\" \/>\n<meta property=\"og:url\" content=\"https:\/\/cdu-kaarst.de\/en\/allgemein\/mukl-sitzung-fortgesetzt-cdu-fragt-nach-fuer-mehr-transparenz-und-gruene-infrastruktur\/\" \/>\n<meta property=\"og:site_name\" content=\"CDU Kaarst-B\u00fcttgen\" \/>\n<meta property=\"article:published_time\" content=\"2025-06-27T12:00:00+00:00\" \/>\n<meta property=\"og:image\" content=\"https:\/\/cdu-kaarst.de\/wp-content\/uploads\/Kopie_von_Verkehr_in_Kaarst__Facebook-Video_.jpg\" \/>\n\t<meta property=\"og:image:width\" content=\"1080\" \/>\n\t<meta property=\"og:image:height\" content=\"1080\" \/>\n\t<meta property=\"og:image:type\" content=\"image\/jpeg\" \/>\n<meta name=\"author\" content=\"Redaktion\" \/>\n<meta name=\"twitter:card\" content=\"summary_large_image\" \/>\n<meta name=\"twitter:label1\" content=\"Written by\" \/>\n\t<meta name=\"twitter:data1\" content=\"Redaktion\" \/>\n\t<meta name=\"twitter:label2\" content=\"Estimated reading time\" \/>\n\t<meta name=\"twitter:data2\" content=\"2 minutes\" \/>\n<script type=\"application\/ld+json\" class=\"yoast-schema-graph\">{\"@context\":\"https:\\\/\\\/schema.org\",\"@graph\":[{\"@type\":\"Article\",\"@id\":\"https:\\\/\\\/cdu-kaarst.de\\\/allgemein\\\/mukl-sitzung-fortgesetzt-cdu-fragt-nach-fuer-mehr-transparenz-und-gruene-infrastruktur\\\/#article\",\"isPartOf\":{\"@id\":\"https:\\\/\\\/cdu-kaarst.de\\\/allgemein\\\/mukl-sitzung-fortgesetzt-cdu-fragt-nach-fuer-mehr-transparenz-und-gruene-infrastruktur\\\/\"},\"author\":{\"name\":\"Redaktion\",\"@id\":\"https:\\\/\\\/cdu-kaarst.de\\\/#\\\/schema\\\/person\\\/246f51db799d47b1fcc72fd16f5e948b\"},\"headline\":\"MuKL-Sitzung fortgesetzt: CDU fragt nach \u2013 f\u00fcr mehr Transparenz und gr\u00fcne Infrastruktur\",\"datePublished\":\"2025-06-27T12:00:00+00:00\",\"mainEntityOfPage\":{\"@id\":\"https:\\\/\\\/cdu-kaarst.de\\\/allgemein\\\/mukl-sitzung-fortgesetzt-cdu-fragt-nach-fuer-mehr-transparenz-und-gruene-infrastruktur\\\/\"},\"wordCount\":194,\"publisher\":{\"@id\":\"https:\\\/\\\/cdu-kaarst.de\\\/#organization\"},\"image\":{\"@id\":\"https:\\\/\\\/cdu-kaarst.de\\\/allgemein\\\/mukl-sitzung-fortgesetzt-cdu-fragt-nach-fuer-mehr-transparenz-und-gruene-infrastruktur\\\/#primaryimage\"},\"thumbnailUrl\":\"https:\\\/\\\/cdu-kaarst.de\\\/wp-content\\\/uploads\\\/Kopie_von_Verkehr_in_Kaarst__Facebook-Video_.jpg\",\"articleSection\":[\"Allgemein\"],\"inLanguage\":\"en-GB\"},{\"@type\":\"WebPage\",\"@id\":\"https:\\\/\\\/cdu-kaarst.de\\\/allgemein\\\/mukl-sitzung-fortgesetzt-cdu-fragt-nach-fuer-mehr-transparenz-und-gruene-infrastruktur\\\/\",\"url\":\"https:\\\/\\\/cdu-kaarst.de\\\/allgemein\\\/mukl-sitzung-fortgesetzt-cdu-fragt-nach-fuer-mehr-transparenz-und-gruene-infrastruktur\\\/\",\"name\":\"MuKL-Sitzung fortgesetzt: CDU fragt nach \u2013 f\u00fcr mehr Transparenz und gr\u00fcne Infrastruktur - CDU Kaarst-B\u00fcttgen\",\"isPartOf\":{\"@id\":\"https:\\\/\\\/cdu-kaarst.de\\\/#website\"},\"primaryImageOfPage\":{\"@id\":\"https:\\\/\\\/cdu-kaarst.de\\\/allgemein\\\/mukl-sitzung-fortgesetzt-cdu-fragt-nach-fuer-mehr-transparenz-und-gruene-infrastruktur\\\/#primaryimage\"},\"image\":{\"@id\":\"https:\\\/\\\/cdu-kaarst.de\\\/allgemein\\\/mukl-sitzung-fortgesetzt-cdu-fragt-nach-fuer-mehr-transparenz-und-gruene-infrastruktur\\\/#primaryimage\"},\"thumbnailUrl\":\"https:\\\/\\\/cdu-kaarst.de\\\/wp-content\\\/uploads\\\/Kopie_von_Verkehr_in_Kaarst__Facebook-Video_.jpg\",\"datePublished\":\"2025-06-27T12:00:00+00:00\",\"description\":\"Fortsetzung der MuKL-Sitzung: CDU stellt Fragen zu Fuhrpark, Radwegen und \u00d6kopunkten \u2013 Kritik am Umgang mit Landwirten in Vorst.\",\"breadcrumb\":{\"@id\":\"https:\\\/\\\/cdu-kaarst.de\\\/allgemein\\\/mukl-sitzung-fortgesetzt-cdu-fragt-nach-fuer-mehr-transparenz-und-gruene-infrastruktur\\\/#breadcrumb\"},\"inLanguage\":\"en-GB\",\"potentialAction\":[{\"@type\":\"ReadAction\",\"target\":[\"https:\\\/\\\/cdu-kaarst.de\\\/allgemein\\\/mukl-sitzung-fortgesetzt-cdu-fragt-nach-fuer-mehr-transparenz-und-gruene-infrastruktur\\\/\"]}]},{\"@type\":\"ImageObject\",\"inLanguage\":\"en-GB\",\"@id\":\"https:\\\/\\\/cdu-kaarst.de\\\/allgemein\\\/mukl-sitzung-fortgesetzt-cdu-fragt-nach-fuer-mehr-transparenz-und-gruene-infrastruktur\\\/#primaryimage\",\"url\":\"https:\\\/\\\/cdu-kaarst.de\\\/wp-content\\\/uploads\\\/Kopie_von_Verkehr_in_Kaarst__Facebook-Video_.jpg\",\"contentUrl\":\"https:\\\/\\\/cdu-kaarst.de\\\/wp-content\\\/uploads\\\/Kopie_von_Verkehr_in_Kaarst__Facebook-Video_.jpg\",\"width\":1080,\"height\":1080},{\"@type\":\"BreadcrumbList\",\"@id\":\"https:\\\/\\\/cdu-kaarst.de\\\/allgemein\\\/mukl-sitzung-fortgesetzt-cdu-fragt-nach-fuer-mehr-transparenz-und-gruene-infrastruktur\\\/#breadcrumb\",\"itemListElement\":[{\"@type\":\"ListItem\",\"position\":1,\"name\":\"Startseite\",\"item\":\"https:\\\/\\\/cdu-kaarst.de\\\/\"},{\"@type\":\"ListItem\",\"position\":2,\"name\":\"MuKL-Sitzung fortgesetzt: CDU fragt nach \u2013 f\u00fcr mehr Transparenz und gr\u00fcne Infrastruktur\"}]},{\"@type\":\"WebSite\",\"@id\":\"https:\\\/\\\/cdu-kaarst.de\\\/#website\",\"url\":\"https:\\\/\\\/cdu-kaarst.de\\\/\",\"name\":\"CDU Kaarst-B\u00fcttgen\",\"description\":\"gut Leben in Kaarst\",\"publisher\":{\"@id\":\"https:\\\/\\\/cdu-kaarst.de\\\/#organization\"},\"potentialAction\":[{\"@type\":\"SearchAction\",\"target\":{\"@type\":\"EntryPoint\",\"urlTemplate\":\"https:\\\/\\\/cdu-kaarst.de\\\/?s={search_term_string}\"},\"query-input\":{\"@type\":\"PropertyValueSpecification\",\"valueRequired\":true,\"valueName\":\"search_term_string\"}}],\"inLanguage\":\"en-GB\"},{\"@type\":\"Organization\",\"@id\":\"https:\\\/\\\/cdu-kaarst.de\\\/#organization\",\"name\":\"CDU Kaarst-B\u00fcttgen\",\"url\":\"https:\\\/\\\/cdu-kaarst.de\\\/\",\"logo\":{\"@type\":\"ImageObject\",\"inLanguage\":\"en-GB\",\"@id\":\"https:\\\/\\\/cdu-kaarst.de\\\/#\\\/schema\\\/logo\\\/image\\\/\",\"url\":\"https:\\\/\\\/cdu-kaarst.de\\\/wp-content\\\/uploads\\\/cdu-gesamtlogo.png\",\"contentUrl\":\"https:\\\/\\\/cdu-kaarst.de\\\/wp-content\\\/uploads\\\/cdu-gesamtlogo.png\",\"width\":418,\"height\":120,\"caption\":\"CDU Kaarst-B\u00fcttgen\"},\"image\":{\"@id\":\"https:\\\/\\\/cdu-kaarst.de\\\/#\\\/schema\\\/logo\\\/image\\\/\"}},{\"@type\":\"Person\",\"@id\":\"https:\\\/\\\/cdu-kaarst.de\\\/#\\\/schema\\\/person\\\/246f51db799d47b1fcc72fd16f5e948b\",\"name\":\"Redaktion\"}]}<\/script>\n<!-- \/ Yoast SEO plugin. -->","yoast_head_json":{"title":"MuKL meeting continued: CDU asks questions - for more transparency and green infrastructure - CDU Kaarst-B\u00fcttgen","description":"Continuation of the MuKL meeting: CDU asks questions about the vehicle fleet, cycle paths and ecopoints - criticism of the treatment of farmers in Vorst.","robots":{"index":"index","follow":"follow","max-snippet":"max-snippet:-1","max-image-preview":"max-image-preview:large","max-video-preview":"max-video-preview:-1"},"canonical":"https:\/\/cdu-kaarst.de\/en\/allgemein\/mukl-sitzung-fortgesetzt-cdu-fragt-nach-fuer-mehr-transparenz-und-gruene-infrastruktur\/","og_locale":"en_GB","og_type":"article","og_title":"MuKL-Sitzung fortgesetzt: CDU fragt nach \u2013 f\u00fcr mehr Transparenz und gr\u00fcne Infrastruktur - CDU Kaarst-B\u00fcttgen","og_description":"Fortsetzung der MuKL-Sitzung: CDU stellt Fragen zu Fuhrpark, Radwegen und \u00d6kopunkten \u2013 Kritik am Umgang mit Landwirten in Vorst.","og_url":"https:\/\/cdu-kaarst.de\/en\/allgemein\/mukl-sitzung-fortgesetzt-cdu-fragt-nach-fuer-mehr-transparenz-und-gruene-infrastruktur\/","og_site_name":"CDU Kaarst-B\u00fcttgen","article_published_time":"2025-06-27T12:00:00+00:00","og_image":[{"width":1080,"height":1080,"url":"https:\/\/cdu-kaarst.de\/wp-content\/uploads\/Kopie_von_Verkehr_in_Kaarst__Facebook-Video_.jpg","type":"image\/jpeg"}],"author":"Redaktion","twitter_card":"summary_large_image","twitter_misc":{"Written by":"Redaktion","Estimated reading time":"2 minutes"},"schema":{"@context":"https:\/\/schema.org","@graph":[{"@type":"Article","@id":"https:\/\/cdu-kaarst.de\/allgemein\/mukl-sitzung-fortgesetzt-cdu-fragt-nach-fuer-mehr-transparenz-und-gruene-infrastruktur\/#article","isPartOf":{"@id":"https:\/\/cdu-kaarst.de\/allgemein\/mukl-sitzung-fortgesetzt-cdu-fragt-nach-fuer-mehr-transparenz-und-gruene-infrastruktur\/"},"author":{"name":"Redaktion","@id":"https:\/\/cdu-kaarst.de\/#\/schema\/person\/246f51db799d47b1fcc72fd16f5e948b"},"headline":"MuKL-Sitzung fortgesetzt: CDU fragt nach \u2013 f\u00fcr mehr Transparenz und gr\u00fcne Infrastruktur","datePublished":"2025-06-27T12:00:00+00:00","mainEntityOfPage":{"@id":"https:\/\/cdu-kaarst.de\/allgemein\/mukl-sitzung-fortgesetzt-cdu-fragt-nach-fuer-mehr-transparenz-und-gruene-infrastruktur\/"},"wordCount":194,"publisher":{"@id":"https:\/\/cdu-kaarst.de\/#organization"},"image":{"@id":"https:\/\/cdu-kaarst.de\/allgemein\/mukl-sitzung-fortgesetzt-cdu-fragt-nach-fuer-mehr-transparenz-und-gruene-infrastruktur\/#primaryimage"},"thumbnailUrl":"https:\/\/cdu-kaarst.de\/wp-content\/uploads\/Kopie_von_Verkehr_in_Kaarst__Facebook-Video_.jpg","articleSection":["Allgemein"],"inLanguage":"en-GB"},{"@type":"WebPage","@id":"https:\/\/cdu-kaarst.de\/allgemein\/mukl-sitzung-fortgesetzt-cdu-fragt-nach-fuer-mehr-transparenz-und-gruene-infrastruktur\/","url":"https:\/\/cdu-kaarst.de\/allgemein\/mukl-sitzung-fortgesetzt-cdu-fragt-nach-fuer-mehr-transparenz-und-gruene-infrastruktur\/","name":"MuKL meeting continued: CDU asks questions - for more transparency and green infrastructure - CDU Kaarst-B\u00fcttgen","isPartOf":{"@id":"https:\/\/cdu-kaarst.de\/#website"},"primaryImageOfPage":{"@id":"https:\/\/cdu-kaarst.de\/allgemein\/mukl-sitzung-fortgesetzt-cdu-fragt-nach-fuer-mehr-transparenz-und-gruene-infrastruktur\/#primaryimage"},"image":{"@id":"https:\/\/cdu-kaarst.de\/allgemein\/mukl-sitzung-fortgesetzt-cdu-fragt-nach-fuer-mehr-transparenz-und-gruene-infrastruktur\/#primaryimage"},"thumbnailUrl":"https:\/\/cdu-kaarst.de\/wp-content\/uploads\/Kopie_von_Verkehr_in_Kaarst__Facebook-Video_.jpg","datePublished":"2025-06-27T12:00:00+00:00","description":"Continuation of the MuKL meeting: CDU asks questions about the vehicle fleet, cycle paths and ecopoints - criticism of the treatment of farmers in Vorst.","breadcrumb":{"@id":"https:\/\/cdu-kaarst.de\/allgemein\/mukl-sitzung-fortgesetzt-cdu-fragt-nach-fuer-mehr-transparenz-und-gruene-infrastruktur\/#breadcrumb"},"inLanguage":"en-GB","potentialAction":[{"@type":"ReadAction","target":["https:\/\/cdu-kaarst.de\/allgemein\/mukl-sitzung-fortgesetzt-cdu-fragt-nach-fuer-mehr-transparenz-und-gruene-infrastruktur\/"]}]},{"@type":"ImageObject","inLanguage":"en-GB","@id":"https:\/\/cdu-kaarst.de\/allgemein\/mukl-sitzung-fortgesetzt-cdu-fragt-nach-fuer-mehr-transparenz-und-gruene-infrastruktur\/#primaryimage","url":"https:\/\/cdu-kaarst.de\/wp-content\/uploads\/Kopie_von_Verkehr_in_Kaarst__Facebook-Video_.jpg","contentUrl":"https:\/\/cdu-kaarst.de\/wp-content\/uploads\/Kopie_von_Verkehr_in_Kaarst__Facebook-Video_.jpg","width":1080,"height":1080},{"@type":"BreadcrumbList","@id":"https:\/\/cdu-kaarst.de\/allgemein\/mukl-sitzung-fortgesetzt-cdu-fragt-nach-fuer-mehr-transparenz-und-gruene-infrastruktur\/#breadcrumb","itemListElement":[{"@type":"ListItem","position":1,"name":"Startseite","item":"https:\/\/cdu-kaarst.de\/"},{"@type":"ListItem","position":2,"name":"MuKL-Sitzung fortgesetzt: CDU fragt nach \u2013 f\u00fcr mehr Transparenz und gr\u00fcne Infrastruktur"}]},{"@type":"WebSite","@id":"https:\/\/cdu-kaarst.de\/#website","url":"https:\/\/cdu-kaarst.de\/","name":"CDU Kaarst-B\u00fcttgen","description":"living well in Kaarst","publisher":{"@id":"https:\/\/cdu-kaarst.de\/#organization"},"potentialAction":[{"@type":"SearchAction","target":{"@type":"EntryPoint","urlTemplate":"https:\/\/cdu-kaarst.de\/?s={search_term_string}"},"query-input":{"@type":"PropertyValueSpecification","valueRequired":true,"valueName":"search_term_string"}}],"inLanguage":"en-GB"},{"@type":"Organization","@id":"https:\/\/cdu-kaarst.de\/#organization","name":"CDU Kaarst-B\u00fcttgen","url":"https:\/\/cdu-kaarst.de\/","logo":{"@type":"ImageObject","inLanguage":"en-GB","@id":"https:\/\/cdu-kaarst.de\/#\/schema\/logo\/image\/","url":"https:\/\/cdu-kaarst.de\/wp-content\/uploads\/cdu-gesamtlogo.png","contentUrl":"https:\/\/cdu-kaarst.de\/wp-content\/uploads\/cdu-gesamtlogo.png","width":418,"height":120,"caption":"CDU Kaarst-B\u00fcttgen"},"image":{"@id":"https:\/\/cdu-kaarst.de\/#\/schema\/logo\/image\/"}},{"@type":"Person","@id":"https:\/\/cdu-kaarst.de\/#\/schema\/person\/246f51db799d47b1fcc72fd16f5e948b","name":"Editorial office"}]}},"_links":{"self":[{"href":"https:\/\/cdu-kaarst.de\/en\/wp-json\/wp\/v2\/posts\/6671","targetHints":{"allow":["GET"]}}],"collection":[{"href":"https:\/\/cdu-kaarst.de\/en\/wp-json\/wp\/v2\/posts"}],"about":[{"href":"https:\/\/cdu-kaarst.de\/en\/wp-json\/wp\/v2\/types\/post"}],"author":[{"embeddable":true,"href":"https:\/\/cdu-kaarst.de\/en\/wp-json\/wp\/v2\/users\/4"}],"replies":[{"embeddable":true,"href":"https:\/\/cdu-kaarst.de\/en\/wp-json\/wp\/v2\/comments?post=6671"}],"version-history":[{"count":1,"href":"https:\/\/cdu-kaarst.de\/en\/wp-json\/wp\/v2\/posts\/6671\/revisions"}],"predecessor-version":[{"id":6673,"href":"https:\/\/cdu-kaarst.de\/en\/wp-json\/wp\/v2\/posts\/6671\/revisions\/6673"}],"wp:featuredmedia":[{"embeddable":true,"href":"https:\/\/cdu-kaarst.de\/en\/wp-json\/wp\/v2\/media\/6672"}],"wp:attachment":[{"href":"https:\/\/cdu-kaarst.de\/en\/wp-json\/wp\/v2\/media?parent=6671"}],"wp:term":[{"taxonomy":"category","embeddable":true,"href":"https:\/\/cdu-kaarst.de\/en\/wp-json\/wp\/v2\/categories?post=6671"},{"taxonomy":"post_tag","embeddable":true,"href":"https:\/\/cdu-kaarst.de\/en\/wp-json\/wp\/v2\/tags?post=6671"}],"curies":[{"name":"wp","href":"https:\/\/api.w.org\/{rel}","templated":true}]}}