{"id":6710,"date":"2025-07-04T14:41:30","date_gmt":"2025-07-04T12:41:30","guid":{"rendered":"https:\/\/cdu-kaarst.de\/?p=6710"},"modified":"2025-07-22T14:17:41","modified_gmt":"2025-07-22T12:17:41","slug":"spatenstich-an-der-katholischen-grundschule","status":"publish","type":"post","link":"https:\/\/cdu-kaarst.de\/en\/allgemein\/spatenstich-an-der-katholischen-grundschule\/","title":{"rendered":"Ground-breaking ceremony at the Catholic primary school"},"content":{"rendered":"<p data-pm-slice=\"1 1 []\">Yesterday's ground-breaking ceremony marks the next milestone for the Catholic primary school on Alte Heerstra\u00dfe: the urgently needed extension is now officially entering the construction phase. The two-storey modular building is due to be completed in just one year. The city of Kaarst is investing around 15 million euros in this project - a strong signal in favour of good education and a sustainable family policy.<\/p>\n<p>The importance of this extension was already evident yesterday: all the pupils were present and welcomed the guests from politics, the school and the construction company Alho Systembau with two rehearsed songs. Headmistress Anika Seipelt emphasised the high demand in her speech: \"Space for modern learning and good supervision is being created here.\"<\/p>\n<p>A total of around 3,000 square metres of new space is planned: 14 rooms for OGS childcare, 5 new classrooms and a canteen will significantly expand the school's facilities.<\/p>\n<p>We look forward to the progress to come - for our children, their education and a strong community!<\/p>\n<div class=\"brlbs-cmpnt-container brlbs-cmpnt-content-blocker brlbs-cmpnt-with-individual-styles\" data-borlabs-cookie-content-blocker-id=\"youtube-content-blocker\" data-borlabs-cookie-content=\"PGlmcmFtZSB3aWR0aD0iNTYwIiBoZWlnaHQ9IjMxNSIgc3JjPSJodHRwczovL3d3dy55b3V0dWJlLW5vY29va2llLmNvbS9lbWJlZC9zcU9BM2NhYmJJUT9zaT01Uk80a0xrSVRtNC1BMjBnIiB0aXRsZT0iWW91VHViZSB2aWRlbyBwbGF5ZXIiIGZyYW1lYm9yZGVyPSIwIiBhbGxvdz0iYWNjZWxlcm9tZXRlcjsgYXV0b3BsYXk7IGNsaXBib2FyZC13cml0ZTsgZW5jcnlwdGVkLW1lZGlhOyBneXJvc2NvcGU7IHBpY3R1cmUtaW4tcGljdHVyZTsgd2ViLXNoYXJlIiByZWZlcnJlcnBvbGljeT0ic3RyaWN0LW9yaWdpbi13aGVuLWNyb3NzLW9yaWdpbiIgYWxsb3dmdWxsc2NyZWVuPjwvaWZyYW1lPg==\">\n<div class=\"brlbs-cmpnt-cb-preset-c brlbs-cmpnt-cb-youtube\">\n<div class=\"brlbs-cmpnt-cb-thumbnail\" style=\"background-image: url('https:\/\/cdu-kaarst.de\/wp-content\/uploads\/borlabs-cookie\/1\/yt_sqOA3cabbIQ_hqdefault.jpg')\"><\/div>\n<div class=\"brlbs-cmpnt-cb-main\">\n<div class=\"brlbs-cmpnt-cb-play-button\"><\/div>\n<div class=\"brlbs-cmpnt-cb-content\">\n<p class=\"brlbs-cmpnt-cb-description\">You are currently viewing a placeholder content from <strong>YouTube<\/strong>. To access the actual content, click the button below. Please note that doing so will share data with third-party providers.<\/p>\n<p> <a class=\"brlbs-cmpnt-cb-provider-toggle\" href=\"#\" data-borlabs-cookie-show-provider-information role=\"button\">More Information<\/a> <\/div>\n<div class=\"brlbs-cmpnt-cb-buttons\"> <a class=\"brlbs-cmpnt-cb-btn\" href=\"#\" data-borlabs-cookie-unblock role=\"button\">Unblock content<\/a> <a class=\"brlbs-cmpnt-cb-btn\" href=\"#\" data-borlabs-cookie-accept-service role=\"button\" style=\"display: inherit\">Accept required service and unblock content<\/a> <\/div>\n<\/p><\/div>\n<\/p><\/div>\n<\/div>","protected":false},"excerpt":{"rendered":"<p>Mit dem gestrigen Spatenstich ist der n\u00e4chste Meilenstein f\u00fcr die Katholische Grundschule an der Alten Heerstra\u00dfe erreicht: Der dringend ben\u00f6tigte Anbau geht nun offiziell in die Bauphase. Bereits in einem Jahr soll das zweist\u00f6ckige Geb\u00e4ude in Modulbauweise fertiggestellt sein. Rund 15 Millionen Euro investiert die Stadt Kaarst in dieses Projekt \u2013 ein starkes Zeichen f\u00fcr [&hellip;]<\/p>\n","protected":false},"author":4,"featured_media":6711,"comment_status":"closed","ping_status":"closed","sticky":false,"template":"","format":"standard","meta":{"footnotes":""},"categories":[1],"tags":[],"class_list":["post-6710","post","type-post","status-publish","format-standard","has-post-thumbnail","hentry","category-allgemein"],"yoast_head":"<!-- This site is optimized with the Yoast SEO plugin v27.4 - https:\/\/yoast.com\/product\/yoast-seo-wordpress\/ -->\n<title>Spatenstich an der Katholischen Grundschule - CDU Kaarst-B\u00fcttgen<\/title>\n<meta name=\"description\" content=\"Mit dem Spatenstich startet der Anbau der Katholischen Grundschule Kaarst. Ein starkes Zeichen f\u00fcr Bildung und Familien\" \/>\n<meta name=\"robots\" content=\"index, follow, max-snippet:-1, max-image-preview:large, max-video-preview:-1\" \/>\n<link rel=\"canonical\" href=\"https:\/\/cdu-kaarst.de\/en\/allgemein\/spatenstich-an-der-katholischen-grundschule\/\" \/>\n<meta property=\"og:locale\" content=\"en_GB\" \/>\n<meta property=\"og:type\" content=\"article\" \/>\n<meta property=\"og:title\" content=\"Spatenstich an der Katholischen Grundschule - CDU Kaarst-B\u00fcttgen\" \/>\n<meta property=\"og:description\" content=\"Mit dem Spatenstich startet der Anbau der Katholischen Grundschule Kaarst. Ein starkes Zeichen f\u00fcr Bildung und Familien\" \/>\n<meta property=\"og:url\" content=\"https:\/\/cdu-kaarst.de\/en\/allgemein\/spatenstich-an-der-katholischen-grundschule\/\" \/>\n<meta property=\"og:site_name\" content=\"CDU Kaarst-B\u00fcttgen\" \/>\n<meta property=\"article:published_time\" content=\"2025-07-04T12:41:30+00:00\" \/>\n<meta property=\"article:modified_time\" content=\"2025-07-22T12:17:41+00:00\" \/>\n<meta property=\"og:image\" content=\"https:\/\/cdu-kaarst.de\/wp-content\/uploads\/Ortseingang_Driesch_Spielplatz_.jpg\" \/>\n\t<meta property=\"og:image:width\" content=\"1024\" \/>\n\t<meta property=\"og:image:height\" content=\"1024\" \/>\n\t<meta property=\"og:image:type\" content=\"image\/jpeg\" \/>\n<meta name=\"author\" content=\"Redaktion\" \/>\n<meta name=\"twitter:card\" content=\"summary_large_image\" \/>\n<meta name=\"twitter:label1\" content=\"Written by\" \/>\n\t<meta name=\"twitter:data1\" content=\"Redaktion\" \/>\n\t<meta name=\"twitter:label2\" content=\"Estimated reading time\" \/>\n\t<meta name=\"twitter:data2\" content=\"2 minutes\" \/>\n<script type=\"application\/ld+json\" class=\"yoast-schema-graph\">{\"@context\":\"https:\\\/\\\/schema.org\",\"@graph\":[{\"@type\":\"Article\",\"@id\":\"https:\\\/\\\/cdu-kaarst.de\\\/allgemein\\\/spatenstich-an-der-katholischen-grundschule\\\/#article\",\"isPartOf\":{\"@id\":\"https:\\\/\\\/cdu-kaarst.de\\\/allgemein\\\/spatenstich-an-der-katholischen-grundschule\\\/\"},\"author\":{\"name\":\"Redaktion\",\"@id\":\"https:\\\/\\\/cdu-kaarst.de\\\/#\\\/schema\\\/person\\\/246f51db799d47b1fcc72fd16f5e948b\"},\"headline\":\"Spatenstich an der Katholischen Grundschule\",\"datePublished\":\"2025-07-04T12:41:30+00:00\",\"dateModified\":\"2025-07-22T12:17:41+00:00\",\"mainEntityOfPage\":{\"@id\":\"https:\\\/\\\/cdu-kaarst.de\\\/allgemein\\\/spatenstich-an-der-katholischen-grundschule\\\/\"},\"wordCount\":170,\"publisher\":{\"@id\":\"https:\\\/\\\/cdu-kaarst.de\\\/#organization\"},\"image\":{\"@id\":\"https:\\\/\\\/cdu-kaarst.de\\\/allgemein\\\/spatenstich-an-der-katholischen-grundschule\\\/#primaryimage\"},\"thumbnailUrl\":\"https:\\\/\\\/cdu-kaarst.de\\\/wp-content\\\/uploads\\\/Ortseingang_Driesch_Spielplatz_.jpg\",\"articleSection\":[\"Allgemein\"],\"inLanguage\":\"en-GB\"},{\"@type\":\"WebPage\",\"@id\":\"https:\\\/\\\/cdu-kaarst.de\\\/allgemein\\\/spatenstich-an-der-katholischen-grundschule\\\/\",\"url\":\"https:\\\/\\\/cdu-kaarst.de\\\/allgemein\\\/spatenstich-an-der-katholischen-grundschule\\\/\",\"name\":\"Spatenstich an der Katholischen Grundschule - CDU Kaarst-B\u00fcttgen\",\"isPartOf\":{\"@id\":\"https:\\\/\\\/cdu-kaarst.de\\\/#website\"},\"primaryImageOfPage\":{\"@id\":\"https:\\\/\\\/cdu-kaarst.de\\\/allgemein\\\/spatenstich-an-der-katholischen-grundschule\\\/#primaryimage\"},\"image\":{\"@id\":\"https:\\\/\\\/cdu-kaarst.de\\\/allgemein\\\/spatenstich-an-der-katholischen-grundschule\\\/#primaryimage\"},\"thumbnailUrl\":\"https:\\\/\\\/cdu-kaarst.de\\\/wp-content\\\/uploads\\\/Ortseingang_Driesch_Spielplatz_.jpg\",\"datePublished\":\"2025-07-04T12:41:30+00:00\",\"dateModified\":\"2025-07-22T12:17:41+00:00\",\"description\":\"Mit dem Spatenstich startet der Anbau der Katholischen Grundschule Kaarst. Ein starkes Zeichen f\u00fcr Bildung und Familien\",\"breadcrumb\":{\"@id\":\"https:\\\/\\\/cdu-kaarst.de\\\/allgemein\\\/spatenstich-an-der-katholischen-grundschule\\\/#breadcrumb\"},\"inLanguage\":\"en-GB\",\"potentialAction\":[{\"@type\":\"ReadAction\",\"target\":[\"https:\\\/\\\/cdu-kaarst.de\\\/allgemein\\\/spatenstich-an-der-katholischen-grundschule\\\/\"]}]},{\"@type\":\"ImageObject\",\"inLanguage\":\"en-GB\",\"@id\":\"https:\\\/\\\/cdu-kaarst.de\\\/allgemein\\\/spatenstich-an-der-katholischen-grundschule\\\/#primaryimage\",\"url\":\"https:\\\/\\\/cdu-kaarst.de\\\/wp-content\\\/uploads\\\/Ortseingang_Driesch_Spielplatz_.jpg\",\"contentUrl\":\"https:\\\/\\\/cdu-kaarst.de\\\/wp-content\\\/uploads\\\/Ortseingang_Driesch_Spielplatz_.jpg\",\"width\":1024,\"height\":1024},{\"@type\":\"BreadcrumbList\",\"@id\":\"https:\\\/\\\/cdu-kaarst.de\\\/allgemein\\\/spatenstich-an-der-katholischen-grundschule\\\/#breadcrumb\",\"itemListElement\":[{\"@type\":\"ListItem\",\"position\":1,\"name\":\"Startseite\",\"item\":\"https:\\\/\\\/cdu-kaarst.de\\\/\"},{\"@type\":\"ListItem\",\"position\":2,\"name\":\"Spatenstich an der Katholischen Grundschule\"}]},{\"@type\":\"WebSite\",\"@id\":\"https:\\\/\\\/cdu-kaarst.de\\\/#website\",\"url\":\"https:\\\/\\\/cdu-kaarst.de\\\/\",\"name\":\"CDU Kaarst-B\u00fcttgen\",\"description\":\"gut Leben in Kaarst\",\"publisher\":{\"@id\":\"https:\\\/\\\/cdu-kaarst.de\\\/#organization\"},\"potentialAction\":[{\"@type\":\"SearchAction\",\"target\":{\"@type\":\"EntryPoint\",\"urlTemplate\":\"https:\\\/\\\/cdu-kaarst.de\\\/?s={search_term_string}\"},\"query-input\":{\"@type\":\"PropertyValueSpecification\",\"valueRequired\":true,\"valueName\":\"search_term_string\"}}],\"inLanguage\":\"en-GB\"},{\"@type\":\"Organization\",\"@id\":\"https:\\\/\\\/cdu-kaarst.de\\\/#organization\",\"name\":\"CDU Kaarst-B\u00fcttgen\",\"url\":\"https:\\\/\\\/cdu-kaarst.de\\\/\",\"logo\":{\"@type\":\"ImageObject\",\"inLanguage\":\"en-GB\",\"@id\":\"https:\\\/\\\/cdu-kaarst.de\\\/#\\\/schema\\\/logo\\\/image\\\/\",\"url\":\"https:\\\/\\\/cdu-kaarst.de\\\/wp-content\\\/uploads\\\/cdu-gesamtlogo.png\",\"contentUrl\":\"https:\\\/\\\/cdu-kaarst.de\\\/wp-content\\\/uploads\\\/cdu-gesamtlogo.png\",\"width\":418,\"height\":120,\"caption\":\"CDU Kaarst-B\u00fcttgen\"},\"image\":{\"@id\":\"https:\\\/\\\/cdu-kaarst.de\\\/#\\\/schema\\\/logo\\\/image\\\/\"}},{\"@type\":\"Person\",\"@id\":\"https:\\\/\\\/cdu-kaarst.de\\\/#\\\/schema\\\/person\\\/246f51db799d47b1fcc72fd16f5e948b\",\"name\":\"Redaktion\"}]}<\/script>\n<!-- \/ Yoast SEO plugin. -->","yoast_head_json":{"title":"Spatenstich an der Katholischen Grundschule - CDU Kaarst-B\u00fcttgen","description":"Mit dem Spatenstich startet der Anbau der Katholischen Grundschule Kaarst. Ein starkes Zeichen f\u00fcr Bildung und Familien","robots":{"index":"index","follow":"follow","max-snippet":"max-snippet:-1","max-image-preview":"max-image-preview:large","max-video-preview":"max-video-preview:-1"},"canonical":"https:\/\/cdu-kaarst.de\/en\/allgemein\/spatenstich-an-der-katholischen-grundschule\/","og_locale":"en_GB","og_type":"article","og_title":"Spatenstich an der Katholischen Grundschule - CDU Kaarst-B\u00fcttgen","og_description":"Mit dem Spatenstich startet der Anbau der Katholischen Grundschule Kaarst. Ein starkes Zeichen f\u00fcr Bildung und Familien","og_url":"https:\/\/cdu-kaarst.de\/en\/allgemein\/spatenstich-an-der-katholischen-grundschule\/","og_site_name":"CDU Kaarst-B\u00fcttgen","article_published_time":"2025-07-04T12:41:30+00:00","article_modified_time":"2025-07-22T12:17:41+00:00","og_image":[{"width":1024,"height":1024,"url":"https:\/\/cdu-kaarst.de\/wp-content\/uploads\/Ortseingang_Driesch_Spielplatz_.jpg","type":"image\/jpeg"}],"author":"Redaktion","twitter_card":"summary_large_image","twitter_misc":{"Written by":"Redaktion","Estimated reading time":"2 minutes"},"schema":{"@context":"https:\/\/schema.org","@graph":[{"@type":"Article","@id":"https:\/\/cdu-kaarst.de\/allgemein\/spatenstich-an-der-katholischen-grundschule\/#article","isPartOf":{"@id":"https:\/\/cdu-kaarst.de\/allgemein\/spatenstich-an-der-katholischen-grundschule\/"},"author":{"name":"Redaktion","@id":"https:\/\/cdu-kaarst.de\/#\/schema\/person\/246f51db799d47b1fcc72fd16f5e948b"},"headline":"Spatenstich an der Katholischen Grundschule","datePublished":"2025-07-04T12:41:30+00:00","dateModified":"2025-07-22T12:17:41+00:00","mainEntityOfPage":{"@id":"https:\/\/cdu-kaarst.de\/allgemein\/spatenstich-an-der-katholischen-grundschule\/"},"wordCount":170,"publisher":{"@id":"https:\/\/cdu-kaarst.de\/#organization"},"image":{"@id":"https:\/\/cdu-kaarst.de\/allgemein\/spatenstich-an-der-katholischen-grundschule\/#primaryimage"},"thumbnailUrl":"https:\/\/cdu-kaarst.de\/wp-content\/uploads\/Ortseingang_Driesch_Spielplatz_.jpg","articleSection":["Allgemein"],"inLanguage":"en-GB"},{"@type":"WebPage","@id":"https:\/\/cdu-kaarst.de\/allgemein\/spatenstich-an-der-katholischen-grundschule\/","url":"https:\/\/cdu-kaarst.de\/allgemein\/spatenstich-an-der-katholischen-grundschule\/","name":"Spatenstich an der Katholischen Grundschule - CDU Kaarst-B\u00fcttgen","isPartOf":{"@id":"https:\/\/cdu-kaarst.de\/#website"},"primaryImageOfPage":{"@id":"https:\/\/cdu-kaarst.de\/allgemein\/spatenstich-an-der-katholischen-grundschule\/#primaryimage"},"image":{"@id":"https:\/\/cdu-kaarst.de\/allgemein\/spatenstich-an-der-katholischen-grundschule\/#primaryimage"},"thumbnailUrl":"https:\/\/cdu-kaarst.de\/wp-content\/uploads\/Ortseingang_Driesch_Spielplatz_.jpg","datePublished":"2025-07-04T12:41:30+00:00","dateModified":"2025-07-22T12:17:41+00:00","description":"Mit dem Spatenstich startet der Anbau der Katholischen Grundschule Kaarst. Ein starkes Zeichen f\u00fcr Bildung und Familien","breadcrumb":{"@id":"https:\/\/cdu-kaarst.de\/allgemein\/spatenstich-an-der-katholischen-grundschule\/#breadcrumb"},"inLanguage":"en-GB","potentialAction":[{"@type":"ReadAction","target":["https:\/\/cdu-kaarst.de\/allgemein\/spatenstich-an-der-katholischen-grundschule\/"]}]},{"@type":"ImageObject","inLanguage":"en-GB","@id":"https:\/\/cdu-kaarst.de\/allgemein\/spatenstich-an-der-katholischen-grundschule\/#primaryimage","url":"https:\/\/cdu-kaarst.de\/wp-content\/uploads\/Ortseingang_Driesch_Spielplatz_.jpg","contentUrl":"https:\/\/cdu-kaarst.de\/wp-content\/uploads\/Ortseingang_Driesch_Spielplatz_.jpg","width":1024,"height":1024},{"@type":"BreadcrumbList","@id":"https:\/\/cdu-kaarst.de\/allgemein\/spatenstich-an-der-katholischen-grundschule\/#breadcrumb","itemListElement":[{"@type":"ListItem","position":1,"name":"Startseite","item":"https:\/\/cdu-kaarst.de\/"},{"@type":"ListItem","position":2,"name":"Spatenstich an der Katholischen Grundschule"}]},{"@type":"WebSite","@id":"https:\/\/cdu-kaarst.de\/#website","url":"https:\/\/cdu-kaarst.de\/","name":"CDU Kaarst-B\u00fcttgen","description":"living well in Kaarst","publisher":{"@id":"https:\/\/cdu-kaarst.de\/#organization"},"potentialAction":[{"@type":"SearchAction","target":{"@type":"EntryPoint","urlTemplate":"https:\/\/cdu-kaarst.de\/?s={search_term_string}"},"query-input":{"@type":"PropertyValueSpecification","valueRequired":true,"valueName":"search_term_string"}}],"inLanguage":"en-GB"},{"@type":"Organization","@id":"https:\/\/cdu-kaarst.de\/#organization","name":"CDU Kaarst-B\u00fcttgen","url":"https:\/\/cdu-kaarst.de\/","logo":{"@type":"ImageObject","inLanguage":"en-GB","@id":"https:\/\/cdu-kaarst.de\/#\/schema\/logo\/image\/","url":"https:\/\/cdu-kaarst.de\/wp-content\/uploads\/cdu-gesamtlogo.png","contentUrl":"https:\/\/cdu-kaarst.de\/wp-content\/uploads\/cdu-gesamtlogo.png","width":418,"height":120,"caption":"CDU Kaarst-B\u00fcttgen"},"image":{"@id":"https:\/\/cdu-kaarst.de\/#\/schema\/logo\/image\/"}},{"@type":"Person","@id":"https:\/\/cdu-kaarst.de\/#\/schema\/person\/246f51db799d47b1fcc72fd16f5e948b","name":"Editorial office"}]}},"_links":{"self":[{"href":"https:\/\/cdu-kaarst.de\/en\/wp-json\/wp\/v2\/posts\/6710","targetHints":{"allow":["GET"]}}],"collection":[{"href":"https:\/\/cdu-kaarst.de\/en\/wp-json\/wp\/v2\/posts"}],"about":[{"href":"https:\/\/cdu-kaarst.de\/en\/wp-json\/wp\/v2\/types\/post"}],"author":[{"embeddable":true,"href":"https:\/\/cdu-kaarst.de\/en\/wp-json\/wp\/v2\/users\/4"}],"replies":[{"embeddable":true,"href":"https:\/\/cdu-kaarst.de\/en\/wp-json\/wp\/v2\/comments?post=6710"}],"version-history":[{"count":3,"href":"https:\/\/cdu-kaarst.de\/en\/wp-json\/wp\/v2\/posts\/6710\/revisions"}],"predecessor-version":[{"id":6743,"href":"https:\/\/cdu-kaarst.de\/en\/wp-json\/wp\/v2\/posts\/6710\/revisions\/6743"}],"wp:featuredmedia":[{"embeddable":true,"href":"https:\/\/cdu-kaarst.de\/en\/wp-json\/wp\/v2\/media\/6711"}],"wp:attachment":[{"href":"https:\/\/cdu-kaarst.de\/en\/wp-json\/wp\/v2\/media?parent=6710"}],"wp:term":[{"taxonomy":"category","embeddable":true,"href":"https:\/\/cdu-kaarst.de\/en\/wp-json\/wp\/v2\/categories?post=6710"},{"taxonomy":"post_tag","embeddable":true,"href":"https:\/\/cdu-kaarst.de\/en\/wp-json\/wp\/v2\/tags?post=6710"}],"curies":[{"name":"wp","href":"https:\/\/api.w.org\/{rel}","templated":true}]}}