{"id":6724,"date":"2025-07-10T14:58:02","date_gmt":"2025-07-10T12:58:02","guid":{"rendered":"https:\/\/cdu-kaarst.de\/?p=6724"},"modified":"2025-07-10T14:58:02","modified_gmt":"2025-07-10T12:58:02","slug":"zukunft-der-budica-grundschule-in-buettgen","status":"publish","type":"post","link":"https:\/\/cdu-kaarst.de\/en\/allgemein\/zukunft-der-budica-grundschule-in-buettgen\/","title":{"rendered":"Future of the Budica primary school in B\u00fcttgen"},"content":{"rendered":"<p>The latest school committee meeting focussed on a topic that concerns many families in B\u00fcttgen: the future of Budica primary school. A feasibility study was presented, which included nine possible variants for an extension to the school - with different expansion stages and structural concepts.<\/p>\n<p>But in the course of the discussion, it became clear that a completely new school building is not out of the question. The structural decision is therefore still open - but one thing is clear: the need for space is real and urgent.<\/p>\n<p>The CDU welcomes the fact that this important project is finally being finalised. We are committed to finding the best solution for our children - a solution that is both educationally and structurally sustainable.<\/p>\n<p>\u2705 A sense of proportion, responsibility and a clear focus on what is feasible are our top priorities. The Budica primary school is a central location for education and community in B\u00fcttgen - and it deserves a solution that does justice to this.<\/p>","protected":false},"excerpt":{"rendered":"<p>Im j\u00fcngsten Schulausschuss stand ein Thema im Mittelpunkt, das viele Familien in B\u00fcttgen bewegt: die Zukunft der Budica-Grundschule. Vorgestellt wurde eine Machbarkeitsstudie, die neun m\u00f6gliche Varianten f\u00fcr einen Anbau der Schule umfasst \u2013 mit unterschiedlichen Ausbaustufen und baulichen Konzepten. Doch im Verlauf der Diskussion wurde deutlich: Auch ein kompletter Neubau der Schule ist nicht ausgeschlossen. [&hellip;]<\/p>\n","protected":false},"author":4,"featured_media":6725,"comment_status":"closed","ping_status":"closed","sticky":false,"template":"","format":"standard","meta":{"footnotes":""},"categories":[1],"tags":[],"class_list":["post-6724","post","type-post","status-publish","format-standard","has-post-thumbnail","hentry","category-allgemein"],"yoast_head":"<!-- This site is optimized with the Yoast SEO plugin v27.4 - https:\/\/yoast.com\/product\/yoast-seo-wordpress\/ -->\n<title>Zukunft der Budica-Grundschule in B\u00fcttgen - CDU Kaarst-B\u00fcttgen<\/title>\n<meta name=\"description\" content=\"Budica-Grundschule B\u00fcttgen: CDU bringt Erweiterung oder Neubau ins Gespr\u00e4ch UND setzt sich f\u00fcr die beste L\u00f6sung im Sinne der Kinder ein.\" \/>\n<meta name=\"robots\" content=\"index, follow, max-snippet:-1, max-image-preview:large, max-video-preview:-1\" \/>\n<link rel=\"canonical\" href=\"https:\/\/cdu-kaarst.de\/en\/allgemein\/zukunft-der-budica-grundschule-in-buettgen\/\" \/>\n<meta property=\"og:locale\" content=\"en_GB\" \/>\n<meta property=\"og:type\" content=\"article\" \/>\n<meta property=\"og:title\" content=\"Zukunft der Budica-Grundschule in B\u00fcttgen - CDU Kaarst-B\u00fcttgen\" \/>\n<meta property=\"og:description\" content=\"Budica-Grundschule B\u00fcttgen: CDU bringt Erweiterung oder Neubau ins Gespr\u00e4ch UND setzt sich f\u00fcr die beste L\u00f6sung im Sinne der Kinder ein.\" \/>\n<meta property=\"og:url\" content=\"https:\/\/cdu-kaarst.de\/en\/allgemein\/zukunft-der-budica-grundschule-in-buettgen\/\" \/>\n<meta property=\"og:site_name\" content=\"CDU Kaarst-B\u00fcttgen\" \/>\n<meta property=\"article:published_time\" content=\"2025-07-10T12:58:02+00:00\" \/>\n<meta property=\"og:image\" content=\"https:\/\/cdu-kaarst.de\/wp-content\/uploads\/Vorlage_54_-_bitte_kopieren__Facebook-Post_.jpg\" \/>\n\t<meta property=\"og:image:width\" content=\"940\" \/>\n\t<meta property=\"og:image:height\" content=\"788\" \/>\n\t<meta property=\"og:image:type\" content=\"image\/jpeg\" \/>\n<meta name=\"author\" content=\"Redaktion\" \/>\n<meta name=\"twitter:card\" content=\"summary_large_image\" \/>\n<meta name=\"twitter:label1\" content=\"Written by\" \/>\n\t<meta name=\"twitter:data1\" content=\"Redaktion\" \/>\n\t<meta name=\"twitter:label2\" content=\"Estimated reading time\" \/>\n\t<meta name=\"twitter:data2\" content=\"1 minute\" \/>\n<script type=\"application\/ld+json\" class=\"yoast-schema-graph\">{\"@context\":\"https:\\\/\\\/schema.org\",\"@graph\":[{\"@type\":\"Article\",\"@id\":\"https:\\\/\\\/cdu-kaarst.de\\\/allgemein\\\/zukunft-der-budica-grundschule-in-buettgen\\\/#article\",\"isPartOf\":{\"@id\":\"https:\\\/\\\/cdu-kaarst.de\\\/allgemein\\\/zukunft-der-budica-grundschule-in-buettgen\\\/\"},\"author\":{\"name\":\"Redaktion\",\"@id\":\"https:\\\/\\\/cdu-kaarst.de\\\/#\\\/schema\\\/person\\\/246f51db799d47b1fcc72fd16f5e948b\"},\"headline\":\"Zukunft der Budica-Grundschule in B\u00fcttgen\",\"datePublished\":\"2025-07-10T12:58:02+00:00\",\"mainEntityOfPage\":{\"@id\":\"https:\\\/\\\/cdu-kaarst.de\\\/allgemein\\\/zukunft-der-budica-grundschule-in-buettgen\\\/\"},\"wordCount\":161,\"publisher\":{\"@id\":\"https:\\\/\\\/cdu-kaarst.de\\\/#organization\"},\"image\":{\"@id\":\"https:\\\/\\\/cdu-kaarst.de\\\/allgemein\\\/zukunft-der-budica-grundschule-in-buettgen\\\/#primaryimage\"},\"thumbnailUrl\":\"https:\\\/\\\/cdu-kaarst.de\\\/wp-content\\\/uploads\\\/Vorlage_54_-_bitte_kopieren__Facebook-Post_.jpg\",\"articleSection\":[\"Allgemein\"],\"inLanguage\":\"en-GB\"},{\"@type\":\"WebPage\",\"@id\":\"https:\\\/\\\/cdu-kaarst.de\\\/allgemein\\\/zukunft-der-budica-grundschule-in-buettgen\\\/\",\"url\":\"https:\\\/\\\/cdu-kaarst.de\\\/allgemein\\\/zukunft-der-budica-grundschule-in-buettgen\\\/\",\"name\":\"Zukunft der Budica-Grundschule in B\u00fcttgen - CDU Kaarst-B\u00fcttgen\",\"isPartOf\":{\"@id\":\"https:\\\/\\\/cdu-kaarst.de\\\/#website\"},\"primaryImageOfPage\":{\"@id\":\"https:\\\/\\\/cdu-kaarst.de\\\/allgemein\\\/zukunft-der-budica-grundschule-in-buettgen\\\/#primaryimage\"},\"image\":{\"@id\":\"https:\\\/\\\/cdu-kaarst.de\\\/allgemein\\\/zukunft-der-budica-grundschule-in-buettgen\\\/#primaryimage\"},\"thumbnailUrl\":\"https:\\\/\\\/cdu-kaarst.de\\\/wp-content\\\/uploads\\\/Vorlage_54_-_bitte_kopieren__Facebook-Post_.jpg\",\"datePublished\":\"2025-07-10T12:58:02+00:00\",\"description\":\"Budica-Grundschule B\u00fcttgen: CDU bringt Erweiterung oder Neubau ins Gespr\u00e4ch UND setzt sich f\u00fcr die beste L\u00f6sung im Sinne der Kinder ein.\",\"breadcrumb\":{\"@id\":\"https:\\\/\\\/cdu-kaarst.de\\\/allgemein\\\/zukunft-der-budica-grundschule-in-buettgen\\\/#breadcrumb\"},\"inLanguage\":\"en-GB\",\"potentialAction\":[{\"@type\":\"ReadAction\",\"target\":[\"https:\\\/\\\/cdu-kaarst.de\\\/allgemein\\\/zukunft-der-budica-grundschule-in-buettgen\\\/\"]}]},{\"@type\":\"ImageObject\",\"inLanguage\":\"en-GB\",\"@id\":\"https:\\\/\\\/cdu-kaarst.de\\\/allgemein\\\/zukunft-der-budica-grundschule-in-buettgen\\\/#primaryimage\",\"url\":\"https:\\\/\\\/cdu-kaarst.de\\\/wp-content\\\/uploads\\\/Vorlage_54_-_bitte_kopieren__Facebook-Post_.jpg\",\"contentUrl\":\"https:\\\/\\\/cdu-kaarst.de\\\/wp-content\\\/uploads\\\/Vorlage_54_-_bitte_kopieren__Facebook-Post_.jpg\",\"width\":940,\"height\":788},{\"@type\":\"BreadcrumbList\",\"@id\":\"https:\\\/\\\/cdu-kaarst.de\\\/allgemein\\\/zukunft-der-budica-grundschule-in-buettgen\\\/#breadcrumb\",\"itemListElement\":[{\"@type\":\"ListItem\",\"position\":1,\"name\":\"Startseite\",\"item\":\"https:\\\/\\\/cdu-kaarst.de\\\/\"},{\"@type\":\"ListItem\",\"position\":2,\"name\":\"Zukunft der Budica-Grundschule in B\u00fcttgen\"}]},{\"@type\":\"WebSite\",\"@id\":\"https:\\\/\\\/cdu-kaarst.de\\\/#website\",\"url\":\"https:\\\/\\\/cdu-kaarst.de\\\/\",\"name\":\"CDU Kaarst-B\u00fcttgen\",\"description\":\"gut Leben in Kaarst\",\"publisher\":{\"@id\":\"https:\\\/\\\/cdu-kaarst.de\\\/#organization\"},\"potentialAction\":[{\"@type\":\"SearchAction\",\"target\":{\"@type\":\"EntryPoint\",\"urlTemplate\":\"https:\\\/\\\/cdu-kaarst.de\\\/?s={search_term_string}\"},\"query-input\":{\"@type\":\"PropertyValueSpecification\",\"valueRequired\":true,\"valueName\":\"search_term_string\"}}],\"inLanguage\":\"en-GB\"},{\"@type\":\"Organization\",\"@id\":\"https:\\\/\\\/cdu-kaarst.de\\\/#organization\",\"name\":\"CDU Kaarst-B\u00fcttgen\",\"url\":\"https:\\\/\\\/cdu-kaarst.de\\\/\",\"logo\":{\"@type\":\"ImageObject\",\"inLanguage\":\"en-GB\",\"@id\":\"https:\\\/\\\/cdu-kaarst.de\\\/#\\\/schema\\\/logo\\\/image\\\/\",\"url\":\"https:\\\/\\\/cdu-kaarst.de\\\/wp-content\\\/uploads\\\/cdu-gesamtlogo.png\",\"contentUrl\":\"https:\\\/\\\/cdu-kaarst.de\\\/wp-content\\\/uploads\\\/cdu-gesamtlogo.png\",\"width\":418,\"height\":120,\"caption\":\"CDU Kaarst-B\u00fcttgen\"},\"image\":{\"@id\":\"https:\\\/\\\/cdu-kaarst.de\\\/#\\\/schema\\\/logo\\\/image\\\/\"}},{\"@type\":\"Person\",\"@id\":\"https:\\\/\\\/cdu-kaarst.de\\\/#\\\/schema\\\/person\\\/246f51db799d47b1fcc72fd16f5e948b\",\"name\":\"Redaktion\"}]}<\/script>\n<!-- \/ Yoast SEO plugin. -->","yoast_head_json":{"title":"Zukunft der Budica-Grundschule in B\u00fcttgen - CDU Kaarst-B\u00fcttgen","description":"Budica-Grundschule B\u00fcttgen: CDU bringt Erweiterung oder Neubau ins Gespr\u00e4ch UND setzt sich f\u00fcr die beste L\u00f6sung im Sinne der Kinder ein.","robots":{"index":"index","follow":"follow","max-snippet":"max-snippet:-1","max-image-preview":"max-image-preview:large","max-video-preview":"max-video-preview:-1"},"canonical":"https:\/\/cdu-kaarst.de\/en\/allgemein\/zukunft-der-budica-grundschule-in-buettgen\/","og_locale":"en_GB","og_type":"article","og_title":"Zukunft der Budica-Grundschule in B\u00fcttgen - CDU Kaarst-B\u00fcttgen","og_description":"Budica-Grundschule B\u00fcttgen: CDU bringt Erweiterung oder Neubau ins Gespr\u00e4ch UND setzt sich f\u00fcr die beste L\u00f6sung im Sinne der Kinder ein.","og_url":"https:\/\/cdu-kaarst.de\/en\/allgemein\/zukunft-der-budica-grundschule-in-buettgen\/","og_site_name":"CDU Kaarst-B\u00fcttgen","article_published_time":"2025-07-10T12:58:02+00:00","og_image":[{"width":940,"height":788,"url":"https:\/\/cdu-kaarst.de\/wp-content\/uploads\/Vorlage_54_-_bitte_kopieren__Facebook-Post_.jpg","type":"image\/jpeg"}],"author":"Redaktion","twitter_card":"summary_large_image","twitter_misc":{"Written by":"Redaktion","Estimated reading time":"1 minute"},"schema":{"@context":"https:\/\/schema.org","@graph":[{"@type":"Article","@id":"https:\/\/cdu-kaarst.de\/allgemein\/zukunft-der-budica-grundschule-in-buettgen\/#article","isPartOf":{"@id":"https:\/\/cdu-kaarst.de\/allgemein\/zukunft-der-budica-grundschule-in-buettgen\/"},"author":{"name":"Redaktion","@id":"https:\/\/cdu-kaarst.de\/#\/schema\/person\/246f51db799d47b1fcc72fd16f5e948b"},"headline":"Zukunft der Budica-Grundschule in B\u00fcttgen","datePublished":"2025-07-10T12:58:02+00:00","mainEntityOfPage":{"@id":"https:\/\/cdu-kaarst.de\/allgemein\/zukunft-der-budica-grundschule-in-buettgen\/"},"wordCount":161,"publisher":{"@id":"https:\/\/cdu-kaarst.de\/#organization"},"image":{"@id":"https:\/\/cdu-kaarst.de\/allgemein\/zukunft-der-budica-grundschule-in-buettgen\/#primaryimage"},"thumbnailUrl":"https:\/\/cdu-kaarst.de\/wp-content\/uploads\/Vorlage_54_-_bitte_kopieren__Facebook-Post_.jpg","articleSection":["Allgemein"],"inLanguage":"en-GB"},{"@type":"WebPage","@id":"https:\/\/cdu-kaarst.de\/allgemein\/zukunft-der-budica-grundschule-in-buettgen\/","url":"https:\/\/cdu-kaarst.de\/allgemein\/zukunft-der-budica-grundschule-in-buettgen\/","name":"Zukunft der Budica-Grundschule in B\u00fcttgen - CDU Kaarst-B\u00fcttgen","isPartOf":{"@id":"https:\/\/cdu-kaarst.de\/#website"},"primaryImageOfPage":{"@id":"https:\/\/cdu-kaarst.de\/allgemein\/zukunft-der-budica-grundschule-in-buettgen\/#primaryimage"},"image":{"@id":"https:\/\/cdu-kaarst.de\/allgemein\/zukunft-der-budica-grundschule-in-buettgen\/#primaryimage"},"thumbnailUrl":"https:\/\/cdu-kaarst.de\/wp-content\/uploads\/Vorlage_54_-_bitte_kopieren__Facebook-Post_.jpg","datePublished":"2025-07-10T12:58:02+00:00","description":"Budica-Grundschule B\u00fcttgen: CDU bringt Erweiterung oder Neubau ins Gespr\u00e4ch UND setzt sich f\u00fcr die beste L\u00f6sung im Sinne der Kinder ein.","breadcrumb":{"@id":"https:\/\/cdu-kaarst.de\/allgemein\/zukunft-der-budica-grundschule-in-buettgen\/#breadcrumb"},"inLanguage":"en-GB","potentialAction":[{"@type":"ReadAction","target":["https:\/\/cdu-kaarst.de\/allgemein\/zukunft-der-budica-grundschule-in-buettgen\/"]}]},{"@type":"ImageObject","inLanguage":"en-GB","@id":"https:\/\/cdu-kaarst.de\/allgemein\/zukunft-der-budica-grundschule-in-buettgen\/#primaryimage","url":"https:\/\/cdu-kaarst.de\/wp-content\/uploads\/Vorlage_54_-_bitte_kopieren__Facebook-Post_.jpg","contentUrl":"https:\/\/cdu-kaarst.de\/wp-content\/uploads\/Vorlage_54_-_bitte_kopieren__Facebook-Post_.jpg","width":940,"height":788},{"@type":"BreadcrumbList","@id":"https:\/\/cdu-kaarst.de\/allgemein\/zukunft-der-budica-grundschule-in-buettgen\/#breadcrumb","itemListElement":[{"@type":"ListItem","position":1,"name":"Startseite","item":"https:\/\/cdu-kaarst.de\/"},{"@type":"ListItem","position":2,"name":"Zukunft der Budica-Grundschule in B\u00fcttgen"}]},{"@type":"WebSite","@id":"https:\/\/cdu-kaarst.de\/#website","url":"https:\/\/cdu-kaarst.de\/","name":"CDU Kaarst-B\u00fcttgen","description":"living well in Kaarst","publisher":{"@id":"https:\/\/cdu-kaarst.de\/#organization"},"potentialAction":[{"@type":"SearchAction","target":{"@type":"EntryPoint","urlTemplate":"https:\/\/cdu-kaarst.de\/?s={search_term_string}"},"query-input":{"@type":"PropertyValueSpecification","valueRequired":true,"valueName":"search_term_string"}}],"inLanguage":"en-GB"},{"@type":"Organization","@id":"https:\/\/cdu-kaarst.de\/#organization","name":"CDU Kaarst-B\u00fcttgen","url":"https:\/\/cdu-kaarst.de\/","logo":{"@type":"ImageObject","inLanguage":"en-GB","@id":"https:\/\/cdu-kaarst.de\/#\/schema\/logo\/image\/","url":"https:\/\/cdu-kaarst.de\/wp-content\/uploads\/cdu-gesamtlogo.png","contentUrl":"https:\/\/cdu-kaarst.de\/wp-content\/uploads\/cdu-gesamtlogo.png","width":418,"height":120,"caption":"CDU Kaarst-B\u00fcttgen"},"image":{"@id":"https:\/\/cdu-kaarst.de\/#\/schema\/logo\/image\/"}},{"@type":"Person","@id":"https:\/\/cdu-kaarst.de\/#\/schema\/person\/246f51db799d47b1fcc72fd16f5e948b","name":"Editorial office"}]}},"_links":{"self":[{"href":"https:\/\/cdu-kaarst.de\/en\/wp-json\/wp\/v2\/posts\/6724","targetHints":{"allow":["GET"]}}],"collection":[{"href":"https:\/\/cdu-kaarst.de\/en\/wp-json\/wp\/v2\/posts"}],"about":[{"href":"https:\/\/cdu-kaarst.de\/en\/wp-json\/wp\/v2\/types\/post"}],"author":[{"embeddable":true,"href":"https:\/\/cdu-kaarst.de\/en\/wp-json\/wp\/v2\/users\/4"}],"replies":[{"embeddable":true,"href":"https:\/\/cdu-kaarst.de\/en\/wp-json\/wp\/v2\/comments?post=6724"}],"version-history":[{"count":1,"href":"https:\/\/cdu-kaarst.de\/en\/wp-json\/wp\/v2\/posts\/6724\/revisions"}],"predecessor-version":[{"id":6726,"href":"https:\/\/cdu-kaarst.de\/en\/wp-json\/wp\/v2\/posts\/6724\/revisions\/6726"}],"wp:featuredmedia":[{"embeddable":true,"href":"https:\/\/cdu-kaarst.de\/en\/wp-json\/wp\/v2\/media\/6725"}],"wp:attachment":[{"href":"https:\/\/cdu-kaarst.de\/en\/wp-json\/wp\/v2\/media?parent=6724"}],"wp:term":[{"taxonomy":"category","embeddable":true,"href":"https:\/\/cdu-kaarst.de\/en\/wp-json\/wp\/v2\/categories?post=6724"},{"taxonomy":"post_tag","embeddable":true,"href":"https:\/\/cdu-kaarst.de\/en\/wp-json\/wp\/v2\/tags?post=6724"}],"curies":[{"name":"wp","href":"https:\/\/api.w.org\/{rel}","templated":true}]}}