{"id":6746,"date":"2025-07-29T12:33:47","date_gmt":"2025-07-29T10:33:47","guid":{"rendered":"https:\/\/cdu-kaarst.de\/?p=6746"},"modified":"2025-07-29T12:33:47","modified_gmt":"2025-07-29T10:33:47","slug":"stadtteilspaziergaenge-cdu-kaarst-hoert-hin-und-bleibt-dran","status":"publish","type":"post","link":"https:\/\/cdu-kaarst.de\/en\/allgemein\/stadtteilspaziergaenge-cdu-kaarst-hoert-hin-und-bleibt-dran\/","title":{"rendered":"Neighbourhood walks: CDU Kaarst listens - and stays tuned"},"content":{"rendered":"<p>With our regular neighbourhood walks, we go where people's issues begin: on their doorstep.<br \/>\nTogether with <a href=\"https:\/\/cdu-kaarst.de\/en\/personen\/christian-horn-heinemann\/\">Christian Horn-Heinemann<\/a> and our constituency candidates, we make visible where things are going well - and where change is needed.<br \/>\nThe first videos from the walks - e.g. on the situation at Lange Hecke - are already available on our <a href=\"https:\/\/youtu.be\/sqOA3cabbIQ\">YouTube channel<\/a> online. More will follow in the coming weeks.<br \/>\nGoing there, listening, acting - that's how we understand local politics.<\/p>","protected":false},"excerpt":{"rendered":"<p>Mit unseren regelm\u00e4\u00dfigen Stadtteilspazierg\u00e4ngen gehen wir dorthin, wo die Themen der Menschen beginnen: vor der Haust\u00fcr. Gemeinsam mit Christian Horn-Heinemann und unseren Wahlkreiskandidaten machen wir sichtbar, wo es gut l\u00e4uft \u2013 und wo Ver\u00e4nderung n\u00f6tig ist. Erste Videos von den Spazierg\u00e4ngen \u2013 z.\u202fB. zur Situation an der Langen Hecke \u2013 sind bereits auf unserem YouTube-Kanal [&hellip;]<\/p>\n","protected":false},"author":1,"featured_media":6747,"comment_status":"closed","ping_status":"closed","sticky":false,"template":"","format":"standard","meta":{"footnotes":""},"categories":[1],"tags":[],"class_list":["post-6746","post","type-post","status-publish","format-standard","has-post-thumbnail","hentry","category-allgemein"],"yoast_head":"<!-- This site is optimized with the Yoast SEO plugin v27.4 - https:\/\/yoast.com\/product\/yoast-seo-wordpress\/ -->\n<title>Stadtteilspazierg\u00e4nge: CDU Kaarst h\u00f6rt hin \u2013 und bleibt dran - CDU Kaarst-B\u00fcttgen<\/title>\n<meta name=\"robots\" content=\"index, follow, max-snippet:-1, max-image-preview:large, max-video-preview:-1\" \/>\n<link rel=\"canonical\" href=\"https:\/\/cdu-kaarst.de\/en\/allgemein\/stadtteilspaziergaenge-cdu-kaarst-hoert-hin-und-bleibt-dran\/\" \/>\n<meta property=\"og:locale\" content=\"en_GB\" \/>\n<meta property=\"og:type\" content=\"article\" \/>\n<meta property=\"og:title\" content=\"Stadtteilspazierg\u00e4nge: CDU Kaarst h\u00f6rt hin \u2013 und bleibt dran - CDU Kaarst-B\u00fcttgen\" \/>\n<meta property=\"og:description\" content=\"Mit unseren regelm\u00e4\u00dfigen Stadtteilspazierg\u00e4ngen gehen wir dorthin, wo die Themen der Menschen beginnen: vor der Haust\u00fcr. Gemeinsam mit Christian Horn-Heinemann und unseren Wahlkreiskandidaten machen wir sichtbar, wo es gut l\u00e4uft \u2013 und wo Ver\u00e4nderung n\u00f6tig ist. Erste Videos von den Spazierg\u00e4ngen \u2013 z.\u202fB. zur Situation an der Langen Hecke \u2013 sind bereits auf unserem YouTube-Kanal [&hellip;]\" \/>\n<meta property=\"og:url\" content=\"https:\/\/cdu-kaarst.de\/en\/allgemein\/stadtteilspaziergaenge-cdu-kaarst-hoert-hin-und-bleibt-dran\/\" \/>\n<meta property=\"og:site_name\" content=\"CDU Kaarst-B\u00fcttgen\" \/>\n<meta property=\"article:published_time\" content=\"2025-07-29T10:33:47+00:00\" \/>\n<meta property=\"og:image\" content=\"https:\/\/cdu-kaarst.de\/wp-content\/uploads\/cdu-kaarst-stadtteilspaziergang.png\" \/>\n\t<meta property=\"og:image:width\" content=\"1000\" \/>\n\t<meta property=\"og:image:height\" content=\"1000\" \/>\n\t<meta property=\"og:image:type\" content=\"image\/png\" \/>\n<meta name=\"author\" content=\"@dm1n\" \/>\n<meta name=\"twitter:card\" content=\"summary_large_image\" \/>\n<meta name=\"twitter:label1\" content=\"Written by\" \/>\n\t<meta name=\"twitter:data1\" content=\"@dm1n\" \/>\n\t<meta name=\"twitter:label2\" content=\"Estimated reading time\" \/>\n\t<meta name=\"twitter:data2\" content=\"1 minute\" \/>\n<script type=\"application\/ld+json\" class=\"yoast-schema-graph\">{\"@context\":\"https:\\\/\\\/schema.org\",\"@graph\":[{\"@type\":\"Article\",\"@id\":\"https:\\\/\\\/cdu-kaarst.de\\\/allgemein\\\/stadtteilspaziergaenge-cdu-kaarst-hoert-hin-und-bleibt-dran\\\/#article\",\"isPartOf\":{\"@id\":\"https:\\\/\\\/cdu-kaarst.de\\\/allgemein\\\/stadtteilspaziergaenge-cdu-kaarst-hoert-hin-und-bleibt-dran\\\/\"},\"author\":{\"name\":\"@dm1n\",\"@id\":\"https:\\\/\\\/cdu-kaarst.de\\\/#\\\/schema\\\/person\\\/05876a2bd7865609f2946e82cbc73476\"},\"headline\":\"Stadtteilspazierg\u00e4nge: CDU Kaarst h\u00f6rt hin \u2013 und bleibt dran\",\"datePublished\":\"2025-07-29T10:33:47+00:00\",\"mainEntityOfPage\":{\"@id\":\"https:\\\/\\\/cdu-kaarst.de\\\/allgemein\\\/stadtteilspaziergaenge-cdu-kaarst-hoert-hin-und-bleibt-dran\\\/\"},\"wordCount\":86,\"publisher\":{\"@id\":\"https:\\\/\\\/cdu-kaarst.de\\\/#organization\"},\"image\":{\"@id\":\"https:\\\/\\\/cdu-kaarst.de\\\/allgemein\\\/stadtteilspaziergaenge-cdu-kaarst-hoert-hin-und-bleibt-dran\\\/#primaryimage\"},\"thumbnailUrl\":\"https:\\\/\\\/cdu-kaarst.de\\\/wp-content\\\/uploads\\\/cdu-kaarst-stadtteilspaziergang.png\",\"articleSection\":[\"Allgemein\"],\"inLanguage\":\"en-GB\"},{\"@type\":\"WebPage\",\"@id\":\"https:\\\/\\\/cdu-kaarst.de\\\/allgemein\\\/stadtteilspaziergaenge-cdu-kaarst-hoert-hin-und-bleibt-dran\\\/\",\"url\":\"https:\\\/\\\/cdu-kaarst.de\\\/allgemein\\\/stadtteilspaziergaenge-cdu-kaarst-hoert-hin-und-bleibt-dran\\\/\",\"name\":\"Stadtteilspazierg\u00e4nge: CDU Kaarst h\u00f6rt hin \u2013 und bleibt dran - CDU Kaarst-B\u00fcttgen\",\"isPartOf\":{\"@id\":\"https:\\\/\\\/cdu-kaarst.de\\\/#website\"},\"primaryImageOfPage\":{\"@id\":\"https:\\\/\\\/cdu-kaarst.de\\\/allgemein\\\/stadtteilspaziergaenge-cdu-kaarst-hoert-hin-und-bleibt-dran\\\/#primaryimage\"},\"image\":{\"@id\":\"https:\\\/\\\/cdu-kaarst.de\\\/allgemein\\\/stadtteilspaziergaenge-cdu-kaarst-hoert-hin-und-bleibt-dran\\\/#primaryimage\"},\"thumbnailUrl\":\"https:\\\/\\\/cdu-kaarst.de\\\/wp-content\\\/uploads\\\/cdu-kaarst-stadtteilspaziergang.png\",\"datePublished\":\"2025-07-29T10:33:47+00:00\",\"breadcrumb\":{\"@id\":\"https:\\\/\\\/cdu-kaarst.de\\\/allgemein\\\/stadtteilspaziergaenge-cdu-kaarst-hoert-hin-und-bleibt-dran\\\/#breadcrumb\"},\"inLanguage\":\"en-GB\",\"potentialAction\":[{\"@type\":\"ReadAction\",\"target\":[\"https:\\\/\\\/cdu-kaarst.de\\\/allgemein\\\/stadtteilspaziergaenge-cdu-kaarst-hoert-hin-und-bleibt-dran\\\/\"]}]},{\"@type\":\"ImageObject\",\"inLanguage\":\"en-GB\",\"@id\":\"https:\\\/\\\/cdu-kaarst.de\\\/allgemein\\\/stadtteilspaziergaenge-cdu-kaarst-hoert-hin-und-bleibt-dran\\\/#primaryimage\",\"url\":\"https:\\\/\\\/cdu-kaarst.de\\\/wp-content\\\/uploads\\\/cdu-kaarst-stadtteilspaziergang.png\",\"contentUrl\":\"https:\\\/\\\/cdu-kaarst.de\\\/wp-content\\\/uploads\\\/cdu-kaarst-stadtteilspaziergang.png\",\"width\":1000,\"height\":1000},{\"@type\":\"BreadcrumbList\",\"@id\":\"https:\\\/\\\/cdu-kaarst.de\\\/allgemein\\\/stadtteilspaziergaenge-cdu-kaarst-hoert-hin-und-bleibt-dran\\\/#breadcrumb\",\"itemListElement\":[{\"@type\":\"ListItem\",\"position\":1,\"name\":\"Startseite\",\"item\":\"https:\\\/\\\/cdu-kaarst.de\\\/\"},{\"@type\":\"ListItem\",\"position\":2,\"name\":\"Stadtteilspazierg\u00e4nge: CDU Kaarst h\u00f6rt hin \u2013 und bleibt dran\"}]},{\"@type\":\"WebSite\",\"@id\":\"https:\\\/\\\/cdu-kaarst.de\\\/#website\",\"url\":\"https:\\\/\\\/cdu-kaarst.de\\\/\",\"name\":\"CDU Kaarst-B\u00fcttgen\",\"description\":\"gut Leben in Kaarst\",\"publisher\":{\"@id\":\"https:\\\/\\\/cdu-kaarst.de\\\/#organization\"},\"potentialAction\":[{\"@type\":\"SearchAction\",\"target\":{\"@type\":\"EntryPoint\",\"urlTemplate\":\"https:\\\/\\\/cdu-kaarst.de\\\/?s={search_term_string}\"},\"query-input\":{\"@type\":\"PropertyValueSpecification\",\"valueRequired\":true,\"valueName\":\"search_term_string\"}}],\"inLanguage\":\"en-GB\"},{\"@type\":\"Organization\",\"@id\":\"https:\\\/\\\/cdu-kaarst.de\\\/#organization\",\"name\":\"CDU Kaarst-B\u00fcttgen\",\"url\":\"https:\\\/\\\/cdu-kaarst.de\\\/\",\"logo\":{\"@type\":\"ImageObject\",\"inLanguage\":\"en-GB\",\"@id\":\"https:\\\/\\\/cdu-kaarst.de\\\/#\\\/schema\\\/logo\\\/image\\\/\",\"url\":\"https:\\\/\\\/cdu-kaarst.de\\\/wp-content\\\/uploads\\\/cdu-gesamtlogo.png\",\"contentUrl\":\"https:\\\/\\\/cdu-kaarst.de\\\/wp-content\\\/uploads\\\/cdu-gesamtlogo.png\",\"width\":418,\"height\":120,\"caption\":\"CDU Kaarst-B\u00fcttgen\"},\"image\":{\"@id\":\"https:\\\/\\\/cdu-kaarst.de\\\/#\\\/schema\\\/logo\\\/image\\\/\"}},{\"@type\":\"Person\",\"@id\":\"https:\\\/\\\/cdu-kaarst.de\\\/#\\\/schema\\\/person\\\/05876a2bd7865609f2946e82cbc73476\",\"name\":\"@dm1n\",\"sameAs\":[\"http:\\\/\\\/cdu-kaarst.de\"]}]}<\/script>\n<!-- \/ Yoast SEO plugin. -->","yoast_head_json":{"title":"Stadtteilspazierg\u00e4nge: CDU Kaarst h\u00f6rt hin \u2013 und bleibt dran - CDU Kaarst-B\u00fcttgen","robots":{"index":"index","follow":"follow","max-snippet":"max-snippet:-1","max-image-preview":"max-image-preview:large","max-video-preview":"max-video-preview:-1"},"canonical":"https:\/\/cdu-kaarst.de\/en\/allgemein\/stadtteilspaziergaenge-cdu-kaarst-hoert-hin-und-bleibt-dran\/","og_locale":"en_GB","og_type":"article","og_title":"Stadtteilspazierg\u00e4nge: CDU Kaarst h\u00f6rt hin \u2013 und bleibt dran - CDU Kaarst-B\u00fcttgen","og_description":"Mit unseren regelm\u00e4\u00dfigen Stadtteilspazierg\u00e4ngen gehen wir dorthin, wo die Themen der Menschen beginnen: vor der Haust\u00fcr. Gemeinsam mit Christian Horn-Heinemann und unseren Wahlkreiskandidaten machen wir sichtbar, wo es gut l\u00e4uft \u2013 und wo Ver\u00e4nderung n\u00f6tig ist. Erste Videos von den Spazierg\u00e4ngen \u2013 z.\u202fB. zur Situation an der Langen Hecke \u2013 sind bereits auf unserem YouTube-Kanal [&hellip;]","og_url":"https:\/\/cdu-kaarst.de\/en\/allgemein\/stadtteilspaziergaenge-cdu-kaarst-hoert-hin-und-bleibt-dran\/","og_site_name":"CDU Kaarst-B\u00fcttgen","article_published_time":"2025-07-29T10:33:47+00:00","og_image":[{"width":1000,"height":1000,"url":"https:\/\/cdu-kaarst.de\/wp-content\/uploads\/cdu-kaarst-stadtteilspaziergang.png","type":"image\/png"}],"author":"@dm1n","twitter_card":"summary_large_image","twitter_misc":{"Written by":"@dm1n","Estimated reading time":"1 minute"},"schema":{"@context":"https:\/\/schema.org","@graph":[{"@type":"Article","@id":"https:\/\/cdu-kaarst.de\/allgemein\/stadtteilspaziergaenge-cdu-kaarst-hoert-hin-und-bleibt-dran\/#article","isPartOf":{"@id":"https:\/\/cdu-kaarst.de\/allgemein\/stadtteilspaziergaenge-cdu-kaarst-hoert-hin-und-bleibt-dran\/"},"author":{"name":"@dm1n","@id":"https:\/\/cdu-kaarst.de\/#\/schema\/person\/05876a2bd7865609f2946e82cbc73476"},"headline":"Stadtteilspazierg\u00e4nge: CDU Kaarst h\u00f6rt hin \u2013 und bleibt dran","datePublished":"2025-07-29T10:33:47+00:00","mainEntityOfPage":{"@id":"https:\/\/cdu-kaarst.de\/allgemein\/stadtteilspaziergaenge-cdu-kaarst-hoert-hin-und-bleibt-dran\/"},"wordCount":86,"publisher":{"@id":"https:\/\/cdu-kaarst.de\/#organization"},"image":{"@id":"https:\/\/cdu-kaarst.de\/allgemein\/stadtteilspaziergaenge-cdu-kaarst-hoert-hin-und-bleibt-dran\/#primaryimage"},"thumbnailUrl":"https:\/\/cdu-kaarst.de\/wp-content\/uploads\/cdu-kaarst-stadtteilspaziergang.png","articleSection":["Allgemein"],"inLanguage":"en-GB"},{"@type":"WebPage","@id":"https:\/\/cdu-kaarst.de\/allgemein\/stadtteilspaziergaenge-cdu-kaarst-hoert-hin-und-bleibt-dran\/","url":"https:\/\/cdu-kaarst.de\/allgemein\/stadtteilspaziergaenge-cdu-kaarst-hoert-hin-und-bleibt-dran\/","name":"Stadtteilspazierg\u00e4nge: CDU Kaarst h\u00f6rt hin \u2013 und bleibt dran - CDU Kaarst-B\u00fcttgen","isPartOf":{"@id":"https:\/\/cdu-kaarst.de\/#website"},"primaryImageOfPage":{"@id":"https:\/\/cdu-kaarst.de\/allgemein\/stadtteilspaziergaenge-cdu-kaarst-hoert-hin-und-bleibt-dran\/#primaryimage"},"image":{"@id":"https:\/\/cdu-kaarst.de\/allgemein\/stadtteilspaziergaenge-cdu-kaarst-hoert-hin-und-bleibt-dran\/#primaryimage"},"thumbnailUrl":"https:\/\/cdu-kaarst.de\/wp-content\/uploads\/cdu-kaarst-stadtteilspaziergang.png","datePublished":"2025-07-29T10:33:47+00:00","breadcrumb":{"@id":"https:\/\/cdu-kaarst.de\/allgemein\/stadtteilspaziergaenge-cdu-kaarst-hoert-hin-und-bleibt-dran\/#breadcrumb"},"inLanguage":"en-GB","potentialAction":[{"@type":"ReadAction","target":["https:\/\/cdu-kaarst.de\/allgemein\/stadtteilspaziergaenge-cdu-kaarst-hoert-hin-und-bleibt-dran\/"]}]},{"@type":"ImageObject","inLanguage":"en-GB","@id":"https:\/\/cdu-kaarst.de\/allgemein\/stadtteilspaziergaenge-cdu-kaarst-hoert-hin-und-bleibt-dran\/#primaryimage","url":"https:\/\/cdu-kaarst.de\/wp-content\/uploads\/cdu-kaarst-stadtteilspaziergang.png","contentUrl":"https:\/\/cdu-kaarst.de\/wp-content\/uploads\/cdu-kaarst-stadtteilspaziergang.png","width":1000,"height":1000},{"@type":"BreadcrumbList","@id":"https:\/\/cdu-kaarst.de\/allgemein\/stadtteilspaziergaenge-cdu-kaarst-hoert-hin-und-bleibt-dran\/#breadcrumb","itemListElement":[{"@type":"ListItem","position":1,"name":"Startseite","item":"https:\/\/cdu-kaarst.de\/"},{"@type":"ListItem","position":2,"name":"Stadtteilspazierg\u00e4nge: CDU Kaarst h\u00f6rt hin \u2013 und bleibt dran"}]},{"@type":"WebSite","@id":"https:\/\/cdu-kaarst.de\/#website","url":"https:\/\/cdu-kaarst.de\/","name":"CDU Kaarst-B\u00fcttgen","description":"living well in Kaarst","publisher":{"@id":"https:\/\/cdu-kaarst.de\/#organization"},"potentialAction":[{"@type":"SearchAction","target":{"@type":"EntryPoint","urlTemplate":"https:\/\/cdu-kaarst.de\/?s={search_term_string}"},"query-input":{"@type":"PropertyValueSpecification","valueRequired":true,"valueName":"search_term_string"}}],"inLanguage":"en-GB"},{"@type":"Organization","@id":"https:\/\/cdu-kaarst.de\/#organization","name":"CDU Kaarst-B\u00fcttgen","url":"https:\/\/cdu-kaarst.de\/","logo":{"@type":"ImageObject","inLanguage":"en-GB","@id":"https:\/\/cdu-kaarst.de\/#\/schema\/logo\/image\/","url":"https:\/\/cdu-kaarst.de\/wp-content\/uploads\/cdu-gesamtlogo.png","contentUrl":"https:\/\/cdu-kaarst.de\/wp-content\/uploads\/cdu-gesamtlogo.png","width":418,"height":120,"caption":"CDU Kaarst-B\u00fcttgen"},"image":{"@id":"https:\/\/cdu-kaarst.de\/#\/schema\/logo\/image\/"}},{"@type":"Person","@id":"https:\/\/cdu-kaarst.de\/#\/schema\/person\/05876a2bd7865609f2946e82cbc73476","name":"@dm1n","sameAs":["http:\/\/cdu-kaarst.de"]}]}},"_links":{"self":[{"href":"https:\/\/cdu-kaarst.de\/en\/wp-json\/wp\/v2\/posts\/6746","targetHints":{"allow":["GET"]}}],"collection":[{"href":"https:\/\/cdu-kaarst.de\/en\/wp-json\/wp\/v2\/posts"}],"about":[{"href":"https:\/\/cdu-kaarst.de\/en\/wp-json\/wp\/v2\/types\/post"}],"author":[{"embeddable":true,"href":"https:\/\/cdu-kaarst.de\/en\/wp-json\/wp\/v2\/users\/1"}],"replies":[{"embeddable":true,"href":"https:\/\/cdu-kaarst.de\/en\/wp-json\/wp\/v2\/comments?post=6746"}],"version-history":[{"count":1,"href":"https:\/\/cdu-kaarst.de\/en\/wp-json\/wp\/v2\/posts\/6746\/revisions"}],"predecessor-version":[{"id":6748,"href":"https:\/\/cdu-kaarst.de\/en\/wp-json\/wp\/v2\/posts\/6746\/revisions\/6748"}],"wp:featuredmedia":[{"embeddable":true,"href":"https:\/\/cdu-kaarst.de\/en\/wp-json\/wp\/v2\/media\/6747"}],"wp:attachment":[{"href":"https:\/\/cdu-kaarst.de\/en\/wp-json\/wp\/v2\/media?parent=6746"}],"wp:term":[{"taxonomy":"category","embeddable":true,"href":"https:\/\/cdu-kaarst.de\/en\/wp-json\/wp\/v2\/categories?post=6746"},{"taxonomy":"post_tag","embeddable":true,"href":"https:\/\/cdu-kaarst.de\/en\/wp-json\/wp\/v2\/tags?post=6746"}],"curies":[{"name":"wp","href":"https:\/\/api.w.org\/{rel}","templated":true}]}}