{"id":6749,"date":"2025-08-01T09:49:05","date_gmt":"2025-08-01T07:49:05","guid":{"rendered":"https:\/\/cdu-kaarst.de\/?p=6749"},"modified":"2025-08-13T16:04:30","modified_gmt":"2025-08-13T14:04:30","slug":"cdu-kaarst-buettgen-startet-mit-rueckenwind-in-den-kommunalwahlkampf-2025-horn-heinemann-jetzt-bringen-wir-kaarst-wieder-nach-vorn","status":"publish","type":"post","link":"https:\/\/cdu-kaarst.de\/en\/allgemein\/cdu-kaarst-buettgen-startet-mit-rueckenwind-in-den-kommunalwahlkampf-2025-horn-heinemann-jetzt-bringen-wir-kaarst-wieder-nach-vorn\/","title":{"rendered":"Kaarst-B\u00fcttgen CDU starts the 2025 local election campaign with a tailwind - Horn-Heinemann: \"Now we're taking Kaarst forward again!\""},"content":{"rendered":"<div data-elementor-type=\"wp-post\" data-elementor-id=\"6749\" class=\"elementor elementor-6749\" data-elementor-post-type=\"post\">\n\t\t\t\t\t\t<section class=\"elementor-section elementor-top-section elementor-element elementor-element-17d2955 elementor-section-boxed elementor-section-height-default elementor-section-height-default\" data-id=\"17d2955\" data-element_type=\"section\" data-e-type=\"section\" data-settings=\"{&quot;jet_parallax_layout_list&quot;:[]}\">\n\t\t\t\t\t\t<div class=\"elementor-container elementor-column-gap-default\">\n\t\t\t\t\t<div class=\"elementor-column elementor-col-100 elementor-top-column elementor-element elementor-element-3c7183e\" data-id=\"3c7183e\" data-element_type=\"column\" data-e-type=\"column\">\n\t\t\t<div class=\"elementor-widget-wrap elementor-element-populated\">\n\t\t\t\t\t\t<div class=\"elementor-element elementor-element-341a444 elementor-widget elementor-widget-text-editor\" data-id=\"341a444\" data-element_type=\"widget\" data-e-type=\"widget\" data-widget_type=\"text-editor.default\">\n\t\t\t\t<div class=\"elementor-widget-container\">\n\t\t\t\t\t\t\t\t\t<p>The <strong>CDU Kaarst-B\u00fcttgen<\/strong> has been recognised with a unanimous decision by its new <strong>Election programme 2025-2030<\/strong> and closed support in the <strong>Local election campaign 2025<\/strong> started. At the members' meeting on 29 July in Holzb\u00fcttgen, the mayoral candidate emphasised <strong>Christian Horn-Heinemann<\/strong>\"Five years of blocking, delaying and sitting out. Now we need clear leadership, ideas and genuine cooperation.\"<\/p><p>The CDU wants to actively shape Kaarst again - with a future-proof programme, local political experience and strong local teams. All five districts - Kaarst, B\u00fcttgen, Holzb\u00fcttgen, Vorst and Driesch - are at the centre of the political work.<\/p>\t\t\t\t\t\t\t\t<\/div>\n\t\t\t\t<\/div>\n\t\t\t\t<div class=\"elementor-element elementor-element-4e543ef elementor-icon-list--layout-traditional elementor-list-item-link-full_width elementor-widget elementor-widget-icon-list\" data-id=\"4e543ef\" data-element_type=\"widget\" data-e-type=\"widget\" data-widget_type=\"icon-list.default\">\n\t\t\t\t<div class=\"elementor-widget-container\">\n\t\t\t\t\t\t\t<ul class=\"elementor-icon-list-items\">\n\t\t\t\t\t\t\t<li class=\"elementor-icon-list-item\">\n\t\t\t\t\t\t\t\t\t\t\t<span class=\"elementor-icon-list-icon\">\n\t\t\t\t\t\t\t<i aria-hidden=\"true\" class=\"fas fa-child\"><\/i>\t\t\t\t\t\t<\/span>\n\t\t\t\t\t\t\t\t\t\t<span class=\"elementor-icon-list-text\">1. strong city centre - a place of encounter<\/span>\n\t\t\t\t\t\t\t\t\t<\/li>\n\t\t\t\t\t\t<\/ul>\n\t\t\t\t\t\t<\/div>\n\t\t\t\t<\/div>\n\t\t\t\t<div class=\"elementor-element elementor-element-3cd8a57 elementor-widget elementor-widget-text-editor\" data-id=\"3cd8a57\" data-element_type=\"widget\" data-e-type=\"widget\" data-widget_type=\"text-editor.default\">\n\t\t\t\t<div class=\"elementor-widget-container\">\n\t\t\t\t\t\t\t\t\t<p>Kaarst city centre is to be made lively and suitable for all generations with more greenery, accessibility, new recreational areas and impulses for retail and gastronomy.<\/p>\t\t\t\t\t\t\t\t<\/div>\n\t\t\t\t<\/div>\n\t\t\t\t<div class=\"elementor-element elementor-element-680a67b elementor-icon-list--layout-traditional elementor-list-item-link-full_width elementor-widget elementor-widget-icon-list\" data-id=\"680a67b\" data-element_type=\"widget\" data-e-type=\"widget\" data-widget_type=\"icon-list.default\">\n\t\t\t\t<div class=\"elementor-widget-container\">\n\t\t\t\t\t\t\t<ul class=\"elementor-icon-list-items\">\n\t\t\t\t\t\t\t<li class=\"elementor-icon-list-item\">\n\t\t\t\t\t\t\t\t\t\t\t<span class=\"elementor-icon-list-icon\">\n\t\t\t\t\t\t\t<i aria-hidden=\"true\" class=\"fas fa-money-bill-wave\"><\/i>\t\t\t\t\t\t<\/span>\n\t\t\t\t\t\t\t\t\t\t<span class=\"elementor-icon-list-text\">2. sound finances - sustainable budget<\/span>\n\t\t\t\t\t\t\t\t\t<\/li>\n\t\t\t\t\t\t<\/ul>\n\t\t\t\t\t\t<\/div>\n\t\t\t\t<\/div>\n\t\t\t\t<div class=\"elementor-element elementor-element-4a04646 elementor-widget elementor-widget-text-editor\" data-id=\"4a04646\" data-element_type=\"widget\" data-e-type=\"widget\" data-widget_type=\"text-editor.default\">\n\t\t\t\t<div class=\"elementor-widget-container\">\n\t\t\t\t\t\t\t\t\t<p>Clear budget consolidation with long-term investment planning, expenditure control and a financial policy that is fair to all generations - without any loss of quality of life.<\/p>\t\t\t\t\t\t\t\t<\/div>\n\t\t\t\t<\/div>\n\t\t\t\t<div class=\"elementor-element elementor-element-b4e60c8 elementor-icon-list--layout-traditional elementor-list-item-link-full_width elementor-widget elementor-widget-icon-list\" data-id=\"b4e60c8\" data-element_type=\"widget\" data-e-type=\"widget\" data-widget_type=\"icon-list.default\">\n\t\t\t\t<div class=\"elementor-widget-container\">\n\t\t\t\t\t\t\t<ul class=\"elementor-icon-list-items\">\n\t\t\t\t\t\t\t<li class=\"elementor-icon-list-item\">\n\t\t\t\t\t\t\t\t\t\t\t<span class=\"elementor-icon-list-icon\">\n\t\t\t\t\t\t\t<i aria-hidden=\"true\" class=\"fas fa-fire\"><\/i>\t\t\t\t\t\t<\/span>\n\t\t\t\t\t\t\t\t\t\t<span class=\"elementor-icon-list-text\">3. modern and digital administration<\/span>\n\t\t\t\t\t\t\t\t\t<\/li>\n\t\t\t\t\t\t<\/ul>\n\t\t\t\t\t\t<\/div>\n\t\t\t\t<\/div>\n\t\t\t\t<div class=\"elementor-element elementor-element-0eb040c elementor-widget elementor-widget-text-editor\" data-id=\"0eb040c\" data-element_type=\"widget\" data-e-type=\"widget\" data-widget_type=\"text-editor.default\">\n\t\t\t\t<div class=\"elementor-widget-container\">\n\t\t\t\t\t\t\t\t\t<p>The expansion of \"Kaarst-Online\", digital citizen services and an efficiently organised administration make the citizen service fit for the future.<\/p>\t\t\t\t\t\t\t\t<\/div>\n\t\t\t\t<\/div>\n\t\t\t\t<div class=\"elementor-element elementor-element-867cdd3 elementor-icon-list--layout-traditional elementor-list-item-link-full_width elementor-widget elementor-widget-icon-list\" data-id=\"867cdd3\" data-element_type=\"widget\" data-e-type=\"widget\" data-widget_type=\"icon-list.default\">\n\t\t\t\t<div class=\"elementor-widget-container\">\n\t\t\t\t\t\t\t<ul class=\"elementor-icon-list-items\">\n\t\t\t\t\t\t\t<li class=\"elementor-icon-list-item\">\n\t\t\t\t\t\t\t\t\t\t\t<span class=\"elementor-icon-list-icon\">\n\t\t\t\t\t\t\t<i aria-hidden=\"true\" class=\"fas fa-business-time\"><\/i>\t\t\t\t\t\t<\/span>\n\t\t\t\t\t\t\t\t\t\t<span class=\"elementor-icon-list-text\">4. strengthen Kaarst as a business location<\/span>\n\t\t\t\t\t\t\t\t\t<\/li>\n\t\t\t\t\t\t<\/ul>\n\t\t\t\t\t\t<\/div>\n\t\t\t\t<\/div>\n\t\t\t\t<div class=\"elementor-element elementor-element-2366114 elementor-widget elementor-widget-text-editor\" data-id=\"2366114\" data-element_type=\"widget\" data-e-type=\"widget\" data-widget_type=\"text-editor.default\">\n\t\t\t\t<div class=\"elementor-widget-container\">\n\t\t\t\t\t\t\t\t\t<p>The CDU is focussing on company relocations, new commercial premises and a business-friendly administration - for more jobs and stable income.<\/p>\t\t\t\t\t\t\t\t<\/div>\n\t\t\t\t<\/div>\n\t\t\t\t<div class=\"elementor-element elementor-element-530694d elementor-icon-list--layout-traditional elementor-list-item-link-full_width elementor-widget elementor-widget-icon-list\" data-id=\"530694d\" data-element_type=\"widget\" data-e-type=\"widget\" data-widget_type=\"icon-list.default\">\n\t\t\t\t<div class=\"elementor-widget-container\">\n\t\t\t\t\t\t\t<ul class=\"elementor-icon-list-items\">\n\t\t\t\t\t\t\t<li class=\"elementor-icon-list-item\">\n\t\t\t\t\t\t\t\t\t\t\t<span class=\"elementor-icon-list-icon\">\n\t\t\t\t\t\t\t<i aria-hidden=\"true\" class=\"fas fa-brain\"><\/i>\t\t\t\t\t\t<\/span>\n\t\t\t\t\t\t\t\t\t\t<span class=\"elementor-icon-list-text\">5. investment in education and care<\/span>\n\t\t\t\t\t\t\t\t\t<\/li>\n\t\t\t\t\t\t<\/ul>\n\t\t\t\t\t\t<\/div>\n\t\t\t\t<\/div>\n\t\t\t\t<div class=\"elementor-element elementor-element-ef77b09 elementor-widget elementor-widget-text-editor\" data-id=\"ef77b09\" data-element_type=\"widget\" data-e-type=\"widget\" data-widget_type=\"text-editor.default\">\n\t\t\t\t<div class=\"elementor-widget-container\">\n\t\t\t\t\t\t\t\t\t<p>The focus is on the expansion and modernisation of schools, daycare centres and digital infrastructure - as well as inclusion and the recruitment of skilled workers.<\/p>\t\t\t\t\t\t\t\t<\/div>\n\t\t\t\t<\/div>\n\t\t\t\t<div class=\"elementor-element elementor-element-ac84c0b elementor-icon-list--layout-traditional elementor-list-item-link-full_width elementor-widget elementor-widget-icon-list\" data-id=\"ac84c0b\" data-element_type=\"widget\" data-e-type=\"widget\" data-widget_type=\"icon-list.default\">\n\t\t\t\t<div class=\"elementor-widget-container\">\n\t\t\t\t\t\t\t<ul class=\"elementor-icon-list-items\">\n\t\t\t\t\t\t\t<li class=\"elementor-icon-list-item\">\n\t\t\t\t\t\t\t\t\t\t\t<span class=\"elementor-icon-list-icon\">\n\t\t\t\t\t\t\t<i aria-hidden=\"true\" class=\"fas fa-cloud-sun-rain\"><\/i>\t\t\t\t\t\t<\/span>\n\t\t\t\t\t\t\t\t\t\t<span class=\"elementor-icon-list-text\">6. climate protection with a sense of proportion<\/span>\n\t\t\t\t\t\t\t\t\t<\/li>\n\t\t\t\t\t\t<\/ul>\n\t\t\t\t\t\t<\/div>\n\t\t\t\t<\/div>\n\t\t\t\t<div class=\"elementor-element elementor-element-40beaf5 elementor-widget elementor-widget-text-editor\" data-id=\"40beaf5\" data-element_type=\"widget\" data-e-type=\"widget\" data-widget_type=\"text-editor.default\">\n\t\t\t\t<div class=\"elementor-widget-container\">\n\t\t\t\t\t\t\t\t\t<p>The refurbishment of municipal buildings, cycle paths, greening and the promotion of renewable energies stand for practicable and intergenerational climate protection.<\/p>\t\t\t\t\t\t\t\t<\/div>\n\t\t\t\t<\/div>\n\t\t\t\t<div class=\"elementor-element elementor-element-27a9509 elementor-icon-list--layout-traditional elementor-list-item-link-full_width elementor-widget elementor-widget-icon-list\" data-id=\"27a9509\" data-element_type=\"widget\" data-e-type=\"widget\" data-widget_type=\"icon-list.default\">\n\t\t\t\t<div class=\"elementor-widget-container\">\n\t\t\t\t\t\t\t<ul class=\"elementor-icon-list-items\">\n\t\t\t\t\t\t\t<li class=\"elementor-icon-list-item\">\n\t\t\t\t\t\t\t\t\t\t\t<span class=\"elementor-icon-list-icon\">\n\t\t\t\t\t\t\t<i aria-hidden=\"true\" class=\"fas fa-users\"><\/i>\t\t\t\t\t\t<\/span>\n\t\t\t\t\t\t\t\t\t\t<span class=\"elementor-icon-list-text\">7 Social responsibility and humane accommodation<\/span>\n\t\t\t\t\t\t\t\t\t<\/li>\n\t\t\t\t\t\t<\/ul>\n\t\t\t\t\t\t<\/div>\n\t\t\t\t<\/div>\n\t\t\t\t<div class=\"elementor-element elementor-element-80f3a0e elementor-widget elementor-widget-text-editor\" data-id=\"80f3a0e\" data-element_type=\"widget\" data-e-type=\"widget\" data-widget_type=\"text-editor.default\">\n\t\t\t\t<div class=\"elementor-widget-container\">\n\t\t\t\t\t\t\t\t\t<p>Instead of large-scale accommodation, the CDU wants to create decentralised housing options - with a focus on integration, participation and affordable housing.<\/p>\t\t\t\t\t\t\t\t<\/div>\n\t\t\t\t<\/div>\n\t\t\t\t<div class=\"elementor-element elementor-element-077116b elementor-icon-list--layout-traditional elementor-list-item-link-full_width elementor-widget elementor-widget-icon-list\" data-id=\"077116b\" data-element_type=\"widget\" data-e-type=\"widget\" data-widget_type=\"icon-list.default\">\n\t\t\t\t<div class=\"elementor-widget-container\">\n\t\t\t\t\t\t\t<ul class=\"elementor-icon-list-items\">\n\t\t\t\t\t\t\t<li class=\"elementor-icon-list-item\">\n\t\t\t\t\t\t\t\t\t\t\t<span class=\"elementor-icon-list-icon\">\n\t\t\t\t\t\t\t<i aria-hidden=\"true\" class=\"far fa-grin-alt\"><\/i>\t\t\t\t\t\t<\/span>\n\t\t\t\t\t\t\t\t\t\t<span class=\"elementor-icon-list-text\">8. more safety and order in everyday life<\/span>\n\t\t\t\t\t\t\t\t\t<\/li>\n\t\t\t\t\t\t<\/ul>\n\t\t\t\t\t\t<\/div>\n\t\t\t\t<\/div>\n\t\t\t\t<div class=\"elementor-element elementor-element-505d5c9 elementor-widget elementor-widget-text-editor\" data-id=\"505d5c9\" data-element_type=\"widget\" data-e-type=\"widget\" data-widget_type=\"text-editor.default\">\n\t\t\t\t<div class=\"elementor-widget-container\">\n\t\t\t\t\t\t\t\t\t<p>More public order partnerships, better equipment for the police and fire brigade and a clean cityscape ensure a better quality of life and safety.<\/p>\t\t\t\t\t\t\t\t<\/div>\n\t\t\t\t<\/div>\n\t\t\t\t<div class=\"elementor-element elementor-element-37c874b elementor-icon-list--layout-traditional elementor-list-item-link-full_width elementor-widget elementor-widget-icon-list\" data-id=\"37c874b\" data-element_type=\"widget\" data-e-type=\"widget\" data-widget_type=\"icon-list.default\">\n\t\t\t\t<div class=\"elementor-widget-container\">\n\t\t\t\t\t\t\t<ul class=\"elementor-icon-list-items\">\n\t\t\t\t\t\t\t<li class=\"elementor-icon-list-item\">\n\t\t\t\t\t\t\t\t\t\t\t<span class=\"elementor-icon-list-icon\">\n\t\t\t\t\t\t\t<i aria-hidden=\"true\" class=\"fas fa-swimmer\"><\/i>\t\t\t\t\t\t<\/span>\n\t\t\t\t\t\t\t\t\t\t<span class=\"elementor-icon-list-text\">9. strengthen clubs, culture, voluntary work and sport<\/span>\n\t\t\t\t\t\t\t\t\t<\/li>\n\t\t\t\t\t\t<\/ul>\n\t\t\t\t\t\t<\/div>\n\t\t\t\t<\/div>\n\t\t\t\t<div class=\"elementor-element elementor-element-30a01d0 elementor-widget elementor-widget-text-editor\" data-id=\"30a01d0\" data-element_type=\"widget\" data-e-type=\"widget\" data-widget_type=\"text-editor.default\">\n\t\t\t\t<div class=\"elementor-widget-container\">\n\t\t\t\t\t\t\t\t\t<p>The CDU promotes commitment through modern sports facilities, cultural programmes and structural support for clubs and voluntary work.<\/p>\t\t\t\t\t\t\t\t<\/div>\n\t\t\t\t<\/div>\n\t\t\t\t<div class=\"elementor-element elementor-element-aca420c elementor-icon-list--layout-traditional elementor-list-item-link-full_width elementor-widget elementor-widget-icon-list\" data-id=\"aca420c\" data-element_type=\"widget\" data-e-type=\"widget\" data-widget_type=\"icon-list.default\">\n\t\t\t\t<div class=\"elementor-widget-container\">\n\t\t\t\t\t\t\t<ul class=\"elementor-icon-list-items\">\n\t\t\t\t\t\t\t<li class=\"elementor-icon-list-item\">\n\t\t\t\t\t\t\t\t\t\t\t<span class=\"elementor-icon-list-icon\">\n\t\t\t\t\t\t\t<i aria-hidden=\"true\" class=\"fas fa-charging-station\"><\/i>\t\t\t\t\t\t<\/span>\n\t\t\t\t\t\t\t\t\t\t<span class=\"elementor-icon-list-text\">10. sustainable urban and mobility development<\/span>\n\t\t\t\t\t\t\t\t\t<\/li>\n\t\t\t\t\t\t<\/ul>\n\t\t\t\t\t\t<\/div>\n\t\t\t\t<\/div>\n\t\t\t\t<div class=\"elementor-element elementor-element-801fa59 elementor-widget elementor-widget-text-editor\" data-id=\"801fa59\" data-element_type=\"widget\" data-e-type=\"widget\" data-widget_type=\"text-editor.default\">\n\t\t\t\t<div class=\"elementor-widget-container\">\n\t\t\t\t\t\t\t\t\t<p>The mobility of the future is diverse: with charging infrastructure, cycle paths, strong town centres and new forms of housing with a sense of proportion.<\/p>\t\t\t\t\t\t\t\t<\/div>\n\t\t\t\t<\/div>\n\t\t\t\t<div class=\"elementor-element elementor-element-e88263e elementor-widget elementor-widget-heading\" data-id=\"e88263e\" data-element_type=\"widget\" data-e-type=\"widget\" data-widget_type=\"heading.default\">\n\t\t\t\t<div class=\"elementor-widget-container\">\n\t\t\t\t\t<h3 class=\"elementor-heading-title elementor-size-default\">CDU team shows unity and creative drive<\/h3>\t\t\t\t<\/div>\n\t\t\t\t<\/div>\n\t\t\t\t<div class=\"elementor-element elementor-element-919aea7 elementor-widget elementor-widget-text-editor\" data-id=\"919aea7\" data-element_type=\"widget\" data-e-type=\"widget\" data-widget_type=\"text-editor.default\">\n\t\t\t\t<div class=\"elementor-widget-container\">\n\t\t\t\t\t\t\t\t\t<p>With an experienced, locally anchored team and a clear course, the <strong>CDU Kaarst-B\u00fcttgen<\/strong> ready, <strong>Kaarst back on the road to success<\/strong> to bring about change. Horn-Heinemann emphasises: \"We stand for competence, proximity to citizens and real change. Our programme is not a wish list, but a realistic plan for a strong future.<\/p>\t\t\t\t\t\t\t\t<\/div>\n\t\t\t\t<\/div>\n\t\t\t\t\t<\/div>\n\t\t<\/div>\n\t\t\t\t\t<\/div>\n\t\t<\/section>\n\t\t\t\t<\/div>","protected":false},"excerpt":{"rendered":"<p>Die CDU Kaarst-B\u00fcttgen ist mit einem einstimmigen Beschluss ihres neuen Wahlprogramms 2025\u20132030 und geschlossener Unterst\u00fctzung in den Kommunalwahlkampf 2025 gestartet. Auf der Mitgliederversammlung am 29. Juli in Holzb\u00fcttgen betonte B\u00fcrgermeisterkandidat Christian Horn-Heinemann: \u201eF\u00fcnf Jahre wurde blockiert, verz\u00f6gert und ausgesessen. Jetzt braucht es klare F\u00fchrung, Ideen und ein echtes Miteinander.\u201c Die CDU will Kaarst wieder aktiv [&hellip;]<\/p>\n","protected":false},"author":1,"featured_media":6851,"comment_status":"closed","ping_status":"closed","sticky":false,"template":"","format":"standard","meta":{"footnotes":""},"categories":[1],"tags":[],"class_list":["post-6749","post","type-post","status-publish","format-standard","has-post-thumbnail","hentry","category-allgemein"],"yoast_head":"<!-- This site is optimized with the Yoast SEO plugin v27.4 - https:\/\/yoast.com\/product\/yoast-seo-wordpress\/ -->\n<title>CDU Kaarst-B\u00fcttgen startet mit R\u00fcckenwind in den Kommunalwahlkampf 2025 \u2013 Horn-Heinemann: \u201eJetzt bringen wir Kaarst wieder nach vorn!\u201c - CDU Kaarst-B\u00fcttgen<\/title>\n<meta name=\"robots\" content=\"index, follow, max-snippet:-1, max-image-preview:large, max-video-preview:-1\" \/>\n<link rel=\"canonical\" href=\"https:\/\/cdu-kaarst.de\/en\/allgemein\/cdu-kaarst-buettgen-startet-mit-rueckenwind-in-den-kommunalwahlkampf-2025-horn-heinemann-jetzt-bringen-wir-kaarst-wieder-nach-vorn\/\" \/>\n<meta property=\"og:locale\" content=\"en_GB\" \/>\n<meta property=\"og:type\" content=\"article\" \/>\n<meta property=\"og:title\" content=\"CDU Kaarst-B\u00fcttgen startet mit R\u00fcckenwind in den Kommunalwahlkampf 2025 \u2013 Horn-Heinemann: \u201eJetzt bringen wir Kaarst wieder nach vorn!\u201c - CDU Kaarst-B\u00fcttgen\" \/>\n<meta property=\"og:description\" content=\"Die CDU Kaarst-B\u00fcttgen ist mit einem einstimmigen Beschluss ihres neuen Wahlprogramms 2025\u20132030 und geschlossener Unterst\u00fctzung in den Kommunalwahlkampf 2025 gestartet. Auf der Mitgliederversammlung am 29. Juli in Holzb\u00fcttgen betonte B\u00fcrgermeisterkandidat Christian Horn-Heinemann: \u201eF\u00fcnf Jahre wurde blockiert, verz\u00f6gert und ausgesessen. Jetzt braucht es klare F\u00fchrung, Ideen und ein echtes Miteinander.\u201c Die CDU will Kaarst wieder aktiv [&hellip;]\" \/>\n<meta property=\"og:url\" content=\"https:\/\/cdu-kaarst.de\/en\/allgemein\/cdu-kaarst-buettgen-startet-mit-rueckenwind-in-den-kommunalwahlkampf-2025-horn-heinemann-jetzt-bringen-wir-kaarst-wieder-nach-vorn\/\" \/>\n<meta property=\"og:site_name\" content=\"CDU Kaarst-B\u00fcttgen\" \/>\n<meta property=\"article:published_time\" content=\"2025-08-01T07:49:05+00:00\" \/>\n<meta property=\"article:modified_time\" content=\"2025-08-13T14:04:30+00:00\" \/>\n<meta property=\"og:image\" content=\"https:\/\/cdu-kaarst.de\/wp-content\/uploads\/cdu-gruppenfoto.jpg\" \/>\n\t<meta property=\"og:image:width\" content=\"1676\" \/>\n\t<meta property=\"og:image:height\" content=\"1117\" \/>\n\t<meta property=\"og:image:type\" content=\"image\/jpeg\" \/>\n<meta name=\"author\" content=\"@dm1n\" \/>\n<meta name=\"twitter:card\" content=\"summary_large_image\" \/>\n<meta name=\"twitter:label1\" content=\"Written by\" \/>\n\t<meta name=\"twitter:data1\" content=\"@dm1n\" \/>\n\t<meta name=\"twitter:label2\" content=\"Estimated reading time\" \/>\n\t<meta name=\"twitter:data2\" content=\"3 minutes\" \/>\n<script type=\"application\/ld+json\" class=\"yoast-schema-graph\">{\"@context\":\"https:\\\/\\\/schema.org\",\"@graph\":[{\"@type\":\"Article\",\"@id\":\"https:\\\/\\\/cdu-kaarst.de\\\/allgemein\\\/cdu-kaarst-buettgen-startet-mit-rueckenwind-in-den-kommunalwahlkampf-2025-horn-heinemann-jetzt-bringen-wir-kaarst-wieder-nach-vorn\\\/#article\",\"isPartOf\":{\"@id\":\"https:\\\/\\\/cdu-kaarst.de\\\/allgemein\\\/cdu-kaarst-buettgen-startet-mit-rueckenwind-in-den-kommunalwahlkampf-2025-horn-heinemann-jetzt-bringen-wir-kaarst-wieder-nach-vorn\\\/\"},\"author\":{\"name\":\"@dm1n\",\"@id\":\"https:\\\/\\\/cdu-kaarst.de\\\/#\\\/schema\\\/person\\\/05876a2bd7865609f2946e82cbc73476\"},\"headline\":\"CDU Kaarst-B\u00fcttgen startet mit R\u00fcckenwind in den Kommunalwahlkampf 2025 \u2013 Horn-Heinemann: \u201eJetzt bringen wir Kaarst wieder nach vorn!\u201c\",\"datePublished\":\"2025-08-01T07:49:05+00:00\",\"dateModified\":\"2025-08-13T14:04:30+00:00\",\"mainEntityOfPage\":{\"@id\":\"https:\\\/\\\/cdu-kaarst.de\\\/allgemein\\\/cdu-kaarst-buettgen-startet-mit-rueckenwind-in-den-kommunalwahlkampf-2025-horn-heinemann-jetzt-bringen-wir-kaarst-wieder-nach-vorn\\\/\"},\"wordCount\":408,\"publisher\":{\"@id\":\"https:\\\/\\\/cdu-kaarst.de\\\/#organization\"},\"image\":{\"@id\":\"https:\\\/\\\/cdu-kaarst.de\\\/allgemein\\\/cdu-kaarst-buettgen-startet-mit-rueckenwind-in-den-kommunalwahlkampf-2025-horn-heinemann-jetzt-bringen-wir-kaarst-wieder-nach-vorn\\\/#primaryimage\"},\"thumbnailUrl\":\"https:\\\/\\\/cdu-kaarst.de\\\/wp-content\\\/uploads\\\/cdu-gruppenfoto.jpg\",\"articleSection\":[\"Allgemein\"],\"inLanguage\":\"en-GB\"},{\"@type\":\"WebPage\",\"@id\":\"https:\\\/\\\/cdu-kaarst.de\\\/allgemein\\\/cdu-kaarst-buettgen-startet-mit-rueckenwind-in-den-kommunalwahlkampf-2025-horn-heinemann-jetzt-bringen-wir-kaarst-wieder-nach-vorn\\\/\",\"url\":\"https:\\\/\\\/cdu-kaarst.de\\\/allgemein\\\/cdu-kaarst-buettgen-startet-mit-rueckenwind-in-den-kommunalwahlkampf-2025-horn-heinemann-jetzt-bringen-wir-kaarst-wieder-nach-vorn\\\/\",\"name\":\"CDU Kaarst-B\u00fcttgen startet mit R\u00fcckenwind in den Kommunalwahlkampf 2025 \u2013 Horn-Heinemann: \u201eJetzt bringen wir Kaarst wieder nach vorn!\u201c - CDU Kaarst-B\u00fcttgen\",\"isPartOf\":{\"@id\":\"https:\\\/\\\/cdu-kaarst.de\\\/#website\"},\"primaryImageOfPage\":{\"@id\":\"https:\\\/\\\/cdu-kaarst.de\\\/allgemein\\\/cdu-kaarst-buettgen-startet-mit-rueckenwind-in-den-kommunalwahlkampf-2025-horn-heinemann-jetzt-bringen-wir-kaarst-wieder-nach-vorn\\\/#primaryimage\"},\"image\":{\"@id\":\"https:\\\/\\\/cdu-kaarst.de\\\/allgemein\\\/cdu-kaarst-buettgen-startet-mit-rueckenwind-in-den-kommunalwahlkampf-2025-horn-heinemann-jetzt-bringen-wir-kaarst-wieder-nach-vorn\\\/#primaryimage\"},\"thumbnailUrl\":\"https:\\\/\\\/cdu-kaarst.de\\\/wp-content\\\/uploads\\\/cdu-gruppenfoto.jpg\",\"datePublished\":\"2025-08-01T07:49:05+00:00\",\"dateModified\":\"2025-08-13T14:04:30+00:00\",\"breadcrumb\":{\"@id\":\"https:\\\/\\\/cdu-kaarst.de\\\/allgemein\\\/cdu-kaarst-buettgen-startet-mit-rueckenwind-in-den-kommunalwahlkampf-2025-horn-heinemann-jetzt-bringen-wir-kaarst-wieder-nach-vorn\\\/#breadcrumb\"},\"inLanguage\":\"en-GB\",\"potentialAction\":[{\"@type\":\"ReadAction\",\"target\":[\"https:\\\/\\\/cdu-kaarst.de\\\/allgemein\\\/cdu-kaarst-buettgen-startet-mit-rueckenwind-in-den-kommunalwahlkampf-2025-horn-heinemann-jetzt-bringen-wir-kaarst-wieder-nach-vorn\\\/\"]}]},{\"@type\":\"ImageObject\",\"inLanguage\":\"en-GB\",\"@id\":\"https:\\\/\\\/cdu-kaarst.de\\\/allgemein\\\/cdu-kaarst-buettgen-startet-mit-rueckenwind-in-den-kommunalwahlkampf-2025-horn-heinemann-jetzt-bringen-wir-kaarst-wieder-nach-vorn\\\/#primaryimage\",\"url\":\"https:\\\/\\\/cdu-kaarst.de\\\/wp-content\\\/uploads\\\/cdu-gruppenfoto.jpg\",\"contentUrl\":\"https:\\\/\\\/cdu-kaarst.de\\\/wp-content\\\/uploads\\\/cdu-gruppenfoto.jpg\",\"width\":1676,\"height\":1117},{\"@type\":\"BreadcrumbList\",\"@id\":\"https:\\\/\\\/cdu-kaarst.de\\\/allgemein\\\/cdu-kaarst-buettgen-startet-mit-rueckenwind-in-den-kommunalwahlkampf-2025-horn-heinemann-jetzt-bringen-wir-kaarst-wieder-nach-vorn\\\/#breadcrumb\",\"itemListElement\":[{\"@type\":\"ListItem\",\"position\":1,\"name\":\"Startseite\",\"item\":\"https:\\\/\\\/cdu-kaarst.de\\\/\"},{\"@type\":\"ListItem\",\"position\":2,\"name\":\"CDU Kaarst-B\u00fcttgen startet mit R\u00fcckenwind in den Kommunalwahlkampf 2025 \u2013 Horn-Heinemann: \u201eJetzt bringen wir Kaarst wieder nach vorn!\u201c\"}]},{\"@type\":\"WebSite\",\"@id\":\"https:\\\/\\\/cdu-kaarst.de\\\/#website\",\"url\":\"https:\\\/\\\/cdu-kaarst.de\\\/\",\"name\":\"CDU Kaarst-B\u00fcttgen\",\"description\":\"gut Leben in Kaarst\",\"publisher\":{\"@id\":\"https:\\\/\\\/cdu-kaarst.de\\\/#organization\"},\"potentialAction\":[{\"@type\":\"SearchAction\",\"target\":{\"@type\":\"EntryPoint\",\"urlTemplate\":\"https:\\\/\\\/cdu-kaarst.de\\\/?s={search_term_string}\"},\"query-input\":{\"@type\":\"PropertyValueSpecification\",\"valueRequired\":true,\"valueName\":\"search_term_string\"}}],\"inLanguage\":\"en-GB\"},{\"@type\":\"Organization\",\"@id\":\"https:\\\/\\\/cdu-kaarst.de\\\/#organization\",\"name\":\"CDU Kaarst-B\u00fcttgen\",\"url\":\"https:\\\/\\\/cdu-kaarst.de\\\/\",\"logo\":{\"@type\":\"ImageObject\",\"inLanguage\":\"en-GB\",\"@id\":\"https:\\\/\\\/cdu-kaarst.de\\\/#\\\/schema\\\/logo\\\/image\\\/\",\"url\":\"https:\\\/\\\/cdu-kaarst.de\\\/wp-content\\\/uploads\\\/cdu-gesamtlogo.png\",\"contentUrl\":\"https:\\\/\\\/cdu-kaarst.de\\\/wp-content\\\/uploads\\\/cdu-gesamtlogo.png\",\"width\":418,\"height\":120,\"caption\":\"CDU Kaarst-B\u00fcttgen\"},\"image\":{\"@id\":\"https:\\\/\\\/cdu-kaarst.de\\\/#\\\/schema\\\/logo\\\/image\\\/\"}},{\"@type\":\"Person\",\"@id\":\"https:\\\/\\\/cdu-kaarst.de\\\/#\\\/schema\\\/person\\\/05876a2bd7865609f2946e82cbc73476\",\"name\":\"@dm1n\",\"sameAs\":[\"http:\\\/\\\/cdu-kaarst.de\"]}]}<\/script>\n<!-- \/ Yoast SEO plugin. -->","yoast_head_json":{"title":"CDU Kaarst-B\u00fcttgen startet mit R\u00fcckenwind in den Kommunalwahlkampf 2025 \u2013 Horn-Heinemann: \u201eJetzt bringen wir Kaarst wieder nach vorn!\u201c - CDU Kaarst-B\u00fcttgen","robots":{"index":"index","follow":"follow","max-snippet":"max-snippet:-1","max-image-preview":"max-image-preview:large","max-video-preview":"max-video-preview:-1"},"canonical":"https:\/\/cdu-kaarst.de\/en\/allgemein\/cdu-kaarst-buettgen-startet-mit-rueckenwind-in-den-kommunalwahlkampf-2025-horn-heinemann-jetzt-bringen-wir-kaarst-wieder-nach-vorn\/","og_locale":"en_GB","og_type":"article","og_title":"CDU Kaarst-B\u00fcttgen startet mit R\u00fcckenwind in den Kommunalwahlkampf 2025 \u2013 Horn-Heinemann: \u201eJetzt bringen wir Kaarst wieder nach vorn!\u201c - CDU Kaarst-B\u00fcttgen","og_description":"Die CDU Kaarst-B\u00fcttgen ist mit einem einstimmigen Beschluss ihres neuen Wahlprogramms 2025\u20132030 und geschlossener Unterst\u00fctzung in den Kommunalwahlkampf 2025 gestartet. Auf der Mitgliederversammlung am 29. Juli in Holzb\u00fcttgen betonte B\u00fcrgermeisterkandidat Christian Horn-Heinemann: \u201eF\u00fcnf Jahre wurde blockiert, verz\u00f6gert und ausgesessen. Jetzt braucht es klare F\u00fchrung, Ideen und ein echtes Miteinander.\u201c Die CDU will Kaarst wieder aktiv [&hellip;]","og_url":"https:\/\/cdu-kaarst.de\/en\/allgemein\/cdu-kaarst-buettgen-startet-mit-rueckenwind-in-den-kommunalwahlkampf-2025-horn-heinemann-jetzt-bringen-wir-kaarst-wieder-nach-vorn\/","og_site_name":"CDU Kaarst-B\u00fcttgen","article_published_time":"2025-08-01T07:49:05+00:00","article_modified_time":"2025-08-13T14:04:30+00:00","og_image":[{"width":1676,"height":1117,"url":"https:\/\/cdu-kaarst.de\/wp-content\/uploads\/cdu-gruppenfoto.jpg","type":"image\/jpeg"}],"author":"@dm1n","twitter_card":"summary_large_image","twitter_misc":{"Written by":"@dm1n","Estimated reading time":"3 minutes"},"schema":{"@context":"https:\/\/schema.org","@graph":[{"@type":"Article","@id":"https:\/\/cdu-kaarst.de\/allgemein\/cdu-kaarst-buettgen-startet-mit-rueckenwind-in-den-kommunalwahlkampf-2025-horn-heinemann-jetzt-bringen-wir-kaarst-wieder-nach-vorn\/#article","isPartOf":{"@id":"https:\/\/cdu-kaarst.de\/allgemein\/cdu-kaarst-buettgen-startet-mit-rueckenwind-in-den-kommunalwahlkampf-2025-horn-heinemann-jetzt-bringen-wir-kaarst-wieder-nach-vorn\/"},"author":{"name":"@dm1n","@id":"https:\/\/cdu-kaarst.de\/#\/schema\/person\/05876a2bd7865609f2946e82cbc73476"},"headline":"CDU Kaarst-B\u00fcttgen startet mit R\u00fcckenwind in den Kommunalwahlkampf 2025 \u2013 Horn-Heinemann: \u201eJetzt bringen wir Kaarst wieder nach vorn!\u201c","datePublished":"2025-08-01T07:49:05+00:00","dateModified":"2025-08-13T14:04:30+00:00","mainEntityOfPage":{"@id":"https:\/\/cdu-kaarst.de\/allgemein\/cdu-kaarst-buettgen-startet-mit-rueckenwind-in-den-kommunalwahlkampf-2025-horn-heinemann-jetzt-bringen-wir-kaarst-wieder-nach-vorn\/"},"wordCount":408,"publisher":{"@id":"https:\/\/cdu-kaarst.de\/#organization"},"image":{"@id":"https:\/\/cdu-kaarst.de\/allgemein\/cdu-kaarst-buettgen-startet-mit-rueckenwind-in-den-kommunalwahlkampf-2025-horn-heinemann-jetzt-bringen-wir-kaarst-wieder-nach-vorn\/#primaryimage"},"thumbnailUrl":"https:\/\/cdu-kaarst.de\/wp-content\/uploads\/cdu-gruppenfoto.jpg","articleSection":["Allgemein"],"inLanguage":"en-GB"},{"@type":"WebPage","@id":"https:\/\/cdu-kaarst.de\/allgemein\/cdu-kaarst-buettgen-startet-mit-rueckenwind-in-den-kommunalwahlkampf-2025-horn-heinemann-jetzt-bringen-wir-kaarst-wieder-nach-vorn\/","url":"https:\/\/cdu-kaarst.de\/allgemein\/cdu-kaarst-buettgen-startet-mit-rueckenwind-in-den-kommunalwahlkampf-2025-horn-heinemann-jetzt-bringen-wir-kaarst-wieder-nach-vorn\/","name":"CDU Kaarst-B\u00fcttgen startet mit R\u00fcckenwind in den Kommunalwahlkampf 2025 \u2013 Horn-Heinemann: \u201eJetzt bringen wir Kaarst wieder nach vorn!\u201c - CDU Kaarst-B\u00fcttgen","isPartOf":{"@id":"https:\/\/cdu-kaarst.de\/#website"},"primaryImageOfPage":{"@id":"https:\/\/cdu-kaarst.de\/allgemein\/cdu-kaarst-buettgen-startet-mit-rueckenwind-in-den-kommunalwahlkampf-2025-horn-heinemann-jetzt-bringen-wir-kaarst-wieder-nach-vorn\/#primaryimage"},"image":{"@id":"https:\/\/cdu-kaarst.de\/allgemein\/cdu-kaarst-buettgen-startet-mit-rueckenwind-in-den-kommunalwahlkampf-2025-horn-heinemann-jetzt-bringen-wir-kaarst-wieder-nach-vorn\/#primaryimage"},"thumbnailUrl":"https:\/\/cdu-kaarst.de\/wp-content\/uploads\/cdu-gruppenfoto.jpg","datePublished":"2025-08-01T07:49:05+00:00","dateModified":"2025-08-13T14:04:30+00:00","breadcrumb":{"@id":"https:\/\/cdu-kaarst.de\/allgemein\/cdu-kaarst-buettgen-startet-mit-rueckenwind-in-den-kommunalwahlkampf-2025-horn-heinemann-jetzt-bringen-wir-kaarst-wieder-nach-vorn\/#breadcrumb"},"inLanguage":"en-GB","potentialAction":[{"@type":"ReadAction","target":["https:\/\/cdu-kaarst.de\/allgemein\/cdu-kaarst-buettgen-startet-mit-rueckenwind-in-den-kommunalwahlkampf-2025-horn-heinemann-jetzt-bringen-wir-kaarst-wieder-nach-vorn\/"]}]},{"@type":"ImageObject","inLanguage":"en-GB","@id":"https:\/\/cdu-kaarst.de\/allgemein\/cdu-kaarst-buettgen-startet-mit-rueckenwind-in-den-kommunalwahlkampf-2025-horn-heinemann-jetzt-bringen-wir-kaarst-wieder-nach-vorn\/#primaryimage","url":"https:\/\/cdu-kaarst.de\/wp-content\/uploads\/cdu-gruppenfoto.jpg","contentUrl":"https:\/\/cdu-kaarst.de\/wp-content\/uploads\/cdu-gruppenfoto.jpg","width":1676,"height":1117},{"@type":"BreadcrumbList","@id":"https:\/\/cdu-kaarst.de\/allgemein\/cdu-kaarst-buettgen-startet-mit-rueckenwind-in-den-kommunalwahlkampf-2025-horn-heinemann-jetzt-bringen-wir-kaarst-wieder-nach-vorn\/#breadcrumb","itemListElement":[{"@type":"ListItem","position":1,"name":"Startseite","item":"https:\/\/cdu-kaarst.de\/"},{"@type":"ListItem","position":2,"name":"CDU Kaarst-B\u00fcttgen startet mit R\u00fcckenwind in den Kommunalwahlkampf 2025 \u2013 Horn-Heinemann: \u201eJetzt bringen wir Kaarst wieder nach vorn!\u201c"}]},{"@type":"WebSite","@id":"https:\/\/cdu-kaarst.de\/#website","url":"https:\/\/cdu-kaarst.de\/","name":"CDU Kaarst-B\u00fcttgen","description":"living well in Kaarst","publisher":{"@id":"https:\/\/cdu-kaarst.de\/#organization"},"potentialAction":[{"@type":"SearchAction","target":{"@type":"EntryPoint","urlTemplate":"https:\/\/cdu-kaarst.de\/?s={search_term_string}"},"query-input":{"@type":"PropertyValueSpecification","valueRequired":true,"valueName":"search_term_string"}}],"inLanguage":"en-GB"},{"@type":"Organization","@id":"https:\/\/cdu-kaarst.de\/#organization","name":"CDU Kaarst-B\u00fcttgen","url":"https:\/\/cdu-kaarst.de\/","logo":{"@type":"ImageObject","inLanguage":"en-GB","@id":"https:\/\/cdu-kaarst.de\/#\/schema\/logo\/image\/","url":"https:\/\/cdu-kaarst.de\/wp-content\/uploads\/cdu-gesamtlogo.png","contentUrl":"https:\/\/cdu-kaarst.de\/wp-content\/uploads\/cdu-gesamtlogo.png","width":418,"height":120,"caption":"CDU Kaarst-B\u00fcttgen"},"image":{"@id":"https:\/\/cdu-kaarst.de\/#\/schema\/logo\/image\/"}},{"@type":"Person","@id":"https:\/\/cdu-kaarst.de\/#\/schema\/person\/05876a2bd7865609f2946e82cbc73476","name":"@dm1n","sameAs":["http:\/\/cdu-kaarst.de"]}]}},"_links":{"self":[{"href":"https:\/\/cdu-kaarst.de\/en\/wp-json\/wp\/v2\/posts\/6749","targetHints":{"allow":["GET"]}}],"collection":[{"href":"https:\/\/cdu-kaarst.de\/en\/wp-json\/wp\/v2\/posts"}],"about":[{"href":"https:\/\/cdu-kaarst.de\/en\/wp-json\/wp\/v2\/types\/post"}],"author":[{"embeddable":true,"href":"https:\/\/cdu-kaarst.de\/en\/wp-json\/wp\/v2\/users\/1"}],"replies":[{"embeddable":true,"href":"https:\/\/cdu-kaarst.de\/en\/wp-json\/wp\/v2\/comments?post=6749"}],"version-history":[{"count":9,"href":"https:\/\/cdu-kaarst.de\/en\/wp-json\/wp\/v2\/posts\/6749\/revisions"}],"predecessor-version":[{"id":6852,"href":"https:\/\/cdu-kaarst.de\/en\/wp-json\/wp\/v2\/posts\/6749\/revisions\/6852"}],"wp:featuredmedia":[{"embeddable":true,"href":"https:\/\/cdu-kaarst.de\/en\/wp-json\/wp\/v2\/media\/6851"}],"wp:attachment":[{"href":"https:\/\/cdu-kaarst.de\/en\/wp-json\/wp\/v2\/media?parent=6749"}],"wp:term":[{"taxonomy":"category","embeddable":true,"href":"https:\/\/cdu-kaarst.de\/en\/wp-json\/wp\/v2\/categories?post=6749"},{"taxonomy":"post_tag","embeddable":true,"href":"https:\/\/cdu-kaarst.de\/en\/wp-json\/wp\/v2\/tags?post=6749"}],"curies":[{"name":"wp","href":"https:\/\/api.w.org\/{rel}","templated":true}]}}