{"id":6859,"date":"2025-08-28T07:21:44","date_gmt":"2025-08-28T05:21:44","guid":{"rendered":"https:\/\/cdu-kaarst.de\/?p=6859"},"modified":"2025-08-28T07:24:09","modified_gmt":"2025-08-28T05:24:09","slug":"mit-kaarst-im-austausch-mit-staatsminister-nathanael-liminski","status":"publish","type":"post","link":"https:\/\/cdu-kaarst.de\/en\/allgemein\/mit-kaarst-im-austausch-mit-staatsminister-nathanael-liminski\/","title":{"rendered":"MIT Kaarst in dialogue with Minister of State Nathanael Liminski"},"content":{"rendered":"<p>On 25 August 2025, NRW State Minister Nathanael Liminski was a guest of the Mittelstands- und Wirtschaftsunion (MIT) Kaarst. The event took place at the Moll car dealership and provided an excellent opportunity for open dialogue between business, politics and interested citizens.<\/p>\n<p>The evening focussed on key topics such as the mobility of the future, strengthening SMEs and the competitiveness and sustainable development of Kaarst as a business location. In the subsequent discussion round, numerous questions were asked and ideas exchanged.<\/p>\n<p>The CDU Kaarst would like to thank Minister of State Liminski for his visit and his clear commitment to a policy that favours small and medium-sized businesses. Special thanks also go to the team at the Moll car dealership for providing the premises.<\/p>\n<p>With formats such as these, MIT Kaarst continues its successful dialogue with politics and business - for a strong and sustainable city.<\/p>\n<p>&nbsp;<\/p>\n<p>Pictures: <b>\u00a9<\/b>Harry Flint<\/p>","protected":false},"excerpt":{"rendered":"<p>Am 25. August 2025 war NRW-Staatsminister Nathanael Liminski zu Gast bei der Mittelstands- und Wirtschaftsunion (MIT) Kaarst. Die Veranstaltung fand im Autohaus Moll statt und bot eine hervorragende Gelegenheit zum offenen Dialog zwischen Wirtschaft, Politik und interessierten B\u00fcrgerinnen und B\u00fcrgern. Im Mittelpunkt des Abends standen zentrale Themen wie die Mobilit\u00e4t der Zukunft, die St\u00e4rkung des [&hellip;]<\/p>\n","protected":false},"author":1,"featured_media":6860,"comment_status":"closed","ping_status":"closed","sticky":false,"template":"","format":"standard","meta":{"footnotes":""},"categories":[1],"tags":[],"class_list":["post-6859","post","type-post","status-publish","format-standard","has-post-thumbnail","hentry","category-allgemein"],"yoast_head":"<!-- This site is optimized with the Yoast SEO plugin v27.4 - https:\/\/yoast.com\/product\/yoast-seo-wordpress\/ -->\n<title>MIT Kaarst im Austausch mit Staatsminister Nathanael Liminski - CDU Kaarst-B\u00fcttgen<\/title>\n<meta name=\"robots\" content=\"index, follow, max-snippet:-1, max-image-preview:large, max-video-preview:-1\" \/>\n<link rel=\"canonical\" href=\"https:\/\/cdu-kaarst.de\/en\/allgemein\/mit-kaarst-im-austausch-mit-staatsminister-nathanael-liminski\/\" \/>\n<meta property=\"og:locale\" content=\"en_GB\" \/>\n<meta property=\"og:type\" content=\"article\" \/>\n<meta property=\"og:title\" content=\"MIT Kaarst im Austausch mit Staatsminister Nathanael Liminski - CDU Kaarst-B\u00fcttgen\" \/>\n<meta property=\"og:description\" content=\"Am 25. August 2025 war NRW-Staatsminister Nathanael Liminski zu Gast bei der Mittelstands- und Wirtschaftsunion (MIT) Kaarst. Die Veranstaltung fand im Autohaus Moll statt und bot eine hervorragende Gelegenheit zum offenen Dialog zwischen Wirtschaft, Politik und interessierten B\u00fcrgerinnen und B\u00fcrgern. Im Mittelpunkt des Abends standen zentrale Themen wie die Mobilit\u00e4t der Zukunft, die St\u00e4rkung des [&hellip;]\" \/>\n<meta property=\"og:url\" content=\"https:\/\/cdu-kaarst.de\/en\/allgemein\/mit-kaarst-im-austausch-mit-staatsminister-nathanael-liminski\/\" \/>\n<meta property=\"og:site_name\" content=\"CDU Kaarst-B\u00fcttgen\" \/>\n<meta property=\"article:published_time\" content=\"2025-08-28T05:21:44+00:00\" \/>\n<meta property=\"article:modified_time\" content=\"2025-08-28T05:24:09+00:00\" \/>\n<meta property=\"og:image\" content=\"https:\/\/cdu-kaarst.de\/wp-content\/uploads\/mit-kaarst-im-austausch-mit-staatsminister-nathanael-liminski8.jpg\" \/>\n\t<meta property=\"og:image:width\" content=\"800\" \/>\n\t<meta property=\"og:image:height\" content=\"451\" \/>\n\t<meta property=\"og:image:type\" content=\"image\/jpeg\" \/>\n<meta name=\"author\" content=\"@dm1n\" \/>\n<meta name=\"twitter:card\" content=\"summary_large_image\" \/>\n<meta name=\"twitter:label1\" content=\"Written by\" \/>\n\t<meta name=\"twitter:data1\" content=\"@dm1n\" \/>\n\t<meta name=\"twitter:label2\" content=\"Estimated reading time\" \/>\n\t<meta name=\"twitter:data2\" content=\"1 minute\" \/>\n<script type=\"application\/ld+json\" class=\"yoast-schema-graph\">{\"@context\":\"https:\\\/\\\/schema.org\",\"@graph\":[{\"@type\":\"Article\",\"@id\":\"https:\\\/\\\/cdu-kaarst.de\\\/allgemein\\\/mit-kaarst-im-austausch-mit-staatsminister-nathanael-liminski\\\/#article\",\"isPartOf\":{\"@id\":\"https:\\\/\\\/cdu-kaarst.de\\\/allgemein\\\/mit-kaarst-im-austausch-mit-staatsminister-nathanael-liminski\\\/\"},\"author\":{\"name\":\"@dm1n\",\"@id\":\"https:\\\/\\\/cdu-kaarst.de\\\/#\\\/schema\\\/person\\\/05876a2bd7865609f2946e82cbc73476\"},\"headline\":\"MIT Kaarst im Austausch mit Staatsminister Nathanael Liminski\",\"datePublished\":\"2025-08-28T05:21:44+00:00\",\"dateModified\":\"2025-08-28T05:24:09+00:00\",\"mainEntityOfPage\":{\"@id\":\"https:\\\/\\\/cdu-kaarst.de\\\/allgemein\\\/mit-kaarst-im-austausch-mit-staatsminister-nathanael-liminski\\\/\"},\"wordCount\":152,\"publisher\":{\"@id\":\"https:\\\/\\\/cdu-kaarst.de\\\/#organization\"},\"image\":{\"@id\":\"https:\\\/\\\/cdu-kaarst.de\\\/allgemein\\\/mit-kaarst-im-austausch-mit-staatsminister-nathanael-liminski\\\/#primaryimage\"},\"thumbnailUrl\":\"https:\\\/\\\/cdu-kaarst.de\\\/wp-content\\\/uploads\\\/mit-kaarst-im-austausch-mit-staatsminister-nathanael-liminski8.jpg\",\"articleSection\":[\"Allgemein\"],\"inLanguage\":\"en-GB\"},{\"@type\":\"WebPage\",\"@id\":\"https:\\\/\\\/cdu-kaarst.de\\\/allgemein\\\/mit-kaarst-im-austausch-mit-staatsminister-nathanael-liminski\\\/\",\"url\":\"https:\\\/\\\/cdu-kaarst.de\\\/allgemein\\\/mit-kaarst-im-austausch-mit-staatsminister-nathanael-liminski\\\/\",\"name\":\"MIT Kaarst im Austausch mit Staatsminister Nathanael Liminski - CDU Kaarst-B\u00fcttgen\",\"isPartOf\":{\"@id\":\"https:\\\/\\\/cdu-kaarst.de\\\/#website\"},\"primaryImageOfPage\":{\"@id\":\"https:\\\/\\\/cdu-kaarst.de\\\/allgemein\\\/mit-kaarst-im-austausch-mit-staatsminister-nathanael-liminski\\\/#primaryimage\"},\"image\":{\"@id\":\"https:\\\/\\\/cdu-kaarst.de\\\/allgemein\\\/mit-kaarst-im-austausch-mit-staatsminister-nathanael-liminski\\\/#primaryimage\"},\"thumbnailUrl\":\"https:\\\/\\\/cdu-kaarst.de\\\/wp-content\\\/uploads\\\/mit-kaarst-im-austausch-mit-staatsminister-nathanael-liminski8.jpg\",\"datePublished\":\"2025-08-28T05:21:44+00:00\",\"dateModified\":\"2025-08-28T05:24:09+00:00\",\"breadcrumb\":{\"@id\":\"https:\\\/\\\/cdu-kaarst.de\\\/allgemein\\\/mit-kaarst-im-austausch-mit-staatsminister-nathanael-liminski\\\/#breadcrumb\"},\"inLanguage\":\"en-GB\",\"potentialAction\":[{\"@type\":\"ReadAction\",\"target\":[\"https:\\\/\\\/cdu-kaarst.de\\\/allgemein\\\/mit-kaarst-im-austausch-mit-staatsminister-nathanael-liminski\\\/\"]}]},{\"@type\":\"ImageObject\",\"inLanguage\":\"en-GB\",\"@id\":\"https:\\\/\\\/cdu-kaarst.de\\\/allgemein\\\/mit-kaarst-im-austausch-mit-staatsminister-nathanael-liminski\\\/#primaryimage\",\"url\":\"https:\\\/\\\/cdu-kaarst.de\\\/wp-content\\\/uploads\\\/mit-kaarst-im-austausch-mit-staatsminister-nathanael-liminski8.jpg\",\"contentUrl\":\"https:\\\/\\\/cdu-kaarst.de\\\/wp-content\\\/uploads\\\/mit-kaarst-im-austausch-mit-staatsminister-nathanael-liminski8.jpg\",\"width\":800,\"height\":451,\"caption\":\"MIT Kaarst im Austausch mit Staatsminister Nathanael Liminski\"},{\"@type\":\"BreadcrumbList\",\"@id\":\"https:\\\/\\\/cdu-kaarst.de\\\/allgemein\\\/mit-kaarst-im-austausch-mit-staatsminister-nathanael-liminski\\\/#breadcrumb\",\"itemListElement\":[{\"@type\":\"ListItem\",\"position\":1,\"name\":\"Startseite\",\"item\":\"https:\\\/\\\/cdu-kaarst.de\\\/\"},{\"@type\":\"ListItem\",\"position\":2,\"name\":\"MIT Kaarst im Austausch mit Staatsminister Nathanael Liminski\"}]},{\"@type\":\"WebSite\",\"@id\":\"https:\\\/\\\/cdu-kaarst.de\\\/#website\",\"url\":\"https:\\\/\\\/cdu-kaarst.de\\\/\",\"name\":\"CDU Kaarst-B\u00fcttgen\",\"description\":\"gut Leben in Kaarst\",\"publisher\":{\"@id\":\"https:\\\/\\\/cdu-kaarst.de\\\/#organization\"},\"potentialAction\":[{\"@type\":\"SearchAction\",\"target\":{\"@type\":\"EntryPoint\",\"urlTemplate\":\"https:\\\/\\\/cdu-kaarst.de\\\/?s={search_term_string}\"},\"query-input\":{\"@type\":\"PropertyValueSpecification\",\"valueRequired\":true,\"valueName\":\"search_term_string\"}}],\"inLanguage\":\"en-GB\"},{\"@type\":\"Organization\",\"@id\":\"https:\\\/\\\/cdu-kaarst.de\\\/#organization\",\"name\":\"CDU Kaarst-B\u00fcttgen\",\"url\":\"https:\\\/\\\/cdu-kaarst.de\\\/\",\"logo\":{\"@type\":\"ImageObject\",\"inLanguage\":\"en-GB\",\"@id\":\"https:\\\/\\\/cdu-kaarst.de\\\/#\\\/schema\\\/logo\\\/image\\\/\",\"url\":\"https:\\\/\\\/cdu-kaarst.de\\\/wp-content\\\/uploads\\\/cdu-gesamtlogo.png\",\"contentUrl\":\"https:\\\/\\\/cdu-kaarst.de\\\/wp-content\\\/uploads\\\/cdu-gesamtlogo.png\",\"width\":418,\"height\":120,\"caption\":\"CDU Kaarst-B\u00fcttgen\"},\"image\":{\"@id\":\"https:\\\/\\\/cdu-kaarst.de\\\/#\\\/schema\\\/logo\\\/image\\\/\"}},{\"@type\":\"Person\",\"@id\":\"https:\\\/\\\/cdu-kaarst.de\\\/#\\\/schema\\\/person\\\/05876a2bd7865609f2946e82cbc73476\",\"name\":\"@dm1n\",\"sameAs\":[\"http:\\\/\\\/cdu-kaarst.de\"]}]}<\/script>\n<!-- \/ Yoast SEO plugin. -->","yoast_head_json":{"title":"MIT Kaarst in dialogue with Minister of State Nathanael Liminski - CDU Kaarst-B\u00fcttgen","robots":{"index":"index","follow":"follow","max-snippet":"max-snippet:-1","max-image-preview":"max-image-preview:large","max-video-preview":"max-video-preview:-1"},"canonical":"https:\/\/cdu-kaarst.de\/en\/allgemein\/mit-kaarst-im-austausch-mit-staatsminister-nathanael-liminski\/","og_locale":"en_GB","og_type":"article","og_title":"MIT Kaarst im Austausch mit Staatsminister Nathanael Liminski - CDU Kaarst-B\u00fcttgen","og_description":"Am 25. August 2025 war NRW-Staatsminister Nathanael Liminski zu Gast bei der Mittelstands- und Wirtschaftsunion (MIT) Kaarst. Die Veranstaltung fand im Autohaus Moll statt und bot eine hervorragende Gelegenheit zum offenen Dialog zwischen Wirtschaft, Politik und interessierten B\u00fcrgerinnen und B\u00fcrgern. Im Mittelpunkt des Abends standen zentrale Themen wie die Mobilit\u00e4t der Zukunft, die St\u00e4rkung des [&hellip;]","og_url":"https:\/\/cdu-kaarst.de\/en\/allgemein\/mit-kaarst-im-austausch-mit-staatsminister-nathanael-liminski\/","og_site_name":"CDU Kaarst-B\u00fcttgen","article_published_time":"2025-08-28T05:21:44+00:00","article_modified_time":"2025-08-28T05:24:09+00:00","og_image":[{"width":800,"height":451,"url":"https:\/\/cdu-kaarst.de\/wp-content\/uploads\/mit-kaarst-im-austausch-mit-staatsminister-nathanael-liminski8.jpg","type":"image\/jpeg"}],"author":"@dm1n","twitter_card":"summary_large_image","twitter_misc":{"Written by":"@dm1n","Estimated reading time":"1 minute"},"schema":{"@context":"https:\/\/schema.org","@graph":[{"@type":"Article","@id":"https:\/\/cdu-kaarst.de\/allgemein\/mit-kaarst-im-austausch-mit-staatsminister-nathanael-liminski\/#article","isPartOf":{"@id":"https:\/\/cdu-kaarst.de\/allgemein\/mit-kaarst-im-austausch-mit-staatsminister-nathanael-liminski\/"},"author":{"name":"@dm1n","@id":"https:\/\/cdu-kaarst.de\/#\/schema\/person\/05876a2bd7865609f2946e82cbc73476"},"headline":"MIT Kaarst im Austausch mit Staatsminister Nathanael Liminski","datePublished":"2025-08-28T05:21:44+00:00","dateModified":"2025-08-28T05:24:09+00:00","mainEntityOfPage":{"@id":"https:\/\/cdu-kaarst.de\/allgemein\/mit-kaarst-im-austausch-mit-staatsminister-nathanael-liminski\/"},"wordCount":152,"publisher":{"@id":"https:\/\/cdu-kaarst.de\/#organization"},"image":{"@id":"https:\/\/cdu-kaarst.de\/allgemein\/mit-kaarst-im-austausch-mit-staatsminister-nathanael-liminski\/#primaryimage"},"thumbnailUrl":"https:\/\/cdu-kaarst.de\/wp-content\/uploads\/mit-kaarst-im-austausch-mit-staatsminister-nathanael-liminski8.jpg","articleSection":["Allgemein"],"inLanguage":"en-GB"},{"@type":"WebPage","@id":"https:\/\/cdu-kaarst.de\/allgemein\/mit-kaarst-im-austausch-mit-staatsminister-nathanael-liminski\/","url":"https:\/\/cdu-kaarst.de\/allgemein\/mit-kaarst-im-austausch-mit-staatsminister-nathanael-liminski\/","name":"MIT Kaarst in dialogue with Minister of State Nathanael Liminski - CDU Kaarst-B\u00fcttgen","isPartOf":{"@id":"https:\/\/cdu-kaarst.de\/#website"},"primaryImageOfPage":{"@id":"https:\/\/cdu-kaarst.de\/allgemein\/mit-kaarst-im-austausch-mit-staatsminister-nathanael-liminski\/#primaryimage"},"image":{"@id":"https:\/\/cdu-kaarst.de\/allgemein\/mit-kaarst-im-austausch-mit-staatsminister-nathanael-liminski\/#primaryimage"},"thumbnailUrl":"https:\/\/cdu-kaarst.de\/wp-content\/uploads\/mit-kaarst-im-austausch-mit-staatsminister-nathanael-liminski8.jpg","datePublished":"2025-08-28T05:21:44+00:00","dateModified":"2025-08-28T05:24:09+00:00","breadcrumb":{"@id":"https:\/\/cdu-kaarst.de\/allgemein\/mit-kaarst-im-austausch-mit-staatsminister-nathanael-liminski\/#breadcrumb"},"inLanguage":"en-GB","potentialAction":[{"@type":"ReadAction","target":["https:\/\/cdu-kaarst.de\/allgemein\/mit-kaarst-im-austausch-mit-staatsminister-nathanael-liminski\/"]}]},{"@type":"ImageObject","inLanguage":"en-GB","@id":"https:\/\/cdu-kaarst.de\/allgemein\/mit-kaarst-im-austausch-mit-staatsminister-nathanael-liminski\/#primaryimage","url":"https:\/\/cdu-kaarst.de\/wp-content\/uploads\/mit-kaarst-im-austausch-mit-staatsminister-nathanael-liminski8.jpg","contentUrl":"https:\/\/cdu-kaarst.de\/wp-content\/uploads\/mit-kaarst-im-austausch-mit-staatsminister-nathanael-liminski8.jpg","width":800,"height":451,"caption":"MIT Kaarst im Austausch mit Staatsminister Nathanael Liminski"},{"@type":"BreadcrumbList","@id":"https:\/\/cdu-kaarst.de\/allgemein\/mit-kaarst-im-austausch-mit-staatsminister-nathanael-liminski\/#breadcrumb","itemListElement":[{"@type":"ListItem","position":1,"name":"Startseite","item":"https:\/\/cdu-kaarst.de\/"},{"@type":"ListItem","position":2,"name":"MIT Kaarst im Austausch mit Staatsminister Nathanael Liminski"}]},{"@type":"WebSite","@id":"https:\/\/cdu-kaarst.de\/#website","url":"https:\/\/cdu-kaarst.de\/","name":"CDU Kaarst-B\u00fcttgen","description":"living well in Kaarst","publisher":{"@id":"https:\/\/cdu-kaarst.de\/#organization"},"potentialAction":[{"@type":"SearchAction","target":{"@type":"EntryPoint","urlTemplate":"https:\/\/cdu-kaarst.de\/?s={search_term_string}"},"query-input":{"@type":"PropertyValueSpecification","valueRequired":true,"valueName":"search_term_string"}}],"inLanguage":"en-GB"},{"@type":"Organization","@id":"https:\/\/cdu-kaarst.de\/#organization","name":"CDU Kaarst-B\u00fcttgen","url":"https:\/\/cdu-kaarst.de\/","logo":{"@type":"ImageObject","inLanguage":"en-GB","@id":"https:\/\/cdu-kaarst.de\/#\/schema\/logo\/image\/","url":"https:\/\/cdu-kaarst.de\/wp-content\/uploads\/cdu-gesamtlogo.png","contentUrl":"https:\/\/cdu-kaarst.de\/wp-content\/uploads\/cdu-gesamtlogo.png","width":418,"height":120,"caption":"CDU Kaarst-B\u00fcttgen"},"image":{"@id":"https:\/\/cdu-kaarst.de\/#\/schema\/logo\/image\/"}},{"@type":"Person","@id":"https:\/\/cdu-kaarst.de\/#\/schema\/person\/05876a2bd7865609f2946e82cbc73476","name":"@dm1n","sameAs":["http:\/\/cdu-kaarst.de"]}]}},"_links":{"self":[{"href":"https:\/\/cdu-kaarst.de\/en\/wp-json\/wp\/v2\/posts\/6859","targetHints":{"allow":["GET"]}}],"collection":[{"href":"https:\/\/cdu-kaarst.de\/en\/wp-json\/wp\/v2\/posts"}],"about":[{"href":"https:\/\/cdu-kaarst.de\/en\/wp-json\/wp\/v2\/types\/post"}],"author":[{"embeddable":true,"href":"https:\/\/cdu-kaarst.de\/en\/wp-json\/wp\/v2\/users\/1"}],"replies":[{"embeddable":true,"href":"https:\/\/cdu-kaarst.de\/en\/wp-json\/wp\/v2\/comments?post=6859"}],"version-history":[{"count":2,"href":"https:\/\/cdu-kaarst.de\/en\/wp-json\/wp\/v2\/posts\/6859\/revisions"}],"predecessor-version":[{"id":6871,"href":"https:\/\/cdu-kaarst.de\/en\/wp-json\/wp\/v2\/posts\/6859\/revisions\/6871"}],"wp:featuredmedia":[{"embeddable":true,"href":"https:\/\/cdu-kaarst.de\/en\/wp-json\/wp\/v2\/media\/6860"}],"wp:attachment":[{"href":"https:\/\/cdu-kaarst.de\/en\/wp-json\/wp\/v2\/media?parent=6859"}],"wp:term":[{"taxonomy":"category","embeddable":true,"href":"https:\/\/cdu-kaarst.de\/en\/wp-json\/wp\/v2\/categories?post=6859"},{"taxonomy":"post_tag","embeddable":true,"href":"https:\/\/cdu-kaarst.de\/en\/wp-json\/wp\/v2\/tags?post=6859"}],"curies":[{"name":"wp","href":"https:\/\/api.w.org\/{rel}","templated":true}]}}