{"id":7135,"date":"2026-01-13T15:41:26","date_gmt":"2026-01-13T14:41:26","guid":{"rendered":"https:\/\/cdu-kaarst.de\/?p=7135"},"modified":"2026-01-13T15:44:50","modified_gmt":"2026-01-13T14:44:50","slug":"neujahrsempfang-der-cdu-kaarst","status":"publish","type":"post","link":"https:\/\/cdu-kaarst.de\/en\/allgemein\/neujahrsempfang-der-cdu-kaarst\/","title":{"rendered":"New Year's reception of the CDU Kaarst"},"content":{"rendered":"<h2>Into 2026 with confidence<\/h2>\n<p class=\"xmsonormal\">Around 300 guests accepted the invitation of the CDU Kaarst to the New Year's reception on 11 January 2026 and looked back together on an eventful and successful political year 2025.<\/p>\n<p class=\"xmsonormal\">The excellent result in the local elections and Christian Horn-Heinemann's return to the office of mayor underline the trust of the citizens in the political work of the CDU Kaarst.<\/p>\n<p class=\"xmsonormal\">A highlight of the evening was the speech by North Rhine-Westphalia's Minister of the Interior, Herbert Reul. With clear words, he provided impetus on the topics of security, reliability and social cohesion - topics that will continue to be a focus in Kaarst. The CDU Kaarst looks forward to the new year with confidence, responsibility and a clear will to shape the future. The dialogue with guests from politics, associations, business and the community shows that a lot can be achieved together: A lot can be achieved together - for a strong city and a good future.<\/p>","protected":false},"excerpt":{"rendered":"<p>Mit Zuversicht ins Jahr 2026 Rund 300 G\u00e4ste sind der Einladung der CDU Kaarst zum Neujahrsempfang am 11. Januar 2026 gefolgt und haben gemeinsam auf ein bewegtes und erfolgreiches politisches Jahr 2025 zur\u00fcckgeblickt. Das hervorragende Ergebnis bei der Kommunalwahl sowie die R\u00fcckeroberung des B\u00fcrgermeisteramtes durch Christian Horn-Heinemann unterstreichen das Vertrauen der B\u00fcrger in die politische [&hellip;]<\/p>\n","protected":false},"author":1,"featured_media":7202,"comment_status":"closed","ping_status":"closed","sticky":false,"template":"","format":"standard","meta":{"footnotes":""},"categories":[1],"tags":[],"class_list":["post-7135","post","type-post","status-publish","format-standard","has-post-thumbnail","hentry","category-allgemein"],"yoast_head":"<!-- This site is optimized with the Yoast SEO plugin v27.4 - https:\/\/yoast.com\/product\/yoast-seo-wordpress\/ -->\n<title>Neujahrsempfang der CDU Kaarst - CDU Kaarst-B\u00fcttgen<\/title>\n<meta name=\"robots\" content=\"index, follow, max-snippet:-1, max-image-preview:large, max-video-preview:-1\" \/>\n<link rel=\"canonical\" href=\"https:\/\/cdu-kaarst.de\/en\/allgemein\/neujahrsempfang-der-cdu-kaarst\/\" \/>\n<meta property=\"og:locale\" content=\"en_GB\" \/>\n<meta property=\"og:type\" content=\"article\" \/>\n<meta property=\"og:title\" content=\"Neujahrsempfang der CDU Kaarst - CDU Kaarst-B\u00fcttgen\" \/>\n<meta property=\"og:description\" content=\"Mit Zuversicht ins Jahr 2026 Rund 300 G\u00e4ste sind der Einladung der CDU Kaarst zum Neujahrsempfang am 11. Januar 2026 gefolgt und haben gemeinsam auf ein bewegtes und erfolgreiches politisches Jahr 2025 zur\u00fcckgeblickt. Das hervorragende Ergebnis bei der Kommunalwahl sowie die R\u00fcckeroberung des B\u00fcrgermeisteramtes durch Christian Horn-Heinemann unterstreichen das Vertrauen der B\u00fcrger in die politische [&hellip;]\" \/>\n<meta property=\"og:url\" content=\"https:\/\/cdu-kaarst.de\/en\/allgemein\/neujahrsempfang-der-cdu-kaarst\/\" \/>\n<meta property=\"og:site_name\" content=\"CDU Kaarst-B\u00fcttgen\" \/>\n<meta property=\"article:published_time\" content=\"2026-01-13T14:41:26+00:00\" \/>\n<meta property=\"article:modified_time\" content=\"2026-01-13T14:44:50+00:00\" \/>\n<meta property=\"og:image\" content=\"https:\/\/cdu-kaarst.de\/wp-content\/uploads\/CDU-Kaarst-Neujahrsempfang-2026.jpg\" \/>\n\t<meta property=\"og:image:width\" content=\"1200\" \/>\n\t<meta property=\"og:image:height\" content=\"800\" \/>\n\t<meta property=\"og:image:type\" content=\"image\/jpeg\" \/>\n<meta name=\"author\" content=\"@dm1n\" \/>\n<meta name=\"twitter:card\" content=\"summary_large_image\" \/>\n<meta name=\"twitter:label1\" content=\"Written by\" \/>\n\t<meta name=\"twitter:data1\" content=\"@dm1n\" \/>\n\t<meta name=\"twitter:label2\" content=\"Estimated reading time\" \/>\n\t<meta name=\"twitter:data2\" content=\"1 minute\" \/>\n<script type=\"application\/ld+json\" class=\"yoast-schema-graph\">{\"@context\":\"https:\\\/\\\/schema.org\",\"@graph\":[{\"@type\":\"Article\",\"@id\":\"https:\\\/\\\/cdu-kaarst.de\\\/allgemein\\\/neujahrsempfang-der-cdu-kaarst\\\/#article\",\"isPartOf\":{\"@id\":\"https:\\\/\\\/cdu-kaarst.de\\\/allgemein\\\/neujahrsempfang-der-cdu-kaarst\\\/\"},\"author\":{\"name\":\"@dm1n\",\"@id\":\"https:\\\/\\\/cdu-kaarst.de\\\/#\\\/schema\\\/person\\\/05876a2bd7865609f2946e82cbc73476\"},\"headline\":\"Neujahrsempfang der CDU Kaarst\",\"datePublished\":\"2026-01-13T14:41:26+00:00\",\"dateModified\":\"2026-01-13T14:44:50+00:00\",\"mainEntityOfPage\":{\"@id\":\"https:\\\/\\\/cdu-kaarst.de\\\/allgemein\\\/neujahrsempfang-der-cdu-kaarst\\\/\"},\"wordCount\":143,\"publisher\":{\"@id\":\"https:\\\/\\\/cdu-kaarst.de\\\/#organization\"},\"image\":{\"@id\":\"https:\\\/\\\/cdu-kaarst.de\\\/allgemein\\\/neujahrsempfang-der-cdu-kaarst\\\/#primaryimage\"},\"thumbnailUrl\":\"https:\\\/\\\/cdu-kaarst.de\\\/wp-content\\\/uploads\\\/CDU-Kaarst-Neujahrsempfang-2026.jpg\",\"articleSection\":[\"Allgemein\"],\"inLanguage\":\"en-GB\"},{\"@type\":\"WebPage\",\"@id\":\"https:\\\/\\\/cdu-kaarst.de\\\/allgemein\\\/neujahrsempfang-der-cdu-kaarst\\\/\",\"url\":\"https:\\\/\\\/cdu-kaarst.de\\\/allgemein\\\/neujahrsempfang-der-cdu-kaarst\\\/\",\"name\":\"Neujahrsempfang der CDU Kaarst - CDU Kaarst-B\u00fcttgen\",\"isPartOf\":{\"@id\":\"https:\\\/\\\/cdu-kaarst.de\\\/#website\"},\"primaryImageOfPage\":{\"@id\":\"https:\\\/\\\/cdu-kaarst.de\\\/allgemein\\\/neujahrsempfang-der-cdu-kaarst\\\/#primaryimage\"},\"image\":{\"@id\":\"https:\\\/\\\/cdu-kaarst.de\\\/allgemein\\\/neujahrsempfang-der-cdu-kaarst\\\/#primaryimage\"},\"thumbnailUrl\":\"https:\\\/\\\/cdu-kaarst.de\\\/wp-content\\\/uploads\\\/CDU-Kaarst-Neujahrsempfang-2026.jpg\",\"datePublished\":\"2026-01-13T14:41:26+00:00\",\"dateModified\":\"2026-01-13T14:44:50+00:00\",\"breadcrumb\":{\"@id\":\"https:\\\/\\\/cdu-kaarst.de\\\/allgemein\\\/neujahrsempfang-der-cdu-kaarst\\\/#breadcrumb\"},\"inLanguage\":\"en-GB\",\"potentialAction\":[{\"@type\":\"ReadAction\",\"target\":[\"https:\\\/\\\/cdu-kaarst.de\\\/allgemein\\\/neujahrsempfang-der-cdu-kaarst\\\/\"]}]},{\"@type\":\"ImageObject\",\"inLanguage\":\"en-GB\",\"@id\":\"https:\\\/\\\/cdu-kaarst.de\\\/allgemein\\\/neujahrsempfang-der-cdu-kaarst\\\/#primaryimage\",\"url\":\"https:\\\/\\\/cdu-kaarst.de\\\/wp-content\\\/uploads\\\/CDU-Kaarst-Neujahrsempfang-2026.jpg\",\"contentUrl\":\"https:\\\/\\\/cdu-kaarst.de\\\/wp-content\\\/uploads\\\/CDU-Kaarst-Neujahrsempfang-2026.jpg\",\"width\":1200,\"height\":800},{\"@type\":\"BreadcrumbList\",\"@id\":\"https:\\\/\\\/cdu-kaarst.de\\\/allgemein\\\/neujahrsempfang-der-cdu-kaarst\\\/#breadcrumb\",\"itemListElement\":[{\"@type\":\"ListItem\",\"position\":1,\"name\":\"Startseite\",\"item\":\"https:\\\/\\\/cdu-kaarst.de\\\/\"},{\"@type\":\"ListItem\",\"position\":2,\"name\":\"Neujahrsempfang der CDU Kaarst\"}]},{\"@type\":\"WebSite\",\"@id\":\"https:\\\/\\\/cdu-kaarst.de\\\/#website\",\"url\":\"https:\\\/\\\/cdu-kaarst.de\\\/\",\"name\":\"CDU Kaarst-B\u00fcttgen\",\"description\":\"gut Leben in Kaarst\",\"publisher\":{\"@id\":\"https:\\\/\\\/cdu-kaarst.de\\\/#organization\"},\"potentialAction\":[{\"@type\":\"SearchAction\",\"target\":{\"@type\":\"EntryPoint\",\"urlTemplate\":\"https:\\\/\\\/cdu-kaarst.de\\\/?s={search_term_string}\"},\"query-input\":{\"@type\":\"PropertyValueSpecification\",\"valueRequired\":true,\"valueName\":\"search_term_string\"}}],\"inLanguage\":\"en-GB\"},{\"@type\":\"Organization\",\"@id\":\"https:\\\/\\\/cdu-kaarst.de\\\/#organization\",\"name\":\"CDU Kaarst-B\u00fcttgen\",\"url\":\"https:\\\/\\\/cdu-kaarst.de\\\/\",\"logo\":{\"@type\":\"ImageObject\",\"inLanguage\":\"en-GB\",\"@id\":\"https:\\\/\\\/cdu-kaarst.de\\\/#\\\/schema\\\/logo\\\/image\\\/\",\"url\":\"https:\\\/\\\/cdu-kaarst.de\\\/wp-content\\\/uploads\\\/cdu-gesamtlogo.png\",\"contentUrl\":\"https:\\\/\\\/cdu-kaarst.de\\\/wp-content\\\/uploads\\\/cdu-gesamtlogo.png\",\"width\":418,\"height\":120,\"caption\":\"CDU Kaarst-B\u00fcttgen\"},\"image\":{\"@id\":\"https:\\\/\\\/cdu-kaarst.de\\\/#\\\/schema\\\/logo\\\/image\\\/\"}},{\"@type\":\"Person\",\"@id\":\"https:\\\/\\\/cdu-kaarst.de\\\/#\\\/schema\\\/person\\\/05876a2bd7865609f2946e82cbc73476\",\"name\":\"@dm1n\",\"sameAs\":[\"http:\\\/\\\/cdu-kaarst.de\"]}]}<\/script>\n<!-- \/ Yoast SEO plugin. -->","yoast_head_json":{"title":"New Year's reception of the CDU Kaarst - CDU Kaarst-B\u00fcttgen","robots":{"index":"index","follow":"follow","max-snippet":"max-snippet:-1","max-image-preview":"max-image-preview:large","max-video-preview":"max-video-preview:-1"},"canonical":"https:\/\/cdu-kaarst.de\/en\/allgemein\/neujahrsempfang-der-cdu-kaarst\/","og_locale":"en_GB","og_type":"article","og_title":"Neujahrsempfang der CDU Kaarst - CDU Kaarst-B\u00fcttgen","og_description":"Mit Zuversicht ins Jahr 2026 Rund 300 G\u00e4ste sind der Einladung der CDU Kaarst zum Neujahrsempfang am 11. Januar 2026 gefolgt und haben gemeinsam auf ein bewegtes und erfolgreiches politisches Jahr 2025 zur\u00fcckgeblickt. Das hervorragende Ergebnis bei der Kommunalwahl sowie die R\u00fcckeroberung des B\u00fcrgermeisteramtes durch Christian Horn-Heinemann unterstreichen das Vertrauen der B\u00fcrger in die politische [&hellip;]","og_url":"https:\/\/cdu-kaarst.de\/en\/allgemein\/neujahrsempfang-der-cdu-kaarst\/","og_site_name":"CDU Kaarst-B\u00fcttgen","article_published_time":"2026-01-13T14:41:26+00:00","article_modified_time":"2026-01-13T14:44:50+00:00","og_image":[{"width":1200,"height":800,"url":"https:\/\/cdu-kaarst.de\/wp-content\/uploads\/CDU-Kaarst-Neujahrsempfang-2026.jpg","type":"image\/jpeg"}],"author":"@dm1n","twitter_card":"summary_large_image","twitter_misc":{"Written by":"@dm1n","Estimated reading time":"1 minute"},"schema":{"@context":"https:\/\/schema.org","@graph":[{"@type":"Article","@id":"https:\/\/cdu-kaarst.de\/allgemein\/neujahrsempfang-der-cdu-kaarst\/#article","isPartOf":{"@id":"https:\/\/cdu-kaarst.de\/allgemein\/neujahrsempfang-der-cdu-kaarst\/"},"author":{"name":"@dm1n","@id":"https:\/\/cdu-kaarst.de\/#\/schema\/person\/05876a2bd7865609f2946e82cbc73476"},"headline":"Neujahrsempfang der CDU Kaarst","datePublished":"2026-01-13T14:41:26+00:00","dateModified":"2026-01-13T14:44:50+00:00","mainEntityOfPage":{"@id":"https:\/\/cdu-kaarst.de\/allgemein\/neujahrsempfang-der-cdu-kaarst\/"},"wordCount":143,"publisher":{"@id":"https:\/\/cdu-kaarst.de\/#organization"},"image":{"@id":"https:\/\/cdu-kaarst.de\/allgemein\/neujahrsempfang-der-cdu-kaarst\/#primaryimage"},"thumbnailUrl":"https:\/\/cdu-kaarst.de\/wp-content\/uploads\/CDU-Kaarst-Neujahrsempfang-2026.jpg","articleSection":["Allgemein"],"inLanguage":"en-GB"},{"@type":"WebPage","@id":"https:\/\/cdu-kaarst.de\/allgemein\/neujahrsempfang-der-cdu-kaarst\/","url":"https:\/\/cdu-kaarst.de\/allgemein\/neujahrsempfang-der-cdu-kaarst\/","name":"New Year's reception of the CDU Kaarst - CDU Kaarst-B\u00fcttgen","isPartOf":{"@id":"https:\/\/cdu-kaarst.de\/#website"},"primaryImageOfPage":{"@id":"https:\/\/cdu-kaarst.de\/allgemein\/neujahrsempfang-der-cdu-kaarst\/#primaryimage"},"image":{"@id":"https:\/\/cdu-kaarst.de\/allgemein\/neujahrsempfang-der-cdu-kaarst\/#primaryimage"},"thumbnailUrl":"https:\/\/cdu-kaarst.de\/wp-content\/uploads\/CDU-Kaarst-Neujahrsempfang-2026.jpg","datePublished":"2026-01-13T14:41:26+00:00","dateModified":"2026-01-13T14:44:50+00:00","breadcrumb":{"@id":"https:\/\/cdu-kaarst.de\/allgemein\/neujahrsempfang-der-cdu-kaarst\/#breadcrumb"},"inLanguage":"en-GB","potentialAction":[{"@type":"ReadAction","target":["https:\/\/cdu-kaarst.de\/allgemein\/neujahrsempfang-der-cdu-kaarst\/"]}]},{"@type":"ImageObject","inLanguage":"en-GB","@id":"https:\/\/cdu-kaarst.de\/allgemein\/neujahrsempfang-der-cdu-kaarst\/#primaryimage","url":"https:\/\/cdu-kaarst.de\/wp-content\/uploads\/CDU-Kaarst-Neujahrsempfang-2026.jpg","contentUrl":"https:\/\/cdu-kaarst.de\/wp-content\/uploads\/CDU-Kaarst-Neujahrsempfang-2026.jpg","width":1200,"height":800},{"@type":"BreadcrumbList","@id":"https:\/\/cdu-kaarst.de\/allgemein\/neujahrsempfang-der-cdu-kaarst\/#breadcrumb","itemListElement":[{"@type":"ListItem","position":1,"name":"Startseite","item":"https:\/\/cdu-kaarst.de\/"},{"@type":"ListItem","position":2,"name":"Neujahrsempfang der CDU Kaarst"}]},{"@type":"WebSite","@id":"https:\/\/cdu-kaarst.de\/#website","url":"https:\/\/cdu-kaarst.de\/","name":"CDU Kaarst-B\u00fcttgen","description":"living well in Kaarst","publisher":{"@id":"https:\/\/cdu-kaarst.de\/#organization"},"potentialAction":[{"@type":"SearchAction","target":{"@type":"EntryPoint","urlTemplate":"https:\/\/cdu-kaarst.de\/?s={search_term_string}"},"query-input":{"@type":"PropertyValueSpecification","valueRequired":true,"valueName":"search_term_string"}}],"inLanguage":"en-GB"},{"@type":"Organization","@id":"https:\/\/cdu-kaarst.de\/#organization","name":"CDU Kaarst-B\u00fcttgen","url":"https:\/\/cdu-kaarst.de\/","logo":{"@type":"ImageObject","inLanguage":"en-GB","@id":"https:\/\/cdu-kaarst.de\/#\/schema\/logo\/image\/","url":"https:\/\/cdu-kaarst.de\/wp-content\/uploads\/cdu-gesamtlogo.png","contentUrl":"https:\/\/cdu-kaarst.de\/wp-content\/uploads\/cdu-gesamtlogo.png","width":418,"height":120,"caption":"CDU Kaarst-B\u00fcttgen"},"image":{"@id":"https:\/\/cdu-kaarst.de\/#\/schema\/logo\/image\/"}},{"@type":"Person","@id":"https:\/\/cdu-kaarst.de\/#\/schema\/person\/05876a2bd7865609f2946e82cbc73476","name":"@dm1n","sameAs":["http:\/\/cdu-kaarst.de"]}]}},"_links":{"self":[{"href":"https:\/\/cdu-kaarst.de\/en\/wp-json\/wp\/v2\/posts\/7135","targetHints":{"allow":["GET"]}}],"collection":[{"href":"https:\/\/cdu-kaarst.de\/en\/wp-json\/wp\/v2\/posts"}],"about":[{"href":"https:\/\/cdu-kaarst.de\/en\/wp-json\/wp\/v2\/types\/post"}],"author":[{"embeddable":true,"href":"https:\/\/cdu-kaarst.de\/en\/wp-json\/wp\/v2\/users\/1"}],"replies":[{"embeddable":true,"href":"https:\/\/cdu-kaarst.de\/en\/wp-json\/wp\/v2\/comments?post=7135"}],"version-history":[{"count":2,"href":"https:\/\/cdu-kaarst.de\/en\/wp-json\/wp\/v2\/posts\/7135\/revisions"}],"predecessor-version":[{"id":7203,"href":"https:\/\/cdu-kaarst.de\/en\/wp-json\/wp\/v2\/posts\/7135\/revisions\/7203"}],"wp:featuredmedia":[{"embeddable":true,"href":"https:\/\/cdu-kaarst.de\/en\/wp-json\/wp\/v2\/media\/7202"}],"wp:attachment":[{"href":"https:\/\/cdu-kaarst.de\/en\/wp-json\/wp\/v2\/media?parent=7135"}],"wp:term":[{"taxonomy":"category","embeddable":true,"href":"https:\/\/cdu-kaarst.de\/en\/wp-json\/wp\/v2\/categories?post=7135"},{"taxonomy":"post_tag","embeddable":true,"href":"https:\/\/cdu-kaarst.de\/en\/wp-json\/wp\/v2\/tags?post=7135"}],"curies":[{"name":"wp","href":"https:\/\/api.w.org\/{rel}","templated":true}]}}