{"id":720,"date":"2024-03-13T11:23:04","date_gmt":"2024-03-13T10:23:04","guid":{"rendered":"http:\/\/cdu-kaarst.de\/?p=720"},"modified":"2024-05-16T13:04:42","modified_gmt":"2024-05-16T11:04:42","slug":"die-cdu-kaarst-buettgen-trauert-um-nadine-graber","status":"publish","type":"post","link":"https:\/\/cdu-kaarst.de\/en\/cdu-kaarst\/die-cdu-kaarst-buettgen-trauert-um-nadine-graber\/","title":{"rendered":"The CDU Kaarst-B\u00fcttgen mourns the loss of Nadine Graber"},"content":{"rendered":"<div data-elementor-type=\"wp-post\" data-elementor-id=\"720\" class=\"elementor elementor-720\" data-elementor-post-type=\"post\">\n\t\t\t\t\t\t<section class=\"elementor-section elementor-top-section elementor-element elementor-element-7170f17 elementor-section-boxed elementor-section-height-default elementor-section-height-default\" data-id=\"7170f17\" data-element_type=\"section\" data-e-type=\"section\" data-settings=\"{&quot;jet_parallax_layout_list&quot;:[]}\">\n\t\t\t\t\t\t<div class=\"elementor-container elementor-column-gap-default\">\n\t\t\t\t\t<div class=\"elementor-column elementor-col-100 elementor-top-column elementor-element elementor-element-4d52f78\" data-id=\"4d52f78\" data-element_type=\"column\" data-e-type=\"column\">\n\t\t\t<div class=\"elementor-widget-wrap elementor-element-populated\">\n\t\t\t\t\t\t<div class=\"elementor-element elementor-element-834bc46 elementor-widget elementor-widget-text-editor\" data-id=\"834bc46\" data-element_type=\"widget\" data-e-type=\"widget\" data-widget_type=\"text-editor.default\">\n\t\t\t\t<div class=\"elementor-widget-container\">\n\t\t\t\t\t\t\t\t\t<figure id=\"attachment_708\" aria-describedby=\"caption-attachment-708\" style=\"width: 225px\" class=\"wp-caption alignright\"><img fetchpriority=\"high\" decoding=\"async\" class=\"wp-image-708 size-medium\" src=\"https:\/\/cdu-kaarst.de\/wp-content\/uploads\/csm_Nadine_Graber_schwarz_weiss_a7a4aafcb51-225x300.jpg\" alt=\"CDU Kaarst Nadine Graber\" width=\"225\" height=\"300\" srcset=\"https:\/\/cdu-kaarst.de\/wp-content\/uploads\/csm_Nadine_Graber_schwarz_weiss_a7a4aafcb51-225x300.jpg 225w, https:\/\/cdu-kaarst.de\/wp-content\/uploads\/csm_Nadine_Graber_schwarz_weiss_a7a4aafcb51.jpg 282w\" sizes=\"(max-width: 225px) 100vw, 225px\" \/><figcaption id=\"caption-attachment-708\" class=\"wp-caption-text\">Photo: City of Kaarst<\/figcaption><\/figure><p>We were shocked to learn of the death of our party colleague Nadine Graber.<\/p><p>The CDU, the town of Kaarst and our society have lost a committed, warm-hearted and respected personality. Far too soon, she leaves behind her own, still young family.<\/p><p>As a teacher in the town of Kaarst, as a politically committed CDU member in various positions and as a coach at the DJK Holzb\u00fcttgen football club, Nadine has been a versatile and active personality who has actively contributed to our society.<\/p><p>Our sincere sympathy goes out to her family. May the deeply felt pain turn into silent gratitude.<\/p><p><a href=\"https:\/\/www.kaarst.de\/verwaltung-buergerservice-und-politik\/verwaltung\/presse\/aktuelle-pressemitteilungen\/detail\/detail\/News\/stadt-trauert-um-nadine-graber\" target=\"_blank\" rel=\"noopener\">City mourns the death of Nadine Graber (kaarst.de)<\/a><\/p><p><a href=\"https:\/\/rp-online.de\/nrw\/staedte\/kaarst\/kaarst-stadt-trauert-um-lehrerin-und-ratsfrau-nadine-graber-42_aid-108720575\" target=\"_blank\" rel=\"noopener\">Kaarst: City mourns the death of teacher and councillor Nadine Graber (42) (rp-online.de)<\/a><\/p>\t\t\t\t\t\t\t\t<\/div>\n\t\t\t\t<\/div>\n\t\t\t\t\t<\/div>\n\t\t<\/div>\n\t\t\t\t\t<\/div>\n\t\t<\/section>\n\t\t\t\t<\/div>","protected":false},"excerpt":{"rendered":"<p>Mit Best\u00fcrzung mussten wir vom Tod unserer Parteifreundin Nadine Graber erfahren. Die CDU, die Stadt Kaarst und unsere Gesellschaft verliert eine engagierte, warmherzige und anerkannte Pers\u00f6nlichkeit. Viel zu fr\u00fch hinterl\u00e4sst sie ihre eigene, noch junge Familie. Als\u00a0Lehrerin in der Stadt Kaarst, als politisch engagierte CDUlerin in verschiedenen Positionen und als Trainerin der DJK Holzb\u00fcttgen zeigen, [&hellip;]<\/p>\n","protected":false},"author":1,"featured_media":1130,"comment_status":"closed","ping_status":"closed","sticky":false,"template":"","format":"standard","meta":{"footnotes":""},"categories":[23,25],"tags":[26,27,35,34],"class_list":["post-720","post","type-post","status-publish","format-standard","has-post-thumbnail","hentry","category-cdu-kaarst","category-stadtverband-kaarst-buettgen","tag-cdu-kaarst","tag-kaarst","tag-nadine-graber","tag-stadt-kaarst"],"yoast_head":"<!-- This site is optimized with the Yoast SEO plugin v27.4 - https:\/\/yoast.com\/product\/yoast-seo-wordpress\/ -->\n<title>Die CDU Kaarst-B\u00fcttgen trauert um Nadine Graber - CDU Kaarst-B\u00fcttgen<\/title>\n<meta name=\"robots\" content=\"index, follow, max-snippet:-1, max-image-preview:large, max-video-preview:-1\" \/>\n<link rel=\"canonical\" href=\"https:\/\/cdu-kaarst.de\/en\/cdu-kaarst\/die-cdu-kaarst-buettgen-trauert-um-nadine-graber\/\" \/>\n<meta property=\"og:locale\" content=\"en_GB\" \/>\n<meta property=\"og:type\" content=\"article\" \/>\n<meta property=\"og:title\" content=\"Die CDU Kaarst-B\u00fcttgen trauert um Nadine Graber - CDU Kaarst-B\u00fcttgen\" \/>\n<meta property=\"og:description\" content=\"Mit Best\u00fcrzung mussten wir vom Tod unserer Parteifreundin Nadine Graber erfahren. Die CDU, die Stadt Kaarst und unsere Gesellschaft verliert eine engagierte, warmherzige und anerkannte Pers\u00f6nlichkeit. Viel zu fr\u00fch hinterl\u00e4sst sie ihre eigene, noch junge Familie. Als\u00a0Lehrerin in der Stadt Kaarst, als politisch engagierte CDUlerin in verschiedenen Positionen und als Trainerin der DJK Holzb\u00fcttgen zeigen, [&hellip;]\" \/>\n<meta property=\"og:url\" content=\"https:\/\/cdu-kaarst.de\/en\/cdu-kaarst\/die-cdu-kaarst-buettgen-trauert-um-nadine-graber\/\" \/>\n<meta property=\"og:site_name\" content=\"CDU Kaarst-B\u00fcttgen\" \/>\n<meta property=\"article:published_time\" content=\"2024-03-13T10:23:04+00:00\" \/>\n<meta property=\"article:modified_time\" content=\"2024-05-16T11:04:42+00:00\" \/>\n<meta property=\"og:image\" content=\"https:\/\/cdu-kaarst.de\/wp-content\/uploads\/cdu-kaarst_kohn.jpg\" \/>\n\t<meta property=\"og:image:width\" content=\"1000\" \/>\n\t<meta property=\"og:image:height\" content=\"667\" \/>\n\t<meta property=\"og:image:type\" content=\"image\/jpeg\" \/>\n<meta name=\"author\" content=\"@dm1n\" \/>\n<meta name=\"twitter:card\" content=\"summary_large_image\" \/>\n<meta name=\"twitter:label1\" content=\"Written by\" \/>\n\t<meta name=\"twitter:data1\" content=\"@dm1n\" \/>\n\t<meta name=\"twitter:label2\" content=\"Estimated reading time\" \/>\n\t<meta name=\"twitter:data2\" content=\"1 minute\" \/>\n<script type=\"application\/ld+json\" class=\"yoast-schema-graph\">{\"@context\":\"https:\\\/\\\/schema.org\",\"@graph\":[{\"@type\":\"Article\",\"@id\":\"https:\\\/\\\/cdu-kaarst.de\\\/cdu-kaarst\\\/die-cdu-kaarst-buettgen-trauert-um-nadine-graber\\\/#article\",\"isPartOf\":{\"@id\":\"https:\\\/\\\/cdu-kaarst.de\\\/cdu-kaarst\\\/die-cdu-kaarst-buettgen-trauert-um-nadine-graber\\\/\"},\"author\":{\"name\":\"@dm1n\",\"@id\":\"https:\\\/\\\/cdu-kaarst.de\\\/#\\\/schema\\\/person\\\/05876a2bd7865609f2946e82cbc73476\"},\"headline\":\"Die CDU Kaarst-B\u00fcttgen trauert um Nadine Graber\",\"datePublished\":\"2024-03-13T10:23:04+00:00\",\"dateModified\":\"2024-05-16T11:04:42+00:00\",\"mainEntityOfPage\":{\"@id\":\"https:\\\/\\\/cdu-kaarst.de\\\/cdu-kaarst\\\/die-cdu-kaarst-buettgen-trauert-um-nadine-graber\\\/\"},\"wordCount\":134,\"publisher\":{\"@id\":\"https:\\\/\\\/cdu-kaarst.de\\\/#organization\"},\"image\":{\"@id\":\"https:\\\/\\\/cdu-kaarst.de\\\/cdu-kaarst\\\/die-cdu-kaarst-buettgen-trauert-um-nadine-graber\\\/#primaryimage\"},\"thumbnailUrl\":\"https:\\\/\\\/cdu-kaarst.de\\\/wp-content\\\/uploads\\\/cdu-kaarst_kohn.jpg\",\"keywords\":[\"CDU Kaarst\",\"Kaarst\",\"Nadine Graber\",\"Stadt Kaarst\"],\"articleSection\":[\"CDU Kaarst\",\"Stadtverband Kaarst-B\u00fcttgen\"],\"inLanguage\":\"en-GB\"},{\"@type\":\"WebPage\",\"@id\":\"https:\\\/\\\/cdu-kaarst.de\\\/cdu-kaarst\\\/die-cdu-kaarst-buettgen-trauert-um-nadine-graber\\\/\",\"url\":\"https:\\\/\\\/cdu-kaarst.de\\\/cdu-kaarst\\\/die-cdu-kaarst-buettgen-trauert-um-nadine-graber\\\/\",\"name\":\"Die CDU Kaarst-B\u00fcttgen trauert um Nadine Graber - CDU Kaarst-B\u00fcttgen\",\"isPartOf\":{\"@id\":\"https:\\\/\\\/cdu-kaarst.de\\\/#website\"},\"primaryImageOfPage\":{\"@id\":\"https:\\\/\\\/cdu-kaarst.de\\\/cdu-kaarst\\\/die-cdu-kaarst-buettgen-trauert-um-nadine-graber\\\/#primaryimage\"},\"image\":{\"@id\":\"https:\\\/\\\/cdu-kaarst.de\\\/cdu-kaarst\\\/die-cdu-kaarst-buettgen-trauert-um-nadine-graber\\\/#primaryimage\"},\"thumbnailUrl\":\"https:\\\/\\\/cdu-kaarst.de\\\/wp-content\\\/uploads\\\/cdu-kaarst_kohn.jpg\",\"datePublished\":\"2024-03-13T10:23:04+00:00\",\"dateModified\":\"2024-05-16T11:04:42+00:00\",\"breadcrumb\":{\"@id\":\"https:\\\/\\\/cdu-kaarst.de\\\/cdu-kaarst\\\/die-cdu-kaarst-buettgen-trauert-um-nadine-graber\\\/#breadcrumb\"},\"inLanguage\":\"en-GB\",\"potentialAction\":[{\"@type\":\"ReadAction\",\"target\":[\"https:\\\/\\\/cdu-kaarst.de\\\/cdu-kaarst\\\/die-cdu-kaarst-buettgen-trauert-um-nadine-graber\\\/\"]}]},{\"@type\":\"ImageObject\",\"inLanguage\":\"en-GB\",\"@id\":\"https:\\\/\\\/cdu-kaarst.de\\\/cdu-kaarst\\\/die-cdu-kaarst-buettgen-trauert-um-nadine-graber\\\/#primaryimage\",\"url\":\"https:\\\/\\\/cdu-kaarst.de\\\/wp-content\\\/uploads\\\/cdu-kaarst_kohn.jpg\",\"contentUrl\":\"https:\\\/\\\/cdu-kaarst.de\\\/wp-content\\\/uploads\\\/cdu-kaarst_kohn.jpg\",\"width\":1000,\"height\":667,\"caption\":\"CDU Kaarst | Mohn\"},{\"@type\":\"BreadcrumbList\",\"@id\":\"https:\\\/\\\/cdu-kaarst.de\\\/cdu-kaarst\\\/die-cdu-kaarst-buettgen-trauert-um-nadine-graber\\\/#breadcrumb\",\"itemListElement\":[{\"@type\":\"ListItem\",\"position\":1,\"name\":\"Startseite\",\"item\":\"https:\\\/\\\/cdu-kaarst.de\\\/\"},{\"@type\":\"ListItem\",\"position\":2,\"name\":\"Die CDU Kaarst-B\u00fcttgen trauert um Nadine Graber\"}]},{\"@type\":\"WebSite\",\"@id\":\"https:\\\/\\\/cdu-kaarst.de\\\/#website\",\"url\":\"https:\\\/\\\/cdu-kaarst.de\\\/\",\"name\":\"CDU Kaarst-B\u00fcttgen\",\"description\":\"gut Leben in Kaarst\",\"publisher\":{\"@id\":\"https:\\\/\\\/cdu-kaarst.de\\\/#organization\"},\"potentialAction\":[{\"@type\":\"SearchAction\",\"target\":{\"@type\":\"EntryPoint\",\"urlTemplate\":\"https:\\\/\\\/cdu-kaarst.de\\\/?s={search_term_string}\"},\"query-input\":{\"@type\":\"PropertyValueSpecification\",\"valueRequired\":true,\"valueName\":\"search_term_string\"}}],\"inLanguage\":\"en-GB\"},{\"@type\":\"Organization\",\"@id\":\"https:\\\/\\\/cdu-kaarst.de\\\/#organization\",\"name\":\"CDU Kaarst-B\u00fcttgen\",\"url\":\"https:\\\/\\\/cdu-kaarst.de\\\/\",\"logo\":{\"@type\":\"ImageObject\",\"inLanguage\":\"en-GB\",\"@id\":\"https:\\\/\\\/cdu-kaarst.de\\\/#\\\/schema\\\/logo\\\/image\\\/\",\"url\":\"https:\\\/\\\/cdu-kaarst.de\\\/wp-content\\\/uploads\\\/cdu-gesamtlogo.png\",\"contentUrl\":\"https:\\\/\\\/cdu-kaarst.de\\\/wp-content\\\/uploads\\\/cdu-gesamtlogo.png\",\"width\":418,\"height\":120,\"caption\":\"CDU Kaarst-B\u00fcttgen\"},\"image\":{\"@id\":\"https:\\\/\\\/cdu-kaarst.de\\\/#\\\/schema\\\/logo\\\/image\\\/\"}},{\"@type\":\"Person\",\"@id\":\"https:\\\/\\\/cdu-kaarst.de\\\/#\\\/schema\\\/person\\\/05876a2bd7865609f2946e82cbc73476\",\"name\":\"@dm1n\",\"sameAs\":[\"http:\\\/\\\/cdu-kaarst.de\"]}]}<\/script>\n<!-- \/ Yoast SEO plugin. -->","yoast_head_json":{"title":"Die CDU Kaarst-B\u00fcttgen trauert um Nadine Graber - CDU Kaarst-B\u00fcttgen","robots":{"index":"index","follow":"follow","max-snippet":"max-snippet:-1","max-image-preview":"max-image-preview:large","max-video-preview":"max-video-preview:-1"},"canonical":"https:\/\/cdu-kaarst.de\/en\/cdu-kaarst\/die-cdu-kaarst-buettgen-trauert-um-nadine-graber\/","og_locale":"en_GB","og_type":"article","og_title":"Die CDU Kaarst-B\u00fcttgen trauert um Nadine Graber - CDU Kaarst-B\u00fcttgen","og_description":"Mit Best\u00fcrzung mussten wir vom Tod unserer Parteifreundin Nadine Graber erfahren. Die CDU, die Stadt Kaarst und unsere Gesellschaft verliert eine engagierte, warmherzige und anerkannte Pers\u00f6nlichkeit. Viel zu fr\u00fch hinterl\u00e4sst sie ihre eigene, noch junge Familie. Als\u00a0Lehrerin in der Stadt Kaarst, als politisch engagierte CDUlerin in verschiedenen Positionen und als Trainerin der DJK Holzb\u00fcttgen zeigen, [&hellip;]","og_url":"https:\/\/cdu-kaarst.de\/en\/cdu-kaarst\/die-cdu-kaarst-buettgen-trauert-um-nadine-graber\/","og_site_name":"CDU Kaarst-B\u00fcttgen","article_published_time":"2024-03-13T10:23:04+00:00","article_modified_time":"2024-05-16T11:04:42+00:00","og_image":[{"width":1000,"height":667,"url":"https:\/\/cdu-kaarst.de\/wp-content\/uploads\/cdu-kaarst_kohn.jpg","type":"image\/jpeg"}],"author":"@dm1n","twitter_card":"summary_large_image","twitter_misc":{"Written by":"@dm1n","Estimated reading time":"1 minute"},"schema":{"@context":"https:\/\/schema.org","@graph":[{"@type":"Article","@id":"https:\/\/cdu-kaarst.de\/cdu-kaarst\/die-cdu-kaarst-buettgen-trauert-um-nadine-graber\/#article","isPartOf":{"@id":"https:\/\/cdu-kaarst.de\/cdu-kaarst\/die-cdu-kaarst-buettgen-trauert-um-nadine-graber\/"},"author":{"name":"@dm1n","@id":"https:\/\/cdu-kaarst.de\/#\/schema\/person\/05876a2bd7865609f2946e82cbc73476"},"headline":"Die CDU Kaarst-B\u00fcttgen trauert um Nadine Graber","datePublished":"2024-03-13T10:23:04+00:00","dateModified":"2024-05-16T11:04:42+00:00","mainEntityOfPage":{"@id":"https:\/\/cdu-kaarst.de\/cdu-kaarst\/die-cdu-kaarst-buettgen-trauert-um-nadine-graber\/"},"wordCount":134,"publisher":{"@id":"https:\/\/cdu-kaarst.de\/#organization"},"image":{"@id":"https:\/\/cdu-kaarst.de\/cdu-kaarst\/die-cdu-kaarst-buettgen-trauert-um-nadine-graber\/#primaryimage"},"thumbnailUrl":"https:\/\/cdu-kaarst.de\/wp-content\/uploads\/cdu-kaarst_kohn.jpg","keywords":["CDU Kaarst","Kaarst","Nadine Graber","Stadt Kaarst"],"articleSection":["CDU Kaarst","Stadtverband Kaarst-B\u00fcttgen"],"inLanguage":"en-GB"},{"@type":"WebPage","@id":"https:\/\/cdu-kaarst.de\/cdu-kaarst\/die-cdu-kaarst-buettgen-trauert-um-nadine-graber\/","url":"https:\/\/cdu-kaarst.de\/cdu-kaarst\/die-cdu-kaarst-buettgen-trauert-um-nadine-graber\/","name":"Die CDU Kaarst-B\u00fcttgen trauert um Nadine Graber - CDU Kaarst-B\u00fcttgen","isPartOf":{"@id":"https:\/\/cdu-kaarst.de\/#website"},"primaryImageOfPage":{"@id":"https:\/\/cdu-kaarst.de\/cdu-kaarst\/die-cdu-kaarst-buettgen-trauert-um-nadine-graber\/#primaryimage"},"image":{"@id":"https:\/\/cdu-kaarst.de\/cdu-kaarst\/die-cdu-kaarst-buettgen-trauert-um-nadine-graber\/#primaryimage"},"thumbnailUrl":"https:\/\/cdu-kaarst.de\/wp-content\/uploads\/cdu-kaarst_kohn.jpg","datePublished":"2024-03-13T10:23:04+00:00","dateModified":"2024-05-16T11:04:42+00:00","breadcrumb":{"@id":"https:\/\/cdu-kaarst.de\/cdu-kaarst\/die-cdu-kaarst-buettgen-trauert-um-nadine-graber\/#breadcrumb"},"inLanguage":"en-GB","potentialAction":[{"@type":"ReadAction","target":["https:\/\/cdu-kaarst.de\/cdu-kaarst\/die-cdu-kaarst-buettgen-trauert-um-nadine-graber\/"]}]},{"@type":"ImageObject","inLanguage":"en-GB","@id":"https:\/\/cdu-kaarst.de\/cdu-kaarst\/die-cdu-kaarst-buettgen-trauert-um-nadine-graber\/#primaryimage","url":"https:\/\/cdu-kaarst.de\/wp-content\/uploads\/cdu-kaarst_kohn.jpg","contentUrl":"https:\/\/cdu-kaarst.de\/wp-content\/uploads\/cdu-kaarst_kohn.jpg","width":1000,"height":667,"caption":"CDU Kaarst | Mohn"},{"@type":"BreadcrumbList","@id":"https:\/\/cdu-kaarst.de\/cdu-kaarst\/die-cdu-kaarst-buettgen-trauert-um-nadine-graber\/#breadcrumb","itemListElement":[{"@type":"ListItem","position":1,"name":"Startseite","item":"https:\/\/cdu-kaarst.de\/"},{"@type":"ListItem","position":2,"name":"Die CDU Kaarst-B\u00fcttgen trauert um Nadine Graber"}]},{"@type":"WebSite","@id":"https:\/\/cdu-kaarst.de\/#website","url":"https:\/\/cdu-kaarst.de\/","name":"CDU Kaarst-B\u00fcttgen","description":"living well in Kaarst","publisher":{"@id":"https:\/\/cdu-kaarst.de\/#organization"},"potentialAction":[{"@type":"SearchAction","target":{"@type":"EntryPoint","urlTemplate":"https:\/\/cdu-kaarst.de\/?s={search_term_string}"},"query-input":{"@type":"PropertyValueSpecification","valueRequired":true,"valueName":"search_term_string"}}],"inLanguage":"en-GB"},{"@type":"Organization","@id":"https:\/\/cdu-kaarst.de\/#organization","name":"CDU Kaarst-B\u00fcttgen","url":"https:\/\/cdu-kaarst.de\/","logo":{"@type":"ImageObject","inLanguage":"en-GB","@id":"https:\/\/cdu-kaarst.de\/#\/schema\/logo\/image\/","url":"https:\/\/cdu-kaarst.de\/wp-content\/uploads\/cdu-gesamtlogo.png","contentUrl":"https:\/\/cdu-kaarst.de\/wp-content\/uploads\/cdu-gesamtlogo.png","width":418,"height":120,"caption":"CDU Kaarst-B\u00fcttgen"},"image":{"@id":"https:\/\/cdu-kaarst.de\/#\/schema\/logo\/image\/"}},{"@type":"Person","@id":"https:\/\/cdu-kaarst.de\/#\/schema\/person\/05876a2bd7865609f2946e82cbc73476","name":"@dm1n","sameAs":["http:\/\/cdu-kaarst.de"]}]}},"_links":{"self":[{"href":"https:\/\/cdu-kaarst.de\/en\/wp-json\/wp\/v2\/posts\/720","targetHints":{"allow":["GET"]}}],"collection":[{"href":"https:\/\/cdu-kaarst.de\/en\/wp-json\/wp\/v2\/posts"}],"about":[{"href":"https:\/\/cdu-kaarst.de\/en\/wp-json\/wp\/v2\/types\/post"}],"author":[{"embeddable":true,"href":"https:\/\/cdu-kaarst.de\/en\/wp-json\/wp\/v2\/users\/1"}],"replies":[{"embeddable":true,"href":"https:\/\/cdu-kaarst.de\/en\/wp-json\/wp\/v2\/comments?post=720"}],"version-history":[{"count":29,"href":"https:\/\/cdu-kaarst.de\/en\/wp-json\/wp\/v2\/posts\/720\/revisions"}],"predecessor-version":[{"id":2378,"href":"https:\/\/cdu-kaarst.de\/en\/wp-json\/wp\/v2\/posts\/720\/revisions\/2378"}],"wp:featuredmedia":[{"embeddable":true,"href":"https:\/\/cdu-kaarst.de\/en\/wp-json\/wp\/v2\/media\/1130"}],"wp:attachment":[{"href":"https:\/\/cdu-kaarst.de\/en\/wp-json\/wp\/v2\/media?parent=720"}],"wp:term":[{"taxonomy":"category","embeddable":true,"href":"https:\/\/cdu-kaarst.de\/en\/wp-json\/wp\/v2\/categories?post=720"},{"taxonomy":"post_tag","embeddable":true,"href":"https:\/\/cdu-kaarst.de\/en\/wp-json\/wp\/v2\/tags?post=720"}],"curies":[{"name":"wp","href":"https:\/\/api.w.org\/{rel}","templated":true}]}}