{"id":7272,"date":"2026-03-10T13:31:37","date_gmt":"2026-03-10T12:31:37","guid":{"rendered":"https:\/\/cdu-kaarst.de\/?p=7272"},"modified":"2026-03-10T13:32:18","modified_gmt":"2026-03-10T12:32:18","slug":"weltfrauentag-2026-warum-er-wichtig-bleibt","status":"publish","type":"post","link":"https:\/\/cdu-kaarst.de\/en\/frauen-union\/weltfrauentag-2026-warum-er-wichtig-bleibt\/","title":{"rendered":"International Women's Day 2026: Why it remains important"},"content":{"rendered":"<p>On 7 March, we were active with the CDA at the Kaarster weekly market to celebrate our achievements with flowers and to encourage all women to stand up for themselves with our self-designed power cards. Thank you for the time for the lively exchange and the motivational moments for us to continue running this marathon, because equality means more than formal equal rights: In everyday life, women largely earn less than men in similar jobs, are less likely to be managers and have to defend themselves against clich\u00e9s or prejudices. Unpaid care work and family management are often taken on in addition.<\/p>\n<p>This is exactly where International Women's Day comes in: Drawing attention to inequalities and showing what women achieve socially, culturally and economically. It is a reminder of how hard rights and freedoms have been fought for and that it is important to defend them again and again and to support each other in doing so.<\/p>","protected":false},"excerpt":{"rendered":"<p>Am 7. M\u00e4rz waren wir mit der CDA auf dem Kaarster Wochenmarkt aktiv, um mit Blumen Erreichtes feiern und mit unseren selbst entworfenen Power-Karten allen Frauen Mut zu machen, f\u00fcr sich selbst einzutreten. Danke f\u00fcr die Zeit f\u00fcr den regen Austausch und die Motivationsmomente an uns, diesen Marathon weiterzulaufen, denn Gleichstellung bedeutet mehr als formale [&hellip;]<\/p>\n","protected":false},"author":1,"featured_media":7276,"comment_status":"closed","ping_status":"closed","sticky":false,"template":"","format":"standard","meta":{"footnotes":""},"categories":[71],"tags":[126],"class_list":["post-7272","post","type-post","status-publish","format-standard","has-post-thumbnail","hentry","category-frauen-union","tag-weltfrauentag"],"yoast_head":"<!-- This site is optimized with the Yoast SEO plugin v27.4 - https:\/\/yoast.com\/product\/yoast-seo-wordpress\/ -->\n<title>Weltfrauentag 2026: Warum er wichtig bleibt - CDU Kaarst-B\u00fcttgen<\/title>\n<meta name=\"robots\" content=\"index, follow, max-snippet:-1, max-image-preview:large, max-video-preview:-1\" \/>\n<link rel=\"canonical\" href=\"https:\/\/cdu-kaarst.de\/en\/frauen-union\/weltfrauentag-2026-warum-er-wichtig-bleibt\/\" \/>\n<meta property=\"og:locale\" content=\"en_GB\" \/>\n<meta property=\"og:type\" content=\"article\" \/>\n<meta property=\"og:title\" content=\"Weltfrauentag 2026: Warum er wichtig bleibt - CDU Kaarst-B\u00fcttgen\" \/>\n<meta property=\"og:description\" content=\"Am 7. M\u00e4rz waren wir mit der CDA auf dem Kaarster Wochenmarkt aktiv, um mit Blumen Erreichtes feiern und mit unseren selbst entworfenen Power-Karten allen Frauen Mut zu machen, f\u00fcr sich selbst einzutreten. Danke f\u00fcr die Zeit f\u00fcr den regen Austausch und die Motivationsmomente an uns, diesen Marathon weiterzulaufen, denn Gleichstellung bedeutet mehr als formale [&hellip;]\" \/>\n<meta property=\"og:url\" content=\"https:\/\/cdu-kaarst.de\/en\/frauen-union\/weltfrauentag-2026-warum-er-wichtig-bleibt\/\" \/>\n<meta property=\"og:site_name\" content=\"CDU Kaarst-B\u00fcttgen\" \/>\n<meta property=\"article:published_time\" content=\"2026-03-10T12:31:37+00:00\" \/>\n<meta property=\"article:modified_time\" content=\"2026-03-10T12:32:18+00:00\" \/>\n<meta property=\"og:image\" content=\"https:\/\/cdu-kaarst.de\/wp-content\/uploads\/welt-frauentag-04.jpg\" \/>\n\t<meta property=\"og:image:width\" content=\"1000\" \/>\n\t<meta property=\"og:image:height\" content=\"667\" \/>\n\t<meta property=\"og:image:type\" content=\"image\/jpeg\" \/>\n<meta name=\"author\" content=\"@dm1n\" \/>\n<meta name=\"twitter:card\" content=\"summary_large_image\" \/>\n<meta name=\"twitter:label1\" content=\"Written by\" \/>\n\t<meta name=\"twitter:data1\" content=\"@dm1n\" \/>\n\t<meta name=\"twitter:label2\" content=\"Estimated reading time\" \/>\n\t<meta name=\"twitter:data2\" content=\"1 minute\" \/>\n<script type=\"application\/ld+json\" class=\"yoast-schema-graph\">{\"@context\":\"https:\\\/\\\/schema.org\",\"@graph\":[{\"@type\":\"Article\",\"@id\":\"https:\\\/\\\/cdu-kaarst.de\\\/frauen-union\\\/weltfrauentag-2026-warum-er-wichtig-bleibt\\\/#article\",\"isPartOf\":{\"@id\":\"https:\\\/\\\/cdu-kaarst.de\\\/frauen-union\\\/weltfrauentag-2026-warum-er-wichtig-bleibt\\\/\"},\"author\":{\"name\":\"@dm1n\",\"@id\":\"https:\\\/\\\/cdu-kaarst.de\\\/#\\\/schema\\\/person\\\/05876a2bd7865609f2946e82cbc73476\"},\"headline\":\"Weltfrauentag 2026: Warum er wichtig bleibt\",\"datePublished\":\"2026-03-10T12:31:37+00:00\",\"dateModified\":\"2026-03-10T12:32:18+00:00\",\"mainEntityOfPage\":{\"@id\":\"https:\\\/\\\/cdu-kaarst.de\\\/frauen-union\\\/weltfrauentag-2026-warum-er-wichtig-bleibt\\\/\"},\"wordCount\":150,\"publisher\":{\"@id\":\"https:\\\/\\\/cdu-kaarst.de\\\/#organization\"},\"image\":{\"@id\":\"https:\\\/\\\/cdu-kaarst.de\\\/frauen-union\\\/weltfrauentag-2026-warum-er-wichtig-bleibt\\\/#primaryimage\"},\"thumbnailUrl\":\"https:\\\/\\\/cdu-kaarst.de\\\/wp-content\\\/uploads\\\/welt-frauentag-04.jpg\",\"keywords\":[\"Weltfrauentag\"],\"articleSection\":[\"Frauen Union\"],\"inLanguage\":\"en-GB\"},{\"@type\":\"WebPage\",\"@id\":\"https:\\\/\\\/cdu-kaarst.de\\\/frauen-union\\\/weltfrauentag-2026-warum-er-wichtig-bleibt\\\/\",\"url\":\"https:\\\/\\\/cdu-kaarst.de\\\/frauen-union\\\/weltfrauentag-2026-warum-er-wichtig-bleibt\\\/\",\"name\":\"Weltfrauentag 2026: Warum er wichtig bleibt - CDU Kaarst-B\u00fcttgen\",\"isPartOf\":{\"@id\":\"https:\\\/\\\/cdu-kaarst.de\\\/#website\"},\"primaryImageOfPage\":{\"@id\":\"https:\\\/\\\/cdu-kaarst.de\\\/frauen-union\\\/weltfrauentag-2026-warum-er-wichtig-bleibt\\\/#primaryimage\"},\"image\":{\"@id\":\"https:\\\/\\\/cdu-kaarst.de\\\/frauen-union\\\/weltfrauentag-2026-warum-er-wichtig-bleibt\\\/#primaryimage\"},\"thumbnailUrl\":\"https:\\\/\\\/cdu-kaarst.de\\\/wp-content\\\/uploads\\\/welt-frauentag-04.jpg\",\"datePublished\":\"2026-03-10T12:31:37+00:00\",\"dateModified\":\"2026-03-10T12:32:18+00:00\",\"breadcrumb\":{\"@id\":\"https:\\\/\\\/cdu-kaarst.de\\\/frauen-union\\\/weltfrauentag-2026-warum-er-wichtig-bleibt\\\/#breadcrumb\"},\"inLanguage\":\"en-GB\",\"potentialAction\":[{\"@type\":\"ReadAction\",\"target\":[\"https:\\\/\\\/cdu-kaarst.de\\\/frauen-union\\\/weltfrauentag-2026-warum-er-wichtig-bleibt\\\/\"]}]},{\"@type\":\"ImageObject\",\"inLanguage\":\"en-GB\",\"@id\":\"https:\\\/\\\/cdu-kaarst.de\\\/frauen-union\\\/weltfrauentag-2026-warum-er-wichtig-bleibt\\\/#primaryimage\",\"url\":\"https:\\\/\\\/cdu-kaarst.de\\\/wp-content\\\/uploads\\\/welt-frauentag-04.jpg\",\"contentUrl\":\"https:\\\/\\\/cdu-kaarst.de\\\/wp-content\\\/uploads\\\/welt-frauentag-04.jpg\",\"width\":1000,\"height\":667},{\"@type\":\"BreadcrumbList\",\"@id\":\"https:\\\/\\\/cdu-kaarst.de\\\/frauen-union\\\/weltfrauentag-2026-warum-er-wichtig-bleibt\\\/#breadcrumb\",\"itemListElement\":[{\"@type\":\"ListItem\",\"position\":1,\"name\":\"Startseite\",\"item\":\"https:\\\/\\\/cdu-kaarst.de\\\/\"},{\"@type\":\"ListItem\",\"position\":2,\"name\":\"Weltfrauentag 2026: Warum er wichtig bleibt\"}]},{\"@type\":\"WebSite\",\"@id\":\"https:\\\/\\\/cdu-kaarst.de\\\/#website\",\"url\":\"https:\\\/\\\/cdu-kaarst.de\\\/\",\"name\":\"CDU Kaarst-B\u00fcttgen\",\"description\":\"gut Leben in Kaarst\",\"publisher\":{\"@id\":\"https:\\\/\\\/cdu-kaarst.de\\\/#organization\"},\"potentialAction\":[{\"@type\":\"SearchAction\",\"target\":{\"@type\":\"EntryPoint\",\"urlTemplate\":\"https:\\\/\\\/cdu-kaarst.de\\\/?s={search_term_string}\"},\"query-input\":{\"@type\":\"PropertyValueSpecification\",\"valueRequired\":true,\"valueName\":\"search_term_string\"}}],\"inLanguage\":\"en-GB\"},{\"@type\":\"Organization\",\"@id\":\"https:\\\/\\\/cdu-kaarst.de\\\/#organization\",\"name\":\"CDU Kaarst-B\u00fcttgen\",\"url\":\"https:\\\/\\\/cdu-kaarst.de\\\/\",\"logo\":{\"@type\":\"ImageObject\",\"inLanguage\":\"en-GB\",\"@id\":\"https:\\\/\\\/cdu-kaarst.de\\\/#\\\/schema\\\/logo\\\/image\\\/\",\"url\":\"https:\\\/\\\/cdu-kaarst.de\\\/wp-content\\\/uploads\\\/cdu-gesamtlogo.png\",\"contentUrl\":\"https:\\\/\\\/cdu-kaarst.de\\\/wp-content\\\/uploads\\\/cdu-gesamtlogo.png\",\"width\":418,\"height\":120,\"caption\":\"CDU Kaarst-B\u00fcttgen\"},\"image\":{\"@id\":\"https:\\\/\\\/cdu-kaarst.de\\\/#\\\/schema\\\/logo\\\/image\\\/\"}},{\"@type\":\"Person\",\"@id\":\"https:\\\/\\\/cdu-kaarst.de\\\/#\\\/schema\\\/person\\\/05876a2bd7865609f2946e82cbc73476\",\"name\":\"@dm1n\",\"sameAs\":[\"http:\\\/\\\/cdu-kaarst.de\"]}]}<\/script>\n<!-- \/ Yoast SEO plugin. -->","yoast_head_json":{"title":"Weltfrauentag 2026: Warum er wichtig bleibt - CDU Kaarst-B\u00fcttgen","robots":{"index":"index","follow":"follow","max-snippet":"max-snippet:-1","max-image-preview":"max-image-preview:large","max-video-preview":"max-video-preview:-1"},"canonical":"https:\/\/cdu-kaarst.de\/en\/frauen-union\/weltfrauentag-2026-warum-er-wichtig-bleibt\/","og_locale":"en_GB","og_type":"article","og_title":"Weltfrauentag 2026: Warum er wichtig bleibt - CDU Kaarst-B\u00fcttgen","og_description":"Am 7. M\u00e4rz waren wir mit der CDA auf dem Kaarster Wochenmarkt aktiv, um mit Blumen Erreichtes feiern und mit unseren selbst entworfenen Power-Karten allen Frauen Mut zu machen, f\u00fcr sich selbst einzutreten. Danke f\u00fcr die Zeit f\u00fcr den regen Austausch und die Motivationsmomente an uns, diesen Marathon weiterzulaufen, denn Gleichstellung bedeutet mehr als formale [&hellip;]","og_url":"https:\/\/cdu-kaarst.de\/en\/frauen-union\/weltfrauentag-2026-warum-er-wichtig-bleibt\/","og_site_name":"CDU Kaarst-B\u00fcttgen","article_published_time":"2026-03-10T12:31:37+00:00","article_modified_time":"2026-03-10T12:32:18+00:00","og_image":[{"width":1000,"height":667,"url":"https:\/\/cdu-kaarst.de\/wp-content\/uploads\/welt-frauentag-04.jpg","type":"image\/jpeg"}],"author":"@dm1n","twitter_card":"summary_large_image","twitter_misc":{"Written by":"@dm1n","Estimated reading time":"1 minute"},"schema":{"@context":"https:\/\/schema.org","@graph":[{"@type":"Article","@id":"https:\/\/cdu-kaarst.de\/frauen-union\/weltfrauentag-2026-warum-er-wichtig-bleibt\/#article","isPartOf":{"@id":"https:\/\/cdu-kaarst.de\/frauen-union\/weltfrauentag-2026-warum-er-wichtig-bleibt\/"},"author":{"name":"@dm1n","@id":"https:\/\/cdu-kaarst.de\/#\/schema\/person\/05876a2bd7865609f2946e82cbc73476"},"headline":"Weltfrauentag 2026: Warum er wichtig bleibt","datePublished":"2026-03-10T12:31:37+00:00","dateModified":"2026-03-10T12:32:18+00:00","mainEntityOfPage":{"@id":"https:\/\/cdu-kaarst.de\/frauen-union\/weltfrauentag-2026-warum-er-wichtig-bleibt\/"},"wordCount":150,"publisher":{"@id":"https:\/\/cdu-kaarst.de\/#organization"},"image":{"@id":"https:\/\/cdu-kaarst.de\/frauen-union\/weltfrauentag-2026-warum-er-wichtig-bleibt\/#primaryimage"},"thumbnailUrl":"https:\/\/cdu-kaarst.de\/wp-content\/uploads\/welt-frauentag-04.jpg","keywords":["Weltfrauentag"],"articleSection":["Frauen Union"],"inLanguage":"en-GB"},{"@type":"WebPage","@id":"https:\/\/cdu-kaarst.de\/frauen-union\/weltfrauentag-2026-warum-er-wichtig-bleibt\/","url":"https:\/\/cdu-kaarst.de\/frauen-union\/weltfrauentag-2026-warum-er-wichtig-bleibt\/","name":"Weltfrauentag 2026: Warum er wichtig bleibt - CDU Kaarst-B\u00fcttgen","isPartOf":{"@id":"https:\/\/cdu-kaarst.de\/#website"},"primaryImageOfPage":{"@id":"https:\/\/cdu-kaarst.de\/frauen-union\/weltfrauentag-2026-warum-er-wichtig-bleibt\/#primaryimage"},"image":{"@id":"https:\/\/cdu-kaarst.de\/frauen-union\/weltfrauentag-2026-warum-er-wichtig-bleibt\/#primaryimage"},"thumbnailUrl":"https:\/\/cdu-kaarst.de\/wp-content\/uploads\/welt-frauentag-04.jpg","datePublished":"2026-03-10T12:31:37+00:00","dateModified":"2026-03-10T12:32:18+00:00","breadcrumb":{"@id":"https:\/\/cdu-kaarst.de\/frauen-union\/weltfrauentag-2026-warum-er-wichtig-bleibt\/#breadcrumb"},"inLanguage":"en-GB","potentialAction":[{"@type":"ReadAction","target":["https:\/\/cdu-kaarst.de\/frauen-union\/weltfrauentag-2026-warum-er-wichtig-bleibt\/"]}]},{"@type":"ImageObject","inLanguage":"en-GB","@id":"https:\/\/cdu-kaarst.de\/frauen-union\/weltfrauentag-2026-warum-er-wichtig-bleibt\/#primaryimage","url":"https:\/\/cdu-kaarst.de\/wp-content\/uploads\/welt-frauentag-04.jpg","contentUrl":"https:\/\/cdu-kaarst.de\/wp-content\/uploads\/welt-frauentag-04.jpg","width":1000,"height":667},{"@type":"BreadcrumbList","@id":"https:\/\/cdu-kaarst.de\/frauen-union\/weltfrauentag-2026-warum-er-wichtig-bleibt\/#breadcrumb","itemListElement":[{"@type":"ListItem","position":1,"name":"Startseite","item":"https:\/\/cdu-kaarst.de\/"},{"@type":"ListItem","position":2,"name":"Weltfrauentag 2026: Warum er wichtig bleibt"}]},{"@type":"WebSite","@id":"https:\/\/cdu-kaarst.de\/#website","url":"https:\/\/cdu-kaarst.de\/","name":"CDU Kaarst-B\u00fcttgen","description":"living well in Kaarst","publisher":{"@id":"https:\/\/cdu-kaarst.de\/#organization"},"potentialAction":[{"@type":"SearchAction","target":{"@type":"EntryPoint","urlTemplate":"https:\/\/cdu-kaarst.de\/?s={search_term_string}"},"query-input":{"@type":"PropertyValueSpecification","valueRequired":true,"valueName":"search_term_string"}}],"inLanguage":"en-GB"},{"@type":"Organization","@id":"https:\/\/cdu-kaarst.de\/#organization","name":"CDU Kaarst-B\u00fcttgen","url":"https:\/\/cdu-kaarst.de\/","logo":{"@type":"ImageObject","inLanguage":"en-GB","@id":"https:\/\/cdu-kaarst.de\/#\/schema\/logo\/image\/","url":"https:\/\/cdu-kaarst.de\/wp-content\/uploads\/cdu-gesamtlogo.png","contentUrl":"https:\/\/cdu-kaarst.de\/wp-content\/uploads\/cdu-gesamtlogo.png","width":418,"height":120,"caption":"CDU Kaarst-B\u00fcttgen"},"image":{"@id":"https:\/\/cdu-kaarst.de\/#\/schema\/logo\/image\/"}},{"@type":"Person","@id":"https:\/\/cdu-kaarst.de\/#\/schema\/person\/05876a2bd7865609f2946e82cbc73476","name":"@dm1n","sameAs":["http:\/\/cdu-kaarst.de"]}]}},"_links":{"self":[{"href":"https:\/\/cdu-kaarst.de\/en\/wp-json\/wp\/v2\/posts\/7272","targetHints":{"allow":["GET"]}}],"collection":[{"href":"https:\/\/cdu-kaarst.de\/en\/wp-json\/wp\/v2\/posts"}],"about":[{"href":"https:\/\/cdu-kaarst.de\/en\/wp-json\/wp\/v2\/types\/post"}],"author":[{"embeddable":true,"href":"https:\/\/cdu-kaarst.de\/en\/wp-json\/wp\/v2\/users\/1"}],"replies":[{"embeddable":true,"href":"https:\/\/cdu-kaarst.de\/en\/wp-json\/wp\/v2\/comments?post=7272"}],"version-history":[{"count":1,"href":"https:\/\/cdu-kaarst.de\/en\/wp-json\/wp\/v2\/posts\/7272\/revisions"}],"predecessor-version":[{"id":7278,"href":"https:\/\/cdu-kaarst.de\/en\/wp-json\/wp\/v2\/posts\/7272\/revisions\/7278"}],"wp:featuredmedia":[{"embeddable":true,"href":"https:\/\/cdu-kaarst.de\/en\/wp-json\/wp\/v2\/media\/7276"}],"wp:attachment":[{"href":"https:\/\/cdu-kaarst.de\/en\/wp-json\/wp\/v2\/media?parent=7272"}],"wp:term":[{"taxonomy":"category","embeddable":true,"href":"https:\/\/cdu-kaarst.de\/en\/wp-json\/wp\/v2\/categories?post=7272"},{"taxonomy":"post_tag","embeddable":true,"href":"https:\/\/cdu-kaarst.de\/en\/wp-json\/wp\/v2\/tags?post=7272"}],"curies":[{"name":"wp","href":"https:\/\/api.w.org\/{rel}","templated":true}]}}