{"id":7279,"date":"2026-03-16T10:58:56","date_gmt":"2026-03-16T09:58:56","guid":{"rendered":"https:\/\/cdu-kaarst.de\/?p=7279"},"modified":"2026-03-16T11:00:59","modified_gmt":"2026-03-16T10:00:59","slug":"beispiellose-zerstoerung-im-stadtpark-cdu-kaarst-fordert-lueckenlose-aufklaerung","status":"publish","type":"post","link":"https:\/\/cdu-kaarst.de\/en\/allgemein\/beispiellose-zerstoerung-im-stadtpark-cdu-kaarst-fordert-lueckenlose-aufklaerung\/","title":{"rendered":"Unprecedented destruction in the city park: CDU Kaarst demands complete clarification"},"content":{"rendered":"<p><strong>Massive vandalism hits the green heart of the city - CDU examines security measures<\/strong><\/p>\n<p>The CDU Kaarst is deeply shocked by the wilful destruction in the city park on Sunday night. Unknown perpetrators cut down and severely damaged several decades-old trees, permanently changing the familiar cityscape.<\/p>\n<p>Group Chairman <strong>Ingo Kotzian<\/strong> was stunned by the incident: \u201eI can't imagine what is going on in the minds of the perpetrators. This madness is almost incomprehensible.\u201c He emphasised that the perpetrators used chainsaws, which represents a new dimension of violence against urban nature. Party chairman <strong>Dennis Oscheja<\/strong> emphasises the long-term nature of the damage: \u201eWhat has been destroyed here has grown over generations. Damage like this leaves a gap for many years to come.\u201c<\/p>\n<p>The CDU is now calling on the investigating authorities to investigate this \u201ebrutal intrusion into the soul of the city\u201c at full speed. As a political consequence, the CDU parliamentary group will examine whether, despite the difficult budgetary situation, the reintroduction of a <strong>night security service<\/strong> in the city park is necessary to protect citizens and nature from further encroachments.<\/p>","protected":false},"excerpt":{"rendered":"<p>Massiver Vandalismus trifft das gr\u00fcne Herz der Stadt \u2013 CDU pr\u00fcft Sicherheitsma\u00dfnahmen Die CDU Kaarst zeigt sich tief ersch\u00fcttert \u00fcber die mutwillige Zerst\u00f6rung im Stadtpark in der Nacht zu Sonntag. Unbekannte T\u00e4ter f\u00e4llten und besch\u00e4digten mehrere jahrzehntealte B\u00e4ume massiv, was das gewohnte Stadtbild dauerhaft ver\u00e4ndert hat. Fraktionsvorsitzender Ingo Kotzian reagierte fassungslos auf den Vorfall: \u201eWas [&hellip;]<\/p>\n","protected":false},"author":1,"featured_media":7281,"comment_status":"closed","ping_status":"closed","sticky":false,"template":"","format":"standard","meta":{"footnotes":""},"categories":[1,94],"tags":[],"class_list":["post-7279","post","type-post","status-publish","format-standard","has-post-thumbnail","hentry","category-allgemein","category-ortsverband-kaarst"],"yoast_head":"<!-- This site is optimized with the Yoast SEO plugin v27.4 - https:\/\/yoast.com\/product\/yoast-seo-wordpress\/ -->\n<title>Beispiellose Zerst\u00f6rung im Stadtpark: CDU Kaarst fordert l\u00fcckenlose Aufkl\u00e4rung - CDU Kaarst-B\u00fcttgen<\/title>\n<meta name=\"robots\" content=\"index, follow, max-snippet:-1, max-image-preview:large, max-video-preview:-1\" \/>\n<link rel=\"canonical\" href=\"https:\/\/cdu-kaarst.de\/en\/allgemein\/beispiellose-zerstoerung-im-stadtpark-cdu-kaarst-fordert-lueckenlose-aufklaerung\/\" \/>\n<meta property=\"og:locale\" content=\"en_GB\" \/>\n<meta property=\"og:type\" content=\"article\" \/>\n<meta property=\"og:title\" content=\"Beispiellose Zerst\u00f6rung im Stadtpark: CDU Kaarst fordert l\u00fcckenlose Aufkl\u00e4rung - CDU Kaarst-B\u00fcttgen\" \/>\n<meta property=\"og:description\" content=\"Massiver Vandalismus trifft das gr\u00fcne Herz der Stadt \u2013 CDU pr\u00fcft Sicherheitsma\u00dfnahmen Die CDU Kaarst zeigt sich tief ersch\u00fcttert \u00fcber die mutwillige Zerst\u00f6rung im Stadtpark in der Nacht zu Sonntag. Unbekannte T\u00e4ter f\u00e4llten und besch\u00e4digten mehrere jahrzehntealte B\u00e4ume massiv, was das gewohnte Stadtbild dauerhaft ver\u00e4ndert hat. Fraktionsvorsitzender Ingo Kotzian reagierte fassungslos auf den Vorfall: \u201eWas [&hellip;]\" \/>\n<meta property=\"og:url\" content=\"https:\/\/cdu-kaarst.de\/en\/allgemein\/beispiellose-zerstoerung-im-stadtpark-cdu-kaarst-fordert-lueckenlose-aufklaerung\/\" \/>\n<meta property=\"og:site_name\" content=\"CDU Kaarst-B\u00fcttgen\" \/>\n<meta property=\"article:published_time\" content=\"2026-03-16T09:58:56+00:00\" \/>\n<meta property=\"article:modified_time\" content=\"2026-03-16T10:00:59+00:00\" \/>\n<meta property=\"og:image\" content=\"https:\/\/cdu-kaarst.de\/wp-content\/uploads\/cdu-kaarst-news-beispiellose-zerstoerung-stadtpark-03.jpg\" \/>\n\t<meta property=\"og:image:width\" content=\"1440\" \/>\n\t<meta property=\"og:image:height\" content=\"1920\" \/>\n\t<meta property=\"og:image:type\" content=\"image\/jpeg\" \/>\n<meta name=\"author\" content=\"@dm1n\" \/>\n<meta name=\"twitter:card\" content=\"summary_large_image\" \/>\n<meta name=\"twitter:label1\" content=\"Written by\" \/>\n\t<meta name=\"twitter:data1\" content=\"@dm1n\" \/>\n\t<meta name=\"twitter:label2\" content=\"Estimated reading time\" \/>\n\t<meta name=\"twitter:data2\" content=\"2 minutes\" \/>\n<script type=\"application\/ld+json\" class=\"yoast-schema-graph\">{\"@context\":\"https:\\\/\\\/schema.org\",\"@graph\":[{\"@type\":\"Article\",\"@id\":\"https:\\\/\\\/cdu-kaarst.de\\\/allgemein\\\/beispiellose-zerstoerung-im-stadtpark-cdu-kaarst-fordert-lueckenlose-aufklaerung\\\/#article\",\"isPartOf\":{\"@id\":\"https:\\\/\\\/cdu-kaarst.de\\\/allgemein\\\/beispiellose-zerstoerung-im-stadtpark-cdu-kaarst-fordert-lueckenlose-aufklaerung\\\/\"},\"author\":{\"name\":\"@dm1n\",\"@id\":\"https:\\\/\\\/cdu-kaarst.de\\\/#\\\/schema\\\/person\\\/05876a2bd7865609f2946e82cbc73476\"},\"headline\":\"Beispiellose Zerst\u00f6rung im Stadtpark: CDU Kaarst fordert l\u00fcckenlose Aufkl\u00e4rung\",\"datePublished\":\"2026-03-16T09:58:56+00:00\",\"dateModified\":\"2026-03-16T10:00:59+00:00\",\"mainEntityOfPage\":{\"@id\":\"https:\\\/\\\/cdu-kaarst.de\\\/allgemein\\\/beispiellose-zerstoerung-im-stadtpark-cdu-kaarst-fordert-lueckenlose-aufklaerung\\\/\"},\"wordCount\":202,\"publisher\":{\"@id\":\"https:\\\/\\\/cdu-kaarst.de\\\/#organization\"},\"image\":{\"@id\":\"https:\\\/\\\/cdu-kaarst.de\\\/allgemein\\\/beispiellose-zerstoerung-im-stadtpark-cdu-kaarst-fordert-lueckenlose-aufklaerung\\\/#primaryimage\"},\"thumbnailUrl\":\"https:\\\/\\\/cdu-kaarst.de\\\/wp-content\\\/uploads\\\/cdu-kaarst-news-beispiellose-zerstoerung-stadtpark-03.jpg\",\"articleSection\":[\"Allgemein\",\"Ortsverband Kaarst\"],\"inLanguage\":\"en-GB\"},{\"@type\":\"WebPage\",\"@id\":\"https:\\\/\\\/cdu-kaarst.de\\\/allgemein\\\/beispiellose-zerstoerung-im-stadtpark-cdu-kaarst-fordert-lueckenlose-aufklaerung\\\/\",\"url\":\"https:\\\/\\\/cdu-kaarst.de\\\/allgemein\\\/beispiellose-zerstoerung-im-stadtpark-cdu-kaarst-fordert-lueckenlose-aufklaerung\\\/\",\"name\":\"Beispiellose Zerst\u00f6rung im Stadtpark: CDU Kaarst fordert l\u00fcckenlose Aufkl\u00e4rung - CDU Kaarst-B\u00fcttgen\",\"isPartOf\":{\"@id\":\"https:\\\/\\\/cdu-kaarst.de\\\/#website\"},\"primaryImageOfPage\":{\"@id\":\"https:\\\/\\\/cdu-kaarst.de\\\/allgemein\\\/beispiellose-zerstoerung-im-stadtpark-cdu-kaarst-fordert-lueckenlose-aufklaerung\\\/#primaryimage\"},\"image\":{\"@id\":\"https:\\\/\\\/cdu-kaarst.de\\\/allgemein\\\/beispiellose-zerstoerung-im-stadtpark-cdu-kaarst-fordert-lueckenlose-aufklaerung\\\/#primaryimage\"},\"thumbnailUrl\":\"https:\\\/\\\/cdu-kaarst.de\\\/wp-content\\\/uploads\\\/cdu-kaarst-news-beispiellose-zerstoerung-stadtpark-03.jpg\",\"datePublished\":\"2026-03-16T09:58:56+00:00\",\"dateModified\":\"2026-03-16T10:00:59+00:00\",\"breadcrumb\":{\"@id\":\"https:\\\/\\\/cdu-kaarst.de\\\/allgemein\\\/beispiellose-zerstoerung-im-stadtpark-cdu-kaarst-fordert-lueckenlose-aufklaerung\\\/#breadcrumb\"},\"inLanguage\":\"en-GB\",\"potentialAction\":[{\"@type\":\"ReadAction\",\"target\":[\"https:\\\/\\\/cdu-kaarst.de\\\/allgemein\\\/beispiellose-zerstoerung-im-stadtpark-cdu-kaarst-fordert-lueckenlose-aufklaerung\\\/\"]}]},{\"@type\":\"ImageObject\",\"inLanguage\":\"en-GB\",\"@id\":\"https:\\\/\\\/cdu-kaarst.de\\\/allgemein\\\/beispiellose-zerstoerung-im-stadtpark-cdu-kaarst-fordert-lueckenlose-aufklaerung\\\/#primaryimage\",\"url\":\"https:\\\/\\\/cdu-kaarst.de\\\/wp-content\\\/uploads\\\/cdu-kaarst-news-beispiellose-zerstoerung-stadtpark-03.jpg\",\"contentUrl\":\"https:\\\/\\\/cdu-kaarst.de\\\/wp-content\\\/uploads\\\/cdu-kaarst-news-beispiellose-zerstoerung-stadtpark-03.jpg\",\"width\":1440,\"height\":1920},{\"@type\":\"BreadcrumbList\",\"@id\":\"https:\\\/\\\/cdu-kaarst.de\\\/allgemein\\\/beispiellose-zerstoerung-im-stadtpark-cdu-kaarst-fordert-lueckenlose-aufklaerung\\\/#breadcrumb\",\"itemListElement\":[{\"@type\":\"ListItem\",\"position\":1,\"name\":\"Startseite\",\"item\":\"https:\\\/\\\/cdu-kaarst.de\\\/\"},{\"@type\":\"ListItem\",\"position\":2,\"name\":\"Beispiellose Zerst\u00f6rung im Stadtpark: CDU Kaarst fordert l\u00fcckenlose Aufkl\u00e4rung\"}]},{\"@type\":\"WebSite\",\"@id\":\"https:\\\/\\\/cdu-kaarst.de\\\/#website\",\"url\":\"https:\\\/\\\/cdu-kaarst.de\\\/\",\"name\":\"CDU Kaarst-B\u00fcttgen\",\"description\":\"gut Leben in Kaarst\",\"publisher\":{\"@id\":\"https:\\\/\\\/cdu-kaarst.de\\\/#organization\"},\"potentialAction\":[{\"@type\":\"SearchAction\",\"target\":{\"@type\":\"EntryPoint\",\"urlTemplate\":\"https:\\\/\\\/cdu-kaarst.de\\\/?s={search_term_string}\"},\"query-input\":{\"@type\":\"PropertyValueSpecification\",\"valueRequired\":true,\"valueName\":\"search_term_string\"}}],\"inLanguage\":\"en-GB\"},{\"@type\":\"Organization\",\"@id\":\"https:\\\/\\\/cdu-kaarst.de\\\/#organization\",\"name\":\"CDU Kaarst-B\u00fcttgen\",\"url\":\"https:\\\/\\\/cdu-kaarst.de\\\/\",\"logo\":{\"@type\":\"ImageObject\",\"inLanguage\":\"en-GB\",\"@id\":\"https:\\\/\\\/cdu-kaarst.de\\\/#\\\/schema\\\/logo\\\/image\\\/\",\"url\":\"https:\\\/\\\/cdu-kaarst.de\\\/wp-content\\\/uploads\\\/cdu-gesamtlogo.png\",\"contentUrl\":\"https:\\\/\\\/cdu-kaarst.de\\\/wp-content\\\/uploads\\\/cdu-gesamtlogo.png\",\"width\":418,\"height\":120,\"caption\":\"CDU Kaarst-B\u00fcttgen\"},\"image\":{\"@id\":\"https:\\\/\\\/cdu-kaarst.de\\\/#\\\/schema\\\/logo\\\/image\\\/\"}},{\"@type\":\"Person\",\"@id\":\"https:\\\/\\\/cdu-kaarst.de\\\/#\\\/schema\\\/person\\\/05876a2bd7865609f2946e82cbc73476\",\"name\":\"@dm1n\",\"sameAs\":[\"http:\\\/\\\/cdu-kaarst.de\"]}]}<\/script>\n<!-- \/ Yoast SEO plugin. -->","yoast_head_json":{"title":"Beispiellose Zerst\u00f6rung im Stadtpark: CDU Kaarst fordert l\u00fcckenlose Aufkl\u00e4rung - CDU Kaarst-B\u00fcttgen","robots":{"index":"index","follow":"follow","max-snippet":"max-snippet:-1","max-image-preview":"max-image-preview:large","max-video-preview":"max-video-preview:-1"},"canonical":"https:\/\/cdu-kaarst.de\/en\/allgemein\/beispiellose-zerstoerung-im-stadtpark-cdu-kaarst-fordert-lueckenlose-aufklaerung\/","og_locale":"en_GB","og_type":"article","og_title":"Beispiellose Zerst\u00f6rung im Stadtpark: CDU Kaarst fordert l\u00fcckenlose Aufkl\u00e4rung - CDU Kaarst-B\u00fcttgen","og_description":"Massiver Vandalismus trifft das gr\u00fcne Herz der Stadt \u2013 CDU pr\u00fcft Sicherheitsma\u00dfnahmen Die CDU Kaarst zeigt sich tief ersch\u00fcttert \u00fcber die mutwillige Zerst\u00f6rung im Stadtpark in der Nacht zu Sonntag. Unbekannte T\u00e4ter f\u00e4llten und besch\u00e4digten mehrere jahrzehntealte B\u00e4ume massiv, was das gewohnte Stadtbild dauerhaft ver\u00e4ndert hat. Fraktionsvorsitzender Ingo Kotzian reagierte fassungslos auf den Vorfall: \u201eWas [&hellip;]","og_url":"https:\/\/cdu-kaarst.de\/en\/allgemein\/beispiellose-zerstoerung-im-stadtpark-cdu-kaarst-fordert-lueckenlose-aufklaerung\/","og_site_name":"CDU Kaarst-B\u00fcttgen","article_published_time":"2026-03-16T09:58:56+00:00","article_modified_time":"2026-03-16T10:00:59+00:00","og_image":[{"width":1440,"height":1920,"url":"https:\/\/cdu-kaarst.de\/wp-content\/uploads\/cdu-kaarst-news-beispiellose-zerstoerung-stadtpark-03.jpg","type":"image\/jpeg"}],"author":"@dm1n","twitter_card":"summary_large_image","twitter_misc":{"Written by":"@dm1n","Estimated reading time":"2 minutes"},"schema":{"@context":"https:\/\/schema.org","@graph":[{"@type":"Article","@id":"https:\/\/cdu-kaarst.de\/allgemein\/beispiellose-zerstoerung-im-stadtpark-cdu-kaarst-fordert-lueckenlose-aufklaerung\/#article","isPartOf":{"@id":"https:\/\/cdu-kaarst.de\/allgemein\/beispiellose-zerstoerung-im-stadtpark-cdu-kaarst-fordert-lueckenlose-aufklaerung\/"},"author":{"name":"@dm1n","@id":"https:\/\/cdu-kaarst.de\/#\/schema\/person\/05876a2bd7865609f2946e82cbc73476"},"headline":"Beispiellose Zerst\u00f6rung im Stadtpark: CDU Kaarst fordert l\u00fcckenlose Aufkl\u00e4rung","datePublished":"2026-03-16T09:58:56+00:00","dateModified":"2026-03-16T10:00:59+00:00","mainEntityOfPage":{"@id":"https:\/\/cdu-kaarst.de\/allgemein\/beispiellose-zerstoerung-im-stadtpark-cdu-kaarst-fordert-lueckenlose-aufklaerung\/"},"wordCount":202,"publisher":{"@id":"https:\/\/cdu-kaarst.de\/#organization"},"image":{"@id":"https:\/\/cdu-kaarst.de\/allgemein\/beispiellose-zerstoerung-im-stadtpark-cdu-kaarst-fordert-lueckenlose-aufklaerung\/#primaryimage"},"thumbnailUrl":"https:\/\/cdu-kaarst.de\/wp-content\/uploads\/cdu-kaarst-news-beispiellose-zerstoerung-stadtpark-03.jpg","articleSection":["Allgemein","Ortsverband Kaarst"],"inLanguage":"en-GB"},{"@type":"WebPage","@id":"https:\/\/cdu-kaarst.de\/allgemein\/beispiellose-zerstoerung-im-stadtpark-cdu-kaarst-fordert-lueckenlose-aufklaerung\/","url":"https:\/\/cdu-kaarst.de\/allgemein\/beispiellose-zerstoerung-im-stadtpark-cdu-kaarst-fordert-lueckenlose-aufklaerung\/","name":"Beispiellose Zerst\u00f6rung im Stadtpark: CDU Kaarst fordert l\u00fcckenlose Aufkl\u00e4rung - CDU Kaarst-B\u00fcttgen","isPartOf":{"@id":"https:\/\/cdu-kaarst.de\/#website"},"primaryImageOfPage":{"@id":"https:\/\/cdu-kaarst.de\/allgemein\/beispiellose-zerstoerung-im-stadtpark-cdu-kaarst-fordert-lueckenlose-aufklaerung\/#primaryimage"},"image":{"@id":"https:\/\/cdu-kaarst.de\/allgemein\/beispiellose-zerstoerung-im-stadtpark-cdu-kaarst-fordert-lueckenlose-aufklaerung\/#primaryimage"},"thumbnailUrl":"https:\/\/cdu-kaarst.de\/wp-content\/uploads\/cdu-kaarst-news-beispiellose-zerstoerung-stadtpark-03.jpg","datePublished":"2026-03-16T09:58:56+00:00","dateModified":"2026-03-16T10:00:59+00:00","breadcrumb":{"@id":"https:\/\/cdu-kaarst.de\/allgemein\/beispiellose-zerstoerung-im-stadtpark-cdu-kaarst-fordert-lueckenlose-aufklaerung\/#breadcrumb"},"inLanguage":"en-GB","potentialAction":[{"@type":"ReadAction","target":["https:\/\/cdu-kaarst.de\/allgemein\/beispiellose-zerstoerung-im-stadtpark-cdu-kaarst-fordert-lueckenlose-aufklaerung\/"]}]},{"@type":"ImageObject","inLanguage":"en-GB","@id":"https:\/\/cdu-kaarst.de\/allgemein\/beispiellose-zerstoerung-im-stadtpark-cdu-kaarst-fordert-lueckenlose-aufklaerung\/#primaryimage","url":"https:\/\/cdu-kaarst.de\/wp-content\/uploads\/cdu-kaarst-news-beispiellose-zerstoerung-stadtpark-03.jpg","contentUrl":"https:\/\/cdu-kaarst.de\/wp-content\/uploads\/cdu-kaarst-news-beispiellose-zerstoerung-stadtpark-03.jpg","width":1440,"height":1920},{"@type":"BreadcrumbList","@id":"https:\/\/cdu-kaarst.de\/allgemein\/beispiellose-zerstoerung-im-stadtpark-cdu-kaarst-fordert-lueckenlose-aufklaerung\/#breadcrumb","itemListElement":[{"@type":"ListItem","position":1,"name":"Startseite","item":"https:\/\/cdu-kaarst.de\/"},{"@type":"ListItem","position":2,"name":"Beispiellose Zerst\u00f6rung im Stadtpark: CDU Kaarst fordert l\u00fcckenlose Aufkl\u00e4rung"}]},{"@type":"WebSite","@id":"https:\/\/cdu-kaarst.de\/#website","url":"https:\/\/cdu-kaarst.de\/","name":"CDU Kaarst-B\u00fcttgen","description":"living well in Kaarst","publisher":{"@id":"https:\/\/cdu-kaarst.de\/#organization"},"potentialAction":[{"@type":"SearchAction","target":{"@type":"EntryPoint","urlTemplate":"https:\/\/cdu-kaarst.de\/?s={search_term_string}"},"query-input":{"@type":"PropertyValueSpecification","valueRequired":true,"valueName":"search_term_string"}}],"inLanguage":"en-GB"},{"@type":"Organization","@id":"https:\/\/cdu-kaarst.de\/#organization","name":"CDU Kaarst-B\u00fcttgen","url":"https:\/\/cdu-kaarst.de\/","logo":{"@type":"ImageObject","inLanguage":"en-GB","@id":"https:\/\/cdu-kaarst.de\/#\/schema\/logo\/image\/","url":"https:\/\/cdu-kaarst.de\/wp-content\/uploads\/cdu-gesamtlogo.png","contentUrl":"https:\/\/cdu-kaarst.de\/wp-content\/uploads\/cdu-gesamtlogo.png","width":418,"height":120,"caption":"CDU Kaarst-B\u00fcttgen"},"image":{"@id":"https:\/\/cdu-kaarst.de\/#\/schema\/logo\/image\/"}},{"@type":"Person","@id":"https:\/\/cdu-kaarst.de\/#\/schema\/person\/05876a2bd7865609f2946e82cbc73476","name":"@dm1n","sameAs":["http:\/\/cdu-kaarst.de"]}]}},"_links":{"self":[{"href":"https:\/\/cdu-kaarst.de\/en\/wp-json\/wp\/v2\/posts\/7279","targetHints":{"allow":["GET"]}}],"collection":[{"href":"https:\/\/cdu-kaarst.de\/en\/wp-json\/wp\/v2\/posts"}],"about":[{"href":"https:\/\/cdu-kaarst.de\/en\/wp-json\/wp\/v2\/types\/post"}],"author":[{"embeddable":true,"href":"https:\/\/cdu-kaarst.de\/en\/wp-json\/wp\/v2\/users\/1"}],"replies":[{"embeddable":true,"href":"https:\/\/cdu-kaarst.de\/en\/wp-json\/wp\/v2\/comments?post=7279"}],"version-history":[{"count":1,"href":"https:\/\/cdu-kaarst.de\/en\/wp-json\/wp\/v2\/posts\/7279\/revisions"}],"predecessor-version":[{"id":7284,"href":"https:\/\/cdu-kaarst.de\/en\/wp-json\/wp\/v2\/posts\/7279\/revisions\/7284"}],"wp:featuredmedia":[{"embeddable":true,"href":"https:\/\/cdu-kaarst.de\/en\/wp-json\/wp\/v2\/media\/7281"}],"wp:attachment":[{"href":"https:\/\/cdu-kaarst.de\/en\/wp-json\/wp\/v2\/media?parent=7279"}],"wp:term":[{"taxonomy":"category","embeddable":true,"href":"https:\/\/cdu-kaarst.de\/en\/wp-json\/wp\/v2\/categories?post=7279"},{"taxonomy":"post_tag","embeddable":true,"href":"https:\/\/cdu-kaarst.de\/en\/wp-json\/wp\/v2\/tags?post=7279"}],"curies":[{"name":"wp","href":"https:\/\/api.w.org\/{rel}","templated":true}]}}