{"id":7575,"date":"2026-09-04T15:41:51","date_gmt":"2026-09-04T13:41:51","guid":{"rendered":"https:\/\/cdu-kaarst.de\/?p=7575"},"modified":"2026-09-04T15:41:51","modified_gmt":"2026-09-04T13:41:51","slug":"50-jahre-wirklichkeit-frauenunion-kaarst-buettgen-feiert","status":"publish","type":"post","link":"https:\/\/cdu-kaarst.de\/en\/frauen-union\/50-jahre-wirklichkeit-frauenunion-kaarst-buettgen-feiert\/","title":{"rendered":"50+ Jahre Wirklichkeit: FrauenUnion Kaarst-B\u00fcttgen feiert"},"content":{"rendered":"<h2>Jubil\u00e4um mit Konzertlesung<\/h2>\n<p>Ein halbes Jahrhundert Einsatz f\u00fcr die Belange von Frauen in Kaarst und B\u00fcttgen \u2013 das ist ein Jubil\u00e4um, das gefeiert werden darf. Die FrauenUnion Kaarst-B\u00fcttgen l\u00e4dt aus diesem Anlass zu einem besonderen Abend ein, der Musik, Literatur und pers\u00f6nlichen Austausch verbindet.<\/p>\n<h2>Konzertlesung \u201eDie H\u00e4lfte der Wirklichkeit&#8220;<\/h2>\n<p>F\u00fcr die Jubil\u00e4umsfeier 50+ konnte der Vorstand das \u201eEnsemble for Future&#8220; gewinnen. Es pr\u00e4sentiert die Konzertlesung \u201eDie H\u00e4lfte der Wirklichkeit&#8220; \u2013 ein Rundgang durch die R\u00e4ume politischer Teilhabe von Frauen. Das Programm nimmt die G\u00e4ste mit auf eine musikalisch-literarische Reise durch Geschichte und Gegenwart weiblicher Mitbestimmung und passt damit thematisch genau zum Anlass des Abends.<br \/>\nIm Anschluss an die Lesung bleibt Zeit f\u00fcr pers\u00f6nliche Gespr\u00e4che bei Kaltgetr\u00e4nken und Snacks \u2013 die Gelegenheit, in entspannter Atmosph\u00e4re miteinander ins Gespr\u00e4ch zu kommen und gemeinsam auf 50 Jahre FrauenUnion zur\u00fcckzublicken.<\/p>\n<h3>Termin und Ort<\/h3>\n<ul>\n<li>Datum: Freitag, 9. Oktober 2026<\/li>\n<li>Einlass: 18:30 Uhr<\/li>\n<li>Beginn: 19:00 Uhr<\/li>\n<li>Ort: Multifunktionsraum am AEF, Schulzentrum 16, 41564 Kaarst<\/li>\n<\/ul>\n<h3>Anmeldung erw\u00fcnscht<\/h3>\n<p>Damit die Veranstaltung gut geplant werden kann, wird um vorherige Anmeldung gebeten:<\/p>\n<ul>\n<li>E-Mail: karin.orlich@cdu-kaarst.de<\/li>\n<li>Telefon: 02131\/6 35 88<\/li>\n<\/ul>\n<h2>Der Vorstand freut sich auf Sie<\/h2>\n<p>Eingeladen wird vom gesamten Vorstand der FrauenUnion Kaarst-B\u00fcttgen: Karn Orlich, Marita Heindrichs-Krusch, Elke Ladeck, Anette Schots-Hamm, Angelika Zeller\u00f6hr, Mira Becker, Petra Indenhuck, Sabrina Rond, Dagmar Treger, Nina Witte und Elke Bong.<\/p>\n<p>Wer die FrauenUnion Kaarst-B\u00fcttgen und ihre Arbeit der letzten 50 Jahre feiern m\u00f6chte, ist am 9. Oktober herzlich willkommen.<br \/>\nEine Veranstaltung der FrauenUnion Kaarst-B\u00fcttgen. Vorsitzende: Karin Orlich, Alte Heerstr. 55, 41564 Kaarst.<\/p>","protected":false},"excerpt":{"rendered":"<p>Die FrauenUnion Kaarst-B\u00fcttgen l\u00e4dt am 9. Oktober 2026 zur Jubil\u00e4umsfeier 50+ mit der Konzertlesung \u201eDie H\u00e4lfte der Wirklichkeit&#8220; im AEF Kaarst ein. Alle Infos zu Programm, Zeit und Anmeldung.<\/p>","protected":false},"author":1,"featured_media":7577,"comment_status":"closed","ping_status":"closed","sticky":false,"template":"","format":"standard","meta":{"footnotes":""},"categories":[71],"tags":[],"class_list":["post-7575","post","type-post","status-publish","format-standard","has-post-thumbnail","hentry","category-frauen-union"],"yoast_head":"<!-- This site is optimized with the Yoast SEO plugin v28.3 - https:\/\/yoast.com\/product\/yoast-seo-wordpress\/ -->\n<title>50+ Jahre Wirklichkeit: FrauenUnion Kaarst-B\u00fcttgen feiert - CDU Kaarst-B\u00fcttgen<\/title>\n<meta name=\"description\" content=\"Die FrauenUnion Kaarst-B\u00fcttgen l\u00e4dt am 9. Oktober 2026 zur Jubil\u00e4umsfeier 50+ mit der Konzertlesung \u201eDie H\u00e4lfte der Wirklichkeit&quot; im AEF Kaarst ein. Alle Infos zu Programm, Zeit und Anmeldung.\" \/>\n<meta name=\"robots\" content=\"index, follow, max-snippet:-1, max-image-preview:large, max-video-preview:-1\" \/>\n<link rel=\"canonical\" href=\"https:\/\/cdu-kaarst.de\/en\/frauen-union\/50-jahre-wirklichkeit-frauenunion-kaarst-buettgen-feiert\/\" \/>\n<meta property=\"og:locale\" content=\"en_GB\" \/>\n<meta property=\"og:type\" content=\"article\" \/>\n<meta property=\"og:title\" content=\"50+ Jahre Wirklichkeit: FrauenUnion Kaarst-B\u00fcttgen feiert - CDU Kaarst-B\u00fcttgen\" \/>\n<meta property=\"og:description\" content=\"Die FrauenUnion Kaarst-B\u00fcttgen l\u00e4dt am 9. Oktober 2026 zur Jubil\u00e4umsfeier 50+ mit der Konzertlesung \u201eDie H\u00e4lfte der Wirklichkeit&quot; im AEF Kaarst ein. Alle Infos zu Programm, Zeit und Anmeldung.\" \/>\n<meta property=\"og:url\" content=\"https:\/\/cdu-kaarst.de\/en\/frauen-union\/50-jahre-wirklichkeit-frauenunion-kaarst-buettgen-feiert\/\" \/>\n<meta property=\"og:site_name\" content=\"CDU Kaarst-B\u00fcttgen\" \/>\n<meta property=\"article:published_time\" content=\"2026-09-04T13:41:51+00:00\" \/>\n<meta property=\"og:image\" content=\"https:\/\/cdu-kaarst.de\/wp-content\/uploads\/50-jahre-wirklichkeit-frauenunion-kaarst-buettgen-feiert.jpg\" \/>\n\t<meta property=\"og:image:width\" content=\"1920\" \/>\n\t<meta property=\"og:image:height\" content=\"1080\" \/>\n\t<meta property=\"og:image:type\" content=\"image\/jpeg\" \/>\n<meta name=\"author\" content=\"@dm1n\" \/>\n<meta name=\"twitter:card\" content=\"summary_large_image\" \/>\n<meta name=\"twitter:label1\" content=\"Written by\" \/>\n\t<meta name=\"twitter:data1\" content=\"@dm1n\" \/>\n\t<meta name=\"twitter:label2\" content=\"Estimated reading time\" \/>\n\t<meta name=\"twitter:data2\" content=\"2 minutes\" \/>\n<script type=\"application\/ld+json\" class=\"yoast-schema-graph\">{\"@context\":\"https:\\\/\\\/schema.org\",\"@graph\":[{\"@type\":\"Article\",\"@id\":\"https:\\\/\\\/cdu-kaarst.de\\\/frauen-union\\\/50-jahre-wirklichkeit-frauenunion-kaarst-buettgen-feiert\\\/#article\",\"isPartOf\":{\"@id\":\"https:\\\/\\\/cdu-kaarst.de\\\/frauen-union\\\/50-jahre-wirklichkeit-frauenunion-kaarst-buettgen-feiert\\\/\"},\"author\":{\"name\":\"@dm1n\",\"@id\":\"https:\\\/\\\/cdu-kaarst.de\\\/#\\\/schema\\\/person\\\/05876a2bd7865609f2946e82cbc73476\"},\"headline\":\"50+ Jahre Wirklichkeit: FrauenUnion Kaarst-B\u00fcttgen feiert\",\"datePublished\":\"2026-09-04T13:41:51+00:00\",\"mainEntityOfPage\":{\"@id\":\"https:\\\/\\\/cdu-kaarst.de\\\/frauen-union\\\/50-jahre-wirklichkeit-frauenunion-kaarst-buettgen-feiert\\\/\"},\"wordCount\":265,\"publisher\":{\"@id\":\"https:\\\/\\\/cdu-kaarst.de\\\/#organization\"},\"image\":{\"@id\":\"https:\\\/\\\/cdu-kaarst.de\\\/frauen-union\\\/50-jahre-wirklichkeit-frauenunion-kaarst-buettgen-feiert\\\/#primaryimage\"},\"thumbnailUrl\":\"https:\\\/\\\/cdu-kaarst.de\\\/wp-content\\\/uploads\\\/50-jahre-wirklichkeit-frauenunion-kaarst-buettgen-feiert.jpg\",\"articleSection\":[\"Frauen Union\"],\"inLanguage\":\"en-GB\"},{\"@type\":\"WebPage\",\"@id\":\"https:\\\/\\\/cdu-kaarst.de\\\/frauen-union\\\/50-jahre-wirklichkeit-frauenunion-kaarst-buettgen-feiert\\\/\",\"url\":\"https:\\\/\\\/cdu-kaarst.de\\\/frauen-union\\\/50-jahre-wirklichkeit-frauenunion-kaarst-buettgen-feiert\\\/\",\"name\":\"50+ Jahre Wirklichkeit: FrauenUnion Kaarst-B\u00fcttgen feiert - CDU Kaarst-B\u00fcttgen\",\"isPartOf\":{\"@id\":\"https:\\\/\\\/cdu-kaarst.de\\\/#website\"},\"primaryImageOfPage\":{\"@id\":\"https:\\\/\\\/cdu-kaarst.de\\\/frauen-union\\\/50-jahre-wirklichkeit-frauenunion-kaarst-buettgen-feiert\\\/#primaryimage\"},\"image\":{\"@id\":\"https:\\\/\\\/cdu-kaarst.de\\\/frauen-union\\\/50-jahre-wirklichkeit-frauenunion-kaarst-buettgen-feiert\\\/#primaryimage\"},\"thumbnailUrl\":\"https:\\\/\\\/cdu-kaarst.de\\\/wp-content\\\/uploads\\\/50-jahre-wirklichkeit-frauenunion-kaarst-buettgen-feiert.jpg\",\"datePublished\":\"2026-09-04T13:41:51+00:00\",\"description\":\"Die FrauenUnion Kaarst-B\u00fcttgen l\u00e4dt am 9. Oktober 2026 zur Jubil\u00e4umsfeier 50+ mit der Konzertlesung \u201eDie H\u00e4lfte der Wirklichkeit\\\" im AEF Kaarst ein. Alle Infos zu Programm, Zeit und Anmeldung.\",\"breadcrumb\":{\"@id\":\"https:\\\/\\\/cdu-kaarst.de\\\/frauen-union\\\/50-jahre-wirklichkeit-frauenunion-kaarst-buettgen-feiert\\\/#breadcrumb\"},\"inLanguage\":\"en-GB\",\"potentialAction\":[{\"@type\":\"ReadAction\",\"target\":[\"https:\\\/\\\/cdu-kaarst.de\\\/frauen-union\\\/50-jahre-wirklichkeit-frauenunion-kaarst-buettgen-feiert\\\/\"]}]},{\"@type\":\"ImageObject\",\"inLanguage\":\"en-GB\",\"@id\":\"https:\\\/\\\/cdu-kaarst.de\\\/frauen-union\\\/50-jahre-wirklichkeit-frauenunion-kaarst-buettgen-feiert\\\/#primaryimage\",\"url\":\"https:\\\/\\\/cdu-kaarst.de\\\/wp-content\\\/uploads\\\/50-jahre-wirklichkeit-frauenunion-kaarst-buettgen-feiert.jpg\",\"contentUrl\":\"https:\\\/\\\/cdu-kaarst.de\\\/wp-content\\\/uploads\\\/50-jahre-wirklichkeit-frauenunion-kaarst-buettgen-feiert.jpg\",\"width\":1920,\"height\":1080,\"caption\":\"50+ Jahre Wirklichkeit: FrauenUnion Kaarst-B\u00fcttgen feiert\"},{\"@type\":\"BreadcrumbList\",\"@id\":\"https:\\\/\\\/cdu-kaarst.de\\\/frauen-union\\\/50-jahre-wirklichkeit-frauenunion-kaarst-buettgen-feiert\\\/#breadcrumb\",\"itemListElement\":[{\"@type\":\"ListItem\",\"position\":1,\"name\":\"Startseite\",\"item\":\"https:\\\/\\\/cdu-kaarst.de\\\/\"},{\"@type\":\"ListItem\",\"position\":2,\"name\":\"50+ Jahre Wirklichkeit: FrauenUnion Kaarst-B\u00fcttgen feiert\"}]},{\"@type\":\"WebSite\",\"@id\":\"https:\\\/\\\/cdu-kaarst.de\\\/#website\",\"url\":\"https:\\\/\\\/cdu-kaarst.de\\\/\",\"name\":\"CDU Kaarst-B\u00fcttgen\",\"description\":\"gut Leben in Kaarst\",\"publisher\":{\"@id\":\"https:\\\/\\\/cdu-kaarst.de\\\/#organization\"},\"potentialAction\":[{\"@type\":\"SearchAction\",\"target\":{\"@type\":\"EntryPoint\",\"urlTemplate\":\"https:\\\/\\\/cdu-kaarst.de\\\/?s={search_term_string}\"},\"query-input\":{\"@type\":\"PropertyValueSpecification\",\"valueRequired\":true,\"valueName\":\"search_term_string\"}}],\"inLanguage\":\"en-GB\"},{\"@type\":\"Organization\",\"@id\":\"https:\\\/\\\/cdu-kaarst.de\\\/#organization\",\"name\":\"CDU Kaarst-B\u00fcttgen\",\"url\":\"https:\\\/\\\/cdu-kaarst.de\\\/\",\"logo\":{\"@type\":\"ImageObject\",\"inLanguage\":\"en-GB\",\"@id\":\"https:\\\/\\\/cdu-kaarst.de\\\/#\\\/schema\\\/logo\\\/image\\\/\",\"url\":\"https:\\\/\\\/cdu-kaarst.de\\\/wp-content\\\/uploads\\\/cdu-gesamtlogo.png\",\"contentUrl\":\"https:\\\/\\\/cdu-kaarst.de\\\/wp-content\\\/uploads\\\/cdu-gesamtlogo.png\",\"width\":418,\"height\":120,\"caption\":\"CDU Kaarst-B\u00fcttgen\"},\"image\":{\"@id\":\"https:\\\/\\\/cdu-kaarst.de\\\/#\\\/schema\\\/logo\\\/image\\\/\"}},{\"@type\":\"Person\",\"@id\":\"https:\\\/\\\/cdu-kaarst.de\\\/#\\\/schema\\\/person\\\/05876a2bd7865609f2946e82cbc73476\",\"name\":\"@dm1n\",\"sameAs\":[\"http:\\\/\\\/cdu-kaarst.de\"]}]}<\/script>\n<!-- \/ Yoast SEO plugin. -->","yoast_head_json":{"title":"50+ Jahre Wirklichkeit: FrauenUnion Kaarst-B\u00fcttgen feiert - CDU Kaarst-B\u00fcttgen","description":"Die FrauenUnion Kaarst-B\u00fcttgen l\u00e4dt am 9. Oktober 2026 zur Jubil\u00e4umsfeier 50+ mit der Konzertlesung \u201eDie H\u00e4lfte der Wirklichkeit\" im AEF Kaarst ein. Alle Infos zu Programm, Zeit und Anmeldung.","robots":{"index":"index","follow":"follow","max-snippet":"max-snippet:-1","max-image-preview":"max-image-preview:large","max-video-preview":"max-video-preview:-1"},"canonical":"https:\/\/cdu-kaarst.de\/en\/frauen-union\/50-jahre-wirklichkeit-frauenunion-kaarst-buettgen-feiert\/","og_locale":"en_GB","og_type":"article","og_title":"50+ Jahre Wirklichkeit: FrauenUnion Kaarst-B\u00fcttgen feiert - CDU Kaarst-B\u00fcttgen","og_description":"Die FrauenUnion Kaarst-B\u00fcttgen l\u00e4dt am 9. Oktober 2026 zur Jubil\u00e4umsfeier 50+ mit der Konzertlesung \u201eDie H\u00e4lfte der Wirklichkeit\" im AEF Kaarst ein. Alle Infos zu Programm, Zeit und Anmeldung.","og_url":"https:\/\/cdu-kaarst.de\/en\/frauen-union\/50-jahre-wirklichkeit-frauenunion-kaarst-buettgen-feiert\/","og_site_name":"CDU Kaarst-B\u00fcttgen","article_published_time":"2026-09-04T13:41:51+00:00","og_image":[{"width":1920,"height":1080,"url":"https:\/\/cdu-kaarst.de\/wp-content\/uploads\/50-jahre-wirklichkeit-frauenunion-kaarst-buettgen-feiert.jpg","type":"image\/jpeg"}],"author":"@dm1n","twitter_card":"summary_large_image","twitter_misc":{"Written by":"@dm1n","Estimated reading time":"2 minutes"},"schema":{"@context":"https:\/\/schema.org","@graph":[{"@type":"Article","@id":"https:\/\/cdu-kaarst.de\/frauen-union\/50-jahre-wirklichkeit-frauenunion-kaarst-buettgen-feiert\/#article","isPartOf":{"@id":"https:\/\/cdu-kaarst.de\/frauen-union\/50-jahre-wirklichkeit-frauenunion-kaarst-buettgen-feiert\/"},"author":{"name":"@dm1n","@id":"https:\/\/cdu-kaarst.de\/#\/schema\/person\/05876a2bd7865609f2946e82cbc73476"},"headline":"50+ Jahre Wirklichkeit: FrauenUnion Kaarst-B\u00fcttgen feiert","datePublished":"2026-09-04T13:41:51+00:00","mainEntityOfPage":{"@id":"https:\/\/cdu-kaarst.de\/frauen-union\/50-jahre-wirklichkeit-frauenunion-kaarst-buettgen-feiert\/"},"wordCount":265,"publisher":{"@id":"https:\/\/cdu-kaarst.de\/#organization"},"image":{"@id":"https:\/\/cdu-kaarst.de\/frauen-union\/50-jahre-wirklichkeit-frauenunion-kaarst-buettgen-feiert\/#primaryimage"},"thumbnailUrl":"https:\/\/cdu-kaarst.de\/wp-content\/uploads\/50-jahre-wirklichkeit-frauenunion-kaarst-buettgen-feiert.jpg","articleSection":["Frauen Union"],"inLanguage":"en-GB"},{"@type":"WebPage","@id":"https:\/\/cdu-kaarst.de\/frauen-union\/50-jahre-wirklichkeit-frauenunion-kaarst-buettgen-feiert\/","url":"https:\/\/cdu-kaarst.de\/frauen-union\/50-jahre-wirklichkeit-frauenunion-kaarst-buettgen-feiert\/","name":"50+ Jahre Wirklichkeit: FrauenUnion Kaarst-B\u00fcttgen feiert - CDU Kaarst-B\u00fcttgen","isPartOf":{"@id":"https:\/\/cdu-kaarst.de\/#website"},"primaryImageOfPage":{"@id":"https:\/\/cdu-kaarst.de\/frauen-union\/50-jahre-wirklichkeit-frauenunion-kaarst-buettgen-feiert\/#primaryimage"},"image":{"@id":"https:\/\/cdu-kaarst.de\/frauen-union\/50-jahre-wirklichkeit-frauenunion-kaarst-buettgen-feiert\/#primaryimage"},"thumbnailUrl":"https:\/\/cdu-kaarst.de\/wp-content\/uploads\/50-jahre-wirklichkeit-frauenunion-kaarst-buettgen-feiert.jpg","datePublished":"2026-09-04T13:41:51+00:00","description":"Die FrauenUnion Kaarst-B\u00fcttgen l\u00e4dt am 9. Oktober 2026 zur Jubil\u00e4umsfeier 50+ mit der Konzertlesung \u201eDie H\u00e4lfte der Wirklichkeit\" im AEF Kaarst ein. Alle Infos zu Programm, Zeit und Anmeldung.","breadcrumb":{"@id":"https:\/\/cdu-kaarst.de\/frauen-union\/50-jahre-wirklichkeit-frauenunion-kaarst-buettgen-feiert\/#breadcrumb"},"inLanguage":"en-GB","potentialAction":[{"@type":"ReadAction","target":["https:\/\/cdu-kaarst.de\/frauen-union\/50-jahre-wirklichkeit-frauenunion-kaarst-buettgen-feiert\/"]}]},{"@type":"ImageObject","inLanguage":"en-GB","@id":"https:\/\/cdu-kaarst.de\/frauen-union\/50-jahre-wirklichkeit-frauenunion-kaarst-buettgen-feiert\/#primaryimage","url":"https:\/\/cdu-kaarst.de\/wp-content\/uploads\/50-jahre-wirklichkeit-frauenunion-kaarst-buettgen-feiert.jpg","contentUrl":"https:\/\/cdu-kaarst.de\/wp-content\/uploads\/50-jahre-wirklichkeit-frauenunion-kaarst-buettgen-feiert.jpg","width":1920,"height":1080,"caption":"50+ Jahre Wirklichkeit: FrauenUnion Kaarst-B\u00fcttgen feiert"},{"@type":"BreadcrumbList","@id":"https:\/\/cdu-kaarst.de\/frauen-union\/50-jahre-wirklichkeit-frauenunion-kaarst-buettgen-feiert\/#breadcrumb","itemListElement":[{"@type":"ListItem","position":1,"name":"Startseite","item":"https:\/\/cdu-kaarst.de\/"},{"@type":"ListItem","position":2,"name":"50+ Jahre Wirklichkeit: FrauenUnion Kaarst-B\u00fcttgen feiert"}]},{"@type":"WebSite","@id":"https:\/\/cdu-kaarst.de\/#website","url":"https:\/\/cdu-kaarst.de\/","name":"CDU Kaarst-B\u00fcttgen","description":"living well in Kaarst","publisher":{"@id":"https:\/\/cdu-kaarst.de\/#organization"},"potentialAction":[{"@type":"SearchAction","target":{"@type":"EntryPoint","urlTemplate":"https:\/\/cdu-kaarst.de\/?s={search_term_string}"},"query-input":{"@type":"PropertyValueSpecification","valueRequired":true,"valueName":"search_term_string"}}],"inLanguage":"en-GB"},{"@type":"Organization","@id":"https:\/\/cdu-kaarst.de\/#organization","name":"CDU Kaarst-B\u00fcttgen","url":"https:\/\/cdu-kaarst.de\/","logo":{"@type":"ImageObject","inLanguage":"en-GB","@id":"https:\/\/cdu-kaarst.de\/#\/schema\/logo\/image\/","url":"https:\/\/cdu-kaarst.de\/wp-content\/uploads\/cdu-gesamtlogo.png","contentUrl":"https:\/\/cdu-kaarst.de\/wp-content\/uploads\/cdu-gesamtlogo.png","width":418,"height":120,"caption":"CDU Kaarst-B\u00fcttgen"},"image":{"@id":"https:\/\/cdu-kaarst.de\/#\/schema\/logo\/image\/"}},{"@type":"Person","@id":"https:\/\/cdu-kaarst.de\/#\/schema\/person\/05876a2bd7865609f2946e82cbc73476","name":"@dm1n","sameAs":["http:\/\/cdu-kaarst.de"]}]}},"_links":{"self":[{"href":"https:\/\/cdu-kaarst.de\/en\/wp-json\/wp\/v2\/posts\/7575","targetHints":{"allow":["GET"]}}],"collection":[{"href":"https:\/\/cdu-kaarst.de\/en\/wp-json\/wp\/v2\/posts"}],"about":[{"href":"https:\/\/cdu-kaarst.de\/en\/wp-json\/wp\/v2\/types\/post"}],"author":[{"embeddable":true,"href":"https:\/\/cdu-kaarst.de\/en\/wp-json\/wp\/v2\/users\/1"}],"replies":[{"embeddable":true,"href":"https:\/\/cdu-kaarst.de\/en\/wp-json\/wp\/v2\/comments?post=7575"}],"version-history":[{"count":1,"href":"https:\/\/cdu-kaarst.de\/en\/wp-json\/wp\/v2\/posts\/7575\/revisions"}],"predecessor-version":[{"id":7576,"href":"https:\/\/cdu-kaarst.de\/en\/wp-json\/wp\/v2\/posts\/7575\/revisions\/7576"}],"wp:featuredmedia":[{"embeddable":true,"href":"https:\/\/cdu-kaarst.de\/en\/wp-json\/wp\/v2\/media\/7577"}],"wp:attachment":[{"href":"https:\/\/cdu-kaarst.de\/en\/wp-json\/wp\/v2\/media?parent=7575"}],"wp:term":[{"taxonomy":"category","embeddable":true,"href":"https:\/\/cdu-kaarst.de\/en\/wp-json\/wp\/v2\/categories?post=7575"},{"taxonomy":"post_tag","embeddable":true,"href":"https:\/\/cdu-kaarst.de\/en\/wp-json\/wp\/v2\/tags?post=7575"}],"curies":[{"name":"wp","href":"https:\/\/api.w.org\/{rel}","templated":true}]}}