{"id":759,"date":"2024-01-14T12:02:50","date_gmt":"2024-01-14T11:02:50","guid":{"rendered":"http:\/\/cdu-kaarst.de\/?p=759"},"modified":"2024-05-16T13:22:54","modified_gmt":"2024-05-16T11:22:54","slug":"cdu-kaarst-buettgen-zu-besuch-auf-der-jahreshauptversammlung-der-feuerwehr-kaarst","status":"publish","type":"post","link":"https:\/\/cdu-kaarst.de\/en\/cdu-kaarst\/cdu-kaarst-buettgen-zu-besuch-auf-der-jahreshauptversammlung-der-feuerwehr-kaarst\/","title":{"rendered":"CDU Kaarst-B\u00fcttgen visits the annual general meeting of the Kaarst fire brigade"},"content":{"rendered":"<div data-elementor-type=\"wp-post\" data-elementor-id=\"759\" class=\"elementor elementor-759\" data-elementor-post-type=\"post\">\n\t\t\t\t\t\t<section class=\"elementor-section elementor-top-section elementor-element elementor-element-6ea1ac5 elementor-section-boxed elementor-section-height-default elementor-section-height-default\" data-id=\"6ea1ac5\" data-element_type=\"section\" data-e-type=\"section\" data-settings=\"{&quot;jet_parallax_layout_list&quot;:[]}\">\n\t\t\t\t\t\t<div class=\"elementor-container elementor-column-gap-default\">\n\t\t\t\t\t<div class=\"elementor-column elementor-col-100 elementor-top-column elementor-element elementor-element-7c3697f\" data-id=\"7c3697f\" data-element_type=\"column\" data-e-type=\"column\">\n\t\t\t<div class=\"elementor-widget-wrap elementor-element-populated\">\n\t\t\t\t\t\t<div class=\"elementor-element elementor-element-dc07bdc elementor-widget elementor-widget-text-editor\" data-id=\"dc07bdc\" data-element_type=\"widget\" data-e-type=\"widget\" data-widget_type=\"text-editor.default\">\n\t\t\t\t<div class=\"elementor-widget-container\">\n\t\t\t\t\t\t\t\t\t<p>On 13 January, the Kaarst fire brigade hosted its annual general meeting at the fire station in B\u00fcttgen.<\/p><p>On this evening, the fire brigade reported on topics such as youth and children's fire brigades, firefighting operations in 2023 and numerous other tasks.<\/p><p>Particularly impressive was the work with young people, as the FFW is growing despite the highly demanding voluntary work and the opposite trend in other areas of voluntary work. The work here is truly exemplary!<\/p><p>In their welcoming speeches, Inge Jakisch and Klaus Gerdes thanked the firefighters for their great commitment and confirmed the ongoing political support.<\/p>\t\t\t\t\t\t\t\t<\/div>\n\t\t\t\t<\/div>\n\t\t\t\t\t<\/div>\n\t\t<\/div>\n\t\t\t\t\t<\/div>\n\t\t<\/section>\n\t\t\t\t<\/div>","protected":false},"excerpt":{"rendered":"<p>Am 13. Januar hat die Feuerwehr Kaarst zur Jahreshauptversammlung im Feuerwehrhaus in B\u00fcttgen eingeladen. An diesem Abend hat die Feuerwehr zu Themen wie Jugend- und Kinderfeuerwehr, Eins\u00e4tze zur Brandbek\u00e4mpfung in 2023 und zahlreiche weitere Aufgaben berichtet. Besonders beeindruckend war die Nachwuchsarbeit, denn die FFW w\u00e4chst trotz des hoch anspruchsvollen Ehrenamtes und der gegenl\u00e4ufigen Tendenz in [&hellip;]<\/p>\n","protected":false},"author":1,"featured_media":709,"comment_status":"closed","ping_status":"closed","sticky":false,"template":"","format":"standard","meta":{"footnotes":""},"categories":[23,25],"tags":[26,36,37],"class_list":["post-759","post","type-post","status-publish","format-standard","has-post-thumbnail","hentry","category-cdu-kaarst","category-stadtverband-kaarst-buettgen","tag-cdu-kaarst","tag-cdu-kaarst-buettgen","tag-feuerwehr-kaarst"],"yoast_head":"<!-- This site is optimized with the Yoast SEO plugin v27.4 - https:\/\/yoast.com\/product\/yoast-seo-wordpress\/ -->\n<title>CDU Kaarst-B\u00fcttgen zu Besuch auf der Jahreshaupt&shy;versammlung der Feuerwehr Kaarst - CDU Kaarst-B\u00fcttgen<\/title>\n<meta name=\"robots\" content=\"index, follow, max-snippet:-1, max-image-preview:large, max-video-preview:-1\" \/>\n<link rel=\"canonical\" href=\"https:\/\/cdu-kaarst.de\/en\/cdu-kaarst\/cdu-kaarst-buettgen-zu-besuch-auf-der-jahreshauptversammlung-der-feuerwehr-kaarst\/\" \/>\n<meta property=\"og:locale\" content=\"en_GB\" \/>\n<meta property=\"og:type\" content=\"article\" \/>\n<meta property=\"og:title\" content=\"CDU Kaarst-B\u00fcttgen zu Besuch auf der Jahreshaupt&shy;versammlung der Feuerwehr Kaarst - CDU Kaarst-B\u00fcttgen\" \/>\n<meta property=\"og:description\" content=\"Am 13. Januar hat die Feuerwehr Kaarst zur Jahreshauptversammlung im Feuerwehrhaus in B\u00fcttgen eingeladen. An diesem Abend hat die Feuerwehr zu Themen wie Jugend- und Kinderfeuerwehr, Eins\u00e4tze zur Brandbek\u00e4mpfung in 2023 und zahlreiche weitere Aufgaben berichtet. Besonders beeindruckend war die Nachwuchsarbeit, denn die FFW w\u00e4chst trotz des hoch anspruchsvollen Ehrenamtes und der gegenl\u00e4ufigen Tendenz in [&hellip;]\" \/>\n<meta property=\"og:url\" content=\"https:\/\/cdu-kaarst.de\/en\/cdu-kaarst\/cdu-kaarst-buettgen-zu-besuch-auf-der-jahreshauptversammlung-der-feuerwehr-kaarst\/\" \/>\n<meta property=\"og:site_name\" content=\"CDU Kaarst-B\u00fcttgen\" \/>\n<meta property=\"article:published_time\" content=\"2024-01-14T11:02:50+00:00\" \/>\n<meta property=\"article:modified_time\" content=\"2024-05-16T11:22:54+00:00\" \/>\n<meta property=\"og:image\" content=\"https:\/\/cdu-kaarst.de\/wp-content\/uploads\/Feuerwehr_Jahreshauptversammlung-e1705261809529-1536x12001-1.jpg\" \/>\n\t<meta property=\"og:image:width\" content=\"1536\" \/>\n\t<meta property=\"og:image:height\" content=\"1200\" \/>\n\t<meta property=\"og:image:type\" content=\"image\/jpeg\" \/>\n<meta name=\"author\" content=\"@dm1n\" \/>\n<meta name=\"twitter:card\" content=\"summary_large_image\" \/>\n<meta name=\"twitter:label1\" content=\"Written by\" \/>\n\t<meta name=\"twitter:data1\" content=\"@dm1n\" \/>\n<script type=\"application\/ld+json\" class=\"yoast-schema-graph\">{\"@context\":\"https:\\\/\\\/schema.org\",\"@graph\":[{\"@type\":\"Article\",\"@id\":\"https:\\\/\\\/cdu-kaarst.de\\\/cdu-kaarst\\\/cdu-kaarst-buettgen-zu-besuch-auf-der-jahreshauptversammlung-der-feuerwehr-kaarst\\\/#article\",\"isPartOf\":{\"@id\":\"https:\\\/\\\/cdu-kaarst.de\\\/cdu-kaarst\\\/cdu-kaarst-buettgen-zu-besuch-auf-der-jahreshauptversammlung-der-feuerwehr-kaarst\\\/\"},\"author\":{\"name\":\"@dm1n\",\"@id\":\"https:\\\/\\\/cdu-kaarst.de\\\/#\\\/schema\\\/person\\\/05876a2bd7865609f2946e82cbc73476\"},\"headline\":\"CDU Kaarst-B\u00fcttgen zu Besuch auf der Jahreshaupt&shy;versammlung der Feuerwehr Kaarst\",\"datePublished\":\"2024-01-14T11:02:50+00:00\",\"dateModified\":\"2024-05-16T11:22:54+00:00\",\"mainEntityOfPage\":{\"@id\":\"https:\\\/\\\/cdu-kaarst.de\\\/cdu-kaarst\\\/cdu-kaarst-buettgen-zu-besuch-auf-der-jahreshauptversammlung-der-feuerwehr-kaarst\\\/\"},\"wordCount\":105,\"publisher\":{\"@id\":\"https:\\\/\\\/cdu-kaarst.de\\\/#organization\"},\"image\":{\"@id\":\"https:\\\/\\\/cdu-kaarst.de\\\/cdu-kaarst\\\/cdu-kaarst-buettgen-zu-besuch-auf-der-jahreshauptversammlung-der-feuerwehr-kaarst\\\/#primaryimage\"},\"thumbnailUrl\":\"https:\\\/\\\/cdu-kaarst.de\\\/wp-content\\\/uploads\\\/Feuerwehr_Jahreshauptversammlung-e1705261809529-1536x12001-1.jpg\",\"keywords\":[\"CDU Kaarst\",\"CDU Kaarst B\u00fcttgen\",\"Feuerwehr Kaarst\"],\"articleSection\":[\"CDU Kaarst\",\"Stadtverband Kaarst-B\u00fcttgen\"],\"inLanguage\":\"en-GB\"},{\"@type\":\"WebPage\",\"@id\":\"https:\\\/\\\/cdu-kaarst.de\\\/cdu-kaarst\\\/cdu-kaarst-buettgen-zu-besuch-auf-der-jahreshauptversammlung-der-feuerwehr-kaarst\\\/\",\"url\":\"https:\\\/\\\/cdu-kaarst.de\\\/cdu-kaarst\\\/cdu-kaarst-buettgen-zu-besuch-auf-der-jahreshauptversammlung-der-feuerwehr-kaarst\\\/\",\"name\":\"CDU Kaarst-B\u00fcttgen zu Besuch auf der Jahreshaupt&shy;versammlung der Feuerwehr Kaarst - CDU Kaarst-B\u00fcttgen\",\"isPartOf\":{\"@id\":\"https:\\\/\\\/cdu-kaarst.de\\\/#website\"},\"primaryImageOfPage\":{\"@id\":\"https:\\\/\\\/cdu-kaarst.de\\\/cdu-kaarst\\\/cdu-kaarst-buettgen-zu-besuch-auf-der-jahreshauptversammlung-der-feuerwehr-kaarst\\\/#primaryimage\"},\"image\":{\"@id\":\"https:\\\/\\\/cdu-kaarst.de\\\/cdu-kaarst\\\/cdu-kaarst-buettgen-zu-besuch-auf-der-jahreshauptversammlung-der-feuerwehr-kaarst\\\/#primaryimage\"},\"thumbnailUrl\":\"https:\\\/\\\/cdu-kaarst.de\\\/wp-content\\\/uploads\\\/Feuerwehr_Jahreshauptversammlung-e1705261809529-1536x12001-1.jpg\",\"datePublished\":\"2024-01-14T11:02:50+00:00\",\"dateModified\":\"2024-05-16T11:22:54+00:00\",\"breadcrumb\":{\"@id\":\"https:\\\/\\\/cdu-kaarst.de\\\/cdu-kaarst\\\/cdu-kaarst-buettgen-zu-besuch-auf-der-jahreshauptversammlung-der-feuerwehr-kaarst\\\/#breadcrumb\"},\"inLanguage\":\"en-GB\",\"potentialAction\":[{\"@type\":\"ReadAction\",\"target\":[\"https:\\\/\\\/cdu-kaarst.de\\\/cdu-kaarst\\\/cdu-kaarst-buettgen-zu-besuch-auf-der-jahreshauptversammlung-der-feuerwehr-kaarst\\\/\"]}]},{\"@type\":\"ImageObject\",\"inLanguage\":\"en-GB\",\"@id\":\"https:\\\/\\\/cdu-kaarst.de\\\/cdu-kaarst\\\/cdu-kaarst-buettgen-zu-besuch-auf-der-jahreshauptversammlung-der-feuerwehr-kaarst\\\/#primaryimage\",\"url\":\"https:\\\/\\\/cdu-kaarst.de\\\/wp-content\\\/uploads\\\/Feuerwehr_Jahreshauptversammlung-e1705261809529-1536x12001-1.jpg\",\"contentUrl\":\"https:\\\/\\\/cdu-kaarst.de\\\/wp-content\\\/uploads\\\/Feuerwehr_Jahreshauptversammlung-e1705261809529-1536x12001-1.jpg\",\"width\":1536,\"height\":1200,\"caption\":\"CDU Kaarst Jahreshauptversammlung feuerwehr 2024\"},{\"@type\":\"BreadcrumbList\",\"@id\":\"https:\\\/\\\/cdu-kaarst.de\\\/cdu-kaarst\\\/cdu-kaarst-buettgen-zu-besuch-auf-der-jahreshauptversammlung-der-feuerwehr-kaarst\\\/#breadcrumb\",\"itemListElement\":[{\"@type\":\"ListItem\",\"position\":1,\"name\":\"Startseite\",\"item\":\"https:\\\/\\\/cdu-kaarst.de\\\/\"},{\"@type\":\"ListItem\",\"position\":2,\"name\":\"CDU Kaarst-B\u00fcttgen zu Besuch auf der Jahreshaupt&shy;versammlung der Feuerwehr Kaarst\"}]},{\"@type\":\"WebSite\",\"@id\":\"https:\\\/\\\/cdu-kaarst.de\\\/#website\",\"url\":\"https:\\\/\\\/cdu-kaarst.de\\\/\",\"name\":\"CDU Kaarst-B\u00fcttgen\",\"description\":\"gut Leben in Kaarst\",\"publisher\":{\"@id\":\"https:\\\/\\\/cdu-kaarst.de\\\/#organization\"},\"potentialAction\":[{\"@type\":\"SearchAction\",\"target\":{\"@type\":\"EntryPoint\",\"urlTemplate\":\"https:\\\/\\\/cdu-kaarst.de\\\/?s={search_term_string}\"},\"query-input\":{\"@type\":\"PropertyValueSpecification\",\"valueRequired\":true,\"valueName\":\"search_term_string\"}}],\"inLanguage\":\"en-GB\"},{\"@type\":\"Organization\",\"@id\":\"https:\\\/\\\/cdu-kaarst.de\\\/#organization\",\"name\":\"CDU Kaarst-B\u00fcttgen\",\"url\":\"https:\\\/\\\/cdu-kaarst.de\\\/\",\"logo\":{\"@type\":\"ImageObject\",\"inLanguage\":\"en-GB\",\"@id\":\"https:\\\/\\\/cdu-kaarst.de\\\/#\\\/schema\\\/logo\\\/image\\\/\",\"url\":\"https:\\\/\\\/cdu-kaarst.de\\\/wp-content\\\/uploads\\\/cdu-gesamtlogo.png\",\"contentUrl\":\"https:\\\/\\\/cdu-kaarst.de\\\/wp-content\\\/uploads\\\/cdu-gesamtlogo.png\",\"width\":418,\"height\":120,\"caption\":\"CDU Kaarst-B\u00fcttgen\"},\"image\":{\"@id\":\"https:\\\/\\\/cdu-kaarst.de\\\/#\\\/schema\\\/logo\\\/image\\\/\"}},{\"@type\":\"Person\",\"@id\":\"https:\\\/\\\/cdu-kaarst.de\\\/#\\\/schema\\\/person\\\/05876a2bd7865609f2946e82cbc73476\",\"name\":\"@dm1n\",\"sameAs\":[\"http:\\\/\\\/cdu-kaarst.de\"]}]}<\/script>\n<!-- \/ Yoast SEO plugin. -->","yoast_head_json":{"title":"CDU Kaarst-B\u00fcttgen zu Besuch auf der Jahreshaupt&shy;versammlung der Feuerwehr Kaarst - CDU Kaarst-B\u00fcttgen","robots":{"index":"index","follow":"follow","max-snippet":"max-snippet:-1","max-image-preview":"max-image-preview:large","max-video-preview":"max-video-preview:-1"},"canonical":"https:\/\/cdu-kaarst.de\/en\/cdu-kaarst\/cdu-kaarst-buettgen-zu-besuch-auf-der-jahreshauptversammlung-der-feuerwehr-kaarst\/","og_locale":"en_GB","og_type":"article","og_title":"CDU Kaarst-B\u00fcttgen zu Besuch auf der Jahreshaupt&shy;versammlung der Feuerwehr Kaarst - CDU Kaarst-B\u00fcttgen","og_description":"Am 13. Januar hat die Feuerwehr Kaarst zur Jahreshauptversammlung im Feuerwehrhaus in B\u00fcttgen eingeladen. An diesem Abend hat die Feuerwehr zu Themen wie Jugend- und Kinderfeuerwehr, Eins\u00e4tze zur Brandbek\u00e4mpfung in 2023 und zahlreiche weitere Aufgaben berichtet. Besonders beeindruckend war die Nachwuchsarbeit, denn die FFW w\u00e4chst trotz des hoch anspruchsvollen Ehrenamtes und der gegenl\u00e4ufigen Tendenz in [&hellip;]","og_url":"https:\/\/cdu-kaarst.de\/en\/cdu-kaarst\/cdu-kaarst-buettgen-zu-besuch-auf-der-jahreshauptversammlung-der-feuerwehr-kaarst\/","og_site_name":"CDU Kaarst-B\u00fcttgen","article_published_time":"2024-01-14T11:02:50+00:00","article_modified_time":"2024-05-16T11:22:54+00:00","og_image":[{"width":1536,"height":1200,"url":"https:\/\/cdu-kaarst.de\/wp-content\/uploads\/Feuerwehr_Jahreshauptversammlung-e1705261809529-1536x12001-1.jpg","type":"image\/jpeg"}],"author":"@dm1n","twitter_card":"summary_large_image","twitter_misc":{"Written by":"@dm1n"},"schema":{"@context":"https:\/\/schema.org","@graph":[{"@type":"Article","@id":"https:\/\/cdu-kaarst.de\/cdu-kaarst\/cdu-kaarst-buettgen-zu-besuch-auf-der-jahreshauptversammlung-der-feuerwehr-kaarst\/#article","isPartOf":{"@id":"https:\/\/cdu-kaarst.de\/cdu-kaarst\/cdu-kaarst-buettgen-zu-besuch-auf-der-jahreshauptversammlung-der-feuerwehr-kaarst\/"},"author":{"name":"@dm1n","@id":"https:\/\/cdu-kaarst.de\/#\/schema\/person\/05876a2bd7865609f2946e82cbc73476"},"headline":"CDU Kaarst-B\u00fcttgen zu Besuch auf der Jahreshaupt&shy;versammlung der Feuerwehr Kaarst","datePublished":"2024-01-14T11:02:50+00:00","dateModified":"2024-05-16T11:22:54+00:00","mainEntityOfPage":{"@id":"https:\/\/cdu-kaarst.de\/cdu-kaarst\/cdu-kaarst-buettgen-zu-besuch-auf-der-jahreshauptversammlung-der-feuerwehr-kaarst\/"},"wordCount":105,"publisher":{"@id":"https:\/\/cdu-kaarst.de\/#organization"},"image":{"@id":"https:\/\/cdu-kaarst.de\/cdu-kaarst\/cdu-kaarst-buettgen-zu-besuch-auf-der-jahreshauptversammlung-der-feuerwehr-kaarst\/#primaryimage"},"thumbnailUrl":"https:\/\/cdu-kaarst.de\/wp-content\/uploads\/Feuerwehr_Jahreshauptversammlung-e1705261809529-1536x12001-1.jpg","keywords":["CDU Kaarst","CDU Kaarst B\u00fcttgen","Feuerwehr Kaarst"],"articleSection":["CDU Kaarst","Stadtverband Kaarst-B\u00fcttgen"],"inLanguage":"en-GB"},{"@type":"WebPage","@id":"https:\/\/cdu-kaarst.de\/cdu-kaarst\/cdu-kaarst-buettgen-zu-besuch-auf-der-jahreshauptversammlung-der-feuerwehr-kaarst\/","url":"https:\/\/cdu-kaarst.de\/cdu-kaarst\/cdu-kaarst-buettgen-zu-besuch-auf-der-jahreshauptversammlung-der-feuerwehr-kaarst\/","name":"CDU Kaarst-B\u00fcttgen zu Besuch auf der Jahreshaupt&shy;versammlung der Feuerwehr Kaarst - CDU Kaarst-B\u00fcttgen","isPartOf":{"@id":"https:\/\/cdu-kaarst.de\/#website"},"primaryImageOfPage":{"@id":"https:\/\/cdu-kaarst.de\/cdu-kaarst\/cdu-kaarst-buettgen-zu-besuch-auf-der-jahreshauptversammlung-der-feuerwehr-kaarst\/#primaryimage"},"image":{"@id":"https:\/\/cdu-kaarst.de\/cdu-kaarst\/cdu-kaarst-buettgen-zu-besuch-auf-der-jahreshauptversammlung-der-feuerwehr-kaarst\/#primaryimage"},"thumbnailUrl":"https:\/\/cdu-kaarst.de\/wp-content\/uploads\/Feuerwehr_Jahreshauptversammlung-e1705261809529-1536x12001-1.jpg","datePublished":"2024-01-14T11:02:50+00:00","dateModified":"2024-05-16T11:22:54+00:00","breadcrumb":{"@id":"https:\/\/cdu-kaarst.de\/cdu-kaarst\/cdu-kaarst-buettgen-zu-besuch-auf-der-jahreshauptversammlung-der-feuerwehr-kaarst\/#breadcrumb"},"inLanguage":"en-GB","potentialAction":[{"@type":"ReadAction","target":["https:\/\/cdu-kaarst.de\/cdu-kaarst\/cdu-kaarst-buettgen-zu-besuch-auf-der-jahreshauptversammlung-der-feuerwehr-kaarst\/"]}]},{"@type":"ImageObject","inLanguage":"en-GB","@id":"https:\/\/cdu-kaarst.de\/cdu-kaarst\/cdu-kaarst-buettgen-zu-besuch-auf-der-jahreshauptversammlung-der-feuerwehr-kaarst\/#primaryimage","url":"https:\/\/cdu-kaarst.de\/wp-content\/uploads\/Feuerwehr_Jahreshauptversammlung-e1705261809529-1536x12001-1.jpg","contentUrl":"https:\/\/cdu-kaarst.de\/wp-content\/uploads\/Feuerwehr_Jahreshauptversammlung-e1705261809529-1536x12001-1.jpg","width":1536,"height":1200,"caption":"CDU Kaarst Jahreshauptversammlung feuerwehr 2024"},{"@type":"BreadcrumbList","@id":"https:\/\/cdu-kaarst.de\/cdu-kaarst\/cdu-kaarst-buettgen-zu-besuch-auf-der-jahreshauptversammlung-der-feuerwehr-kaarst\/#breadcrumb","itemListElement":[{"@type":"ListItem","position":1,"name":"Startseite","item":"https:\/\/cdu-kaarst.de\/"},{"@type":"ListItem","position":2,"name":"CDU Kaarst-B\u00fcttgen zu Besuch auf der Jahreshaupt&shy;versammlung der Feuerwehr Kaarst"}]},{"@type":"WebSite","@id":"https:\/\/cdu-kaarst.de\/#website","url":"https:\/\/cdu-kaarst.de\/","name":"CDU Kaarst-B\u00fcttgen","description":"living well in Kaarst","publisher":{"@id":"https:\/\/cdu-kaarst.de\/#organization"},"potentialAction":[{"@type":"SearchAction","target":{"@type":"EntryPoint","urlTemplate":"https:\/\/cdu-kaarst.de\/?s={search_term_string}"},"query-input":{"@type":"PropertyValueSpecification","valueRequired":true,"valueName":"search_term_string"}}],"inLanguage":"en-GB"},{"@type":"Organization","@id":"https:\/\/cdu-kaarst.de\/#organization","name":"CDU Kaarst-B\u00fcttgen","url":"https:\/\/cdu-kaarst.de\/","logo":{"@type":"ImageObject","inLanguage":"en-GB","@id":"https:\/\/cdu-kaarst.de\/#\/schema\/logo\/image\/","url":"https:\/\/cdu-kaarst.de\/wp-content\/uploads\/cdu-gesamtlogo.png","contentUrl":"https:\/\/cdu-kaarst.de\/wp-content\/uploads\/cdu-gesamtlogo.png","width":418,"height":120,"caption":"CDU Kaarst-B\u00fcttgen"},"image":{"@id":"https:\/\/cdu-kaarst.de\/#\/schema\/logo\/image\/"}},{"@type":"Person","@id":"https:\/\/cdu-kaarst.de\/#\/schema\/person\/05876a2bd7865609f2946e82cbc73476","name":"@dm1n","sameAs":["http:\/\/cdu-kaarst.de"]}]}},"_links":{"self":[{"href":"https:\/\/cdu-kaarst.de\/en\/wp-json\/wp\/v2\/posts\/759","targetHints":{"allow":["GET"]}}],"collection":[{"href":"https:\/\/cdu-kaarst.de\/en\/wp-json\/wp\/v2\/posts"}],"about":[{"href":"https:\/\/cdu-kaarst.de\/en\/wp-json\/wp\/v2\/types\/post"}],"author":[{"embeddable":true,"href":"https:\/\/cdu-kaarst.de\/en\/wp-json\/wp\/v2\/users\/1"}],"replies":[{"embeddable":true,"href":"https:\/\/cdu-kaarst.de\/en\/wp-json\/wp\/v2\/comments?post=759"}],"version-history":[{"count":18,"href":"https:\/\/cdu-kaarst.de\/en\/wp-json\/wp\/v2\/posts\/759\/revisions"}],"predecessor-version":[{"id":2404,"href":"https:\/\/cdu-kaarst.de\/en\/wp-json\/wp\/v2\/posts\/759\/revisions\/2404"}],"wp:featuredmedia":[{"embeddable":true,"href":"https:\/\/cdu-kaarst.de\/en\/wp-json\/wp\/v2\/media\/709"}],"wp:attachment":[{"href":"https:\/\/cdu-kaarst.de\/en\/wp-json\/wp\/v2\/media?parent=759"}],"wp:term":[{"taxonomy":"category","embeddable":true,"href":"https:\/\/cdu-kaarst.de\/en\/wp-json\/wp\/v2\/categories?post=759"},{"taxonomy":"post_tag","embeddable":true,"href":"https:\/\/cdu-kaarst.de\/en\/wp-json\/wp\/v2\/tags?post=759"}],"curies":[{"name":"wp","href":"https:\/\/api.w.org\/{rel}","templated":true}]}}