{"id":776,"date":"2024-01-10T12:11:34","date_gmt":"2024-01-10T11:11:34","guid":{"rendered":"http:\/\/cdu-kaarst.de\/?p=776"},"modified":"2024-06-13T09:21:58","modified_gmt":"2024-06-13T07:21:58","slug":"cdu-vor-ort-kommt-mit-uns-bei-den-neuen-buergerversammlungen-ins-gespraech","status":"publish","type":"post","link":"https:\/\/cdu-kaarst.de\/en\/cdu-kaarst\/cdu-vor-ort-kommt-mit-uns-bei-den-neuen-buergerversammlungen-ins-gespraech\/","title":{"rendered":"CDU on site: Come and talk to us at the new citizens' meetings!"},"content":{"rendered":"<div data-elementor-type=\"wp-post\" data-elementor-id=\"776\" class=\"elementor elementor-776\" data-elementor-post-type=\"post\">\n\t\t\t\t\t\t<section class=\"elementor-section elementor-top-section elementor-element elementor-element-eca32fb elementor-section-boxed elementor-section-height-default elementor-section-height-default\" data-id=\"eca32fb\" data-element_type=\"section\" data-e-type=\"section\" data-settings=\"{&quot;jet_parallax_layout_list&quot;:[]}\">\n\t\t\t\t\t\t<div class=\"elementor-container elementor-column-gap-default\">\n\t\t\t\t\t<div class=\"elementor-column elementor-col-100 elementor-top-column elementor-element elementor-element-c28a402\" data-id=\"c28a402\" data-element_type=\"column\" data-e-type=\"column\">\n\t\t\t<div class=\"elementor-widget-wrap elementor-element-populated\">\n\t\t\t\t\t\t<div class=\"elementor-element elementor-element-92a25c3 elementor-widget elementor-widget-text-editor\" data-id=\"92a25c3\" data-element_type=\"widget\" data-e-type=\"widget\" data-widget_type=\"text-editor.default\">\n\t\t\t\t<div class=\"elementor-widget-container\">\n\t\t\t\t\t\t\t\t\t<p>The \"Urban Development and Energy\" working group led by Anette Schots-Hamm and Lars Christoph has prepared a total of six public meetings in all districts over the coming weeks.<\/p><p>The aim of the individual events is to provide information on current issues in the area of urban development on the one hand and to give people the opportunity to discuss future urban development on the other. The councillors of the individual areas are closely involved in the planning and implementation and will of course help to organise the meetings as personal contacts for local citizens.<\/p><p>All dates can be found\u00a0<a href=\"\/en\/termine\/\">here in the calendar<\/a>\u00a0or below in the flyer:<\/p>\t\t\t\t\t\t\t\t<\/div>\n\t\t\t\t<\/div>\n\t\t\t\t<section class=\"elementor-section elementor-inner-section elementor-element elementor-element-96f2b2f elementor-section-boxed elementor-section-height-default elementor-section-height-default\" data-id=\"96f2b2f\" data-element_type=\"section\" data-e-type=\"section\" data-settings=\"{&quot;jet_parallax_layout_list&quot;:[]}\">\n\t\t\t\t\t\t<div class=\"elementor-container elementor-column-gap-default\">\n\t\t\t\t\t<div class=\"elementor-column elementor-col-100 elementor-inner-column elementor-element elementor-element-94417cb\" data-id=\"94417cb\" data-element_type=\"column\" data-e-type=\"column\" data-settings=\"{&quot;background_background&quot;:&quot;classic&quot;}\">\n\t\t\t<div class=\"elementor-widget-wrap elementor-element-populated\">\n\t\t\t\t\t\t<div class=\"elementor-element elementor-element-d171b5a elementor-widget elementor-widget-heading\" data-id=\"d171b5a\" data-element_type=\"widget\" data-e-type=\"widget\" data-widget_type=\"heading.default\">\n\t\t\t\t<div class=\"elementor-widget-container\">\n\t\t\t\t\t<h4 class=\"elementor-heading-title elementor-size-default\">Download invitation to citizens' meetings 2024<\/h4>\t\t\t\t<\/div>\n\t\t\t\t<\/div>\n\t\t\t\t<div class=\"elementor-element elementor-element-350ffce elementor-list-item-link-inline elementor-icon-list--layout-traditional elementor-widget elementor-widget-icon-list\" data-id=\"350ffce\" data-element_type=\"widget\" data-e-type=\"widget\" data-widget_type=\"icon-list.default\">\n\t\t\t\t<div class=\"elementor-widget-container\">\n\t\t\t\t\t\t\t<ul class=\"elementor-icon-list-items\">\n\t\t\t\t\t\t\t<li class=\"elementor-icon-list-item\">\n\t\t\t\t\t\t\t\t\t\t\t<a href=\"https:\/\/cdu-kaarst.de\/wp-content\/uploads\/Einladung-Buergerversammlungen-2024.pdf\" target=\"_blank\">\n\n\t\t\t\t\t\t\t\t\t\t\t\t<span class=\"elementor-icon-list-icon\">\n\t\t\t\t\t\t\t<i aria-hidden=\"true\" class=\"fas fa-arrow-alt-circle-down\"><\/i>\t\t\t\t\t\t<\/span>\n\t\t\t\t\t\t\t\t\t\t<span class=\"elementor-icon-list-text\">Invitation to citizens' meetings 2024<\/span>\n\t\t\t\t\t\t\t\t\t\t\t<\/a>\n\t\t\t\t\t\t\t\t\t<\/li>\n\t\t\t\t\t\t<\/ul>\n\t\t\t\t\t\t<\/div>\n\t\t\t\t<\/div>\n\t\t\t\t\t<\/div>\n\t\t<\/div>\n\t\t\t\t\t<\/div>\n\t\t<\/section>\n\t\t\t\t\t<\/div>\n\t\t<\/div>\n\t\t\t\t\t<\/div>\n\t\t<\/section>\n\t\t\t\t<\/div>","protected":false},"excerpt":{"rendered":"<p>Der von Anette Schots-Hamm und Lars Christoph geleitete Arbeitskreis \u201eStadtentwicklung und Energie\u201c hat f\u00fcr die kommenden Wochen insgesamt sechs B\u00fcrgerversammlungen in allen Ortsteilen vorbereitet. Bei den einzelnen Veranstaltungen soll zum einen \u00fcber aktuelle Themen im Bereich der Stadtentwicklung informiert und zum anderen die Gelegenheit zur Diskussion \u00fcber die zuk\u00fcnftige st\u00e4dtebauliche Entwicklung gegeben werden. Die Ratsmitglieder [&hellip;]<\/p>\n","protected":false},"author":1,"featured_media":710,"comment_status":"closed","ping_status":"closed","sticky":false,"template":"","format":"standard","meta":{"footnotes":""},"categories":[23,25],"tags":[38,26],"class_list":["post-776","post","type-post","status-publish","format-standard","has-post-thumbnail","hentry","category-cdu-kaarst","category-stadtverband-kaarst-buettgen","tag-buergerversammlungen","tag-cdu-kaarst"],"yoast_head":"<!-- This site is optimized with the Yoast SEO plugin v27.4 - https:\/\/yoast.com\/product\/yoast-seo-wordpress\/ -->\n<title>CDU vor Ort: Kommt mit uns bei den neuen B\u00fcrger&shy;versammlungen ins Gespr\u00e4ch! - CDU Kaarst-B\u00fcttgen<\/title>\n<meta name=\"robots\" content=\"index, follow, max-snippet:-1, max-image-preview:large, max-video-preview:-1\" \/>\n<link rel=\"canonical\" href=\"https:\/\/cdu-kaarst.de\/en\/cdu-kaarst\/cdu-vor-ort-kommt-mit-uns-bei-den-neuen-buergerversammlungen-ins-gespraech\/\" \/>\n<meta property=\"og:locale\" content=\"en_GB\" \/>\n<meta property=\"og:type\" content=\"article\" \/>\n<meta property=\"og:title\" content=\"CDU vor Ort: Kommt mit uns bei den neuen B\u00fcrger&shy;versammlungen ins Gespr\u00e4ch! - CDU Kaarst-B\u00fcttgen\" \/>\n<meta property=\"og:description\" content=\"Der von Anette Schots-Hamm und Lars Christoph geleitete Arbeitskreis \u201eStadtentwicklung und Energie\u201c hat f\u00fcr die kommenden Wochen insgesamt sechs B\u00fcrgerversammlungen in allen Ortsteilen vorbereitet. Bei den einzelnen Veranstaltungen soll zum einen \u00fcber aktuelle Themen im Bereich der Stadtentwicklung informiert und zum anderen die Gelegenheit zur Diskussion \u00fcber die zuk\u00fcnftige st\u00e4dtebauliche Entwicklung gegeben werden. Die Ratsmitglieder [&hellip;]\" \/>\n<meta property=\"og:url\" content=\"https:\/\/cdu-kaarst.de\/en\/cdu-kaarst\/cdu-vor-ort-kommt-mit-uns-bei-den-neuen-buergerversammlungen-ins-gespraech\/\" \/>\n<meta property=\"og:site_name\" content=\"CDU Kaarst-B\u00fcttgen\" \/>\n<meta property=\"article:published_time\" content=\"2024-01-10T11:11:34+00:00\" \/>\n<meta property=\"article:modified_time\" content=\"2024-06-13T07:21:58+00:00\" \/>\n<meta property=\"og:image\" content=\"https:\/\/cdu-kaarst.de\/wp-content\/uploads\/cropped-Logo-Stadtverband-Kaarst-Buettgen1.png\" \/>\n\t<meta property=\"og:image:width\" content=\"721\" \/>\n\t<meta property=\"og:image:height\" content=\"250\" \/>\n\t<meta property=\"og:image:type\" content=\"image\/png\" \/>\n<meta name=\"author\" content=\"@dm1n\" \/>\n<meta name=\"twitter:card\" content=\"summary_large_image\" \/>\n<meta name=\"twitter:label1\" content=\"Written by\" \/>\n\t<meta name=\"twitter:data1\" content=\"@dm1n\" \/>\n\t<meta name=\"twitter:label2\" content=\"Estimated reading time\" \/>\n\t<meta name=\"twitter:data2\" content=\"1 minute\" \/>\n<script type=\"application\/ld+json\" class=\"yoast-schema-graph\">{\"@context\":\"https:\\\/\\\/schema.org\",\"@graph\":[{\"@type\":\"Article\",\"@id\":\"https:\\\/\\\/cdu-kaarst.de\\\/cdu-kaarst\\\/cdu-vor-ort-kommt-mit-uns-bei-den-neuen-buergerversammlungen-ins-gespraech\\\/#article\",\"isPartOf\":{\"@id\":\"https:\\\/\\\/cdu-kaarst.de\\\/cdu-kaarst\\\/cdu-vor-ort-kommt-mit-uns-bei-den-neuen-buergerversammlungen-ins-gespraech\\\/\"},\"author\":{\"name\":\"@dm1n\",\"@id\":\"https:\\\/\\\/cdu-kaarst.de\\\/#\\\/schema\\\/person\\\/05876a2bd7865609f2946e82cbc73476\"},\"headline\":\"CDU vor Ort: Kommt mit uns bei den neuen B\u00fcrger&shy;versammlungen ins Gespr\u00e4ch!\",\"datePublished\":\"2024-01-10T11:11:34+00:00\",\"dateModified\":\"2024-06-13T07:21:58+00:00\",\"mainEntityOfPage\":{\"@id\":\"https:\\\/\\\/cdu-kaarst.de\\\/cdu-kaarst\\\/cdu-vor-ort-kommt-mit-uns-bei-den-neuen-buergerversammlungen-ins-gespraech\\\/\"},\"wordCount\":123,\"publisher\":{\"@id\":\"https:\\\/\\\/cdu-kaarst.de\\\/#organization\"},\"image\":{\"@id\":\"https:\\\/\\\/cdu-kaarst.de\\\/cdu-kaarst\\\/cdu-vor-ort-kommt-mit-uns-bei-den-neuen-buergerversammlungen-ins-gespraech\\\/#primaryimage\"},\"thumbnailUrl\":\"https:\\\/\\\/cdu-kaarst.de\\\/wp-content\\\/uploads\\\/cropped-Logo-Stadtverband-Kaarst-Buettgen1.png\",\"keywords\":[\"B\u00fcrgerversammlungen\",\"CDU Kaarst\"],\"articleSection\":[\"CDU Kaarst\",\"Stadtverband Kaarst-B\u00fcttgen\"],\"inLanguage\":\"en-GB\"},{\"@type\":\"WebPage\",\"@id\":\"https:\\\/\\\/cdu-kaarst.de\\\/cdu-kaarst\\\/cdu-vor-ort-kommt-mit-uns-bei-den-neuen-buergerversammlungen-ins-gespraech\\\/\",\"url\":\"https:\\\/\\\/cdu-kaarst.de\\\/cdu-kaarst\\\/cdu-vor-ort-kommt-mit-uns-bei-den-neuen-buergerversammlungen-ins-gespraech\\\/\",\"name\":\"CDU vor Ort: Kommt mit uns bei den neuen B\u00fcrger&shy;versammlungen ins Gespr\u00e4ch! - CDU Kaarst-B\u00fcttgen\",\"isPartOf\":{\"@id\":\"https:\\\/\\\/cdu-kaarst.de\\\/#website\"},\"primaryImageOfPage\":{\"@id\":\"https:\\\/\\\/cdu-kaarst.de\\\/cdu-kaarst\\\/cdu-vor-ort-kommt-mit-uns-bei-den-neuen-buergerversammlungen-ins-gespraech\\\/#primaryimage\"},\"image\":{\"@id\":\"https:\\\/\\\/cdu-kaarst.de\\\/cdu-kaarst\\\/cdu-vor-ort-kommt-mit-uns-bei-den-neuen-buergerversammlungen-ins-gespraech\\\/#primaryimage\"},\"thumbnailUrl\":\"https:\\\/\\\/cdu-kaarst.de\\\/wp-content\\\/uploads\\\/cropped-Logo-Stadtverband-Kaarst-Buettgen1.png\",\"datePublished\":\"2024-01-10T11:11:34+00:00\",\"dateModified\":\"2024-06-13T07:21:58+00:00\",\"breadcrumb\":{\"@id\":\"https:\\\/\\\/cdu-kaarst.de\\\/cdu-kaarst\\\/cdu-vor-ort-kommt-mit-uns-bei-den-neuen-buergerversammlungen-ins-gespraech\\\/#breadcrumb\"},\"inLanguage\":\"en-GB\",\"potentialAction\":[{\"@type\":\"ReadAction\",\"target\":[\"https:\\\/\\\/cdu-kaarst.de\\\/cdu-kaarst\\\/cdu-vor-ort-kommt-mit-uns-bei-den-neuen-buergerversammlungen-ins-gespraech\\\/\"]}]},{\"@type\":\"ImageObject\",\"inLanguage\":\"en-GB\",\"@id\":\"https:\\\/\\\/cdu-kaarst.de\\\/cdu-kaarst\\\/cdu-vor-ort-kommt-mit-uns-bei-den-neuen-buergerversammlungen-ins-gespraech\\\/#primaryimage\",\"url\":\"https:\\\/\\\/cdu-kaarst.de\\\/wp-content\\\/uploads\\\/cropped-Logo-Stadtverband-Kaarst-Buettgen1.png\",\"contentUrl\":\"https:\\\/\\\/cdu-kaarst.de\\\/wp-content\\\/uploads\\\/cropped-Logo-Stadtverband-Kaarst-Buettgen1.png\",\"width\":721,\"height\":250,\"caption\":\"Cropped Logo Stadtverband Kaarst Buettgen[1]\"},{\"@type\":\"BreadcrumbList\",\"@id\":\"https:\\\/\\\/cdu-kaarst.de\\\/cdu-kaarst\\\/cdu-vor-ort-kommt-mit-uns-bei-den-neuen-buergerversammlungen-ins-gespraech\\\/#breadcrumb\",\"itemListElement\":[{\"@type\":\"ListItem\",\"position\":1,\"name\":\"Startseite\",\"item\":\"https:\\\/\\\/cdu-kaarst.de\\\/\"},{\"@type\":\"ListItem\",\"position\":2,\"name\":\"CDU vor Ort: Kommt mit uns bei den neuen B\u00fcrger&shy;versammlungen ins Gespr\u00e4ch!\"}]},{\"@type\":\"WebSite\",\"@id\":\"https:\\\/\\\/cdu-kaarst.de\\\/#website\",\"url\":\"https:\\\/\\\/cdu-kaarst.de\\\/\",\"name\":\"CDU Kaarst-B\u00fcttgen\",\"description\":\"gut Leben in Kaarst\",\"publisher\":{\"@id\":\"https:\\\/\\\/cdu-kaarst.de\\\/#organization\"},\"potentialAction\":[{\"@type\":\"SearchAction\",\"target\":{\"@type\":\"EntryPoint\",\"urlTemplate\":\"https:\\\/\\\/cdu-kaarst.de\\\/?s={search_term_string}\"},\"query-input\":{\"@type\":\"PropertyValueSpecification\",\"valueRequired\":true,\"valueName\":\"search_term_string\"}}],\"inLanguage\":\"en-GB\"},{\"@type\":\"Organization\",\"@id\":\"https:\\\/\\\/cdu-kaarst.de\\\/#organization\",\"name\":\"CDU Kaarst-B\u00fcttgen\",\"url\":\"https:\\\/\\\/cdu-kaarst.de\\\/\",\"logo\":{\"@type\":\"ImageObject\",\"inLanguage\":\"en-GB\",\"@id\":\"https:\\\/\\\/cdu-kaarst.de\\\/#\\\/schema\\\/logo\\\/image\\\/\",\"url\":\"https:\\\/\\\/cdu-kaarst.de\\\/wp-content\\\/uploads\\\/cdu-gesamtlogo.png\",\"contentUrl\":\"https:\\\/\\\/cdu-kaarst.de\\\/wp-content\\\/uploads\\\/cdu-gesamtlogo.png\",\"width\":418,\"height\":120,\"caption\":\"CDU Kaarst-B\u00fcttgen\"},\"image\":{\"@id\":\"https:\\\/\\\/cdu-kaarst.de\\\/#\\\/schema\\\/logo\\\/image\\\/\"}},{\"@type\":\"Person\",\"@id\":\"https:\\\/\\\/cdu-kaarst.de\\\/#\\\/schema\\\/person\\\/05876a2bd7865609f2946e82cbc73476\",\"name\":\"@dm1n\",\"sameAs\":[\"http:\\\/\\\/cdu-kaarst.de\"]}]}<\/script>\n<!-- \/ Yoast SEO plugin. -->","yoast_head_json":{"title":"CDU on site: Come and talk to us at the new citizens' meetings! - CDU Kaarst-B\u00fcttgen","robots":{"index":"index","follow":"follow","max-snippet":"max-snippet:-1","max-image-preview":"max-image-preview:large","max-video-preview":"max-video-preview:-1"},"canonical":"https:\/\/cdu-kaarst.de\/en\/cdu-kaarst\/cdu-vor-ort-kommt-mit-uns-bei-den-neuen-buergerversammlungen-ins-gespraech\/","og_locale":"en_GB","og_type":"article","og_title":"CDU vor Ort: Kommt mit uns bei den neuen B\u00fcrger&shy;versammlungen ins Gespr\u00e4ch! - CDU Kaarst-B\u00fcttgen","og_description":"Der von Anette Schots-Hamm und Lars Christoph geleitete Arbeitskreis \u201eStadtentwicklung und Energie\u201c hat f\u00fcr die kommenden Wochen insgesamt sechs B\u00fcrgerversammlungen in allen Ortsteilen vorbereitet. Bei den einzelnen Veranstaltungen soll zum einen \u00fcber aktuelle Themen im Bereich der Stadtentwicklung informiert und zum anderen die Gelegenheit zur Diskussion \u00fcber die zuk\u00fcnftige st\u00e4dtebauliche Entwicklung gegeben werden. Die Ratsmitglieder [&hellip;]","og_url":"https:\/\/cdu-kaarst.de\/en\/cdu-kaarst\/cdu-vor-ort-kommt-mit-uns-bei-den-neuen-buergerversammlungen-ins-gespraech\/","og_site_name":"CDU Kaarst-B\u00fcttgen","article_published_time":"2024-01-10T11:11:34+00:00","article_modified_time":"2024-06-13T07:21:58+00:00","og_image":[{"width":721,"height":250,"url":"https:\/\/cdu-kaarst.de\/wp-content\/uploads\/cropped-Logo-Stadtverband-Kaarst-Buettgen1.png","type":"image\/png"}],"author":"@dm1n","twitter_card":"summary_large_image","twitter_misc":{"Written by":"@dm1n","Estimated reading time":"1 minute"},"schema":{"@context":"https:\/\/schema.org","@graph":[{"@type":"Article","@id":"https:\/\/cdu-kaarst.de\/cdu-kaarst\/cdu-vor-ort-kommt-mit-uns-bei-den-neuen-buergerversammlungen-ins-gespraech\/#article","isPartOf":{"@id":"https:\/\/cdu-kaarst.de\/cdu-kaarst\/cdu-vor-ort-kommt-mit-uns-bei-den-neuen-buergerversammlungen-ins-gespraech\/"},"author":{"name":"@dm1n","@id":"https:\/\/cdu-kaarst.de\/#\/schema\/person\/05876a2bd7865609f2946e82cbc73476"},"headline":"CDU vor Ort: Kommt mit uns bei den neuen B\u00fcrger&shy;versammlungen ins Gespr\u00e4ch!","datePublished":"2024-01-10T11:11:34+00:00","dateModified":"2024-06-13T07:21:58+00:00","mainEntityOfPage":{"@id":"https:\/\/cdu-kaarst.de\/cdu-kaarst\/cdu-vor-ort-kommt-mit-uns-bei-den-neuen-buergerversammlungen-ins-gespraech\/"},"wordCount":123,"publisher":{"@id":"https:\/\/cdu-kaarst.de\/#organization"},"image":{"@id":"https:\/\/cdu-kaarst.de\/cdu-kaarst\/cdu-vor-ort-kommt-mit-uns-bei-den-neuen-buergerversammlungen-ins-gespraech\/#primaryimage"},"thumbnailUrl":"https:\/\/cdu-kaarst.de\/wp-content\/uploads\/cropped-Logo-Stadtverband-Kaarst-Buettgen1.png","keywords":["B\u00fcrgerversammlungen","CDU Kaarst"],"articleSection":["CDU Kaarst","Stadtverband Kaarst-B\u00fcttgen"],"inLanguage":"en-GB"},{"@type":"WebPage","@id":"https:\/\/cdu-kaarst.de\/cdu-kaarst\/cdu-vor-ort-kommt-mit-uns-bei-den-neuen-buergerversammlungen-ins-gespraech\/","url":"https:\/\/cdu-kaarst.de\/cdu-kaarst\/cdu-vor-ort-kommt-mit-uns-bei-den-neuen-buergerversammlungen-ins-gespraech\/","name":"CDU on site: Come and talk to us at the new citizens' meetings! - CDU Kaarst-B\u00fcttgen","isPartOf":{"@id":"https:\/\/cdu-kaarst.de\/#website"},"primaryImageOfPage":{"@id":"https:\/\/cdu-kaarst.de\/cdu-kaarst\/cdu-vor-ort-kommt-mit-uns-bei-den-neuen-buergerversammlungen-ins-gespraech\/#primaryimage"},"image":{"@id":"https:\/\/cdu-kaarst.de\/cdu-kaarst\/cdu-vor-ort-kommt-mit-uns-bei-den-neuen-buergerversammlungen-ins-gespraech\/#primaryimage"},"thumbnailUrl":"https:\/\/cdu-kaarst.de\/wp-content\/uploads\/cropped-Logo-Stadtverband-Kaarst-Buettgen1.png","datePublished":"2024-01-10T11:11:34+00:00","dateModified":"2024-06-13T07:21:58+00:00","breadcrumb":{"@id":"https:\/\/cdu-kaarst.de\/cdu-kaarst\/cdu-vor-ort-kommt-mit-uns-bei-den-neuen-buergerversammlungen-ins-gespraech\/#breadcrumb"},"inLanguage":"en-GB","potentialAction":[{"@type":"ReadAction","target":["https:\/\/cdu-kaarst.de\/cdu-kaarst\/cdu-vor-ort-kommt-mit-uns-bei-den-neuen-buergerversammlungen-ins-gespraech\/"]}]},{"@type":"ImageObject","inLanguage":"en-GB","@id":"https:\/\/cdu-kaarst.de\/cdu-kaarst\/cdu-vor-ort-kommt-mit-uns-bei-den-neuen-buergerversammlungen-ins-gespraech\/#primaryimage","url":"https:\/\/cdu-kaarst.de\/wp-content\/uploads\/cropped-Logo-Stadtverband-Kaarst-Buettgen1.png","contentUrl":"https:\/\/cdu-kaarst.de\/wp-content\/uploads\/cropped-Logo-Stadtverband-Kaarst-Buettgen1.png","width":721,"height":250,"caption":"Cropped Logo Stadtverband Kaarst Buettgen[1]"},{"@type":"BreadcrumbList","@id":"https:\/\/cdu-kaarst.de\/cdu-kaarst\/cdu-vor-ort-kommt-mit-uns-bei-den-neuen-buergerversammlungen-ins-gespraech\/#breadcrumb","itemListElement":[{"@type":"ListItem","position":1,"name":"Startseite","item":"https:\/\/cdu-kaarst.de\/"},{"@type":"ListItem","position":2,"name":"CDU vor Ort: Kommt mit uns bei den neuen B\u00fcrger&shy;versammlungen ins Gespr\u00e4ch!"}]},{"@type":"WebSite","@id":"https:\/\/cdu-kaarst.de\/#website","url":"https:\/\/cdu-kaarst.de\/","name":"CDU Kaarst-B\u00fcttgen","description":"living well in Kaarst","publisher":{"@id":"https:\/\/cdu-kaarst.de\/#organization"},"potentialAction":[{"@type":"SearchAction","target":{"@type":"EntryPoint","urlTemplate":"https:\/\/cdu-kaarst.de\/?s={search_term_string}"},"query-input":{"@type":"PropertyValueSpecification","valueRequired":true,"valueName":"search_term_string"}}],"inLanguage":"en-GB"},{"@type":"Organization","@id":"https:\/\/cdu-kaarst.de\/#organization","name":"CDU Kaarst-B\u00fcttgen","url":"https:\/\/cdu-kaarst.de\/","logo":{"@type":"ImageObject","inLanguage":"en-GB","@id":"https:\/\/cdu-kaarst.de\/#\/schema\/logo\/image\/","url":"https:\/\/cdu-kaarst.de\/wp-content\/uploads\/cdu-gesamtlogo.png","contentUrl":"https:\/\/cdu-kaarst.de\/wp-content\/uploads\/cdu-gesamtlogo.png","width":418,"height":120,"caption":"CDU Kaarst-B\u00fcttgen"},"image":{"@id":"https:\/\/cdu-kaarst.de\/#\/schema\/logo\/image\/"}},{"@type":"Person","@id":"https:\/\/cdu-kaarst.de\/#\/schema\/person\/05876a2bd7865609f2946e82cbc73476","name":"@dm1n","sameAs":["http:\/\/cdu-kaarst.de"]}]}},"_links":{"self":[{"href":"https:\/\/cdu-kaarst.de\/en\/wp-json\/wp\/v2\/posts\/776","targetHints":{"allow":["GET"]}}],"collection":[{"href":"https:\/\/cdu-kaarst.de\/en\/wp-json\/wp\/v2\/posts"}],"about":[{"href":"https:\/\/cdu-kaarst.de\/en\/wp-json\/wp\/v2\/types\/post"}],"author":[{"embeddable":true,"href":"https:\/\/cdu-kaarst.de\/en\/wp-json\/wp\/v2\/users\/1"}],"replies":[{"embeddable":true,"href":"https:\/\/cdu-kaarst.de\/en\/wp-json\/wp\/v2\/comments?post=776"}],"version-history":[{"count":45,"href":"https:\/\/cdu-kaarst.de\/en\/wp-json\/wp\/v2\/posts\/776\/revisions"}],"predecessor-version":[{"id":3310,"href":"https:\/\/cdu-kaarst.de\/en\/wp-json\/wp\/v2\/posts\/776\/revisions\/3310"}],"wp:featuredmedia":[{"embeddable":true,"href":"https:\/\/cdu-kaarst.de\/en\/wp-json\/wp\/v2\/media\/710"}],"wp:attachment":[{"href":"https:\/\/cdu-kaarst.de\/en\/wp-json\/wp\/v2\/media?parent=776"}],"wp:term":[{"taxonomy":"category","embeddable":true,"href":"https:\/\/cdu-kaarst.de\/en\/wp-json\/wp\/v2\/categories?post=776"},{"taxonomy":"post_tag","embeddable":true,"href":"https:\/\/cdu-kaarst.de\/en\/wp-json\/wp\/v2\/tags?post=776"}],"curies":[{"name":"wp","href":"https:\/\/api.w.org\/{rel}","templated":true}]}}