{"id":812,"date":"2023-12-24T12:24:32","date_gmt":"2023-12-24T11:24:32","guid":{"rendered":"http:\/\/cdu-kaarst.de\/?p=812"},"modified":"2024-05-16T13:28:55","modified_gmt":"2024-05-16T11:28:55","slug":"herzliche-weihnachtsgruesse-2023","status":"publish","type":"post","link":"https:\/\/cdu-kaarst.de\/en\/cdu-kaarst\/herzliche-weihnachtsgruesse-2023\/","title":{"rendered":"Warm Christmas greetings 2023"},"content":{"rendered":"<div data-elementor-type=\"wp-post\" data-elementor-id=\"812\" class=\"elementor elementor-812\" data-elementor-post-type=\"post\">\n\t\t\t\t\t\t<section class=\"elementor-section elementor-top-section elementor-element elementor-element-48fa59e elementor-section-boxed elementor-section-height-default elementor-section-height-default\" data-id=\"48fa59e\" data-element_type=\"section\" data-e-type=\"section\" data-settings=\"{&quot;jet_parallax_layout_list&quot;:[]}\">\n\t\t\t\t\t\t<div class=\"elementor-container elementor-column-gap-default\">\n\t\t\t\t\t<div class=\"elementor-column elementor-col-100 elementor-top-column elementor-element elementor-element-015d5e4\" data-id=\"015d5e4\" data-element_type=\"column\" data-e-type=\"column\">\n\t\t\t<div class=\"elementor-widget-wrap elementor-element-populated\">\n\t\t\t\t\t\t<div class=\"elementor-element elementor-element-5d9633b elementor-widget elementor-widget-video\" data-id=\"5d9633b\" data-element_type=\"widget\" data-e-type=\"widget\" data-settings=\"{&quot;video_type&quot;:&quot;hosted&quot;,&quot;controls&quot;:&quot;yes&quot;}\" data-widget_type=\"video.default\">\n\t\t\t\t<div class=\"elementor-widget-container\">\n\t\t\t\t\t\t\t<div class=\"e-hosted-video elementor-wrapper elementor-open-inline\">\n\t\t\t\t\t<video class=\"elementor-video\" src=\"https:\/\/cdu-kaarst.de\/wp-content\/uploads\/IMG_57061.mp4\" controls=\"\" preload=\"metadata\" controlslist=\"nodownload\"><\/video>\n\t\t\t\t<\/div>\n\t\t\t\t\t\t<\/div>\n\t\t\t\t<\/div>\n\t\t\t\t<div class=\"elementor-element elementor-element-5b5527a elementor-widget elementor-widget-text-editor\" data-id=\"5b5527a\" data-element_type=\"widget\" data-e-type=\"widget\" data-widget_type=\"text-editor.default\">\n\t\t\t\t<div class=\"elementor-widget-container\">\n\t\t\t\t\t\t\t\t\t<p>Video Christmas greetings 2023 from the board of the Kaarst-B\u00fcttgen CDU city association<\/p>\n<p>The New Year's reception will take place on 21 January 2024 at the Mecure Hotel Kaarst at 11 a.m.<\/p>\t\t\t\t\t\t\t\t<\/div>\n\t\t\t\t<\/div>\n\t\t\t\t\t<\/div>\n\t\t<\/div>\n\t\t\t\t\t<\/div>\n\t\t<\/section>\n\t\t\t\t<\/div>","protected":false},"excerpt":{"rendered":"<p>http:\/\/cdu-kaarst.de\/wp-content\/uploads\/IMG_57061.mp4 Video Christmas greetings 2023 from the board of the CDU city association Kaarst-B\u00fcttgen The New Year's reception will take place on 21 January 2024 at the Mecure Hotel Kaarst at 11 a.m.<\/p>","protected":false},"author":1,"featured_media":711,"comment_status":"closed","ping_status":"closed","sticky":false,"template":"","format":"standard","meta":{"footnotes":""},"categories":[23,25],"tags":[30,26,36,39],"class_list":["post-812","post","type-post","status-publish","format-standard","has-post-thumbnail","hentry","category-cdu-kaarst","category-stadtverband-kaarst-buettgen","tag-cdu","tag-cdu-kaarst","tag-cdu-kaarst-buettgen","tag-weihnachtsgruesse-2023"],"yoast_head":"<!-- This site is optimized with the Yoast SEO plugin v27.4 - https:\/\/yoast.com\/product\/yoast-seo-wordpress\/ -->\n<title>Herzliche Weihnachtsgr\u00fc\u00dfe 2023 - CDU Kaarst-B\u00fcttgen<\/title>\n<meta name=\"robots\" content=\"index, follow, max-snippet:-1, max-image-preview:large, max-video-preview:-1\" \/>\n<link rel=\"canonical\" href=\"https:\/\/cdu-kaarst.de\/en\/cdu-kaarst\/herzliche-weihnachtsgruesse-2023\/\" \/>\n<meta property=\"og:locale\" content=\"en_GB\" \/>\n<meta property=\"og:type\" content=\"article\" \/>\n<meta property=\"og:title\" content=\"Herzliche Weihnachtsgr\u00fc\u00dfe 2023 - CDU Kaarst-B\u00fcttgen\" \/>\n<meta property=\"og:description\" content=\"http:\/\/cdu-kaarst.de\/wp-content\/uploads\/IMG_57061.mp4 Video-Weihnachtsgr\u00fc\u00dfe 2023 vom Vorstand des CDU-Stadtverbandes Kaarst-B\u00fcttgen Der Neujahrsempfang findet am 21.01.2024 im Mecure Hotel Kaarst um 11 Uhr statt.\" \/>\n<meta property=\"og:url\" content=\"https:\/\/cdu-kaarst.de\/en\/cdu-kaarst\/herzliche-weihnachtsgruesse-2023\/\" \/>\n<meta property=\"og:site_name\" content=\"CDU Kaarst-B\u00fcttgen\" \/>\n<meta property=\"article:published_time\" content=\"2023-12-24T11:24:32+00:00\" \/>\n<meta property=\"article:modified_time\" content=\"2024-05-16T11:28:55+00:00\" \/>\n<meta property=\"og:image\" content=\"https:\/\/cdu-kaarst.de\/wp-content\/uploads\/Weihnachtsgruss-2023WP-768x4611-1.png\" \/>\n\t<meta property=\"og:image:width\" content=\"768\" \/>\n\t<meta property=\"og:image:height\" content=\"461\" \/>\n\t<meta property=\"og:image:type\" content=\"image\/png\" \/>\n<meta name=\"author\" content=\"@dm1n\" \/>\n<meta name=\"twitter:card\" content=\"summary_large_image\" \/>\n<meta name=\"twitter:label1\" content=\"Written by\" \/>\n\t<meta name=\"twitter:data1\" content=\"@dm1n\" \/>\n<script type=\"application\/ld+json\" class=\"yoast-schema-graph\">{\"@context\":\"https:\\\/\\\/schema.org\",\"@graph\":[{\"@type\":\"Article\",\"@id\":\"https:\\\/\\\/cdu-kaarst.de\\\/en\\\/cdu-kaarst\\\/herzliche-weihnachtsgruesse-2023\\\/#article\",\"isPartOf\":{\"@id\":\"https:\\\/\\\/cdu-kaarst.de\\\/en\\\/cdu-kaarst\\\/herzliche-weihnachtsgruesse-2023\\\/\"},\"author\":{\"name\":\"@dm1n\",\"@id\":\"https:\\\/\\\/cdu-kaarst.de\\\/#\\\/schema\\\/person\\\/05876a2bd7865609f2946e82cbc73476\"},\"headline\":\"Herzliche Weihnachtsgr\u00fc\u00dfe 2023\",\"datePublished\":\"2023-12-24T11:24:32+00:00\",\"dateModified\":\"2024-05-16T11:28:55+00:00\",\"mainEntityOfPage\":{\"@id\":\"https:\\\/\\\/cdu-kaarst.de\\\/en\\\/cdu-kaarst\\\/herzliche-weihnachtsgruesse-2023\\\/\"},\"wordCount\":29,\"publisher\":{\"@id\":\"https:\\\/\\\/cdu-kaarst.de\\\/#organization\"},\"image\":{\"@id\":\"https:\\\/\\\/cdu-kaarst.de\\\/en\\\/cdu-kaarst\\\/herzliche-weihnachtsgruesse-2023\\\/#primaryimage\"},\"thumbnailUrl\":\"https:\\\/\\\/cdu-kaarst.de\\\/wp-content\\\/uploads\\\/Weihnachtsgruss-2023WP-768x4611-1.png\",\"keywords\":[\"CDU\",\"CDU Kaarst\",\"CDU Kaarst B\u00fcttgen\",\"Weihnachtsgr\u00fc\u00dfe 2023\"],\"articleSection\":[\"CDU Kaarst\",\"Stadtverband Kaarst-B\u00fcttgen\"],\"inLanguage\":\"en-GB\"},{\"@type\":\"WebPage\",\"@id\":\"https:\\\/\\\/cdu-kaarst.de\\\/en\\\/cdu-kaarst\\\/herzliche-weihnachtsgruesse-2023\\\/\",\"url\":\"https:\\\/\\\/cdu-kaarst.de\\\/en\\\/cdu-kaarst\\\/herzliche-weihnachtsgruesse-2023\\\/\",\"name\":\"Herzliche Weihnachtsgr\u00fc\u00dfe 2023 - CDU Kaarst-B\u00fcttgen\",\"isPartOf\":{\"@id\":\"https:\\\/\\\/cdu-kaarst.de\\\/#website\"},\"primaryImageOfPage\":{\"@id\":\"https:\\\/\\\/cdu-kaarst.de\\\/en\\\/cdu-kaarst\\\/herzliche-weihnachtsgruesse-2023\\\/#primaryimage\"},\"image\":{\"@id\":\"https:\\\/\\\/cdu-kaarst.de\\\/en\\\/cdu-kaarst\\\/herzliche-weihnachtsgruesse-2023\\\/#primaryimage\"},\"thumbnailUrl\":\"https:\\\/\\\/cdu-kaarst.de\\\/wp-content\\\/uploads\\\/Weihnachtsgruss-2023WP-768x4611-1.png\",\"datePublished\":\"2023-12-24T11:24:32+00:00\",\"dateModified\":\"2024-05-16T11:28:55+00:00\",\"breadcrumb\":{\"@id\":\"https:\\\/\\\/cdu-kaarst.de\\\/en\\\/cdu-kaarst\\\/herzliche-weihnachtsgruesse-2023\\\/#breadcrumb\"},\"inLanguage\":\"en-GB\",\"potentialAction\":[{\"@type\":\"ReadAction\",\"target\":[\"https:\\\/\\\/cdu-kaarst.de\\\/en\\\/cdu-kaarst\\\/herzliche-weihnachtsgruesse-2023\\\/\"]}]},{\"@type\":\"ImageObject\",\"inLanguage\":\"en-GB\",\"@id\":\"https:\\\/\\\/cdu-kaarst.de\\\/en\\\/cdu-kaarst\\\/herzliche-weihnachtsgruesse-2023\\\/#primaryimage\",\"url\":\"https:\\\/\\\/cdu-kaarst.de\\\/wp-content\\\/uploads\\\/Weihnachtsgruss-2023WP-768x4611-1.png\",\"contentUrl\":\"https:\\\/\\\/cdu-kaarst.de\\\/wp-content\\\/uploads\\\/Weihnachtsgruss-2023WP-768x4611-1.png\",\"width\":768,\"height\":461},{\"@type\":\"BreadcrumbList\",\"@id\":\"https:\\\/\\\/cdu-kaarst.de\\\/en\\\/cdu-kaarst\\\/herzliche-weihnachtsgruesse-2023\\\/#breadcrumb\",\"itemListElement\":[{\"@type\":\"ListItem\",\"position\":1,\"name\":\"Startseite\",\"item\":\"https:\\\/\\\/cdu-kaarst.de\\\/\"},{\"@type\":\"ListItem\",\"position\":2,\"name\":\"Herzliche Weihnachtsgr\u00fc\u00dfe 2023\"}]},{\"@type\":\"WebSite\",\"@id\":\"https:\\\/\\\/cdu-kaarst.de\\\/#website\",\"url\":\"https:\\\/\\\/cdu-kaarst.de\\\/\",\"name\":\"CDU Kaarst-B\u00fcttgen\",\"description\":\"gut Leben in Kaarst\",\"publisher\":{\"@id\":\"https:\\\/\\\/cdu-kaarst.de\\\/#organization\"},\"potentialAction\":[{\"@type\":\"SearchAction\",\"target\":{\"@type\":\"EntryPoint\",\"urlTemplate\":\"https:\\\/\\\/cdu-kaarst.de\\\/?s={search_term_string}\"},\"query-input\":{\"@type\":\"PropertyValueSpecification\",\"valueRequired\":true,\"valueName\":\"search_term_string\"}}],\"inLanguage\":\"en-GB\"},{\"@type\":\"Organization\",\"@id\":\"https:\\\/\\\/cdu-kaarst.de\\\/#organization\",\"name\":\"CDU Kaarst-B\u00fcttgen\",\"url\":\"https:\\\/\\\/cdu-kaarst.de\\\/\",\"logo\":{\"@type\":\"ImageObject\",\"inLanguage\":\"en-GB\",\"@id\":\"https:\\\/\\\/cdu-kaarst.de\\\/#\\\/schema\\\/logo\\\/image\\\/\",\"url\":\"https:\\\/\\\/cdu-kaarst.de\\\/wp-content\\\/uploads\\\/cdu-gesamtlogo.png\",\"contentUrl\":\"https:\\\/\\\/cdu-kaarst.de\\\/wp-content\\\/uploads\\\/cdu-gesamtlogo.png\",\"width\":418,\"height\":120,\"caption\":\"CDU Kaarst-B\u00fcttgen\"},\"image\":{\"@id\":\"https:\\\/\\\/cdu-kaarst.de\\\/#\\\/schema\\\/logo\\\/image\\\/\"}},{\"@type\":\"Person\",\"@id\":\"https:\\\/\\\/cdu-kaarst.de\\\/#\\\/schema\\\/person\\\/05876a2bd7865609f2946e82cbc73476\",\"name\":\"@dm1n\",\"sameAs\":[\"http:\\\/\\\/cdu-kaarst.de\"]}]}<\/script>\n<!-- \/ Yoast SEO plugin. -->","yoast_head_json":{"title":"Herzliche Weihnachtsgr\u00fc\u00dfe 2023 - CDU Kaarst-B\u00fcttgen","robots":{"index":"index","follow":"follow","max-snippet":"max-snippet:-1","max-image-preview":"max-image-preview:large","max-video-preview":"max-video-preview:-1"},"canonical":"https:\/\/cdu-kaarst.de\/en\/cdu-kaarst\/herzliche-weihnachtsgruesse-2023\/","og_locale":"en_GB","og_type":"article","og_title":"Herzliche Weihnachtsgr\u00fc\u00dfe 2023 - CDU Kaarst-B\u00fcttgen","og_description":"http:\/\/cdu-kaarst.de\/wp-content\/uploads\/IMG_57061.mp4 Video-Weihnachtsgr\u00fc\u00dfe 2023 vom Vorstand des CDU-Stadtverbandes Kaarst-B\u00fcttgen Der Neujahrsempfang findet am 21.01.2024 im Mecure Hotel Kaarst um 11 Uhr statt.","og_url":"https:\/\/cdu-kaarst.de\/en\/cdu-kaarst\/herzliche-weihnachtsgruesse-2023\/","og_site_name":"CDU Kaarst-B\u00fcttgen","article_published_time":"2023-12-24T11:24:32+00:00","article_modified_time":"2024-05-16T11:28:55+00:00","og_image":[{"width":768,"height":461,"url":"https:\/\/cdu-kaarst.de\/wp-content\/uploads\/Weihnachtsgruss-2023WP-768x4611-1.png","type":"image\/png"}],"author":"@dm1n","twitter_card":"summary_large_image","twitter_misc":{"Written by":"@dm1n"},"schema":{"@context":"https:\/\/schema.org","@graph":[{"@type":"Article","@id":"https:\/\/cdu-kaarst.de\/en\/cdu-kaarst\/herzliche-weihnachtsgruesse-2023\/#article","isPartOf":{"@id":"https:\/\/cdu-kaarst.de\/en\/cdu-kaarst\/herzliche-weihnachtsgruesse-2023\/"},"author":{"name":"@dm1n","@id":"https:\/\/cdu-kaarst.de\/#\/schema\/person\/05876a2bd7865609f2946e82cbc73476"},"headline":"Herzliche Weihnachtsgr\u00fc\u00dfe 2023","datePublished":"2023-12-24T11:24:32+00:00","dateModified":"2024-05-16T11:28:55+00:00","mainEntityOfPage":{"@id":"https:\/\/cdu-kaarst.de\/en\/cdu-kaarst\/herzliche-weihnachtsgruesse-2023\/"},"wordCount":29,"publisher":{"@id":"https:\/\/cdu-kaarst.de\/#organization"},"image":{"@id":"https:\/\/cdu-kaarst.de\/en\/cdu-kaarst\/herzliche-weihnachtsgruesse-2023\/#primaryimage"},"thumbnailUrl":"https:\/\/cdu-kaarst.de\/wp-content\/uploads\/Weihnachtsgruss-2023WP-768x4611-1.png","keywords":["CDU","CDU Kaarst","CDU Kaarst B\u00fcttgen","Weihnachtsgr\u00fc\u00dfe 2023"],"articleSection":["CDU Kaarst","Stadtverband Kaarst-B\u00fcttgen"],"inLanguage":"en-GB"},{"@type":"WebPage","@id":"https:\/\/cdu-kaarst.de\/en\/cdu-kaarst\/herzliche-weihnachtsgruesse-2023\/","url":"https:\/\/cdu-kaarst.de\/en\/cdu-kaarst\/herzliche-weihnachtsgruesse-2023\/","name":"Herzliche Weihnachtsgr\u00fc\u00dfe 2023 - CDU Kaarst-B\u00fcttgen","isPartOf":{"@id":"https:\/\/cdu-kaarst.de\/#website"},"primaryImageOfPage":{"@id":"https:\/\/cdu-kaarst.de\/en\/cdu-kaarst\/herzliche-weihnachtsgruesse-2023\/#primaryimage"},"image":{"@id":"https:\/\/cdu-kaarst.de\/en\/cdu-kaarst\/herzliche-weihnachtsgruesse-2023\/#primaryimage"},"thumbnailUrl":"https:\/\/cdu-kaarst.de\/wp-content\/uploads\/Weihnachtsgruss-2023WP-768x4611-1.png","datePublished":"2023-12-24T11:24:32+00:00","dateModified":"2024-05-16T11:28:55+00:00","breadcrumb":{"@id":"https:\/\/cdu-kaarst.de\/en\/cdu-kaarst\/herzliche-weihnachtsgruesse-2023\/#breadcrumb"},"inLanguage":"en-GB","potentialAction":[{"@type":"ReadAction","target":["https:\/\/cdu-kaarst.de\/en\/cdu-kaarst\/herzliche-weihnachtsgruesse-2023\/"]}]},{"@type":"ImageObject","inLanguage":"en-GB","@id":"https:\/\/cdu-kaarst.de\/en\/cdu-kaarst\/herzliche-weihnachtsgruesse-2023\/#primaryimage","url":"https:\/\/cdu-kaarst.de\/wp-content\/uploads\/Weihnachtsgruss-2023WP-768x4611-1.png","contentUrl":"https:\/\/cdu-kaarst.de\/wp-content\/uploads\/Weihnachtsgruss-2023WP-768x4611-1.png","width":768,"height":461},{"@type":"BreadcrumbList","@id":"https:\/\/cdu-kaarst.de\/en\/cdu-kaarst\/herzliche-weihnachtsgruesse-2023\/#breadcrumb","itemListElement":[{"@type":"ListItem","position":1,"name":"Startseite","item":"https:\/\/cdu-kaarst.de\/"},{"@type":"ListItem","position":2,"name":"Herzliche Weihnachtsgr\u00fc\u00dfe 2023"}]},{"@type":"WebSite","@id":"https:\/\/cdu-kaarst.de\/#website","url":"https:\/\/cdu-kaarst.de\/","name":"CDU Kaarst-B\u00fcttgen","description":"living well in Kaarst","publisher":{"@id":"https:\/\/cdu-kaarst.de\/#organization"},"potentialAction":[{"@type":"SearchAction","target":{"@type":"EntryPoint","urlTemplate":"https:\/\/cdu-kaarst.de\/?s={search_term_string}"},"query-input":{"@type":"PropertyValueSpecification","valueRequired":true,"valueName":"search_term_string"}}],"inLanguage":"en-GB"},{"@type":"Organization","@id":"https:\/\/cdu-kaarst.de\/#organization","name":"CDU Kaarst-B\u00fcttgen","url":"https:\/\/cdu-kaarst.de\/","logo":{"@type":"ImageObject","inLanguage":"en-GB","@id":"https:\/\/cdu-kaarst.de\/#\/schema\/logo\/image\/","url":"https:\/\/cdu-kaarst.de\/wp-content\/uploads\/cdu-gesamtlogo.png","contentUrl":"https:\/\/cdu-kaarst.de\/wp-content\/uploads\/cdu-gesamtlogo.png","width":418,"height":120,"caption":"CDU Kaarst-B\u00fcttgen"},"image":{"@id":"https:\/\/cdu-kaarst.de\/#\/schema\/logo\/image\/"}},{"@type":"Person","@id":"https:\/\/cdu-kaarst.de\/#\/schema\/person\/05876a2bd7865609f2946e82cbc73476","name":"@dm1n","sameAs":["http:\/\/cdu-kaarst.de"]}]}},"_links":{"self":[{"href":"https:\/\/cdu-kaarst.de\/en\/wp-json\/wp\/v2\/posts\/812","targetHints":{"allow":["GET"]}}],"collection":[{"href":"https:\/\/cdu-kaarst.de\/en\/wp-json\/wp\/v2\/posts"}],"about":[{"href":"https:\/\/cdu-kaarst.de\/en\/wp-json\/wp\/v2\/types\/post"}],"author":[{"embeddable":true,"href":"https:\/\/cdu-kaarst.de\/en\/wp-json\/wp\/v2\/users\/1"}],"replies":[{"embeddable":true,"href":"https:\/\/cdu-kaarst.de\/en\/wp-json\/wp\/v2\/comments?post=812"}],"version-history":[{"count":20,"href":"https:\/\/cdu-kaarst.de\/en\/wp-json\/wp\/v2\/posts\/812\/revisions"}],"predecessor-version":[{"id":2416,"href":"https:\/\/cdu-kaarst.de\/en\/wp-json\/wp\/v2\/posts\/812\/revisions\/2416"}],"wp:featuredmedia":[{"embeddable":true,"href":"https:\/\/cdu-kaarst.de\/en\/wp-json\/wp\/v2\/media\/711"}],"wp:attachment":[{"href":"https:\/\/cdu-kaarst.de\/en\/wp-json\/wp\/v2\/media?parent=812"}],"wp:term":[{"taxonomy":"category","embeddable":true,"href":"https:\/\/cdu-kaarst.de\/en\/wp-json\/wp\/v2\/categories?post=812"},{"taxonomy":"post_tag","embeddable":true,"href":"https:\/\/cdu-kaarst.de\/en\/wp-json\/wp\/v2\/tags?post=812"}],"curies":[{"name":"wp","href":"https:\/\/api.w.org\/{rel}","templated":true}]}}