{"id":865,"date":"2023-12-08T13:08:27","date_gmt":"2023-12-08T12:08:27","guid":{"rendered":"http:\/\/cdu-kaarst.de\/?p=865"},"modified":"2024-06-13T09:22:54","modified_gmt":"2024-06-13T07:22:54","slug":"positionspapier-der-cdu-zur-entwicklung-der-stadtmitte-kaarst","status":"publish","type":"post","link":"https:\/\/cdu-kaarst.de\/en\/cdu-kaarst\/positionspapier-der-cdu-zur-entwicklung-der-stadtmitte-kaarst\/","title":{"rendered":"CDU position paper on the development of Kaarst town centre"},"content":{"rendered":"<div data-elementor-type=\"wp-post\" data-elementor-id=\"865\" class=\"elementor elementor-865\" data-elementor-post-type=\"post\">\n\t\t\t\t\t\t<section class=\"elementor-section elementor-top-section elementor-element elementor-element-cf6a9a3 elementor-section-boxed elementor-section-height-default elementor-section-height-default\" data-id=\"cf6a9a3\" data-element_type=\"section\" data-e-type=\"section\" data-settings=\"{&quot;jet_parallax_layout_list&quot;:[]}\">\n\t\t\t\t\t\t<div class=\"elementor-container elementor-column-gap-default\">\n\t\t\t\t\t<div class=\"elementor-column elementor-col-100 elementor-top-column elementor-element elementor-element-0c4a39b\" data-id=\"0c4a39b\" data-element_type=\"column\" data-e-type=\"column\">\n\t\t\t<div class=\"elementor-widget-wrap elementor-element-populated\">\n\t\t\t\t\t\t<div class=\"elementor-element elementor-element-ddf8a93 elementor-widget elementor-widget-text-editor\" data-id=\"ddf8a93\" data-element_type=\"widget\" data-e-type=\"widget\" data-widget_type=\"text-editor.default\">\n\t\t\t\t<div class=\"elementor-widget-container\">\n\t\t\t\t\t\t\t\t\t<p>Today's city centre with the town hall, town hall arcades and city park is the result of a courageous planning decision made over 30 years ago and largely shaped by the CDU.<\/p><p>The acquisition of central areas between the town hall and the Maubis Centre has opened up new development prospects for the city. We have therefore been pursuing the strengthening and further development of our city centre for several years. Our aim is to maintain and strengthen the city centre as a vital centre of our city for the next 30 years and to eliminate existing weaknesses as far as possible.<\/p><p>On our initiative, the Integrated Development and Sustainability Programme was established over five years ago.<br \/>action plan (IEHK) Kaarst was launched. The contents are summarised in a<br \/>extensive participation process with all citizens, associations and<br \/>other social institutions.<\/p><p>Last Saturday, 2 December 2023, we therefore adopted a position paper on the redesign of the city centre.<\/p><p>You can read and download the position paper here:<\/p>\t\t\t\t\t\t\t\t<\/div>\n\t\t\t\t<\/div>\n\t\t\t\t<section class=\"elementor-section elementor-inner-section elementor-element elementor-element-9210884 elementor-section-boxed elementor-section-height-default elementor-section-height-default\" data-id=\"9210884\" data-element_type=\"section\" data-e-type=\"section\" data-settings=\"{&quot;jet_parallax_layout_list&quot;:[]}\">\n\t\t\t\t\t\t<div class=\"elementor-container elementor-column-gap-default\">\n\t\t\t\t\t<div class=\"elementor-column elementor-col-100 elementor-inner-column elementor-element elementor-element-d4d686b\" data-id=\"d4d686b\" data-element_type=\"column\" data-e-type=\"column\" data-settings=\"{&quot;background_background&quot;:&quot;classic&quot;}\">\n\t\t\t<div class=\"elementor-widget-wrap elementor-element-populated\">\n\t\t\t\t\t\t<div class=\"elementor-element elementor-element-e56e9f4 elementor-widget elementor-widget-heading\" data-id=\"e56e9f4\" data-element_type=\"widget\" data-e-type=\"widget\" data-widget_type=\"heading.default\">\n\t\t\t\t<div class=\"elementor-widget-container\">\n\t\t\t\t\t<h4 class=\"elementor-heading-title elementor-size-default\">You can read and download the position paper here<\/h4>\t\t\t\t<\/div>\n\t\t\t\t<\/div>\n\t\t\t\t<div class=\"elementor-element elementor-element-0ef53c7 elementor-list-item-link-inline elementor-icon-list--layout-traditional elementor-widget elementor-widget-icon-list\" data-id=\"0ef53c7\" data-element_type=\"widget\" data-e-type=\"widget\" data-widget_type=\"icon-list.default\">\n\t\t\t\t<div class=\"elementor-widget-container\">\n\t\t\t\t\t\t\t<ul class=\"elementor-icon-list-items\">\n\t\t\t\t\t\t\t<li class=\"elementor-icon-list-item\">\n\t\t\t\t\t\t\t\t\t\t\t<a href=\"https:\/\/cdu-kaarst.de\/wp-content\/uploads\/Positionspapier-der-CDU-zur-Stadtmitte-finale-Fassung.pdf\" target=\"_blank\">\n\n\t\t\t\t\t\t\t\t\t\t\t\t<span class=\"elementor-icon-list-icon\">\n\t\t\t\t\t\t\t<i aria-hidden=\"true\" class=\"fas fa-arrow-alt-circle-down\"><\/i>\t\t\t\t\t\t<\/span>\n\t\t\t\t\t\t\t\t\t\t<span class=\"elementor-icon-list-text\">Position paper on the development of the city centre<\/span>\n\t\t\t\t\t\t\t\t\t\t\t<\/a>\n\t\t\t\t\t\t\t\t\t<\/li>\n\t\t\t\t\t\t<\/ul>\n\t\t\t\t\t\t<\/div>\n\t\t\t\t<\/div>\n\t\t\t\t\t<\/div>\n\t\t<\/div>\n\t\t\t\t\t<\/div>\n\t\t<\/section>\n\t\t\t\t\t<\/div>\n\t\t<\/div>\n\t\t\t\t\t<\/div>\n\t\t<\/section>\n\t\t\t\t<\/div>","protected":false},"excerpt":{"rendered":"<p>Die heutige Stadtmitte mit Rathaus, Rathausarkaden und Stadtpark ist das Ergebnis einer\u00a0mutigen Planungsentscheidung, die vor \u00fcber 30 Jahren getroffen und ma\u00dfgeblich von der\u00a0CDU mitgestaltet wurde. Durch den Erwerb zentraler Fl\u00e4chen zwischen Rathaus und Maubiszentrum haben sich f\u00fcr die Stadt neue Entwicklungsperspektiven geboten. Daher verfolgen wir bereits seit mehreren Jahren die St\u00e4rkung und Weiterentwicklung unserer Stadtmitte. [&hellip;]<\/p>\n","protected":false},"author":1,"featured_media":714,"comment_status":"closed","ping_status":"closed","sticky":false,"template":"","format":"standard","meta":{"footnotes":""},"categories":[23,25],"tags":[26,42,41],"class_list":["post-865","post","type-post","status-publish","format-standard","has-post-thumbnail","hentry","category-cdu-kaarst","category-stadtverband-kaarst-buettgen","tag-cdu-kaarst","tag-positionspapier-der-cdu","tag-rathaus-kaarst"],"yoast_head":"<!-- This site is optimized with the Yoast SEO plugin v27.4 - https:\/\/yoast.com\/product\/yoast-seo-wordpress\/ -->\n<title>Positionspapier der CDU zur Entwicklung der Stadtmitte Kaarst - CDU Kaarst-B\u00fcttgen<\/title>\n<meta name=\"robots\" content=\"index, follow, max-snippet:-1, max-image-preview:large, max-video-preview:-1\" \/>\n<link rel=\"canonical\" href=\"https:\/\/cdu-kaarst.de\/en\/cdu-kaarst\/positionspapier-der-cdu-zur-entwicklung-der-stadtmitte-kaarst\/\" \/>\n<meta property=\"og:locale\" content=\"en_GB\" \/>\n<meta property=\"og:type\" content=\"article\" \/>\n<meta property=\"og:title\" content=\"Positionspapier der CDU zur Entwicklung der Stadtmitte Kaarst - CDU Kaarst-B\u00fcttgen\" \/>\n<meta property=\"og:description\" content=\"Die heutige Stadtmitte mit Rathaus, Rathausarkaden und Stadtpark ist das Ergebnis einer\u00a0mutigen Planungsentscheidung, die vor \u00fcber 30 Jahren getroffen und ma\u00dfgeblich von der\u00a0CDU mitgestaltet wurde. Durch den Erwerb zentraler Fl\u00e4chen zwischen Rathaus und Maubiszentrum haben sich f\u00fcr die Stadt neue Entwicklungsperspektiven geboten. Daher verfolgen wir bereits seit mehreren Jahren die St\u00e4rkung und Weiterentwicklung unserer Stadtmitte. [&hellip;]\" \/>\n<meta property=\"og:url\" content=\"https:\/\/cdu-kaarst.de\/en\/cdu-kaarst\/positionspapier-der-cdu-zur-entwicklung-der-stadtmitte-kaarst\/\" \/>\n<meta property=\"og:site_name\" content=\"CDU Kaarst-B\u00fcttgen\" \/>\n<meta property=\"article:published_time\" content=\"2023-12-08T12:08:27+00:00\" \/>\n<meta property=\"article:modified_time\" content=\"2024-06-13T07:22:54+00:00\" \/>\n<meta property=\"og:image\" content=\"https:\/\/cdu-kaarst.de\/wp-content\/uploads\/WhatsApp-Image-2023-12-02-at-12.27.28-2000x12001-1.jpeg\" \/>\n\t<meta property=\"og:image:width\" content=\"1920\" \/>\n\t<meta property=\"og:image:height\" content=\"1152\" \/>\n\t<meta property=\"og:image:type\" content=\"image\/jpeg\" \/>\n<meta name=\"author\" content=\"@dm1n\" \/>\n<meta name=\"twitter:card\" content=\"summary_large_image\" \/>\n<meta name=\"twitter:label1\" content=\"Written by\" \/>\n\t<meta name=\"twitter:data1\" content=\"@dm1n\" \/>\n\t<meta name=\"twitter:label2\" content=\"Estimated reading time\" \/>\n\t<meta name=\"twitter:data2\" content=\"1 minute\" \/>\n<script type=\"application\/ld+json\" class=\"yoast-schema-graph\">{\"@context\":\"https:\\\/\\\/schema.org\",\"@graph\":[{\"@type\":\"Article\",\"@id\":\"https:\\\/\\\/cdu-kaarst.de\\\/cdu-kaarst\\\/positionspapier-der-cdu-zur-entwicklung-der-stadtmitte-kaarst\\\/#article\",\"isPartOf\":{\"@id\":\"https:\\\/\\\/cdu-kaarst.de\\\/cdu-kaarst\\\/positionspapier-der-cdu-zur-entwicklung-der-stadtmitte-kaarst\\\/\"},\"author\":{\"name\":\"@dm1n\",\"@id\":\"https:\\\/\\\/cdu-kaarst.de\\\/#\\\/schema\\\/person\\\/05876a2bd7865609f2946e82cbc73476\"},\"headline\":\"Positionspapier der CDU zur Entwicklung der Stadtmitte Kaarst\",\"datePublished\":\"2023-12-08T12:08:27+00:00\",\"dateModified\":\"2024-06-13T07:22:54+00:00\",\"mainEntityOfPage\":{\"@id\":\"https:\\\/\\\/cdu-kaarst.de\\\/cdu-kaarst\\\/positionspapier-der-cdu-zur-entwicklung-der-stadtmitte-kaarst\\\/\"},\"wordCount\":174,\"publisher\":{\"@id\":\"https:\\\/\\\/cdu-kaarst.de\\\/#organization\"},\"image\":{\"@id\":\"https:\\\/\\\/cdu-kaarst.de\\\/cdu-kaarst\\\/positionspapier-der-cdu-zur-entwicklung-der-stadtmitte-kaarst\\\/#primaryimage\"},\"thumbnailUrl\":\"https:\\\/\\\/cdu-kaarst.de\\\/wp-content\\\/uploads\\\/WhatsApp-Image-2023-12-02-at-12.27.28-2000x12001-1.jpeg\",\"keywords\":[\"CDU Kaarst\",\"Positionspapier der CDU;\",\"Rathaus Kaarst\"],\"articleSection\":[\"CDU Kaarst\",\"Stadtverband Kaarst-B\u00fcttgen\"],\"inLanguage\":\"en-GB\"},{\"@type\":\"WebPage\",\"@id\":\"https:\\\/\\\/cdu-kaarst.de\\\/cdu-kaarst\\\/positionspapier-der-cdu-zur-entwicklung-der-stadtmitte-kaarst\\\/\",\"url\":\"https:\\\/\\\/cdu-kaarst.de\\\/cdu-kaarst\\\/positionspapier-der-cdu-zur-entwicklung-der-stadtmitte-kaarst\\\/\",\"name\":\"Positionspapier der CDU zur Entwicklung der Stadtmitte Kaarst - CDU Kaarst-B\u00fcttgen\",\"isPartOf\":{\"@id\":\"https:\\\/\\\/cdu-kaarst.de\\\/#website\"},\"primaryImageOfPage\":{\"@id\":\"https:\\\/\\\/cdu-kaarst.de\\\/cdu-kaarst\\\/positionspapier-der-cdu-zur-entwicklung-der-stadtmitte-kaarst\\\/#primaryimage\"},\"image\":{\"@id\":\"https:\\\/\\\/cdu-kaarst.de\\\/cdu-kaarst\\\/positionspapier-der-cdu-zur-entwicklung-der-stadtmitte-kaarst\\\/#primaryimage\"},\"thumbnailUrl\":\"https:\\\/\\\/cdu-kaarst.de\\\/wp-content\\\/uploads\\\/WhatsApp-Image-2023-12-02-at-12.27.28-2000x12001-1.jpeg\",\"datePublished\":\"2023-12-08T12:08:27+00:00\",\"dateModified\":\"2024-06-13T07:22:54+00:00\",\"breadcrumb\":{\"@id\":\"https:\\\/\\\/cdu-kaarst.de\\\/cdu-kaarst\\\/positionspapier-der-cdu-zur-entwicklung-der-stadtmitte-kaarst\\\/#breadcrumb\"},\"inLanguage\":\"en-GB\",\"potentialAction\":[{\"@type\":\"ReadAction\",\"target\":[\"https:\\\/\\\/cdu-kaarst.de\\\/cdu-kaarst\\\/positionspapier-der-cdu-zur-entwicklung-der-stadtmitte-kaarst\\\/\"]}]},{\"@type\":\"ImageObject\",\"inLanguage\":\"en-GB\",\"@id\":\"https:\\\/\\\/cdu-kaarst.de\\\/cdu-kaarst\\\/positionspapier-der-cdu-zur-entwicklung-der-stadtmitte-kaarst\\\/#primaryimage\",\"url\":\"https:\\\/\\\/cdu-kaarst.de\\\/wp-content\\\/uploads\\\/WhatsApp-Image-2023-12-02-at-12.27.28-2000x12001-1.jpeg\",\"contentUrl\":\"https:\\\/\\\/cdu-kaarst.de\\\/wp-content\\\/uploads\\\/WhatsApp-Image-2023-12-02-at-12.27.28-2000x12001-1.jpeg\",\"width\":1920,\"height\":1152,\"caption\":\"Positionspapier der CDU zur Entwicklung der Stadtmitte Kaarst\"},{\"@type\":\"BreadcrumbList\",\"@id\":\"https:\\\/\\\/cdu-kaarst.de\\\/cdu-kaarst\\\/positionspapier-der-cdu-zur-entwicklung-der-stadtmitte-kaarst\\\/#breadcrumb\",\"itemListElement\":[{\"@type\":\"ListItem\",\"position\":1,\"name\":\"Startseite\",\"item\":\"https:\\\/\\\/cdu-kaarst.de\\\/\"},{\"@type\":\"ListItem\",\"position\":2,\"name\":\"Positionspapier der CDU zur Entwicklung der Stadtmitte Kaarst\"}]},{\"@type\":\"WebSite\",\"@id\":\"https:\\\/\\\/cdu-kaarst.de\\\/#website\",\"url\":\"https:\\\/\\\/cdu-kaarst.de\\\/\",\"name\":\"CDU Kaarst-B\u00fcttgen\",\"description\":\"gut Leben in Kaarst\",\"publisher\":{\"@id\":\"https:\\\/\\\/cdu-kaarst.de\\\/#organization\"},\"potentialAction\":[{\"@type\":\"SearchAction\",\"target\":{\"@type\":\"EntryPoint\",\"urlTemplate\":\"https:\\\/\\\/cdu-kaarst.de\\\/?s={search_term_string}\"},\"query-input\":{\"@type\":\"PropertyValueSpecification\",\"valueRequired\":true,\"valueName\":\"search_term_string\"}}],\"inLanguage\":\"en-GB\"},{\"@type\":\"Organization\",\"@id\":\"https:\\\/\\\/cdu-kaarst.de\\\/#organization\",\"name\":\"CDU Kaarst-B\u00fcttgen\",\"url\":\"https:\\\/\\\/cdu-kaarst.de\\\/\",\"logo\":{\"@type\":\"ImageObject\",\"inLanguage\":\"en-GB\",\"@id\":\"https:\\\/\\\/cdu-kaarst.de\\\/#\\\/schema\\\/logo\\\/image\\\/\",\"url\":\"https:\\\/\\\/cdu-kaarst.de\\\/wp-content\\\/uploads\\\/cdu-gesamtlogo.png\",\"contentUrl\":\"https:\\\/\\\/cdu-kaarst.de\\\/wp-content\\\/uploads\\\/cdu-gesamtlogo.png\",\"width\":418,\"height\":120,\"caption\":\"CDU Kaarst-B\u00fcttgen\"},\"image\":{\"@id\":\"https:\\\/\\\/cdu-kaarst.de\\\/#\\\/schema\\\/logo\\\/image\\\/\"}},{\"@type\":\"Person\",\"@id\":\"https:\\\/\\\/cdu-kaarst.de\\\/#\\\/schema\\\/person\\\/05876a2bd7865609f2946e82cbc73476\",\"name\":\"@dm1n\",\"sameAs\":[\"http:\\\/\\\/cdu-kaarst.de\"]}]}<\/script>\n<!-- \/ Yoast SEO plugin. -->","yoast_head_json":{"title":"Positionspapier der CDU zur Entwicklung der Stadtmitte Kaarst - CDU Kaarst-B\u00fcttgen","robots":{"index":"index","follow":"follow","max-snippet":"max-snippet:-1","max-image-preview":"max-image-preview:large","max-video-preview":"max-video-preview:-1"},"canonical":"https:\/\/cdu-kaarst.de\/en\/cdu-kaarst\/positionspapier-der-cdu-zur-entwicklung-der-stadtmitte-kaarst\/","og_locale":"en_GB","og_type":"article","og_title":"Positionspapier der CDU zur Entwicklung der Stadtmitte Kaarst - CDU Kaarst-B\u00fcttgen","og_description":"Die heutige Stadtmitte mit Rathaus, Rathausarkaden und Stadtpark ist das Ergebnis einer\u00a0mutigen Planungsentscheidung, die vor \u00fcber 30 Jahren getroffen und ma\u00dfgeblich von der\u00a0CDU mitgestaltet wurde. Durch den Erwerb zentraler Fl\u00e4chen zwischen Rathaus und Maubiszentrum haben sich f\u00fcr die Stadt neue Entwicklungsperspektiven geboten. Daher verfolgen wir bereits seit mehreren Jahren die St\u00e4rkung und Weiterentwicklung unserer Stadtmitte. [&hellip;]","og_url":"https:\/\/cdu-kaarst.de\/en\/cdu-kaarst\/positionspapier-der-cdu-zur-entwicklung-der-stadtmitte-kaarst\/","og_site_name":"CDU Kaarst-B\u00fcttgen","article_published_time":"2023-12-08T12:08:27+00:00","article_modified_time":"2024-06-13T07:22:54+00:00","og_image":[{"width":1920,"height":1152,"url":"https:\/\/cdu-kaarst.de\/wp-content\/uploads\/WhatsApp-Image-2023-12-02-at-12.27.28-2000x12001-1.jpeg","type":"image\/jpeg"}],"author":"@dm1n","twitter_card":"summary_large_image","twitter_misc":{"Written by":"@dm1n","Estimated reading time":"1 minute"},"schema":{"@context":"https:\/\/schema.org","@graph":[{"@type":"Article","@id":"https:\/\/cdu-kaarst.de\/cdu-kaarst\/positionspapier-der-cdu-zur-entwicklung-der-stadtmitte-kaarst\/#article","isPartOf":{"@id":"https:\/\/cdu-kaarst.de\/cdu-kaarst\/positionspapier-der-cdu-zur-entwicklung-der-stadtmitte-kaarst\/"},"author":{"name":"@dm1n","@id":"https:\/\/cdu-kaarst.de\/#\/schema\/person\/05876a2bd7865609f2946e82cbc73476"},"headline":"Positionspapier der CDU zur Entwicklung der Stadtmitte Kaarst","datePublished":"2023-12-08T12:08:27+00:00","dateModified":"2024-06-13T07:22:54+00:00","mainEntityOfPage":{"@id":"https:\/\/cdu-kaarst.de\/cdu-kaarst\/positionspapier-der-cdu-zur-entwicklung-der-stadtmitte-kaarst\/"},"wordCount":174,"publisher":{"@id":"https:\/\/cdu-kaarst.de\/#organization"},"image":{"@id":"https:\/\/cdu-kaarst.de\/cdu-kaarst\/positionspapier-der-cdu-zur-entwicklung-der-stadtmitte-kaarst\/#primaryimage"},"thumbnailUrl":"https:\/\/cdu-kaarst.de\/wp-content\/uploads\/WhatsApp-Image-2023-12-02-at-12.27.28-2000x12001-1.jpeg","keywords":["CDU Kaarst","Positionspapier der CDU;","Rathaus Kaarst"],"articleSection":["CDU Kaarst","Stadtverband Kaarst-B\u00fcttgen"],"inLanguage":"en-GB"},{"@type":"WebPage","@id":"https:\/\/cdu-kaarst.de\/cdu-kaarst\/positionspapier-der-cdu-zur-entwicklung-der-stadtmitte-kaarst\/","url":"https:\/\/cdu-kaarst.de\/cdu-kaarst\/positionspapier-der-cdu-zur-entwicklung-der-stadtmitte-kaarst\/","name":"Positionspapier der CDU zur Entwicklung der Stadtmitte Kaarst - CDU Kaarst-B\u00fcttgen","isPartOf":{"@id":"https:\/\/cdu-kaarst.de\/#website"},"primaryImageOfPage":{"@id":"https:\/\/cdu-kaarst.de\/cdu-kaarst\/positionspapier-der-cdu-zur-entwicklung-der-stadtmitte-kaarst\/#primaryimage"},"image":{"@id":"https:\/\/cdu-kaarst.de\/cdu-kaarst\/positionspapier-der-cdu-zur-entwicklung-der-stadtmitte-kaarst\/#primaryimage"},"thumbnailUrl":"https:\/\/cdu-kaarst.de\/wp-content\/uploads\/WhatsApp-Image-2023-12-02-at-12.27.28-2000x12001-1.jpeg","datePublished":"2023-12-08T12:08:27+00:00","dateModified":"2024-06-13T07:22:54+00:00","breadcrumb":{"@id":"https:\/\/cdu-kaarst.de\/cdu-kaarst\/positionspapier-der-cdu-zur-entwicklung-der-stadtmitte-kaarst\/#breadcrumb"},"inLanguage":"en-GB","potentialAction":[{"@type":"ReadAction","target":["https:\/\/cdu-kaarst.de\/cdu-kaarst\/positionspapier-der-cdu-zur-entwicklung-der-stadtmitte-kaarst\/"]}]},{"@type":"ImageObject","inLanguage":"en-GB","@id":"https:\/\/cdu-kaarst.de\/cdu-kaarst\/positionspapier-der-cdu-zur-entwicklung-der-stadtmitte-kaarst\/#primaryimage","url":"https:\/\/cdu-kaarst.de\/wp-content\/uploads\/WhatsApp-Image-2023-12-02-at-12.27.28-2000x12001-1.jpeg","contentUrl":"https:\/\/cdu-kaarst.de\/wp-content\/uploads\/WhatsApp-Image-2023-12-02-at-12.27.28-2000x12001-1.jpeg","width":1920,"height":1152,"caption":"Positionspapier der CDU zur Entwicklung der Stadtmitte Kaarst"},{"@type":"BreadcrumbList","@id":"https:\/\/cdu-kaarst.de\/cdu-kaarst\/positionspapier-der-cdu-zur-entwicklung-der-stadtmitte-kaarst\/#breadcrumb","itemListElement":[{"@type":"ListItem","position":1,"name":"Startseite","item":"https:\/\/cdu-kaarst.de\/"},{"@type":"ListItem","position":2,"name":"Positionspapier der CDU zur Entwicklung der Stadtmitte Kaarst"}]},{"@type":"WebSite","@id":"https:\/\/cdu-kaarst.de\/#website","url":"https:\/\/cdu-kaarst.de\/","name":"CDU Kaarst-B\u00fcttgen","description":"living well in Kaarst","publisher":{"@id":"https:\/\/cdu-kaarst.de\/#organization"},"potentialAction":[{"@type":"SearchAction","target":{"@type":"EntryPoint","urlTemplate":"https:\/\/cdu-kaarst.de\/?s={search_term_string}"},"query-input":{"@type":"PropertyValueSpecification","valueRequired":true,"valueName":"search_term_string"}}],"inLanguage":"en-GB"},{"@type":"Organization","@id":"https:\/\/cdu-kaarst.de\/#organization","name":"CDU Kaarst-B\u00fcttgen","url":"https:\/\/cdu-kaarst.de\/","logo":{"@type":"ImageObject","inLanguage":"en-GB","@id":"https:\/\/cdu-kaarst.de\/#\/schema\/logo\/image\/","url":"https:\/\/cdu-kaarst.de\/wp-content\/uploads\/cdu-gesamtlogo.png","contentUrl":"https:\/\/cdu-kaarst.de\/wp-content\/uploads\/cdu-gesamtlogo.png","width":418,"height":120,"caption":"CDU Kaarst-B\u00fcttgen"},"image":{"@id":"https:\/\/cdu-kaarst.de\/#\/schema\/logo\/image\/"}},{"@type":"Person","@id":"https:\/\/cdu-kaarst.de\/#\/schema\/person\/05876a2bd7865609f2946e82cbc73476","name":"@dm1n","sameAs":["http:\/\/cdu-kaarst.de"]}]}},"_links":{"self":[{"href":"https:\/\/cdu-kaarst.de\/en\/wp-json\/wp\/v2\/posts\/865","targetHints":{"allow":["GET"]}}],"collection":[{"href":"https:\/\/cdu-kaarst.de\/en\/wp-json\/wp\/v2\/posts"}],"about":[{"href":"https:\/\/cdu-kaarst.de\/en\/wp-json\/wp\/v2\/types\/post"}],"author":[{"embeddable":true,"href":"https:\/\/cdu-kaarst.de\/en\/wp-json\/wp\/v2\/users\/1"}],"replies":[{"embeddable":true,"href":"https:\/\/cdu-kaarst.de\/en\/wp-json\/wp\/v2\/comments?post=865"}],"version-history":[{"count":28,"href":"https:\/\/cdu-kaarst.de\/en\/wp-json\/wp\/v2\/posts\/865\/revisions"}],"predecessor-version":[{"id":3313,"href":"https:\/\/cdu-kaarst.de\/en\/wp-json\/wp\/v2\/posts\/865\/revisions\/3313"}],"wp:featuredmedia":[{"embeddable":true,"href":"https:\/\/cdu-kaarst.de\/en\/wp-json\/wp\/v2\/media\/714"}],"wp:attachment":[{"href":"https:\/\/cdu-kaarst.de\/en\/wp-json\/wp\/v2\/media?parent=865"}],"wp:term":[{"taxonomy":"category","embeddable":true,"href":"https:\/\/cdu-kaarst.de\/en\/wp-json\/wp\/v2\/categories?post=865"},{"taxonomy":"post_tag","embeddable":true,"href":"https:\/\/cdu-kaarst.de\/en\/wp-json\/wp\/v2\/tags?post=865"}],"curies":[{"name":"wp","href":"https:\/\/api.w.org\/{rel}","templated":true}]}}