{"id":891,"date":"2023-11-13T13:29:31","date_gmt":"2023-11-13T12:29:31","guid":{"rendered":"http:\/\/cdu-kaarst.de\/?p=891"},"modified":"2024-06-13T09:23:06","modified_gmt":"2024-06-13T07:23:06","slug":"politischer-gluehweinabend-der-cdu-kaarst-buettgen","status":"publish","type":"post","link":"https:\/\/cdu-kaarst.de\/en\/cdu-kaarst\/politischer-gluehweinabend-der-cdu-kaarst-buettgen\/","title":{"rendered":"Political mulled wine evening organised by the CDU Kaarst-B\u00fcttgen"},"content":{"rendered":"<div data-elementor-type=\"wp-post\" data-elementor-id=\"891\" class=\"elementor elementor-891\" data-elementor-post-type=\"post\">\n\t\t\t\t\t\t<section class=\"elementor-section elementor-top-section elementor-element elementor-element-7677494 elementor-section-boxed elementor-section-height-default elementor-section-height-default\" data-id=\"7677494\" data-element_type=\"section\" data-e-type=\"section\" data-settings=\"{&quot;jet_parallax_layout_list&quot;:[]}\">\n\t\t\t\t\t\t<div class=\"elementor-container elementor-column-gap-default\">\n\t\t\t\t\t<div class=\"elementor-column elementor-col-100 elementor-top-column elementor-element elementor-element-94485bd\" data-id=\"94485bd\" data-element_type=\"column\" data-e-type=\"column\">\n\t\t\t<div class=\"elementor-widget-wrap elementor-element-populated\">\n\t\t\t\t\t\t<div class=\"elementor-element elementor-element-4ffdd28 elementor-widget elementor-widget-text-editor\" data-id=\"4ffdd28\" data-element_type=\"widget\" data-e-type=\"widget\" data-widget_type=\"text-editor.default\">\n\t\t\t\t<div class=\"elementor-widget-container\">\n\t\t\t\t\t\t\t\t\t<p>The city association of the CDU Kaarst-B\u00fcttgen invites all citizens to a mulled wine evening. On Wednesday, 22 November 2023 from 5:30 pm, visitors can celebrate the Day of Prayer and Repentance together with the CDU at Caf\u00e9 Kaarster Schnittchen in Kaarst, Am Maubishof 20, and round off the evening.<\/p><p>The Day of Prayer and Repentance is a day of contemplation, reflection and tranquillity - and at the same time a day of communal reflection, courage for new things and change. Especially in these difficult times, it is important to get a little closer together, to listen to each other and to talk to each other - Caf\u00e9 Schnittchen offers the right atmosphere for this. We look forward to hearing your questions, suggestions and opinions over mulled wine, eggnog and non-alcoholic drinks. We look forward to meeting you and spending the evening together.<\/p><p><span style=\"background-color: var( --e-global-color-9687a18 ); color: var( --e-global-color-secondary );\">Families, friends and neighbours are all cordially invited to spend a contemplative time with us. We look forward to welcoming many visitors! CDU Kaarst-B\u00fcttgen.<\/span><\/p>\t\t\t\t\t\t\t\t<\/div>\n\t\t\t\t<\/div>\n\t\t\t\t\t<\/div>\n\t\t<\/div>\n\t\t\t\t\t<\/div>\n\t\t<\/section>\n\t\t\t\t<section class=\"elementor-section elementor-top-section elementor-element elementor-element-7fbd4ab elementor-section-boxed elementor-section-height-default elementor-section-height-default\" data-id=\"7fbd4ab\" data-element_type=\"section\" data-e-type=\"section\" data-settings=\"{&quot;jet_parallax_layout_list&quot;:[]}\">\n\t\t\t\t\t\t<div class=\"elementor-container elementor-column-gap-default\">\n\t\t\t\t\t<div class=\"elementor-column elementor-col-100 elementor-top-column elementor-element elementor-element-64dd327\" data-id=\"64dd327\" data-element_type=\"column\" data-e-type=\"column\">\n\t\t\t<div class=\"elementor-widget-wrap elementor-element-populated\">\n\t\t\t\t\t\t<div class=\"elementor-element elementor-element-d323b16 elementor-widget elementor-widget-image\" data-id=\"d323b16\" data-element_type=\"widget\" data-e-type=\"widget\" data-widget_type=\"image.default\">\n\t\t\t\t<div class=\"elementor-widget-container\">\n\t\t\t\t\t\t\t\t\t\t\t\t\t\t\t<img fetchpriority=\"high\" decoding=\"async\" width=\"768\" height=\"768\" src=\"https:\/\/cdu-kaarst.de\/wp-content\/uploads\/Gluehweinabend_2023-768x7681-1.png\" class=\"attachment-large size-large wp-image-715\" alt=\"CDU Kaarst politischer Gl\u00fchweinabend\" srcset=\"https:\/\/cdu-kaarst.de\/wp-content\/uploads\/Gluehweinabend_2023-768x7681-1.png 768w, https:\/\/cdu-kaarst.de\/wp-content\/uploads\/Gluehweinabend_2023-768x7681-1-300x300.png 300w, https:\/\/cdu-kaarst.de\/wp-content\/uploads\/Gluehweinabend_2023-768x7681-1-150x150.png 150w\" sizes=\"(max-width: 768px) 100vw, 768px\" \/>\t\t\t\t\t\t\t\t\t\t\t\t\t\t\t<\/div>\n\t\t\t\t<\/div>\n\t\t\t\t\t<\/div>\n\t\t<\/div>\n\t\t\t\t\t<\/div>\n\t\t<\/section>\n\t\t\t\t<\/div>","protected":false},"excerpt":{"rendered":"<p>Der Stadtverband der CDU Kaarst-B\u00fcttgen l\u00e4dt alle B\u00fcrger zu einem Gl\u00fchweinabend ein. Am Mittwoch, dem 22. November 2023 ab 17:30 Uhr k\u00f6nnen die Besucher im Caf\u00e9 Kaarster Schnittchen in Kaarst, Am Maubishof 20, den Bu\u00df- und Bettag gemeinsam mit der CDU begehen und den Abend ausklingen lassen. Der Bu\u00df- und Bettag steht im Zeichen der [&hellip;]<\/p>\n","protected":false},"author":1,"featured_media":1128,"comment_status":"closed","ping_status":"closed","sticky":false,"template":"","format":"standard","meta":{"footnotes":""},"categories":[23,25],"tags":[30,26,36],"class_list":["post-891","post","type-post","status-publish","format-standard","has-post-thumbnail","hentry","category-cdu-kaarst","category-stadtverband-kaarst-buettgen","tag-cdu","tag-cdu-kaarst","tag-cdu-kaarst-buettgen"],"yoast_head":"<!-- This site is optimized with the Yoast SEO plugin v27.4 - https:\/\/yoast.com\/product\/yoast-seo-wordpress\/ -->\n<title>Politischer Gl\u00fchweinabend der CDU Kaarst-B\u00fcttgen - CDU Kaarst-B\u00fcttgen<\/title>\n<meta name=\"robots\" content=\"index, follow, max-snippet:-1, max-image-preview:large, max-video-preview:-1\" \/>\n<link rel=\"canonical\" href=\"https:\/\/cdu-kaarst.de\/en\/cdu-kaarst\/politischer-gluehweinabend-der-cdu-kaarst-buettgen\/\" \/>\n<meta property=\"og:locale\" content=\"en_GB\" \/>\n<meta property=\"og:type\" content=\"article\" \/>\n<meta property=\"og:title\" content=\"Politischer Gl\u00fchweinabend der CDU Kaarst-B\u00fcttgen - CDU Kaarst-B\u00fcttgen\" \/>\n<meta property=\"og:description\" content=\"Der Stadtverband der CDU Kaarst-B\u00fcttgen l\u00e4dt alle B\u00fcrger zu einem Gl\u00fchweinabend ein. Am Mittwoch, dem 22. November 2023 ab 17:30 Uhr k\u00f6nnen die Besucher im Caf\u00e9 Kaarster Schnittchen in Kaarst, Am Maubishof 20, den Bu\u00df- und Bettag gemeinsam mit der CDU begehen und den Abend ausklingen lassen. Der Bu\u00df- und Bettag steht im Zeichen der [&hellip;]\" \/>\n<meta property=\"og:url\" content=\"https:\/\/cdu-kaarst.de\/en\/cdu-kaarst\/politischer-gluehweinabend-der-cdu-kaarst-buettgen\/\" \/>\n<meta property=\"og:site_name\" content=\"CDU Kaarst-B\u00fcttgen\" \/>\n<meta property=\"article:published_time\" content=\"2023-11-13T12:29:31+00:00\" \/>\n<meta property=\"article:modified_time\" content=\"2024-06-13T07:23:06+00:00\" \/>\n<meta property=\"og:image\" content=\"https:\/\/cdu-kaarst.de\/wp-content\/uploads\/cdu-kaarst_klatschmohn_orange.jpg\" \/>\n\t<meta property=\"og:image:width\" content=\"1000\" \/>\n\t<meta property=\"og:image:height\" content=\"667\" \/>\n\t<meta property=\"og:image:type\" content=\"image\/jpeg\" \/>\n<meta name=\"author\" content=\"@dm1n\" \/>\n<meta name=\"twitter:card\" content=\"summary_large_image\" \/>\n<meta name=\"twitter:label1\" content=\"Written by\" \/>\n\t<meta name=\"twitter:data1\" content=\"@dm1n\" \/>\n\t<meta name=\"twitter:label2\" content=\"Estimated reading time\" \/>\n\t<meta name=\"twitter:data2\" content=\"2 minutes\" \/>\n<script type=\"application\/ld+json\" class=\"yoast-schema-graph\">{\"@context\":\"https:\\\/\\\/schema.org\",\"@graph\":[{\"@type\":\"Article\",\"@id\":\"https:\\\/\\\/cdu-kaarst.de\\\/cdu-kaarst\\\/politischer-gluehweinabend-der-cdu-kaarst-buettgen\\\/#article\",\"isPartOf\":{\"@id\":\"https:\\\/\\\/cdu-kaarst.de\\\/cdu-kaarst\\\/politischer-gluehweinabend-der-cdu-kaarst-buettgen\\\/\"},\"author\":{\"name\":\"@dm1n\",\"@id\":\"https:\\\/\\\/cdu-kaarst.de\\\/#\\\/schema\\\/person\\\/05876a2bd7865609f2946e82cbc73476\"},\"headline\":\"Politischer Gl\u00fchweinabend der CDU Kaarst-B\u00fcttgen\",\"datePublished\":\"2023-11-13T12:29:31+00:00\",\"dateModified\":\"2024-06-13T07:23:06+00:00\",\"mainEntityOfPage\":{\"@id\":\"https:\\\/\\\/cdu-kaarst.de\\\/cdu-kaarst\\\/politischer-gluehweinabend-der-cdu-kaarst-buettgen\\\/\"},\"wordCount\":173,\"publisher\":{\"@id\":\"https:\\\/\\\/cdu-kaarst.de\\\/#organization\"},\"image\":{\"@id\":\"https:\\\/\\\/cdu-kaarst.de\\\/cdu-kaarst\\\/politischer-gluehweinabend-der-cdu-kaarst-buettgen\\\/#primaryimage\"},\"thumbnailUrl\":\"https:\\\/\\\/cdu-kaarst.de\\\/wp-content\\\/uploads\\\/cdu-kaarst_klatschmohn_orange.jpg\",\"keywords\":[\"CDU\",\"CDU Kaarst\",\"CDU Kaarst B\u00fcttgen\"],\"articleSection\":[\"CDU Kaarst\",\"Stadtverband Kaarst-B\u00fcttgen\"],\"inLanguage\":\"en-GB\"},{\"@type\":\"WebPage\",\"@id\":\"https:\\\/\\\/cdu-kaarst.de\\\/cdu-kaarst\\\/politischer-gluehweinabend-der-cdu-kaarst-buettgen\\\/\",\"url\":\"https:\\\/\\\/cdu-kaarst.de\\\/cdu-kaarst\\\/politischer-gluehweinabend-der-cdu-kaarst-buettgen\\\/\",\"name\":\"Politischer Gl\u00fchweinabend der CDU Kaarst-B\u00fcttgen - CDU Kaarst-B\u00fcttgen\",\"isPartOf\":{\"@id\":\"https:\\\/\\\/cdu-kaarst.de\\\/#website\"},\"primaryImageOfPage\":{\"@id\":\"https:\\\/\\\/cdu-kaarst.de\\\/cdu-kaarst\\\/politischer-gluehweinabend-der-cdu-kaarst-buettgen\\\/#primaryimage\"},\"image\":{\"@id\":\"https:\\\/\\\/cdu-kaarst.de\\\/cdu-kaarst\\\/politischer-gluehweinabend-der-cdu-kaarst-buettgen\\\/#primaryimage\"},\"thumbnailUrl\":\"https:\\\/\\\/cdu-kaarst.de\\\/wp-content\\\/uploads\\\/cdu-kaarst_klatschmohn_orange.jpg\",\"datePublished\":\"2023-11-13T12:29:31+00:00\",\"dateModified\":\"2024-06-13T07:23:06+00:00\",\"breadcrumb\":{\"@id\":\"https:\\\/\\\/cdu-kaarst.de\\\/cdu-kaarst\\\/politischer-gluehweinabend-der-cdu-kaarst-buettgen\\\/#breadcrumb\"},\"inLanguage\":\"en-GB\",\"potentialAction\":[{\"@type\":\"ReadAction\",\"target\":[\"https:\\\/\\\/cdu-kaarst.de\\\/cdu-kaarst\\\/politischer-gluehweinabend-der-cdu-kaarst-buettgen\\\/\"]}]},{\"@type\":\"ImageObject\",\"inLanguage\":\"en-GB\",\"@id\":\"https:\\\/\\\/cdu-kaarst.de\\\/cdu-kaarst\\\/politischer-gluehweinabend-der-cdu-kaarst-buettgen\\\/#primaryimage\",\"url\":\"https:\\\/\\\/cdu-kaarst.de\\\/wp-content\\\/uploads\\\/cdu-kaarst_klatschmohn_orange.jpg\",\"contentUrl\":\"https:\\\/\\\/cdu-kaarst.de\\\/wp-content\\\/uploads\\\/cdu-kaarst_klatschmohn_orange.jpg\",\"width\":1000,\"height\":667,\"caption\":\"CDU Kaarst | Klatschmohn\"},{\"@type\":\"BreadcrumbList\",\"@id\":\"https:\\\/\\\/cdu-kaarst.de\\\/cdu-kaarst\\\/politischer-gluehweinabend-der-cdu-kaarst-buettgen\\\/#breadcrumb\",\"itemListElement\":[{\"@type\":\"ListItem\",\"position\":1,\"name\":\"Startseite\",\"item\":\"https:\\\/\\\/cdu-kaarst.de\\\/\"},{\"@type\":\"ListItem\",\"position\":2,\"name\":\"Politischer Gl\u00fchweinabend der CDU Kaarst-B\u00fcttgen\"}]},{\"@type\":\"WebSite\",\"@id\":\"https:\\\/\\\/cdu-kaarst.de\\\/#website\",\"url\":\"https:\\\/\\\/cdu-kaarst.de\\\/\",\"name\":\"CDU Kaarst-B\u00fcttgen\",\"description\":\"gut Leben in Kaarst\",\"publisher\":{\"@id\":\"https:\\\/\\\/cdu-kaarst.de\\\/#organization\"},\"potentialAction\":[{\"@type\":\"SearchAction\",\"target\":{\"@type\":\"EntryPoint\",\"urlTemplate\":\"https:\\\/\\\/cdu-kaarst.de\\\/?s={search_term_string}\"},\"query-input\":{\"@type\":\"PropertyValueSpecification\",\"valueRequired\":true,\"valueName\":\"search_term_string\"}}],\"inLanguage\":\"en-GB\"},{\"@type\":\"Organization\",\"@id\":\"https:\\\/\\\/cdu-kaarst.de\\\/#organization\",\"name\":\"CDU Kaarst-B\u00fcttgen\",\"url\":\"https:\\\/\\\/cdu-kaarst.de\\\/\",\"logo\":{\"@type\":\"ImageObject\",\"inLanguage\":\"en-GB\",\"@id\":\"https:\\\/\\\/cdu-kaarst.de\\\/#\\\/schema\\\/logo\\\/image\\\/\",\"url\":\"https:\\\/\\\/cdu-kaarst.de\\\/wp-content\\\/uploads\\\/cdu-gesamtlogo.png\",\"contentUrl\":\"https:\\\/\\\/cdu-kaarst.de\\\/wp-content\\\/uploads\\\/cdu-gesamtlogo.png\",\"width\":418,\"height\":120,\"caption\":\"CDU Kaarst-B\u00fcttgen\"},\"image\":{\"@id\":\"https:\\\/\\\/cdu-kaarst.de\\\/#\\\/schema\\\/logo\\\/image\\\/\"}},{\"@type\":\"Person\",\"@id\":\"https:\\\/\\\/cdu-kaarst.de\\\/#\\\/schema\\\/person\\\/05876a2bd7865609f2946e82cbc73476\",\"name\":\"@dm1n\",\"sameAs\":[\"http:\\\/\\\/cdu-kaarst.de\"]}]}<\/script>\n<!-- \/ Yoast SEO plugin. -->","yoast_head_json":{"title":"Politischer Gl\u00fchweinabend der CDU Kaarst-B\u00fcttgen - CDU Kaarst-B\u00fcttgen","robots":{"index":"index","follow":"follow","max-snippet":"max-snippet:-1","max-image-preview":"max-image-preview:large","max-video-preview":"max-video-preview:-1"},"canonical":"https:\/\/cdu-kaarst.de\/en\/cdu-kaarst\/politischer-gluehweinabend-der-cdu-kaarst-buettgen\/","og_locale":"en_GB","og_type":"article","og_title":"Politischer Gl\u00fchweinabend der CDU Kaarst-B\u00fcttgen - CDU Kaarst-B\u00fcttgen","og_description":"Der Stadtverband der CDU Kaarst-B\u00fcttgen l\u00e4dt alle B\u00fcrger zu einem Gl\u00fchweinabend ein. Am Mittwoch, dem 22. November 2023 ab 17:30 Uhr k\u00f6nnen die Besucher im Caf\u00e9 Kaarster Schnittchen in Kaarst, Am Maubishof 20, den Bu\u00df- und Bettag gemeinsam mit der CDU begehen und den Abend ausklingen lassen. Der Bu\u00df- und Bettag steht im Zeichen der [&hellip;]","og_url":"https:\/\/cdu-kaarst.de\/en\/cdu-kaarst\/politischer-gluehweinabend-der-cdu-kaarst-buettgen\/","og_site_name":"CDU Kaarst-B\u00fcttgen","article_published_time":"2023-11-13T12:29:31+00:00","article_modified_time":"2024-06-13T07:23:06+00:00","og_image":[{"width":1000,"height":667,"url":"https:\/\/cdu-kaarst.de\/wp-content\/uploads\/cdu-kaarst_klatschmohn_orange.jpg","type":"image\/jpeg"}],"author":"@dm1n","twitter_card":"summary_large_image","twitter_misc":{"Written by":"@dm1n","Estimated reading time":"2 minutes"},"schema":{"@context":"https:\/\/schema.org","@graph":[{"@type":"Article","@id":"https:\/\/cdu-kaarst.de\/cdu-kaarst\/politischer-gluehweinabend-der-cdu-kaarst-buettgen\/#article","isPartOf":{"@id":"https:\/\/cdu-kaarst.de\/cdu-kaarst\/politischer-gluehweinabend-der-cdu-kaarst-buettgen\/"},"author":{"name":"@dm1n","@id":"https:\/\/cdu-kaarst.de\/#\/schema\/person\/05876a2bd7865609f2946e82cbc73476"},"headline":"Politischer Gl\u00fchweinabend der CDU Kaarst-B\u00fcttgen","datePublished":"2023-11-13T12:29:31+00:00","dateModified":"2024-06-13T07:23:06+00:00","mainEntityOfPage":{"@id":"https:\/\/cdu-kaarst.de\/cdu-kaarst\/politischer-gluehweinabend-der-cdu-kaarst-buettgen\/"},"wordCount":173,"publisher":{"@id":"https:\/\/cdu-kaarst.de\/#organization"},"image":{"@id":"https:\/\/cdu-kaarst.de\/cdu-kaarst\/politischer-gluehweinabend-der-cdu-kaarst-buettgen\/#primaryimage"},"thumbnailUrl":"https:\/\/cdu-kaarst.de\/wp-content\/uploads\/cdu-kaarst_klatschmohn_orange.jpg","keywords":["CDU","CDU Kaarst","CDU Kaarst B\u00fcttgen"],"articleSection":["CDU Kaarst","Stadtverband Kaarst-B\u00fcttgen"],"inLanguage":"en-GB"},{"@type":"WebPage","@id":"https:\/\/cdu-kaarst.de\/cdu-kaarst\/politischer-gluehweinabend-der-cdu-kaarst-buettgen\/","url":"https:\/\/cdu-kaarst.de\/cdu-kaarst\/politischer-gluehweinabend-der-cdu-kaarst-buettgen\/","name":"Politischer Gl\u00fchweinabend der CDU Kaarst-B\u00fcttgen - CDU Kaarst-B\u00fcttgen","isPartOf":{"@id":"https:\/\/cdu-kaarst.de\/#website"},"primaryImageOfPage":{"@id":"https:\/\/cdu-kaarst.de\/cdu-kaarst\/politischer-gluehweinabend-der-cdu-kaarst-buettgen\/#primaryimage"},"image":{"@id":"https:\/\/cdu-kaarst.de\/cdu-kaarst\/politischer-gluehweinabend-der-cdu-kaarst-buettgen\/#primaryimage"},"thumbnailUrl":"https:\/\/cdu-kaarst.de\/wp-content\/uploads\/cdu-kaarst_klatschmohn_orange.jpg","datePublished":"2023-11-13T12:29:31+00:00","dateModified":"2024-06-13T07:23:06+00:00","breadcrumb":{"@id":"https:\/\/cdu-kaarst.de\/cdu-kaarst\/politischer-gluehweinabend-der-cdu-kaarst-buettgen\/#breadcrumb"},"inLanguage":"en-GB","potentialAction":[{"@type":"ReadAction","target":["https:\/\/cdu-kaarst.de\/cdu-kaarst\/politischer-gluehweinabend-der-cdu-kaarst-buettgen\/"]}]},{"@type":"ImageObject","inLanguage":"en-GB","@id":"https:\/\/cdu-kaarst.de\/cdu-kaarst\/politischer-gluehweinabend-der-cdu-kaarst-buettgen\/#primaryimage","url":"https:\/\/cdu-kaarst.de\/wp-content\/uploads\/cdu-kaarst_klatschmohn_orange.jpg","contentUrl":"https:\/\/cdu-kaarst.de\/wp-content\/uploads\/cdu-kaarst_klatschmohn_orange.jpg","width":1000,"height":667,"caption":"CDU Kaarst | Klatschmohn"},{"@type":"BreadcrumbList","@id":"https:\/\/cdu-kaarst.de\/cdu-kaarst\/politischer-gluehweinabend-der-cdu-kaarst-buettgen\/#breadcrumb","itemListElement":[{"@type":"ListItem","position":1,"name":"Startseite","item":"https:\/\/cdu-kaarst.de\/"},{"@type":"ListItem","position":2,"name":"Politischer Gl\u00fchweinabend der CDU Kaarst-B\u00fcttgen"}]},{"@type":"WebSite","@id":"https:\/\/cdu-kaarst.de\/#website","url":"https:\/\/cdu-kaarst.de\/","name":"CDU Kaarst-B\u00fcttgen","description":"living well in Kaarst","publisher":{"@id":"https:\/\/cdu-kaarst.de\/#organization"},"potentialAction":[{"@type":"SearchAction","target":{"@type":"EntryPoint","urlTemplate":"https:\/\/cdu-kaarst.de\/?s={search_term_string}"},"query-input":{"@type":"PropertyValueSpecification","valueRequired":true,"valueName":"search_term_string"}}],"inLanguage":"en-GB"},{"@type":"Organization","@id":"https:\/\/cdu-kaarst.de\/#organization","name":"CDU Kaarst-B\u00fcttgen","url":"https:\/\/cdu-kaarst.de\/","logo":{"@type":"ImageObject","inLanguage":"en-GB","@id":"https:\/\/cdu-kaarst.de\/#\/schema\/logo\/image\/","url":"https:\/\/cdu-kaarst.de\/wp-content\/uploads\/cdu-gesamtlogo.png","contentUrl":"https:\/\/cdu-kaarst.de\/wp-content\/uploads\/cdu-gesamtlogo.png","width":418,"height":120,"caption":"CDU Kaarst-B\u00fcttgen"},"image":{"@id":"https:\/\/cdu-kaarst.de\/#\/schema\/logo\/image\/"}},{"@type":"Person","@id":"https:\/\/cdu-kaarst.de\/#\/schema\/person\/05876a2bd7865609f2946e82cbc73476","name":"@dm1n","sameAs":["http:\/\/cdu-kaarst.de"]}]}},"_links":{"self":[{"href":"https:\/\/cdu-kaarst.de\/en\/wp-json\/wp\/v2\/posts\/891","targetHints":{"allow":["GET"]}}],"collection":[{"href":"https:\/\/cdu-kaarst.de\/en\/wp-json\/wp\/v2\/posts"}],"about":[{"href":"https:\/\/cdu-kaarst.de\/en\/wp-json\/wp\/v2\/types\/post"}],"author":[{"embeddable":true,"href":"https:\/\/cdu-kaarst.de\/en\/wp-json\/wp\/v2\/users\/1"}],"replies":[{"embeddable":true,"href":"https:\/\/cdu-kaarst.de\/en\/wp-json\/wp\/v2\/comments?post=891"}],"version-history":[{"count":31,"href":"https:\/\/cdu-kaarst.de\/en\/wp-json\/wp\/v2\/posts\/891\/revisions"}],"predecessor-version":[{"id":3316,"href":"https:\/\/cdu-kaarst.de\/en\/wp-json\/wp\/v2\/posts\/891\/revisions\/3316"}],"wp:featuredmedia":[{"embeddable":true,"href":"https:\/\/cdu-kaarst.de\/en\/wp-json\/wp\/v2\/media\/1128"}],"wp:attachment":[{"href":"https:\/\/cdu-kaarst.de\/en\/wp-json\/wp\/v2\/media?parent=891"}],"wp:term":[{"taxonomy":"category","embeddable":true,"href":"https:\/\/cdu-kaarst.de\/en\/wp-json\/wp\/v2\/categories?post=891"},{"taxonomy":"post_tag","embeddable":true,"href":"https:\/\/cdu-kaarst.de\/en\/wp-json\/wp\/v2\/tags?post=891"}],"curies":[{"name":"wp","href":"https:\/\/api.w.org\/{rel}","templated":true}]}}